{"id":19935,"date":"2024-09-28T11:46:42","date_gmt":"2024-09-28T09:46:42","guid":{"rendered":"https:\/\/nandi.info\/?p=19935"},"modified":"2024-09-28T11:52:44","modified_gmt":"2024-09-28T09:52:44","slug":"premier-forum-africain-de-coordination-et-de-cooperation-des-institutions-africaines-de-securite-sociale","status":"publish","type":"post","link":"https:\/\/nandi.info\/?p=19935","title":{"rendered":"Premier forum africain de coordination et de coop\u00e9ration des institutions africaines de s\u00e9curit\u00e9 sociale"},"content":{"rendered":"\n<figure class=\"wp-block-image size-full\"><img fetchpriority=\"high\" decoding=\"async\" width=\"912\" height=\"250\" src=\"https:\/\/nandi.info\/wp-content\/uploads\/2024\/09\/canam-coordination-africain.jpg\" alt=\"\" class=\"wp-image-19936\" srcset=\"https:\/\/nandi.info\/wp-content\/uploads\/2024\/09\/canam-coordination-africain.jpg 912w, https:\/\/nandi.info\/wp-content\/uploads\/2024\/09\/canam-coordination-africain-300x82.jpg 300w, https:\/\/nandi.info\/wp-content\/uploads\/2024\/09\/canam-coordination-africain-768x211.jpg 768w, https:\/\/nandi.info\/wp-content\/uploads\/2024\/09\/canam-coordination-africain-585x160.jpg 585w\" sizes=\"(max-width: 912px) 100vw, 912px\" \/><\/figure>\n\n\n\n<p>Le Mali r\u00e9pond pr\u00e9sent.<\/p>\n\n\n\n<p><strong>Johannesburg, du 25 au 26 septembre 2024, le Mali a activement particip\u00e9 au premier Forum Africain de Coordination et de Coop\u00e9ration des Institutions Africaines de S\u00e9curit\u00e9 Sociale, qui s&rsquo;est tenu \u00e0 Johannesburg, en Afrique du Sud. Cette rencontre majeure, r\u00e9unissant les principaux acteurs de la s\u00e9curit\u00e9 sociale sur le continent, a mis l&rsquo;accent sur l&rsquo;importance d&rsquo;une protection sociale plus inclusive, notamment pour les travailleurs de l&rsquo;\u00e9conomie informelle, des zones rurales et les migrants.<\/strong><br><\/p>\n\n\n\n<p class=\"has-drop-cap\">Une d\u00e9l\u00e9gation malienne de haut niveau conduite par Monsieur Mohamed Bassirou TRAORE, Directeur National de la protection sociale et de l\u2019\u00e9conomie solidaire, a repr\u00e9sent\u00e9 le Mali \u00e0 ce forum. Il \u00e9tait accompagn\u00e9 du Directeur G\u00e9n\u00e9ral de la CANAM M\u00e9decin et G\u00e9n\u00e9ral de Brigade Boubacar DEMBELE et de Monsieur Ousmane Karim COULIBALY, Directeur G\u00e9n\u00e9ral de L\u2019INPS, il a soulign\u00e9 l&rsquo;engagement de notre pays \u00e0 renforcer les syst\u00e8mes de s\u00e9curit\u00e9 sociale et \u00e0 \u00e9tendre leur couverture \u00e0 toutes les populations.<br>Un enjeu majeur pour le d\u00e9veloppement du continent.<br>Organis\u00e9 par la Commission de l&rsquo;Union Africaine en partenariat avec l&rsquo;Organisation Internationale du Travail (OIT), l&rsquo;Association Internationale de la S\u00e9curit\u00e9 Sociale (AISS) et la GIZ, ce forum a permis de d\u00e9battre des d\u00e9fis et des opportunit\u00e9s li\u00e9es \u00e0 l&rsquo;extension de la couverture sociale en Afrique. Les participants ont notamment \u00e9voqu\u00e9 les moyens de mettre en \u0153uvre les Lignes directrices de l&rsquo;AISS sur l&rsquo;administration de la s\u00e9curit\u00e9 sociale, afin d&rsquo;am\u00e9liorer l&rsquo;efficacit\u00e9 et l&rsquo;\u00e9quit\u00e9 des syst\u00e8mes existants.<br>Les enjeux de ce forum sont consid\u00e9rables :<\/p>\n\n\n\n<ul class=\"wp-block-list\">\n<li>Une protection sociale pour tous : Il s&rsquo;agit d&rsquo;offrir \u00e0 tous les Africains, quel que soient leur statut ou leur lieu de r\u00e9sidence, un acc\u00e8s \u00e0 des soins de sant\u00e9, des pensions et des prestations sociales de base.<\/li>\n\n\n\n<li>Le d\u00e9veloppement de l&rsquo;\u00e9conomie informelle : En int\u00e9grant les travailleurs de l&rsquo;\u00e9conomie informelle dans les syst\u00e8mes de s\u00e9curit\u00e9 sociale, on favorise leur inclusion sociale et \u00e9conomique.<\/li>\n\n\n\n<li>La mobilit\u00e9 des travailleurs : Les migrants ont \u00e9galement droit \u00e0 une protection sociale, ce qui n\u00e9cessite une coordination accrue entre les diff\u00e9rents pays africains.<br>Il faut noter que le Mali est un acteur engag\u00e9 de la s\u00e9curit\u00e9 sociale en Afrique. Sa participation \u00e0 ce forum t\u00e9moigne de sa volont\u00e9 de jouer un r\u00f4le actif dans la construction d&rsquo;une Afrique plus juste et plus solidaire.<br>En s&rsquo;associant \u00e0 ses partenaires internationaux, notre pays s&rsquo;engage \u00e0 mettre en \u0153uvre des politiques ambitieuses en mati\u00e8re de protection sociale, afin d&rsquo;am\u00e9liorer les conditions de vie de ses populations et de contribuer au d\u00e9veloppement durable du continent.<\/li>\n<\/ul>\n\n\n\n<p><strong>SERCOM\/CANAM<\/strong><\/p>\n\n\n\n<p><\/p>\n","protected":false},"excerpt":{"rendered":"<p>Le Mali r\u00e9pond pr\u00e9sent. Johannesburg, du 25 au 26 septembre 2024, le Mali a activement particip\u00e9 au premier Forum Africain de Coordination et de Coop\u00e9ration des Institutions Africaines de S\u00e9curit\u00e9&hellip;<\/p>\n","protected":false},"author":1,"featured_media":19936,"comment_status":"open","ping_status":"open","sticky":false,"template":"","format":"standard","meta":{"content-type":"","_lmt_disableupdate":"","_lmt_disable":"","_jetpack_memberships_contains_paid_content":false,"footnotes":"","jetpack_publicize_message":"","jetpack_publicize_feature_enabled":true,"jetpack_social_post_already_shared":true,"jetpack_social_options":{"image_generator_settings":{"template":"highway","default_image_id":0,"font":"","enabled":false},"version":2}},"categories":[43,21],"tags":[],"class_list":["post-19935","post","type-post","status-publish","format-standard","has-post-thumbnail","hentry","category-nandi-info","category-societe"],"jetpack_publicize_connections":[],"featured_image_urls":{"full":["https:\/\/nandi.info\/wp-content\/uploads\/2024\/09\/canam-coordination-africain.jpg",912,250,false],"thumbnail":["https:\/\/nandi.info\/wp-content\/uploads\/2024\/09\/canam-coordination-africain-150x150.jpg",150,150,true],"medium":["https:\/\/nandi.info\/wp-content\/uploads\/2024\/09\/canam-coordination-africain-300x82.jpg",300,82,true],"medium_large":["https:\/\/nandi.info\/wp-content\/uploads\/2024\/09\/canam-coordination-africain-768x211.jpg",768,211,true],"large":["https:\/\/nandi.info\/wp-content\/uploads\/2024\/09\/canam-coordination-africain.jpg",912,250,false],"1536x1536":["https:\/\/nandi.info\/wp-content\/uploads\/2024\/09\/canam-coordination-africain.jpg",912,250,false],"2048x2048":["https:\/\/nandi.info\/wp-content\/uploads\/2024\/09\/canam-coordination-africain.jpg",912,250,false],"penci-recipe-1200x1200":["https:\/\/nandi.info\/wp-content\/uploads\/2024\/09\/canam-coordination-africain.jpg",912,250,false],"penci-recipe-1200x900":["https:\/\/nandi.info\/wp-content\/uploads\/2024\/09\/canam-coordination-africain.jpg",912,250,false],"penci-recipe-1200x675":["https:\/\/nandi.info\/wp-content\/uploads\/2024\/09\/canam-coordination-africain.jpg",912,250,false],"penci-single-full":["https:\/\/nandi.info\/wp-content\/uploads\/2024\/09\/canam-coordination-africain.jpg",912,250,false],"penci-slider-full-thumb":["https:\/\/nandi.info\/wp-content\/uploads\/2024\/09\/canam-coordination-africain.jpg",912,250,false],"penci-full-thumb":["https:\/\/nandi.info\/wp-content\/uploads\/2024\/09\/canam-coordination-africain.jpg",912,250,false],"penci-slider-thumb":["https:\/\/nandi.info\/wp-content\/uploads\/2024\/09\/canam-coordination-africain.jpg",912,250,false],"penci-magazine-slider":["https:\/\/nandi.info\/wp-content\/uploads\/2024\/09\/canam-coordination-africain-780x250.jpg",780,250,true],"penci-thumb":["https:\/\/nandi.info\/wp-content\/uploads\/2024\/09\/canam-coordination-africain-585x250.jpg",585,250,true],"penci-masonry-thumb":["https:\/\/nandi.info\/wp-content\/uploads\/2024\/09\/canam-coordination-africain-585x160.jpg",585,160,true],"penci-thumb-square":["https:\/\/nandi.info\/wp-content\/uploads\/2024\/09\/canam-coordination-africain-585x250.jpg",585,250,true],"penci-thumb-vertical":["https:\/\/nandi.info\/wp-content\/uploads\/2024\/09\/canam-coordination-africain-480x250.jpg",480,250,true],"penci-thumb-small":["https:\/\/nandi.info\/wp-content\/uploads\/2024\/09\/canam-coordination-africain-263x175.jpg",263,175,true]},"author_info":{"display_name":"Nandi","author_link":"https:\/\/nandi.info\/?author=1"},"category_info":"<a href=\"https:\/\/nandi.info\/?cat=43\" rel=\"category\">Nandi.info<\/a> <a href=\"https:\/\/nandi.info\/?cat=21\" rel=\"category\">Soci\u00e9t\u00e9<\/a>","tag_info":"Soci\u00e9t\u00e9","comment_count":"0","jetpack_featured_media_url":"https:\/\/nandi.info\/wp-content\/uploads\/2024\/09\/canam-coordination-africain.jpg","jetpack_sharing_enabled":true,"_links":{"self":[{"href":"https:\/\/nandi.info\/index.php?rest_route=\/wp\/v2\/posts\/19935","targetHints":{"allow":["GET"]}}],"collection":[{"href":"https:\/\/nandi.info\/index.php?rest_route=\/wp\/v2\/posts"}],"about":[{"href":"https:\/\/nandi.info\/index.php?rest_route=\/wp\/v2\/types\/post"}],"author":[{"embeddable":true,"href":"https:\/\/nandi.info\/index.php?rest_route=\/wp\/v2\/users\/1"}],"replies":[{"embeddable":true,"href":"https:\/\/nandi.info\/index.php?rest_route=%2Fwp%2Fv2%2Fcomments&post=19935"}],"version-history":[{"count":2,"href":"https:\/\/nandi.info\/index.php?rest_route=\/wp\/v2\/posts\/19935\/revisions"}],"predecessor-version":[{"id":19939,"href":"https:\/\/nandi.info\/index.php?rest_route=\/wp\/v2\/posts\/19935\/revisions\/19939"}],"wp:featuredmedia":[{"embeddable":true,"href":"https:\/\/nandi.info\/index.php?rest_route=\/wp\/v2\/media\/19936"}],"wp:attachment":[{"href":"https:\/\/nandi.info\/index.php?rest_route=%2Fwp%2Fv2%2Fmedia&parent=19935"}],"wp:term":[{"taxonomy":"category","embeddable":true,"href":"https:\/\/nandi.info\/index.php?rest_route=%2Fwp%2Fv2%2Fcategories&post=19935"},{"taxonomy":"post_tag","embeddable":true,"href":"https:\/\/nandi.info\/index.php?rest_route=%2Fwp%2Fv2%2Ftags&post=19935"}],"curies":[{"name":"wp","href":"https:\/\/api.w.org\/{rel}","templated":true}]}}