{"id":19922,"date":"2024-09-25T23:47:58","date_gmt":"2024-09-25T21:47:58","guid":{"rendered":"https:\/\/nandi.info\/?p=19922"},"modified":"2024-09-25T23:48:00","modified_gmt":"2024-09-25T21:48:00","slug":"communique-du-conseil-des-ministres-du-mercredi-25-septembre-2024","status":"publish","type":"post","link":"https:\/\/nandi.info\/?p=19922","title":{"rendered":"Communiqu\u00e9 du conseil des ministres du mercredi 25 septembre 2024"},"content":{"rendered":"\n<figure class=\"wp-block-image size-full\"><img fetchpriority=\"high\" decoding=\"async\" width=\"800\" height=\"445\" src=\"https:\/\/nandi.info\/wp-content\/uploads\/2024\/03\/Conseil-des-ministres-800x445-1.jpg\" alt=\"\" class=\"wp-image-17820\" srcset=\"https:\/\/nandi.info\/wp-content\/uploads\/2024\/03\/Conseil-des-ministres-800x445-1.jpg 800w, https:\/\/nandi.info\/wp-content\/uploads\/2024\/03\/Conseil-des-ministres-800x445-1-300x167.jpg 300w, https:\/\/nandi.info\/wp-content\/uploads\/2024\/03\/Conseil-des-ministres-800x445-1-768x427.jpg 768w\" sizes=\"(max-width: 800px) 100vw, 800px\" \/><\/figure>\n\n\n\n<p><strong>Le Conseil des Ministres s\u2019est r\u00e9uni en session ordinaire, le mercredi 25 septembre 2024, dans sa salle de d\u00e9lib\u00e9rations au Palais de Koulouba, sous la pr\u00e9sidence du Colonel Assimi GOITA, Pr\u00e9sident de la Transition, Chef de l\u2019Etat.<\/strong><\/p>\n\n\n\n<p>Apr\u00e8s examen des points inscrits \u00e0 l\u2019ordre du jour, le Conseil a :<\/p>\n\n\n\n<p>\u2013 adopt\u00e9 des projets de texte ;<\/p>\n\n\n\n<p>\u2013 et entendu des communications.<\/p>\n\n\n\n<p><strong>AU CHAPITRE DES MESURES LEGISLATIVES ET REGLEMENTAIRES<\/strong><\/p>\n\n\n\n<p>1. Sur le rapport du ministre de l\u2019Administration territoriale et de la D\u00e9centralisation, le Conseil des Ministres a adopt\u00e9&nbsp;<strong>un projet d\u2019ordonnance portant modification de la Loi n\u00b006-023 du 28 juin 2006 relative \u00e0 la cr\u00e9ation et \u00e0 l\u2019administration des villages, fractions et quartiers.<\/strong><\/p>\n\n\n\n<p>Les villages, fractions et quartiers sont des entit\u00e9s administratives de base qui sont r\u00e9gies par la Loi n\u00b006-023 du 28 juin 2006.<\/p>\n\n\n\n<p>Aux termes des dispositions de cette loi, chaque village, fraction ou quartier est administr\u00e9 par un chef de village, de fraction ou de quartier assist\u00e9 d\u2019un conseil qu\u2019il pr\u00e9side. Ce conseil est compos\u00e9 de membres d\u00e9sign\u00e9s en Assembl\u00e9e g\u00e9n\u00e9rale des chefs de famille ou leurs d\u00e9l\u00e9gu\u00e9s.<\/p>\n\n\n\n<p>Le mandat du Conseil de village, de fraction ou de quartier est fix\u00e9 \u00e0 05 ans. Toutefois, il est possible que les Conseillers sortants puissent \u00eatre reconduits, conform\u00e9ment aux dispositions de la loi relative \u00e0 la cr\u00e9ation et \u00e0 l\u2019administration des villages, fractions et quartiers.<\/p>\n\n\n\n<p>Le dernier renouvellement des Conseils de village, de fraction et de quartier a eu lieu en 2015. Malgr\u00e9 les diff\u00e9rentes tentatives, il n\u2019a pas \u00e9t\u00e9 possible de proc\u00e9der au renouvellement g\u00e9n\u00e9ral des mandats eu \u00e9gard au contexte s\u00e9curitaire et politique du pays.<\/p>\n\n\n\n<p>Cette situation est pr\u00e9judiciable au fonctionnement normal des entit\u00e9s administratives de base et a une incidence n\u00e9gative sur la conduite de la proc\u00e9dure de nomination des chefs de village, de fraction et de quartier, dans laquelle les Conseillers interviennent \u00e0 plusieurs niveaux.<\/p>\n\n\n\n<p>Le projet d\u2019ordonnance, adopt\u00e9, modifie la loi relative \u00e0 la cr\u00e9ation et \u00e0 l\u2019administration des villages, fractions et quartiers et consacre la suppression du mandat des Conseillers de village, de fraction et de quartier et le remplacement de l\u2019Assembl\u00e9e g\u00e9n\u00e9rale par un syst\u00e8me de d\u00e9signation et de remplacement automatique, en conformit\u00e9 avec nos coutumes et traditions.<\/p>\n\n\n\n<p>2. Sur le rapport du ministre de la Justice et des Droits de l\u2019Homme, Garde des Sceaux, le Conseil des Ministres a adopt\u00e9&nbsp;<strong>un projet d\u2019ordonnance portant modification de l\u2019Ordonnance n\u00b005-014\/P-RM du 22 mars 2005, modifi\u00e9e, portant statut du personnel du Cadre des Greffes et Secr\u00e9taires des Greffes et Parquets.<\/strong><\/p>\n\n\n\n<p>Les greffiers sont des fonctionnaires charg\u00e9s d\u2019authentifier les actes judiciaires, d\u2019assister les juges ainsi que les formations de jugement et de conserver les documents et registres qui t\u00e9moignent de l\u2019activit\u00e9 des juridictions. Ils constituent, avec les secr\u00e9taires des greffes et parquets, le personnel des greffes et parquets r\u00e9gi par l\u2019Ordonnance n\u00b005-014\/P-RM du 22 mars 2005, modifi\u00e9e, portant statut du personnel du cadre des greffes et secr\u00e9taires des greffes et parquets.<\/p>\n\n\n\n<p>Le projet d\u2019ordonnance, adopt\u00e9, vise \u00e0 aligner le dipl\u00f4me de recrutement des greffiers en Chef, Fonctionnaires de la cat\u00e9gorie A, sur celui de la Fonction publique, l\u2019\u00e2ge de recrutement et de d\u00e9part \u00e0 la retraite des greffiers en chef des greffiers et des secr\u00e9taires des greffes et parquets sur celui de la Fonction publique.<\/p>\n\n\n\n<p>3. Sur le rapport du ministre de l\u2019Elevage et de la P\u00eache, le Conseil des Ministres a adopt\u00e9&nbsp;<strong>des projets de texte relatifs \u00e0 la cr\u00e9ation, \u00e0 l\u2019organisation, aux modalit\u00e9s de fonctionnement et au cadre organique du Centre de Conservation, de Multiplication et de Diffusion du B\u00e9tail ruminant end\u00e9mique.<\/strong><\/p>\n\n\n\n<p>Le Centre de Conservation, de Multiplication et de Diffusion du B\u00e9tail ruminant end\u00e9mique de Madina Diassa a \u00e9t\u00e9 cr\u00e9\u00e9 par la Loi n\u00b02013-027 du 09 juillet 2013 pour une dur\u00e9e de cinq ans avec pour mission l\u2019am\u00e9lioration de la production et de la productivit\u00e9 \u00e0 travers la conservation, la multiplication, la diffusion et la promotion du b\u00e9tail ruminant end\u00e9mique.<\/p>\n\n\n\n<p>Au cours de son fonctionnement pendant la dur\u00e9e l\u00e9gale fix\u00e9e, le Centre a enregistr\u00e9 des r\u00e9sultats encourageants et constitu\u00e9 un patrimoine important qu\u2019il convient de p\u00e9renniser et de pr\u00e9server.<\/p>\n\n\n\n<p>Les projets de texte sont adopt\u00e9s dans ce cadre. Ils cr\u00e9ent sous forme de service rattach\u00e9 \u00e0 dur\u00e9e ind\u00e9termin\u00e9e, le Centre de Conservation, de Multiplication et de Diffusion du B\u00e9tail ruminant end\u00e9mique avec la m\u00eame mission.<\/p>\n\n\n\n<p><strong>AU CHAPITRE DES COMMUNICATIONS<\/strong><\/p>\n\n\n\n<p>1. Le ministre d\u2019Etat, ministre de l\u2019Administration territoriale et de la D\u00e9centralisation a inform\u00e9 le Conseil des Ministres&nbsp;<strong>de la dissolution des Conseils communaux des Communes rurales de Konsiga (R\u00e9gion de Kayes), de Koula, de Baguin\u00e9da-camp et de Kambila (R\u00e9gion de Koulikoro).<\/strong><\/p>\n\n\n\n<p>La dissolution du Conseil communal est pr\u00e9vue par la Loi n\u00b02023-004 du 13 mars 2023 portant Code des Collectivit\u00e9s territoriales. Aux termes de l\u2019article 8 de la loi susvis\u00e9e, \u00ab le Conseil communal peut \u00eatre suspendu ou dissous. Dans tous les cas, le Conseil communal est admis pr\u00e9alablement \u00e0 fournir des explications \u00e9crites, par l\u2019entremise du Maire, au Repr\u00e9sentant de l\u2019Etat dans le Cercle\u2026\u00bb.<\/p>\n\n\n\n<p>Les Conseils communaux des Communes rurales de Konsiga (R\u00e9gion de Kayes), de Koula, de Baguineda-Camp et de Kambila (R\u00e9gion de Koulikoro) se caract\u00e9risent depuis un certain temps par des dysfonctionnements et des violations de la loi.<\/p>\n\n\n\n<p>Face \u00e0 ces situations de fautes graves de gestion administrative, des demandes d\u2019explication ont \u00e9t\u00e9 adress\u00e9es aux Conseils communaux concern\u00e9s, conform\u00e9ment \u00e0 la loi.<\/p>\n\n\n\n<p>Les dissolutions sont propos\u00e9es \u00e0 l\u2019effet de mettre fin aux d\u00e9rives constat\u00e9es.<\/p>\n\n\n\n<p>2. Le ministre de l\u2019Enseignement sup\u00e9rieur et de la Recherche scientifique a inform\u00e9&nbsp;<strong>le Conseil des Ministres de la participation du Mali au XI\u00e8me Forum Mondial du D\u00e9veloppement Technologique \u00ab Technoprom-2024 \u00bb en Russie.<\/strong><\/p>\n\n\n\n<p>Une D\u00e9l\u00e9gation malienne, conduite par le ministre de l\u2019Enseignement sup\u00e9rieur et de la Recherche scientifique, a particip\u00e9 du 24 au 30 ao\u00fbt 2024, au XI\u00e8me Forum Mondial du D\u00e9veloppement Technologique \u00ab Technoprom-2024 \u00bb, sous le th\u00e8me : \u00ab Construire l\u2019avenir ensemble, collaboration Russie-Afrique dans le domaine de la formation des cadres \u00bb.<\/p>\n\n\n\n<p>Pour marquer l\u2019int\u00e9r\u00eat de notre pays \u00e0 la coop\u00e9ration avec la Russie dans le sous-secteur de l\u2019Enseignement sup\u00e9rieur et de la Recherche scientifique, le ministre a rappel\u00e9 l\u2019historique des relations culturelles avant de projeter les perspectives importantes qui s\u2019ouvrent.<\/p>\n\n\n\n<p>La participation du Mali \u00e0 ce forum du d\u00e9veloppement technologique a permis de d\u00e9couvrir toute la richesse scientifique, technologique et le potentiel de recherche dans le domaine de l\u2019innovation et de formation des cadres maliens.3. Le ministre de la Promotion de la Femme, de l\u2019Enfant et de la Famille a inform\u00e9 le Conseil des Ministres :<\/p>\n\n\n\n<p><strong>a. de la comm\u00e9moration de la Journ\u00e9e internationale de la Fille, le 11 octobre, \u00e9dition 2024.<\/strong><\/p>\n\n\n\n<p>La Journ\u00e9e internationale de la fille, institu\u00e9e par l\u2019Assembl\u00e9e g\u00e9n\u00e9rale des Nations Unies dans sa R\u00e9solution 66\/170 du 19 d\u00e9cembre 2011, vise \u00e0 soutenir l\u2019am\u00e9lioration des perspectives d\u2019avenir des jeunes filles et de sensibiliser l\u2019opinion sur les in\u00e9galit\u00e9s dont elles souffrent \u00e0 travers le monde.<\/p>\n\n\n\n<p>Le th\u00e8me international de cette 13\u00e8me \u00e9dition est : \u00ab La vision des filles pour l\u2019avenir \u00bb. En rapport avec le contexte du pays, la Journ\u00e9e sera c\u00e9l\u00e9br\u00e9e sous le th\u00e8me national : \u00ab L\u2019accompagnement des filles dans les fili\u00e8res scientifiques : la refondation \u00e0 travers l\u2019\u00e9ducation \u00bb.<\/p>\n\n\n\n<p>L\u2019objectif de cette Journ\u00e9e est de soutenir l\u2019\u00e9ducation des filles dans les fili\u00e8res scientifiques pour une refondation r\u00e9ussie.<\/p>\n\n\n\n<p>La c\u00e9r\u00e9monie officielle de la c\u00e9l\u00e9bration aura lieu le 11 octobre 2024 sous la pr\u00e9sidence du Premier ministre, Chef du Gouvernement.<\/p>\n\n\n\n<p><strong>b. de la c\u00e9l\u00e9bration de la Journ\u00e9e internationale de la Femme rurale, le 15 octobre, \u00e9dition 2024, coupl\u00e9e \u00e0 la Journ\u00e9e mondiale de l\u2019Alimentation, le 16 octobre, \u00e9dition 2024.<\/strong><\/p>\n\n\n\n<p>La Journ\u00e9e internationale de la Femme rurale a \u00e9t\u00e9 institu\u00e9e en 1997 \u00e0 la suite des recommandations du Comit\u00e9 des femmes de la F\u00e9d\u00e9ration internationale des Producteurs Agricoles lors de la Conf\u00e9rence internationale de l\u2019ONU sur les femmes \u00e0 Beijing en 1995. Elle a \u00e9t\u00e9 officialis\u00e9e par la R\u00e9solution 62\/136 du 18 d\u00e9cembre 2007 de l\u2019Assembl\u00e9e g\u00e9n\u00e9rale des Nations Unies.<\/p>\n\n\n\n<p>Le th\u00e8me retenu cette ann\u00e9e pour la Journ\u00e9e internationale de la Femme rurale est : \u00ab R\u00f4le et place des Femmes Rurales dans la construction d\u2019un Mali nouveau \u00bb. Celui de la Journ\u00e9e Mondiale de l\u2019Alimentation s\u2019intitule : \u00ab Le droit aux aliments au service d\u2019une vie et d\u2019un avenir meilleurs \u00bb.<\/p>\n\n\n\n<p>L\u2019objectif vis\u00e9 par ces Journ\u00e9es est de renforcer le r\u00f4le et la place des femmes rurales dans la construction d\u2019un Mali nouveau en promouvant un d\u00e9veloppement inclusif et durable.<\/p>\n\n\n\n<p>La c\u00e9r\u00e9monie de lancement officiel de la c\u00e9l\u00e9bration des deux Journ\u00e9es coupl\u00e9es aura lieu le 15 octobre 2024 dans le village de Siby.<\/p>\n\n\n\n<p>4. Le ministre de l\u2019Elevage et de la P\u00eache a inform\u00e9 le Conseil des Ministres :<\/p>\n\n\n\n<p>a. de la c\u00e9l\u00e9bration de la Journ\u00e9e mondiale de lutte contre la rage au Mali.<\/p>\n\n\n\n<p>Le Mali, \u00e0 l\u2019instar de l\u2019ensemble de la communaut\u00e9 internationale c\u00e9l\u00e8bre, chaque ann\u00e9e, le 28 septembre, la Journ\u00e9e mondiale de lutte contre la rage.<\/p>\n\n\n\n<p>Dans le cadre de la strat\u00e9gie mondiale d\u2019\u00e9radication de la rage transmise par la morsure du chien \u00e0 l\u2019horizon 2030, notre pays a \u00e9labor\u00e9 et mis en \u0153uvre un Programme quinquennal.<\/p>\n\n\n\n<p>L\u2019outil principal de lutte contre cette maladie est la vaccination des animaux sensibles, particuli\u00e8rement des chiens dans nos pays.<\/p>\n\n\n\n<p>Dans le cadre de la c\u00e9l\u00e9bration de cette journ\u00e9e, il est pr\u00e9vu des actions d\u2019information, de sensibilisation, de formation de la population et de vaccination gratuite des chiens.<\/p>\n\n\n\n<p>b. de la tenue de la 1\u00e8re \u00e9dition du Salon International des Volailles \u00ab SIV-MALI 2024 \u00bb \u00e0 Bamako du 19 au 21 octobre 2024.<\/p>\n\n\n\n<p>La F\u00e9d\u00e9ration Interprofessionnelle de la Fili\u00e8re Avicole du Mali organise la premi\u00e8re \u00e9dition du Salon International des Volailles \u00ab SIV-MALI 2024 \u00bb \u00e0 Bamako, sous le th\u00e8me \u00ab Fili\u00e8re avicole, facteur de renforcement de la souverainet\u00e9 et de la s\u00e9curit\u00e9 alimentaire et nutritionnelle \u00bb.<\/p>\n\n\n\n<p>Le Salon International des Volailles du Mali sera un cadre privil\u00e9gi\u00e9 de partage du savoir-faire, des innovations et de r\u00e9flexion pour la promotion des produits de l\u2019aviculture. C\u2019est \u00e9galement un v\u00e9ritable cr\u00e9neau pour les acteurs de la fili\u00e8re de nouer des partenariats f\u00e9conds.<\/p>\n\n\n\n<p>Ce Salon qui regroupera plus d\u2019un millier de participants venants d\u2019horizons divers aura comme pays invit\u00e9 d\u2019honneur le Royaume du Maroc.<\/p>\n\n\n\n<p>L\u2019impact attendu est le transfert de techniques et de technologies innovantes, la disponibilit\u00e9 d\u2019une large gamme de produits de l\u2019aviculture pour rehausser le niveau de la production et de la productivit\u00e9 avicole.<\/p>\n\n\n\n<p>5. Le ministre de la Sant\u00e9 et du D\u00e9veloppement social a inform\u00e9 le Conseil des Ministres&nbsp;<strong>de la situation \u00e9pid\u00e9miologique du pays marqu\u00e9e, notamment :<\/strong><\/p>\n\n\n\n<p>\u2013 par une stagnation du nombre de cas test\u00e9s positifs de la maladie \u00e0 Coronavirus par rapport \u00e0 la semaine pr\u00e9c\u00e9dente ;<\/p>\n\n\n\n<p>\u2013 par une augmentation du nombre de cas confirm\u00e9s de dengue compar\u00e9 \u00e0 celui de la semaine \u00e9coul\u00e9e.<\/p>\n\n\n\n<p>Le Pr\u00e9sident de la Transition, Chef de l\u2019Etat a appel\u00e9 la population au respect strict des mesures de pr\u00e9vention et de lutte contre les maladies.<\/p>\n\n\n\n<p><strong>Bamako, le 25 septembre 2024<\/strong><\/p>\n\n\n\n<p><strong>Le Secr\u00e9taire G\u00e9n\u00e9ral du Gouvernement,<\/strong><\/p>\n\n\n\n<p><strong>Birama COULIBALY<\/strong><\/p>\n","protected":false},"excerpt":{"rendered":"<p>Le Conseil des Ministres s\u2019est r\u00e9uni en session ordinaire, le mercredi 25 septembre 2024, dans sa salle de d\u00e9lib\u00e9rations au Palais de Koulouba, sous la pr\u00e9sidence du Colonel Assimi GOITA,&hellip;<\/p>\n","protected":false},"author":1,"featured_media":17820,"comment_status":"open","ping_status":"open","sticky":false,"template":"","format":"standard","meta":{"content-type":"","_lmt_disableupdate":"","_lmt_disable":"","_jetpack_memberships_contains_paid_content":false,"footnotes":"","jetpack_publicize_message":"","jetpack_publicize_feature_enabled":true,"jetpack_social_post_already_shared":true,"jetpack_social_options":{"image_generator_settings":{"template":"highway","default_image_id":0,"font":"","enabled":false},"version":2}},"categories":[28,43,23],"tags":[],"class_list":["post-19922","post","type-post","status-publish","format-standard","has-post-thumbnail","hentry","category-communique-du-conseil-des-ministres","category-nandi-info","category-politique"],"jetpack_publicize_connections":[],"featured_image_urls":{"full":["https:\/\/nandi.info\/wp-content\/uploads\/2024\/03\/Conseil-des-ministres-800x445-1.jpg",800,445,false],"thumbnail":["https:\/\/nandi.info\/wp-content\/uploads\/2024\/03\/Conseil-des-ministres-800x445-1-150x150.jpg",150,150,true],"medium":["https:\/\/nandi.info\/wp-content\/uploads\/2024\/03\/Conseil-des-ministres-800x445-1-300x167.jpg",300,167,true],"medium_large":["https:\/\/nandi.info\/wp-content\/uploads\/2024\/03\/Conseil-des-ministres-800x445-1-768x427.jpg",768,427,true],"large":["https:\/\/nandi.info\/wp-content\/uploads\/2024\/03\/Conseil-des-ministres-800x445-1.jpg",800,445,false],"1536x1536":["https:\/\/nandi.info\/wp-content\/uploads\/2024\/03\/Conseil-des-ministres-800x445-1.jpg",800,445,false],"2048x2048":["https:\/\/nandi.info\/wp-content\/uploads\/2024\/03\/Conseil-des-ministres-800x445-1.jpg",800,445,false],"penci-recipe-1200x1200":["https:\/\/nandi.info\/wp-content\/uploads\/2024\/03\/Conseil-des-ministres-800x445-1.jpg",800,445,false],"penci-recipe-1200x900":["https:\/\/nandi.info\/wp-content\/uploads\/2024\/03\/Conseil-des-ministres-800x445-1.jpg",800,445,false],"penci-recipe-1200x675":["https:\/\/nandi.info\/wp-content\/uploads\/2024\/03\/Conseil-des-ministres-800x445-1.jpg",800,445,false],"penci-single-full":["https:\/\/nandi.info\/wp-content\/uploads\/2024\/03\/Conseil-des-ministres-800x445-1.jpg",800,445,false],"penci-slider-full-thumb":["https:\/\/nandi.info\/wp-content\/uploads\/2024\/03\/Conseil-des-ministres-800x445-1.jpg",800,445,false],"penci-full-thumb":["https:\/\/nandi.info\/wp-content\/uploads\/2024\/03\/Conseil-des-ministres-800x445-1.jpg",800,445,false],"penci-slider-thumb":["https:\/\/nandi.info\/wp-content\/uploads\/2024\/03\/Conseil-des-ministres-800x445-1.jpg",800,445,false],"penci-magazine-slider":["https:\/\/nandi.info\/wp-content\/uploads\/2024\/03\/Conseil-des-ministres-800x445-1.jpg",780,434,false],"penci-thumb":["https:\/\/nandi.info\/wp-content\/uploads\/2024\/03\/Conseil-des-ministres-800x445-1.jpg",585,325,false],"penci-masonry-thumb":["https:\/\/nandi.info\/wp-content\/uploads\/2024\/03\/Conseil-des-ministres-800x445-1.jpg",585,325,false],"penci-thumb-square":["https:\/\/nandi.info\/wp-content\/uploads\/2024\/03\/Conseil-des-ministres-800x445-1.jpg",585,325,false],"penci-thumb-vertical":["https:\/\/nandi.info\/wp-content\/uploads\/2024\/03\/Conseil-des-ministres-800x445-1.jpg",480,267,false],"penci-thumb-small":["https:\/\/nandi.info\/wp-content\/uploads\/2024\/03\/Conseil-des-ministres-800x445-1.jpg",263,146,false]},"author_info":{"display_name":"Nandi","author_link":"https:\/\/nandi.info\/?author=1"},"category_info":"<a href=\"https:\/\/nandi.info\/?cat=28\" rel=\"category\">Communique du conseil des ministres<\/a> <a href=\"https:\/\/nandi.info\/?cat=43\" rel=\"category\">Nandi.info<\/a> <a href=\"https:\/\/nandi.info\/?cat=23\" rel=\"category\">Politique<\/a>","tag_info":"Politique","comment_count":"0","jetpack_featured_media_url":"https:\/\/nandi.info\/wp-content\/uploads\/2024\/03\/Conseil-des-ministres-800x445-1.jpg","jetpack_sharing_enabled":true,"_links":{"self":[{"href":"https:\/\/nandi.info\/index.php?rest_route=\/wp\/v2\/posts\/19922","targetHints":{"allow":["GET"]}}],"collection":[{"href":"https:\/\/nandi.info\/index.php?rest_route=\/wp\/v2\/posts"}],"about":[{"href":"https:\/\/nandi.info\/index.php?rest_route=\/wp\/v2\/types\/post"}],"author":[{"embeddable":true,"href":"https:\/\/nandi.info\/index.php?rest_route=\/wp\/v2\/users\/1"}],"replies":[{"embeddable":true,"href":"https:\/\/nandi.info\/index.php?rest_route=%2Fwp%2Fv2%2Fcomments&post=19922"}],"version-history":[{"count":1,"href":"https:\/\/nandi.info\/index.php?rest_route=\/wp\/v2\/posts\/19922\/revisions"}],"predecessor-version":[{"id":19923,"href":"https:\/\/nandi.info\/index.php?rest_route=\/wp\/v2\/posts\/19922\/revisions\/19923"}],"wp:featuredmedia":[{"embeddable":true,"href":"https:\/\/nandi.info\/index.php?rest_route=\/wp\/v2\/media\/17820"}],"wp:attachment":[{"href":"https:\/\/nandi.info\/index.php?rest_route=%2Fwp%2Fv2%2Fmedia&parent=19922"}],"wp:term":[{"taxonomy":"category","embeddable":true,"href":"https:\/\/nandi.info\/index.php?rest_route=%2Fwp%2Fv2%2Fcategories&post=19922"},{"taxonomy":"post_tag","embeddable":true,"href":"https:\/\/nandi.info\/index.php?rest_route=%2Fwp%2Fv2%2Ftags&post=19922"}],"curies":[{"name":"wp","href":"https:\/\/api.w.org\/{rel}","templated":true}]}}