{"id":19907,"date":"2024-09-22T15:03:57","date_gmt":"2024-09-22T13:03:57","guid":{"rendered":"https:\/\/nandi.info\/?p=19907"},"modified":"2024-09-22T15:03:59","modified_gmt":"2024-09-22T13:03:59","slug":"attaque-de-lecole-de-la-gendarmerie-et-de-la-base-101-une-vaine-tentative-de-faire-echouer-laes-par-les-germes-de-la-division","status":"publish","type":"post","link":"https:\/\/nandi.info\/?p=19907","title":{"rendered":"Attaque de l\u2019Ecole de la Gendarmerie et de la Base 101 : Une vaine tentative de faire \u00e9chouer l\u2019AES par les germes de la division"},"content":{"rendered":"\n<figure class=\"wp-block-image size-full\"><img fetchpriority=\"high\" decoding=\"async\" width=\"650\" height=\"434\" src=\"https:\/\/nandi.info\/wp-content\/uploads\/2024\/09\/Sadio-Camara.jpg\" alt=\"\" class=\"wp-image-19911\" srcset=\"https:\/\/nandi.info\/wp-content\/uploads\/2024\/09\/Sadio-Camara.jpg 650w, https:\/\/nandi.info\/wp-content\/uploads\/2024\/09\/Sadio-Camara-300x200.jpg 300w, https:\/\/nandi.info\/wp-content\/uploads\/2024\/09\/Sadio-Camara-585x391.jpg 585w, https:\/\/nandi.info\/wp-content\/uploads\/2024\/09\/Sadio-Camara-263x175.jpg 263w\" sizes=\"(max-width: 650px) 100vw, 650px\" \/><\/figure>\n\n\n\n<p><strong>Dans la matin\u00e9e du mardi 17 novembre 2024, un groupe de terroristes a tent\u00e9 de s\u2019infiltrer dans l\u2019\u00c9cole de gendarmerie de Faladi\u00e9 avant de s\u2019attaquer \u00e0 la Base 101 de l\u2019Arm\u00e9e de l\u2019Air.&nbsp;Heureusement que nos Forces de d\u00e9fense et de s\u00e9curit\u00e9 (FDS) ne se sont pas faites surprendre. Elles ont repouss\u00e9 les forces du mal en reprenant rapidement le contr\u00f4le de la situation avec un grand professionnalisme. Mais, cette attaque suscit\u00e9 bien de questions que nous essayons d\u2019analyser.<\/strong><\/p>\n\n\n\n<p><em>\u00abLes terroristes infiltr\u00e9s ont \u00e9t\u00e9 neutralis\u00e9s\u2026 La menace a \u00e9t\u00e9 circonscrite\u2026 Nous sommes des forces professionnelles, nous savons comment faire ce travail<\/em>\u00bb&nbsp;! Telle est&nbsp; l\u2019assurance donn\u00e9e par le Chef d\u2019\u00e9tat-major g\u00e9n\u00e9ral des Arm\u00e9es, G\u00e9n\u00e9ral Oumar Diarra, quelques heures apr\u00e8s l\u2019attaque terroriste qui a vis\u00e9 l\u2019\u00c9cole de la gendarmerie de Faladi\u00e9 et de la Base 101 de l\u2019Arm\u00e9e de l\u2019Air \u00e0 S\u00e9nou (Bamako). Il a surtout exhort\u00e9 les populations \u00e0 vaquer \u00e0 leurs occupations. C\u2019est la premi\u00e8re attaque dans notre capitale depuis celle ayant vis\u00e9 des installations militaires strat\u00e9giques le 22&nbsp;juillet 2022 \u00e0 Kati, sur les hauteurs de Bamako.<\/p>\n\n\n\n<p>Aujourd\u2019hui, on se pose naturellement des questions par rapport aux vraies raisons de cette attaque. Et cela pour diverses raisons. En effet, il faut vraiment \u00eatre tr\u00e8s mal renseign\u00e9 pour s\u2019attaquer \u00e0 cette \u00e9cole qui est une base de la gendarmerie nationale. Elle est aujourd\u2019hui l\u2019une des infrastructures les mieux s\u00e9curis\u00e9es de la capitale parce que, entre autres, accueillant des Officiers&nbsp;arr\u00eat\u00e9s dans diff\u00e9rentes affaires depuis le d\u00e9but de la rectification de la transition en mai 2021. Ce qui fait des attaques de l\u2019aube du 17 f\u00e9vrier une parfaire op\u00e9ration suicide heureusement ma\u00eetris\u00e9e avec professionnalisme par nos Forces de d\u00e9fense et de s\u00e9curit\u00e9 (FDS).<\/p>\n\n\n\n<p>Elle a \u00e9t\u00e9 men\u00e9e, selon les premiers \u00e9l\u00e9ments des enqu\u00eates et les pi\u00e8ces retrouv\u00e9es sur des \u00e9l\u00e9ments neutralis\u00e9s, par des \u00ab<em>peuls<\/em>\u00bb venus du Niger. Mais, nous savons tous que la pi\u00e8ce d\u2019identit\u00e9 n\u2019est pas forc\u00e9ment un \u00e9l\u00e9ment de r\u00e9f\u00e9rence d\u2019autant plus qu\u2019elle est vite fabriqu\u00e9e ou falsifi\u00e9e pour brouiller les pistes, jouer \u00e0 la division ou faire diversion. Dans le pr\u00e9sent cas, nous voyons plus une tentative de manipulation de ceux qui ont tout fait pour se rendre indispensable \u00e0 la stabilisation du Mali voire du Sahel et qui voient d\u2019un mauvais \u0153il les avanc\u00e9es strat\u00e9giques enregistr\u00e9es depuis la cr\u00e9ation de l\u2019Alliance des Etats du Sahel (AES) le 16 septembre 2023.<\/p>\n\n\n\n<p><strong>Toujours cette volont\u00e9 de \u00abdiviser pour r\u00e9gner\u00bb&nbsp;!<\/strong><\/p>\n\n\n\n<p>A notre avis, le fait que cette attaque ait \u00e9t\u00e9 perp\u00e9tr\u00e9e au lendemain de l\u2019ouverture des travaux de la premi\u00e8re r\u00e9union des ministres des Affaires \u00e9trang\u00e8res de l\u2019AES (lundi 16 septembre 2024 \u00e0 Bamako), n\u2019est pas fortuit. Cet \u00e9v\u00e9nement, comme la cr\u00e9ation de l\u2019Alliance, marque la d\u00e9termination de nos pays \u00e0 cheminer vers une int\u00e9gration renforc\u00e9e de nos populations, de nos administrations, de nos \u00e9conomies.<\/p>\n\n\n\n<p>Et cela, apr\u00e8s l\u2019int\u00e9gration r\u00e9ussie de nos Forces de d\u00e9fense et de s\u00e9curit\u00e9 (FDS) gr\u00e2ce \u00e0 la Charte du Liptako Gourma. Cette attaque doit \u00eatre per\u00e7ue comme un message de ceux qui voient d\u2019un mauvais \u0153il cette int\u00e9gration mettant en p\u00e9ril leurs int\u00e9r\u00eats \u00e9conomiques et g\u00e9ostrat\u00e9giques au Sahel. Comme toujours, la strat\u00e9gie affich\u00e9e est le \u00ab<em>diviser pour r\u00e9gner<\/em>\u00bb. En envoyant des pr\u00e9sum\u00e9s \u00ab<em>peuls du&nbsp; Niger<\/em>\u00bb attaquer des bases de la gendarmerie et de l\u2019Arm\u00e9e de l\u2019Air \u00e0 Bamako, l\u2019intention est claire. Sachant parfaitement que leurs bras arm\u00e9s avaient plus de chance de se faire neutraliser que de r\u00e9ussir leur mission kamikaze, les commanditaires cherchent \u00e0 semer le doute et la zizanie entre les pays de l\u2019AES.<\/p>\n\n\n\n<p>Ne soyez pas surpris de voir des mercenaires dot\u00e9s de fausse identit\u00e9 malienne attaquer le Niger ou le Burkina Faso. Tout comme de pr\u00e9sum\u00e9s Burkinab\u00e9s peuvent \u00eatre aussi utilis\u00e9s contre Niamey ou Bamako avec l\u2019intention de briser l\u2019unit\u00e9 et l\u2019union sacr\u00e9e autour des d\u00e9fis s\u00e9curitaires. Nos autorit\u00e9s l\u2019ont d\u2019ailleurs bien compris en appelant les uns et les autres \u00e0 \u00ab<em>\u00e9viter les amalgames<\/em>\u00bb car \u00ab<em>l\u2019objectif de cet acte terroriste est de mettre les populations dos \u00e0 dos<\/em>\u00bb.<\/p>\n\n\n\n<p><strong>De Tinzawaten \u00e0 Faladi\u00e9, la main \u00e0 peine cach\u00e9e de la France et ses alli\u00e9s de l\u2019Occident<\/strong><\/p>\n\n\n\n<p>Le refus du Burkina, du Mali et du Niger de subir d\u00e9sormais le diktat et ou de c\u00e9der \u00e0 l\u2019injonction d\u2019une puissance ext\u00e9rieure est consid\u00e9r\u00e9 par la France et ses alli\u00e9s comme un affront qui ne doit pas rester impuni pour l\u2019exemple. En effet, d\u00e8s sa cr\u00e9ation le 16 septembre 2023, l\u2019AES a boulevers\u00e9 l\u2019\u00e9chiquier g\u00e9opolitique, non seulement de la r\u00e9gion du Sahel, mais aussi de notre continent. Comme l\u2019a rappel\u00e9 le ministre Abdoulaye Diop lundi dernier, l\u2019une des manifestations de ce \u00ab<em>bouleversement g\u00e9opolitique a \u00e9t\u00e9 le changement manifeste de paradigme<\/em>\u00bb qui fait que nos Etats ne subissent d\u00e9sormais aucun diktat et ne plient devant aucune injonction.<\/p>\n\n\n\n<p>L\u2019autre manifestation du bouleversement g\u00e9opolitique en cours, a-t-il rappel\u00e9, c\u2019est l\u2019intrusion \u00ab<em>ouvertement assum\u00e9e d\u2019acteurs qui ne cachent plus leurs intentions hostiles<\/em>\u00bb. Les propos par lesquels l\u2019Ukraine a fi\u00e8rement revendiqu\u00e9 son soutien aux Groupes arm\u00e9s terroristes (GAT) op\u00e9rant au Sahel l\u2019attestent \u00e9loquemment. Les attaques du mardi 17 septembre 2024 sont la suite logique des \u00e9v\u00e9nements de Tinzawaten. Elles ont \u00e9t\u00e9 revendiqu\u00e9es par le Groupe de soutien \u00e0 l\u2019islam et aux musulmans (GISM). Et ce n\u2019est qu\u2019un secret de polichinelle qu\u2019Iyad Ag Ghali est un pion de la France dans sa strat\u00e9gie de mieux contr\u00f4ler et pr\u00e9server ses int\u00e9r\u00eats au Sahel.<\/p>\n\n\n\n<p>Quelque part, ces attaques apportentr aussi l\u2019eau au moulin de ceux qui ne cessent&nbsp; de chanter sur tous les toits que le retrait de Barkhane et des forces alli\u00e9es d\u2019Europe ont favoris\u00e9 l\u2019accentuation de la menace s\u00e9curitaire dans notre pays. Tout comme le retrait de la Mission multidimensionnelle int\u00e9gr\u00e9e des Nations unies pour la stabilisation au Mali (MINUSMA). Mais, comme nous le disions le lendemain de l\u2019attaque de Kati (22 juillet 2022), c\u2019est de la pure propagande d\u2019autant plus que nous savons sous qu\u2019aucun pays et aucune capitale n\u2019est&nbsp; \u00e0 l\u2019abri d\u2019une attaque terroriste comme cela a \u00e9t\u00e9 prouv\u00e9 \u00e0 New York avec les \u00ab<em>Tours jumelles<\/em>\u00bb (11 septembre 2001), Paris (attentats du 13 novembre 2015), Moscou (22 mars 2024)\u2026 Le Mali est donc loin d\u2019\u00eatre un cas isol\u00e9 dans ce registre.<\/p>\n\n\n\n<p>Comme le ministre des Affaires \u00e9trang\u00e8res et de la Coop\u00e9ration internationales, Abdoulaye Diop, nous sommes convaincus que ces actes hostiles pos\u00e9s contre nos pays et contre la Conf\u00e9d\u00e9ration AES prouvent que \u00ab<em>nous sommes sur le bon chemin<\/em>\u00bb dans le combat pour la stabilit\u00e9 de nos pays, pour r\u00e9affirmer notre souverainet\u00e9 dans domaines cl\u00e9s comme la d\u00e9fense et la s\u00e9curit\u00e9. Raison de plus, loin de saper notre ardeur, ils doivent au contraire renforcer \u00ab<em>notre d\u00e9termination \u00e0 faire plus, \u00e0 faire mieux, dans une unit\u00e9 de strat\u00e9gie et d\u2019action<\/em>\u00bb. Ces actes ne doivent pas donc d\u00e9courager ou d\u00e9tourner les peuples et les dirigeants de l\u2019AES de la voie choisie&nbsp;!<\/p>\n\n\n\n<p><strong>Moussa Bolly<\/strong><\/p>\n","protected":false},"excerpt":{"rendered":"<p>Dans la matin\u00e9e du mardi 17 novembre 2024, un groupe de terroristes a tent\u00e9 de s\u2019infiltrer dans l\u2019\u00c9cole de gendarmerie de Faladi\u00e9 avant de s\u2019attaquer \u00e0 la Base 101 de&hellip;<\/p>\n","protected":false},"author":1,"featured_media":19911,"comment_status":"open","ping_status":"open","sticky":false,"template":"","format":"standard","meta":{"content-type":"","_lmt_disableupdate":"","_lmt_disable":"","_jetpack_memberships_contains_paid_content":false,"footnotes":"","jetpack_publicize_message":"","jetpack_publicize_feature_enabled":true,"jetpack_social_post_already_shared":true,"jetpack_social_options":{"image_generator_settings":{"template":"highway","default_image_id":0,"font":"","enabled":false},"version":2}},"categories":[49,53,21],"tags":[],"class_list":["post-19907","post","type-post","status-publish","format-standard","has-post-thumbnail","hentry","category-insecurite","category-le-matin","category-societe"],"jetpack_publicize_connections":[],"featured_image_urls":{"full":["https:\/\/nandi.info\/wp-content\/uploads\/2024\/09\/Sadio-Camara.jpg",650,434,false],"thumbnail":["https:\/\/nandi.info\/wp-content\/uploads\/2024\/09\/Sadio-Camara-150x150.jpg",150,150,true],"medium":["https:\/\/nandi.info\/wp-content\/uploads\/2024\/09\/Sadio-Camara-300x200.jpg",300,200,true],"medium_large":["https:\/\/nandi.info\/wp-content\/uploads\/2024\/09\/Sadio-Camara.jpg",650,434,false],"large":["https:\/\/nandi.info\/wp-content\/uploads\/2024\/09\/Sadio-Camara.jpg",650,434,false],"1536x1536":["https:\/\/nandi.info\/wp-content\/uploads\/2024\/09\/Sadio-Camara.jpg",650,434,false],"2048x2048":["https:\/\/nandi.info\/wp-content\/uploads\/2024\/09\/Sadio-Camara.jpg",650,434,false],"penci-recipe-1200x1200":["https:\/\/nandi.info\/wp-content\/uploads\/2024\/09\/Sadio-Camara.jpg",650,434,false],"penci-recipe-1200x900":["https:\/\/nandi.info\/wp-content\/uploads\/2024\/09\/Sadio-Camara.jpg",650,434,false],"penci-recipe-1200x675":["https:\/\/nandi.info\/wp-content\/uploads\/2024\/09\/Sadio-Camara.jpg",650,434,false],"penci-single-full":["https:\/\/nandi.info\/wp-content\/uploads\/2024\/09\/Sadio-Camara.jpg",650,434,false],"penci-slider-full-thumb":["https:\/\/nandi.info\/wp-content\/uploads\/2024\/09\/Sadio-Camara.jpg",650,434,false],"penci-full-thumb":["https:\/\/nandi.info\/wp-content\/uploads\/2024\/09\/Sadio-Camara.jpg",650,434,false],"penci-slider-thumb":["https:\/\/nandi.info\/wp-content\/uploads\/2024\/09\/Sadio-Camara.jpg",650,434,false],"penci-magazine-slider":["https:\/\/nandi.info\/wp-content\/uploads\/2024\/09\/Sadio-Camara.jpg",650,434,false],"penci-thumb":["https:\/\/nandi.info\/wp-content\/uploads\/2024\/09\/Sadio-Camara-585x390.jpg",585,390,true],"penci-masonry-thumb":["https:\/\/nandi.info\/wp-content\/uploads\/2024\/09\/Sadio-Camara-585x391.jpg",585,391,true],"penci-thumb-square":["https:\/\/nandi.info\/wp-content\/uploads\/2024\/09\/Sadio-Camara-585x434.jpg",585,434,true],"penci-thumb-vertical":["https:\/\/nandi.info\/wp-content\/uploads\/2024\/09\/Sadio-Camara-480x434.jpg",480,434,true],"penci-thumb-small":["https:\/\/nandi.info\/wp-content\/uploads\/2024\/09\/Sadio-Camara-263x175.jpg",263,175,true]},"author_info":{"display_name":"Nandi","author_link":"https:\/\/nandi.info\/?author=1"},"category_info":"<a href=\"https:\/\/nandi.info\/?cat=49\" rel=\"category\">Ins\u00e9curit\u00e9<\/a> <a href=\"https:\/\/nandi.info\/?cat=53\" rel=\"category\">Le Matin<\/a> <a href=\"https:\/\/nandi.info\/?cat=21\" rel=\"category\">Soci\u00e9t\u00e9<\/a>","tag_info":"Soci\u00e9t\u00e9","comment_count":"0","jetpack_featured_media_url":"https:\/\/nandi.info\/wp-content\/uploads\/2024\/09\/Sadio-Camara.jpg","jetpack_sharing_enabled":true,"_links":{"self":[{"href":"https:\/\/nandi.info\/index.php?rest_route=\/wp\/v2\/posts\/19907","targetHints":{"allow":["GET"]}}],"collection":[{"href":"https:\/\/nandi.info\/index.php?rest_route=\/wp\/v2\/posts"}],"about":[{"href":"https:\/\/nandi.info\/index.php?rest_route=\/wp\/v2\/types\/post"}],"author":[{"embeddable":true,"href":"https:\/\/nandi.info\/index.php?rest_route=\/wp\/v2\/users\/1"}],"replies":[{"embeddable":true,"href":"https:\/\/nandi.info\/index.php?rest_route=%2Fwp%2Fv2%2Fcomments&post=19907"}],"version-history":[{"count":1,"href":"https:\/\/nandi.info\/index.php?rest_route=\/wp\/v2\/posts\/19907\/revisions"}],"predecessor-version":[{"id":19912,"href":"https:\/\/nandi.info\/index.php?rest_route=\/wp\/v2\/posts\/19907\/revisions\/19912"}],"wp:featuredmedia":[{"embeddable":true,"href":"https:\/\/nandi.info\/index.php?rest_route=\/wp\/v2\/media\/19911"}],"wp:attachment":[{"href":"https:\/\/nandi.info\/index.php?rest_route=%2Fwp%2Fv2%2Fmedia&parent=19907"}],"wp:term":[{"taxonomy":"category","embeddable":true,"href":"https:\/\/nandi.info\/index.php?rest_route=%2Fwp%2Fv2%2Fcategories&post=19907"},{"taxonomy":"post_tag","embeddable":true,"href":"https:\/\/nandi.info\/index.php?rest_route=%2Fwp%2Fv2%2Ftags&post=19907"}],"curies":[{"name":"wp","href":"https:\/\/api.w.org\/{rel}","templated":true}]}}