{"id":19896,"date":"2024-09-19T10:23:29","date_gmt":"2024-09-19T08:23:29","guid":{"rendered":"https:\/\/nandi.info\/?p=19896"},"modified":"2024-10-01T00:51:50","modified_gmt":"2024-09-30T22:51:50","slug":"la-menace-terroriste-sintensifie-a-burkina-faso","status":"publish","type":"post","link":"https:\/\/nandi.info\/?p=19896","title":{"rendered":"La menace terroriste s\u2019intensifie \u00e0 Burkina Faso"},"content":{"rendered":"\n<figure class=\"wp-block-image size-full\"><img fetchpriority=\"high\" decoding=\"async\" width=\"1024\" height=\"576\" src=\"https:\/\/nandi.info\/wp-content\/uploads\/2024\/09\/La-menace-terroriste-sintensifie-a-Burkina-Faso.webp\" alt=\"\" class=\"wp-image-19897\" srcset=\"https:\/\/nandi.info\/wp-content\/uploads\/2024\/09\/La-menace-terroriste-sintensifie-a-Burkina-Faso.webp 1024w, https:\/\/nandi.info\/wp-content\/uploads\/2024\/09\/La-menace-terroriste-sintensifie-a-Burkina-Faso-300x169.webp 300w, https:\/\/nandi.info\/wp-content\/uploads\/2024\/09\/La-menace-terroriste-sintensifie-a-Burkina-Faso-768x432.webp 768w, https:\/\/nandi.info\/wp-content\/uploads\/2024\/09\/La-menace-terroriste-sintensifie-a-Burkina-Faso-585x329.webp 585w\" sizes=\"(max-width: 1024px) 100vw, 1024px\" \/><figcaption class=\"wp-element-caption\">Une photo prise le 30 octobre 2018 montre des gendarmes burkinab\u00e9s assis sur leur v\u00e9hicule dans la ville de Ouhigouya<br>  &#8211;  <br>Copyright \u00a9 africanews<br>ISSOUF SANOGO\/AFP or licensors<\/figcaption><\/figure>\n\n\n\n<p><strong>Selon les derniers chiffres publi\u00e9s par Human Rights Watch, la menace terroriste s\u2019intensifie au Burkina Faso. L\u2019ONG alerte sur les risques pour les populations civiles.<\/strong>&nbsp;&nbsp;<\/p>\n\n\n\n<p>Depuis f\u00e9vrier 2024,&nbsp;<strong>128 personnes sont mortes<\/strong>&nbsp;lors d\u2019agressions perp\u00e9tr\u00e9es&nbsp;par le Groupe pour le soutien de l&rsquo;islam et des musulmans, li\u00e9 \u00e0 Al-Qa\u00efda, et&nbsp;par l&rsquo;\u00c9tat islamique dans le Grand Sahara. Deux groupements terroristes qui s\u00e9vissent au Burkina Faso depuis 2016.<\/p>\n\n\n\n<p>En huit ans, plus de&nbsp;<strong>26 000 personnes ont \u00e9t\u00e9 tu\u00e9es<\/strong>&nbsp;dans ce conflit. Parmi elles, environ 15 500 ont perdu la vie depuis le coup d&rsquo;\u00c9tat militaire de septembre 2022 et plus de 6 000 depuis janvier 2024.&nbsp;<\/p>\n\n\n\n<h2 class=\"wp-block-heading\">Les autorit\u00e9s burkinab\u00e8 combattent le terrorisme<\/h2>\n\n\n\n<p>Alors que l\u2019ONG alerte sur la menace qui p\u00e8se sur le pays,\u00a0les autorit\u00e9s burkinab\u00e8 ont fait de la\u00a0<strong>lutte contre le terrorisme <\/strong><a href=\"https:\/\/fr.africanews.com\/2024\/09\/18\/burkina-faso-la-menace-terroriste-sintensifie\/\" data-type=\"link\" data-id=\"https:\/\/fr.africanews.com\/2024\/09\/18\/burkina-faso-la-menace-terroriste-sintensifie\/\"><strong>une&#8230;. \u00e0 lire la suite sur <\/strong><\/a><\/p>\n\n\n\n<p><strong>Source : africanews.com<\/strong><\/p>\n\n\n\n<p><\/p>\n","protected":false},"excerpt":{"rendered":"<p>Selon les derniers chiffres publi\u00e9s par Human Rights Watch, la menace terroriste s\u2019intensifie au Burkina Faso. L\u2019ONG alerte sur les risques pour les populations civiles.&nbsp;&nbsp; Depuis f\u00e9vrier 2024,&nbsp;128 personnes sont&hellip;<\/p>\n","protected":false},"author":1,"featured_media":19897,"comment_status":"open","ping_status":"open","sticky":false,"template":"","format":"standard","meta":{"content-type":"","_lmt_disableupdate":"","_lmt_disable":"","_jetpack_memberships_contains_paid_content":false,"footnotes":"","jetpack_publicize_message":"","jetpack_publicize_feature_enabled":true,"jetpack_social_post_already_shared":true,"jetpack_social_options":{"image_generator_settings":{"template":"highway","default_image_id":0,"font":"","enabled":false},"version":2}},"categories":[57,43],"tags":[],"class_list":["post-19896","post","type-post","status-publish","format-standard","has-post-thumbnail","hentry","category-international","category-nandi-info"],"jetpack_publicize_connections":[],"featured_image_urls":{"full":["https:\/\/nandi.info\/wp-content\/uploads\/2024\/09\/La-menace-terroriste-sintensifie-a-Burkina-Faso.webp",1024,576,false],"thumbnail":["https:\/\/nandi.info\/wp-content\/uploads\/2024\/09\/La-menace-terroriste-sintensifie-a-Burkina-Faso-150x150.webp",150,150,true],"medium":["https:\/\/nandi.info\/wp-content\/uploads\/2024\/09\/La-menace-terroriste-sintensifie-a-Burkina-Faso-300x169.webp",300,169,true],"medium_large":["https:\/\/nandi.info\/wp-content\/uploads\/2024\/09\/La-menace-terroriste-sintensifie-a-Burkina-Faso-768x432.webp",768,432,true],"large":["https:\/\/nandi.info\/wp-content\/uploads\/2024\/09\/La-menace-terroriste-sintensifie-a-Burkina-Faso.webp",1024,576,false],"1536x1536":["https:\/\/nandi.info\/wp-content\/uploads\/2024\/09\/La-menace-terroriste-sintensifie-a-Burkina-Faso.webp",1024,576,false],"2048x2048":["https:\/\/nandi.info\/wp-content\/uploads\/2024\/09\/La-menace-terroriste-sintensifie-a-Burkina-Faso.webp",1024,576,false],"penci-recipe-1200x1200":["https:\/\/nandi.info\/wp-content\/uploads\/2024\/09\/La-menace-terroriste-sintensifie-a-Burkina-Faso.webp",1024,576,false],"penci-recipe-1200x900":["https:\/\/nandi.info\/wp-content\/uploads\/2024\/09\/La-menace-terroriste-sintensifie-a-Burkina-Faso.webp",1024,576,false],"penci-recipe-1200x675":["https:\/\/nandi.info\/wp-content\/uploads\/2024\/09\/La-menace-terroriste-sintensifie-a-Burkina-Faso.webp",1024,576,false],"penci-single-full":["https:\/\/nandi.info\/wp-content\/uploads\/2024\/09\/La-menace-terroriste-sintensifie-a-Burkina-Faso.webp",1024,576,false],"penci-slider-full-thumb":["https:\/\/nandi.info\/wp-content\/uploads\/2024\/09\/La-menace-terroriste-sintensifie-a-Burkina-Faso.webp",1024,576,false],"penci-full-thumb":["https:\/\/nandi.info\/wp-content\/uploads\/2024\/09\/La-menace-terroriste-sintensifie-a-Burkina-Faso.webp",1024,576,false],"penci-slider-thumb":["https:\/\/nandi.info\/wp-content\/uploads\/2024\/09\/La-menace-terroriste-sintensifie-a-Burkina-Faso.webp",1024,576,false],"penci-magazine-slider":["https:\/\/nandi.info\/wp-content\/uploads\/2024\/09\/La-menace-terroriste-sintensifie-a-Burkina-Faso-780x516.webp",780,516,true],"penci-thumb":["https:\/\/nandi.info\/wp-content\/uploads\/2024\/09\/La-menace-terroriste-sintensifie-a-Burkina-Faso-585x390.webp",585,390,true],"penci-masonry-thumb":["https:\/\/nandi.info\/wp-content\/uploads\/2024\/09\/La-menace-terroriste-sintensifie-a-Burkina-Faso-585x329.webp",585,329,true],"penci-thumb-square":["https:\/\/nandi.info\/wp-content\/uploads\/2024\/09\/La-menace-terroriste-sintensifie-a-Burkina-Faso-585x576.webp",585,576,true],"penci-thumb-vertical":["https:\/\/nandi.info\/wp-content\/uploads\/2024\/09\/La-menace-terroriste-sintensifie-a-Burkina-Faso-480x576.webp",480,576,true],"penci-thumb-small":["https:\/\/nandi.info\/wp-content\/uploads\/2024\/09\/La-menace-terroriste-sintensifie-a-Burkina-Faso-263x175.webp",263,175,true]},"author_info":{"display_name":"Nandi","author_link":"https:\/\/nandi.info\/?author=1"},"category_info":"<a href=\"https:\/\/nandi.info\/?cat=57\" rel=\"category\">International<\/a> <a href=\"https:\/\/nandi.info\/?cat=43\" rel=\"category\">Nandi.info<\/a>","tag_info":"Nandi.info","comment_count":"0","jetpack_featured_media_url":"https:\/\/nandi.info\/wp-content\/uploads\/2024\/09\/La-menace-terroriste-sintensifie-a-Burkina-Faso.webp","jetpack_sharing_enabled":true,"_links":{"self":[{"href":"https:\/\/nandi.info\/index.php?rest_route=\/wp\/v2\/posts\/19896","targetHints":{"allow":["GET"]}}],"collection":[{"href":"https:\/\/nandi.info\/index.php?rest_route=\/wp\/v2\/posts"}],"about":[{"href":"https:\/\/nandi.info\/index.php?rest_route=\/wp\/v2\/types\/post"}],"author":[{"embeddable":true,"href":"https:\/\/nandi.info\/index.php?rest_route=\/wp\/v2\/users\/1"}],"replies":[{"embeddable":true,"href":"https:\/\/nandi.info\/index.php?rest_route=%2Fwp%2Fv2%2Fcomments&post=19896"}],"version-history":[{"count":1,"href":"https:\/\/nandi.info\/index.php?rest_route=\/wp\/v2\/posts\/19896\/revisions"}],"predecessor-version":[{"id":19898,"href":"https:\/\/nandi.info\/index.php?rest_route=\/wp\/v2\/posts\/19896\/revisions\/19898"}],"wp:featuredmedia":[{"embeddable":true,"href":"https:\/\/nandi.info\/index.php?rest_route=\/wp\/v2\/media\/19897"}],"wp:attachment":[{"href":"https:\/\/nandi.info\/index.php?rest_route=%2Fwp%2Fv2%2Fmedia&parent=19896"}],"wp:term":[{"taxonomy":"category","embeddable":true,"href":"https:\/\/nandi.info\/index.php?rest_route=%2Fwp%2Fv2%2Fcategories&post=19896"},{"taxonomy":"post_tag","embeddable":true,"href":"https:\/\/nandi.info\/index.php?rest_route=%2Fwp%2Fv2%2Ftags&post=19896"}],"curies":[{"name":"wp","href":"https:\/\/api.w.org\/{rel}","templated":true}]}}