{"id":19891,"date":"2024-09-19T09:46:33","date_gmt":"2024-09-19T07:46:33","guid":{"rendered":"https:\/\/nandi.info\/?p=19891"},"modified":"2024-09-19T09:46:36","modified_gmt":"2024-09-19T07:46:36","slug":"communiques-du-conseil-des-ministres-du-mercredi-18-septembre-2024-cm-n2024-38-sgg","status":"publish","type":"post","link":"https:\/\/nandi.info\/?p=19891","title":{"rendered":"Communiqu\u00e9s du Conseil des Ministres du mercredi 18 septembre 2024 \u2013 CM N\u00b02024-38\/SGG"},"content":{"rendered":"\n<figure class=\"wp-block-image size-large\"><img fetchpriority=\"high\" decoding=\"async\" width=\"996\" height=\"1024\" src=\"https:\/\/nandi.info\/wp-content\/uploads\/2024\/01\/assimi-conseil-uini-996x1024.jpg\" alt=\"\" class=\"wp-image-17055\" srcset=\"https:\/\/nandi.info\/wp-content\/uploads\/2024\/01\/assimi-conseil-uini-996x1024.jpg 996w, https:\/\/nandi.info\/wp-content\/uploads\/2024\/01\/assimi-conseil-uini-292x300.jpg 292w, https:\/\/nandi.info\/wp-content\/uploads\/2024\/01\/assimi-conseil-uini-768x790.jpg 768w, https:\/\/nandi.info\/wp-content\/uploads\/2024\/01\/assimi-conseil-uini-1024x1053.jpg 1024w, https:\/\/nandi.info\/wp-content\/uploads\/2024\/01\/assimi-conseil-uini.jpg 1245w\" sizes=\"(max-width: 996px) 100vw, 996px\" \/><\/figure>\n\n\n\n<p>Le Conseil des Ministres s\u2019est r\u00e9uni en session ordinaire, le mercredi 18 septembre 2024, dans sa salle de d\u00e9lib\u00e9rations au Palais de Koulouba, sous la pr\u00e9sidence du Colonel Assimi GOITA, Pr\u00e9sident de la Transition, Chef de l\u2019Etat.<\/p>\n\n\n\n<p>Apr\u00e8s examen des points inscrits \u00e0 l\u2019ordre du jour, le Conseil a :<\/p>\n\n\n\n<p>\u2013 adopt\u00e9 des projets de texte ;<\/p>\n\n\n\n<p>\u2013 proc\u00e9d\u00e9 \u00e0 des nominations ;<\/p>\n\n\n\n<p>\u2013 et entendu des communications.<\/p>\n\n\n\n<p><strong>AU CHAPITRE DES MESURES LEGISLATIVES ET REGLEMENTAIRES<\/strong><\/p>\n\n\n\n<p>Sur le rapport du ministre des Affaires \u00e9trang\u00e8res et de la Coop\u00e9ration internationale, le Conseil des Ministres a adopt\u00e9 des projets de texte relatifs \u00e0 la ratification de l\u2019Accord de financement, sign\u00e9 \u00e0 Bamako, le 22 juillet 2024, entre le Gouvernement de la R\u00e9publique du Mali et l\u2019Association Internationale de D\u00e9veloppement, pour le financement du Projet \u00ab Promouvoir la R\u00e9silience du Syst\u00e8me de Sant\u00e9 Inclusif pour Tous (ARISE), Keneya Yiriwali \u00bb au Mali.<\/p>\n\n\n\n<p>Par cet accord, l\u2019Association Internationale de D\u00e9veloppement accorde au Gouvernement de la R\u00e9publique du Mali, un pr\u00eat d\u2019un montant de 93 millions 300 mille Euros, soit 61 milliards 201 millions 40 mille 10 francs CFA pour le financement du Projet \u00ab Promouvoir la R\u00e9silience du<\/p>\n\n\n\n<p>Syst\u00e8me de Sant\u00e9 Inclusif pour Tous, Keneya Yiriwali \u00bb au Mali.<\/p>\n\n\n\n<p>La mise en \u0153uvre de ce projet permettra d\u2019am\u00e9liorer l\u2019accessibilit\u00e9 et l\u2019utilisation de services essentiels de qualit\u00e9 en mati\u00e8re de sant\u00e9 reproductive, maternelle, n\u00e9onatale, infantile, adolescente et nutritionnelle et de renforcer la pr\u00e9paration aux situations d\u2019urgence sanitaire dans les R\u00e9gions de Koulikoro, S\u00e9gou, Mopti, Gao, Tombouctou et dans la Commune VI du District de Bamako.<\/p>\n\n\n\n<p><strong>Sur le rapport du ministre de l\u2019Economie et des Finances, le Conseil des Ministres a adopt\u00e9 :<\/strong><\/p>\n\n\n\n<p>un projet de loi portant loi de Finances pour l\u2019exercice 2025.<\/p>\n\n\n\n<p>Le projet de loi de Finances pour l\u2019exercice 2025 est pr\u00e9par\u00e9 en application de la Loi n\u00b02013-028 du 11 juillet 2013, modifi\u00e9e, relative aux lois de Finances.<\/p>\n\n\n\n<p>Les pr\u00e9visions des recettes budg\u00e9taires pour l\u2019exercice 2025 s\u2019\u00e9l\u00e8vent \u00e0 2 648,900 milliards de francs CFA contre 2 387,872 milliards de francs CFA dans la loi de finances rectifi\u00e9e 2024, soit une augmentation de 261,028 milliards de francs CFA correspondant \u00e0 une hausse de 10,93%.<\/p>\n\n\n\n<p>Les pr\u00e9visions des d\u00e9penses budg\u00e9taires pour l\u2019exercice 2025 s\u2019\u00e9l\u00e8vent \u00e0 3 229,886 milliards de francs CFA contre 3 070,740 milliards de francs CFA dans la loi de finances rectifi\u00e9e 2024, soit une hausse de 159,146 milliards de francs CFA et un taux de progression de 5,18%.<\/p>\n\n\n\n<p>Le Budget d\u2019Etat 2025 pr\u00e9sente un d\u00e9ficit global de 580,986 milliards de francs FCFA contre 682,869 milliards de francs CFA dans la loi de finances rectifi\u00e9e 2024, soit une diminution de 14,92%.<\/p>\n\n\n\n<p>des projets de texte relatifs \u00e0 la cr\u00e9ation, \u00e0 l\u2019organisation, aux modalit\u00e9s de fonctionnement et au cadre organique de la Direction g\u00e9n\u00e9rale du Tr\u00e9sor et de la Comptabilit\u00e9 publique.<\/p>\n\n\n\n<p>La Direction nationale du Tr\u00e9sor et de la Comptabilit\u00e9 publique a \u00e9t\u00e9 cr\u00e9\u00e9e par l\u2019Ordonnance n\u00b002-030 du 04 mars 2002 avec pour mission l\u2019ex\u00e9cution du budget des organismes publics et parapublics, la gestion de la tr\u00e9sorerie publique, la gestion comptable du portefeuille de l\u2019Etat, l\u2019\u00e9laboration et la mise en \u0153uvre de la politique financi\u00e8re et mon\u00e9taire de l\u2019Etat, le suivi, la mise en \u0153uvre et l\u2019\u00e9laboration de la politique de l\u2019Etat en mati\u00e8re d\u2019assurance.<\/p>\n\n\n\n<p>Son organisation, ses modalit\u00e9s de fonctionnement et son cadre organique sont fix\u00e9s respectivement par le D\u00e9cret n\u00b002-127\/P-RM du 15 mars 2002 et le D\u00e9cret n\u00b002-238\/P-RM du 10 mai 2002.<\/p>\n\n\n\n<p>L\u2019application de ces textes a r\u00e9v\u00e9l\u00e9 des insuffisances li\u00e9es, notamment \u00e0 l\u2019\u00e9volution de l\u2019environnement de l\u2019administration publique et la non prise en compte des innovations introduites par les normes communautaires et internationales en mati\u00e8re de comptabilit\u00e9 publique.<\/p>\n\n\n\n<p>Les projets de texte, adopt\u00e9s, \u00e9rigent la Direction nationale du Tr\u00e9sor et de la Comptabilit\u00e9 publique en Direction g\u00e9n\u00e9rale en vue de corriger les insuffisances r\u00e9v\u00e9l\u00e9es et de prendre en compte les nouvelles normes communautaires.<\/p>\n\n\n\n<p><strong>AU CHAPITRE DES MESURES INDIVIDUELLES<\/strong><\/p>\n\n\n\n<p>Le Conseil des Ministres a proc\u00e9d\u00e9 aux nominations suivantes :<\/p>\n\n\n\n<p><strong>AU TITRE DU MINISTERE DE LA DEFENSE ET DES ANCIENS COMBATTANTS<\/strong><\/p>\n\n\n\n<p><em><strong>\u2013 Haut Fonctionnaire de D\u00e9fense aupr\u00e8s du Minist\u00e8re de la Refondation de l\u2019Etat :<\/strong><\/em><\/p>\n\n\n\n<p>Colonel Sapeur-pompier Djibril TAMBOURA.<\/p>\n\n\n\n<p><strong>AU TITRE DU MINISTERE DES AFFAIRES ETRANGERES ET DE LA COOPERATION INTERNATIONALE<\/strong><\/p>\n\n\n\n<p>\u2013&nbsp;<em><strong>Troisi\u00e8me Conseiller \u00e0 l\u2019Ambassade du Mali \u00e0 Nouakchott :<\/strong><\/em><\/p>\n\n\n\n<p>Monsieur Ibrahima TOURE, Inspecteur des Finances.<\/p>\n\n\n\n<p><em><strong>\u2013 Conseiller consulaire au Consulat g\u00e9n\u00e9ral du Mali \u00e0 Abidjan :<\/strong><\/em><\/p>\n\n\n\n<p>Monsieur Abdallah Tour\u00e9 DICKO, Ing\u00e9nieur Informaticien.<\/p>\n\n\n\n<p><em><strong>\u2013 Attach\u00e9 de D\u00e9fense \u00e0 l\u2019Ambassade du Mali \u00e0 Rabat :<\/strong><\/em><\/p>\n\n\n\n<p>Colonel-major Rabah Abdel Kader COULIBALY.<\/p>\n\n\n\n<p><em><strong>\u2013 Secr\u00e9taire Agent Comptable \u00e0 l\u2019Ambassade du Mali \u00e0 Ottawa (Canada)<\/strong><\/em><\/p>\n\n\n\n<p>Madame Oumou GASSAMA, Inspecteur du Tr\u00e9sor.<\/p>\n\n\n\n<p><em><strong>\u2013 Secr\u00e9taire Agent Comptable \u00e0 l\u2019Ambassade du Mali \u00e0 Pr\u00e9toria (Afrique du Sud) :<\/strong><\/em><\/p>\n\n\n\n<p>Monsieur Mamoutou KONE, Contr\u00f4leur du Tr\u00e9sor.<\/p>\n\n\n\n<p><em><strong>\u2013 Secr\u00e9taire Agent Comptable \u00e0 l\u2019Ambassade du Mali \u00e0 La Havane (Cuba) :<\/strong><\/em><\/p>\n\n\n\n<p>Monsieur Yacouba SISSOKO, Contr\u00f4leur du Tr\u00e9sor.<\/p>\n\n\n\n<p>\u2013<em><strong>&nbsp;Secr\u00e9taire Agent Comptable \u00e0 l\u2019Ambassade du Mali \u00e0 Kigali (Rwanda) :<\/strong><\/em><\/p>\n\n\n\n<p>Monsieur Diakalia SANOGO, Contr\u00f4leur du Tr\u00e9sor.<\/p>\n\n\n\n<p><em><strong>\u2013 Secr\u00e9taire Agent Comptable \u00e0 l\u2019Ambassade du Mali \u00e0 Abidjan (C\u00f4te d\u2019Ivoire) :<\/strong><\/em><\/p>\n\n\n\n<p>Monsieur Mahidi\u00e9 COULIBALY, Contr\u00f4leur des Finances.<\/p>\n\n\n\n<p><em><strong>\u2013 Secr\u00e9taire Agent Comptable \u00e0 l\u2019Ambassade du Mali \u00e0 Niamey (Niger) :<\/strong><\/em><\/p>\n\n\n\n<p>Monsieur Siaka DIALLO, Contr\u00f4leur des Finances.<\/p>\n\n\n\n<p><em><strong>\u2013 Secr\u00e9taire Agent Comptable au Consulat g\u00e9n\u00e9ral du Mali \u00e0 Abidjan (C\u00f4te d\u2019Ivoire) :<\/strong><\/em><\/p>\n\n\n\n<p>Monsieur Moulaye KONATE, Contr\u00f4leur du Tr\u00e9sor.<\/p>\n\n\n\n<p><em><strong>\u2013 Secr\u00e9taire Agent Comptable au Consulat g\u00e9n\u00e9ral du Mali \u00e0 Douala (Cameroun) :<\/strong><\/em><\/p>\n\n\n\n<p>Monsieur Massamou TOURE, Contr\u00f4leur du Tr\u00e9sor.<\/p>\n\n\n\n<p><strong>AU TITRE DU MINISTERE DES MALIENS ETABLIS A L\u2019EXTERIEUR ET DE L\u2019INTEGRATION AFRICAINE<\/strong><\/p>\n\n\n\n<p><em><strong>\u2013 D\u00e9l\u00e9gu\u00e9 g\u00e9n\u00e9ral des Maliens de l\u2019Ext\u00e9rieur :<\/strong><\/em><\/p>\n\n\n\n<p>Monsieur Mahamar Agaly TOURE, Professeur de l\u2019Enseignement&nbsp;<strong>secondaire.<\/strong><\/p>\n\n\n\n<p><strong>AU TITRE DU MINISTERE DE L\u2019AGRICULTURE<\/strong><\/p>\n\n\n\n<p><em><strong>\u2013 Chef de Cabinet :<\/strong><\/em><\/p>\n\n\n\n<p>Monsieur Bacoroba COULIBALY, Comptable.<\/p>\n\n\n\n<p><em><strong>\u2013 Charg\u00e9 de mission :<\/strong><\/em><\/p>\n\n\n\n<p>Monsieur Sambou Jules SISSOKO, Journaliste-R\u00e9alisateur.<\/p>\n\n\n\n<p><strong>AU TITRE DU MINISTERE DE L\u2019URBANISME, DE L\u2019HABITAT, DES DOMAINES, DE L\u2019AMENAGEMENT DU TERRITOIRE ET DE LA POPULATION<\/strong><\/p>\n\n\n\n<p><em><strong>\u2013 Directeur national de la Population :<\/strong><\/em><\/p>\n\n\n\n<p>Monsieur Ishaga COULIBALY, Ing\u00e9nieur de la Statistique.<\/p>\n\n\n\n<p><em><strong>\u2013 Directeur g\u00e9n\u00e9ral de l\u2019Observatoire du Dividende D\u00e9mographique :<\/strong><\/em><\/p>\n\n\n\n<p>Monsieur Sibiry TRAORE, Planificateur.<\/p>\n\n\n\n<p><strong>AU CHAPITRE DES COMMUNICATIONS<\/strong><\/p>\n\n\n\n<p>Le ministre de la Refondation de l\u2019Etat, charg\u00e9 des Relations avec les Institutions a inform\u00e9 le Conseil des Ministres de l\u2019\u00e9tat d\u2019avancement de la mise en \u0153uvre du Cadre strat\u00e9gique de la Refondation de l\u2019Etat.<\/p>\n\n\n\n<p>Apr\u00e8s la remise de son Rapport annuel 2023 au Pr\u00e9sident de la Transition, Chef de l\u2019Etat et aux autres Institutions de la R\u00e9publique, le Comit\u00e9 ind\u00e9pendant de Suivi-\u00e9valuation de la mise en \u0153uvre des recommandations des Assises nationales de la Refondation, avec l\u2019implication du Minist\u00e8re de la Refondation de l\u2019Etat, a effectu\u00e9 des missions de restitution dudit rapport dans les r\u00e9gions, le District de Bamako, ainsi qu\u2019\u00e0 l\u2019ext\u00e9rieur du pays, \u00e0 l\u2019intention de nos compatriotes \u00e9tablis au Burkina Faso, en C\u00f4te d\u2019Ivoire, au Gabon, en Guin\u00e9e, au Niger, en R\u00e9publique D\u00e9mocratique du Congo et au S\u00e9n\u00e9gal.<\/p>\n\n\n\n<p>Conform\u00e9ment au Plan op\u00e9rationnel du Minist\u00e8re de la Refondation de l\u2019Etat, au titre du deuxi\u00e8me semestre 2024, le Comit\u00e9 de Suivi des Plans d\u2019Actions Sectoriels de la Refondation de l\u2019Etat a tenu une r\u00e9union en vue de valider les Termes de r\u00e9f\u00e9rence de la formation des Points focaux du Cadre strat\u00e9gique de la Refondation de l\u2019Etat et de pr\u00e9parer la prochaine rencontre du Comit\u00e9 strat\u00e9gique de Pilotage de la Refondation de l\u2019Etat.<\/p>\n\n\n\n<p>Le ministre des Affaires \u00e9trang\u00e8res et de la Coop\u00e9ration internationale a inform\u00e9 le Conseil des Ministres :<\/p>\n\n\n\n<p>des conclusions de la r\u00e9union des ministres des Affaires \u00e9trang\u00e8res de la Conf\u00e9d\u00e9ration des Etats du Sahel, tenue le 16 septembre 2024 \u00e0 Bamako.<\/p>\n\n\n\n<p>La r\u00e9union minist\u00e9rielle avait pour objectif d\u2019identifier les actions et mesures pour la mise en \u0153uvre des activit\u00e9s en vue de la coordination de l\u2019action diplomatique. Elle a examin\u00e9 et amend\u00e9 les propositions des Hauts Fonctionnaires concernant l\u2019actualisation du pilier \u00ab Diplomatie \u00bb de la<\/p>\n\n\n\n<p>Feuille de route de la Conf\u00e9d\u00e9ration des Etats du Sahel.<\/p>\n\n\n\n<p>A l\u2019issue de la rencontre, les Ministres ont adopt\u00e9 des mesures et valid\u00e9 des actions concourant \u00e0 la mise en \u0153uvre du volet diplomatie de la Feuille de route de la Conf\u00e9d\u00e9ration des Etats du Sahel. Ils ont convenu de la mise en place d\u2019un m\u00e9canisme de coordination de l\u2019action diplomatique.<\/p>\n\n\n\n<p>Les Ministres ont par ailleurs salu\u00e9 les annonces fortes de Son Excellence Le Colonel Assimi GOITA, Pr\u00e9sident de la Conf\u00e9d\u00e9ration des Etats du Sahel au peuple de l\u2019AES \u00e0 l\u2019occasion de l\u2019An I de la Charte du Liptako-Gourma.<\/p>\n\n\n\n<p>En marge des travaux, les ministres ont \u00e9t\u00e9 re\u00e7us en audience par le Chef de l\u2019Etat, Pr\u00e9sident de la Conf\u00e9d\u00e9ration des Etats du Sahel.<\/p>\n\n\n\n<p>des conclusions de la participation du Pr\u00e9sident de la Transition, Chef de l\u2019Etat, au Forum de Coop\u00e9ration Sino-Africain.<\/p>\n\n\n\n<p>Du 1er au 06 septembre 2024, Son Excellence Le Colonel Assimi GOITA, Pr\u00e9sident de la Transition, Chef de l\u2019Etat, a particip\u00e9 \u00e0 la 9\u00e8me session du sommet du Forum de Coop\u00e9ration Sino-Africain, tenue \u00e0 Beijing, R\u00e9publique Populaire de Chine.<\/p>\n\n\n\n<p>Accompagn\u00e9 d\u2019une d\u00e9l\u00e9gation comprenant des Ministres, des Hauts Fonctionnaires et des responsables d\u2019\u00e9tablissements publics, le Chef de l\u2019Etat a particip\u00e9 aux diff\u00e9rentes s\u00e9quences du Sommet de Beijing. Son Excellence Le Colonel Assimi GOITA a notamment coanim\u00e9 la premi\u00e8re Conf\u00e9rence th\u00e9matique du Forum sur le th\u00e8me \u00ab Renforcer les \u00e9changes d\u2019exp\u00e9rience en mati\u00e8re de gouvernance et explorer les voies de modernisation \u00bb. A cette occasion, le Chef de l\u2019Etat a partag\u00e9 l\u2019exp\u00e9rience du Mali en mati\u00e8re de r\u00e9formes politiques et \u00e9conomiques, et a soulign\u00e9 la n\u00e9cessit\u00e9 de faire face \u00e0 la crise de la gouvernance mondiale, particuli\u00e8rement les Institutions financi\u00e8res internationales.<\/p>\n\n\n\n<p>Le Chef de l\u2019Etat a rencontr\u00e9 de nombreuses personnalit\u00e9s, y compris les Pr\u00e9sidents de la Mauritanie, du Kenya, du Togo et de la R\u00e9publique Centrafricaine. Il a \u00e9galement eu un entretien avec Son Excellence Monsieur XI Jinping, Pr\u00e9sident de la R\u00e9publique Populaire de Chine. Cet \u00e9change a permis aux deux Chefs d\u2019Etat de r\u00e9affirmer leur engagement \u00e0 renforcer les relations bilat\u00e9rales entre le Mali et la Chine. A cet \u00e9gard, ils ont salu\u00e9 l\u2019\u00e9l\u00e9vation de leur partenariat au rang strat\u00e9gique, ouvrant de nouvelles perspectives de coop\u00e9ration. Il a \u00e9t\u00e9 convenu que Son Excellence Le Colonel Assimi GOITA, Pr\u00e9sident de la Transition, Chef de l\u2019Etat effectue, \u00e0 une date \u00e0 convenir par voie diplomatique, une visite d\u2019Etat en R\u00e9publique Populaire de Chine.<\/p>\n\n\n\n<p>Le s\u00e9jour du Chef de l\u2019Etat \u00e0 Beijing a aussi \u00e9t\u00e9 marqu\u00e9 par des rencontres avec les soci\u00e9t\u00e9s chinoises op\u00e9rant au Mali et par des rencontres de la d\u00e9l\u00e9gation malienne avec des op\u00e9rateurs \u00e9conomiques chinois.<\/p>\n\n\n\n<p>Au terme de sa visite \u00e0 Beijing, Son Excellence Le Colonel Assimi GOITA, Pr\u00e9sident de la Transition, Chef de l\u2019Etat a rencontr\u00e9 la communaut\u00e9 malienne \u00e9tablie en Chine.<\/p>\n\n\n\n<p>3Le ministre de la Jeunesse et des Sports, charg\u00e9 de l\u2019Instruction civique et de la Construction citoyenne a inform\u00e9 le Conseil des Ministres :<\/p>\n\n\n\n<p>de la tenue de la finale de la \u00ab Super coupe Colonel Assimi GOITA, Pr\u00e9sident de la Transition, Chef de l\u2019Etat \u00bb.<\/p>\n\n\n\n<p>La Super coupe Colonel Assimi GOITA, Pr\u00e9sident de la Transition, Chef de l\u2019Etat, qui est \u00e0 sa 4\u00e8me \u00e9dition, est une comp\u00e9tition de football dont l\u2019objectif est de raffermir les liens de solidarit\u00e9 et de coh\u00e9sion entre les jeunes et de renforcer les relations entre les Institutions de la R\u00e9publique \u00e0 travers le sport.<\/p>\n\n\n\n<p>La comp\u00e9tition regroupe, en plus de la Pr\u00e9sidence, du Gouvernement et du Conseil National de Transition, les \u00e9quipes des ligues r\u00e9gionales de football de Kayes, Koulikoro, Sikasso, S\u00e9gou, Mopti, Tombouctou, Gao, Kidal et du District de Bamako.<\/p>\n\n\n\n<p>La finale de l\u2019\u00e9dition 2024, qui opposera les \u00e9quipes du Conseil National de Transition et de Koulikoro, est pr\u00e9vue le 20 septembre 2024 au Stade Mamadou KONATE, sous la Pr\u00e9sidence du Premier ministre, Chef du Gouvernement et en pr\u00e9sence des ministres charg\u00e9s des Sports du BurkinaFaso et du Niger.<\/p>\n\n\n\n<p>du sacre continental de nos deux \u00e9quipes nationales U-18 filles et gar\u00e7ons lors des Championnats d\u2019Afrique de Basketball en Afrique du Sud et de l\u2019\u00e9quipe tri-homme au Championnat africain de Gymnastique A\u00e9robic en Egypte.<\/p>\n\n\n\n<p>Les championnats d\u2019Afrique de basket filles et gar\u00e7ons se sont jou\u00e9s du 1er au 14 septembre 2024.<\/p>\n\n\n\n<p>Ces championnats se sont sold\u00e9s par le sacre des \u00e9quipes nationales U-18 filles et gar\u00e7ons en battant, en finale, respectivement le Nigeria et le Cameroun en plus de leur qualification \u00e0 la Coupe du Monde U-19.<\/p>\n\n\n\n<p>Par ailleurs, au niveau individuel, chez les filles, Oumou KOUMARE a \u00e9t\u00e9 d\u00e9sign\u00e9e meilleure joueuse, meilleure marqueuse et meilleure tri-pointeuse du Tournoi. Au niveau des gar\u00e7ons, Youssouf Mamby TRAORE a \u00e9t\u00e9 d\u00e9sign\u00e9 meilleur joueur du Tournoi.<\/p>\n\n\n\n<p>Pour ce qui concerne le 18\u00e8me Championnat africain de Gymnastique A\u00e9robic, tenu du 15 au 18 septembre 2024 en Egypte, l\u2019\u00e9quipe nationale de Gymnastique A\u00e9robic a remport\u00e9 03 m\u00e9dailles d\u2019or et une m\u00e9daille de bronze et s\u2019est class\u00e9e premi\u00e8re.<\/p>\n\n\n\n<p>Ces prestations exceptionnelles de nos \u00e9quipes nationales, honorent une fois de plus notre pays. Ces r\u00e9sultats sont la suite logique des efforts que d\u00e9ploient les diff\u00e9rentes F\u00e9d\u00e9rations pour la promotion et le d\u00e9veloppement de ces disciplines avec l\u2019accompagnement soutenu de l\u2019Etat.<\/p>\n\n\n\n<p>Le ministre des Maliens \u00e9tablis \u00e0 l\u2019Ext\u00e9rieur et de l\u2019Int\u00e9gration africaine a inform\u00e9 le Conseil des Ministres des conclusions de la mission effectu\u00e9e sur l\u2019Ile de Sal au Cap-Vert du 10 au 16 septembre 2024.<\/p>\n\n\n\n<p>Sur invitation du Gouvernement cap-verdien et de l\u2019Organisation internationale pour les Migrations, le ministre des Maliens \u00e9tablis \u00e0 l\u2019Ext\u00e9rieur et de l\u2019Int\u00e9gration africaine a pris part aux travaux de la conf\u00e9rence internationale sur l\u2019\u00e9laboration du futur programme d\u2019action pour l\u2019engagement mondial de la diaspora.<\/p>\n\n\n\n<p>Cette conf\u00e9rence qui a rassembl\u00e9 des repr\u00e9sentants d\u2019une vingtaine de pays issus d\u2019Afrique, d\u2019Europe, d\u2019Asie, d\u2019Am\u00e9rique latine, du Moyen-Orient et d\u2019Oc\u00e9anie, avait pour principal objectif de lancer l\u2019Alliance mondiale pour les politiques de la diaspora.<\/p>\n\n\n\n<p>La participation du Mali \u00e0 cette conf\u00e9rence a permis de partager les efforts du Gouvernement dans le domaine de la migration, de discuter avec les partenaires sur nos priorit\u00e9s et aussi de r\u00e9affirmer l\u2019engagement des plus hautes autorit\u00e9s de notre pays pour une gestion efficace et coh\u00e9rente des enjeux migratoires.<\/p>\n\n\n\n<p>Le ministre de l\u2019Urbanisme, de l\u2019Habitat, des Domaines, de l\u2019Am\u00e9nagement du Territoire et de la Population a inform\u00e9 le Conseil des Ministres de la c\u00e9l\u00e9bration des Journ\u00e9es mondiales de l\u2019Habitat et des Villes, \u00e9dition 2024.<\/p>\n\n\n\n<p>A l\u2019instar de la communaut\u00e9 internationale, le Mali c\u00e9l\u00e9brera les Journ\u00e9es mondiales de l\u2019Habitat et des Villes, respectivement les 07 et 31 octobre 2024.<\/p>\n\n\n\n<p>Les th\u00e8mes retenus sont :<\/p>\n\n\n\n<p>\u2013 \u00ab Engager les jeunes pour cr\u00e9er un avenir urbain meilleur \u00bb ;<\/p>\n\n\n\n<p>\u2013 \u00ab Les jeunes \u00e0 la t\u00eate de l\u2019action climatique et locale pour les Villes \u00bb.<\/p>\n\n\n\n<p>Les journ\u00e9es comm\u00e9moratives mobiliseront, sous forme de conf\u00e9rences-d\u00e9bats, des Experts nationaux et \u00e9trangers autour des probl\u00e9matiques du moment dont entre autres : les inondations, la canicule, les jeunes face aux d\u00e9fis urbains et le financement des projets urbains.<\/p>\n\n\n\n<p>Le ministre de la Sant\u00e9 et du D\u00e9veloppement social a inform\u00e9 le Conseil des Ministres :<\/p>\n\n\n\n<p>de l\u2019organisation de la 29\u00e8me \u00e9dition du Mois de la Solidarit\u00e9 et de la Lutte contre l\u2019Exclusion.<\/p>\n\n\n\n<p>Le mois de la Solidarit\u00e9 et de la Lutte contre l\u2019Exclusion a \u00e9t\u00e9 institu\u00e9 par D\u00e9cret n\u00b001-468\/P-RM du 27 septembre 2001.<\/p>\n\n\n\n<p>Le th\u00e8me retenu cette ann\u00e9e est \u00ab La solidarit\u00e9 envers les victimes de catastrophes, un devoir citoyen et un acte de civisme \u00bb.<\/p>\n\n\n\n<p>Le programme se r\u00e9alisera autour de quatre semaines th\u00e9matiques :<\/p>\n\n\n\n<p>\u2013 la semaine des Personnes Ag\u00e9es ;<\/p>\n\n\n\n<p>\u2013 la semaine de la Femme et de l\u2019Enfant ;<\/p>\n\n\n\n<p>\u2013 la semaine des Personnes vivant avec un handicap ;<\/p>\n\n\n\n<p>\u2013 la semaine de la Jeunesse, de l\u2019Emploi et de l\u2019Entreprenariat.<\/p>\n\n\n\n<p>Les activit\u00e9s pr\u00e9vues pour cette \u00e9dition contribueront en g\u00e9n\u00e9ral, au renforcement des actions de lutte contre la pauvret\u00e9 et l\u2019exclusion sociale des groupes cibles, au raffermissement de la paix et de la coh\u00e9sion sociale et en particulier \u00e0 l\u2019assistance aux sinistr\u00e9s des inondations.<\/p>\n\n\n\n<p>La visite du Pr\u00e9sident de la Transition, Chef de l\u2019Etat, \u00e0 la Doyenne d\u2019\u00e2ge du District de Bamako marquera le lancement des activit\u00e9s qui s\u2019\u00e9taleront jusqu\u2019au 31 octobre 2024.<\/p>\n\n\n\n<p>de la situation \u00e9pid\u00e9miologique du pays marqu\u00e9e, notamment :<\/p>\n\n\n\n<p>\u2013 par une stagnation du nombre de cas test\u00e9s positifs de la maladie \u00e0 Coronavirus par rapport \u00e0 la semaine pr\u00e9c\u00e9dente ;<\/p>\n\n\n\n<p>\u2013 par une diminution du nombre de cas confirm\u00e9s de dengue compar\u00e9 \u00e0 celui de la semaine \u00e9coul\u00e9e.<\/p>\n\n\n\n<p>Le Pr\u00e9sident de la Transition, Chef de l\u2019Etat a, cependant, appel\u00e9 la population au respect strict des mesures de pr\u00e9vention et de lutte contre les maladies.<\/p>\n\n\n\n<p><strong>Bamako, le 18 septembre 2024<\/strong><\/p>\n\n\n\n<p><strong>Le Secr\u00e9taire G\u00e9n\u00e9ral du Gouvernement,<\/strong><\/p>\n\n\n\n<p><strong>Birama COULIBALY<\/strong><\/p>\n\n\n\n<p>Maliweb<\/p>\n","protected":false},"excerpt":{"rendered":"<p>Le Conseil des Ministres s\u2019est r\u00e9uni en session ordinaire, le mercredi 18 septembre 2024, dans sa salle de d\u00e9lib\u00e9rations au Palais de Koulouba, sous la pr\u00e9sidence du Colonel Assimi GOITA,&hellip;<\/p>\n","protected":false},"author":1,"featured_media":17055,"comment_status":"open","ping_status":"open","sticky":false,"template":"","format":"standard","meta":{"content-type":"","_lmt_disableupdate":"","_lmt_disable":"","_jetpack_memberships_contains_paid_content":false,"footnotes":"","jetpack_publicize_message":"","jetpack_publicize_feature_enabled":true,"jetpack_social_post_already_shared":true,"jetpack_social_options":{"image_generator_settings":{"template":"highway","default_image_id":0,"font":"","enabled":false},"version":2}},"categories":[28,43,23],"tags":[],"class_list":["post-19891","post","type-post","status-publish","format-standard","has-post-thumbnail","hentry","category-communique-du-conseil-des-ministres","category-nandi-info","category-politique"],"jetpack_publicize_connections":[],"featured_image_urls":{"full":["https:\/\/nandi.info\/wp-content\/uploads\/2024\/01\/assimi-conseil-uini.jpg",1245,1280,false],"thumbnail":["https:\/\/nandi.info\/wp-content\/uploads\/2024\/01\/assimi-conseil-uini-150x150.jpg",150,150,true],"medium":["https:\/\/nandi.info\/wp-content\/uploads\/2024\/01\/assimi-conseil-uini-292x300.jpg",292,300,true],"medium_large":["https:\/\/nandi.info\/wp-content\/uploads\/2024\/01\/assimi-conseil-uini-768x790.jpg",768,790,true],"large":["https:\/\/nandi.info\/wp-content\/uploads\/2024\/01\/assimi-conseil-uini-996x1024.jpg",996,1024,true],"1536x1536":["https:\/\/nandi.info\/wp-content\/uploads\/2024\/01\/assimi-conseil-uini.jpg",1245,1280,false],"2048x2048":["https:\/\/nandi.info\/wp-content\/uploads\/2024\/01\/assimi-conseil-uini.jpg",1245,1280,false],"penci-recipe-1200x1200":["https:\/\/nandi.info\/wp-content\/uploads\/2024\/01\/assimi-conseil-uini.jpg",1167,1200,false],"penci-recipe-1200x900":["https:\/\/nandi.info\/wp-content\/uploads\/2024\/01\/assimi-conseil-uini.jpg",875,900,false],"penci-recipe-1200x675":["https:\/\/nandi.info\/wp-content\/uploads\/2024\/01\/assimi-conseil-uini.jpg",657,675,false],"penci-single-full":["https:\/\/nandi.info\/wp-content\/uploads\/2024\/01\/assimi-conseil-uini.jpg",1245,1280,false],"penci-slider-full-thumb":["https:\/\/nandi.info\/wp-content\/uploads\/2024\/01\/assimi-conseil-uini.jpg",778,800,false],"penci-full-thumb":["https:\/\/nandi.info\/wp-content\/uploads\/2024\/01\/assimi-conseil-uini.jpg",1170,1203,false],"penci-slider-thumb":["https:\/\/nandi.info\/wp-content\/uploads\/2024\/01\/assimi-conseil-uini.jpg",645,663,false],"penci-magazine-slider":["https:\/\/nandi.info\/wp-content\/uploads\/2024\/01\/assimi-conseil-uini.jpg",502,516,false],"penci-thumb":["https:\/\/nandi.info\/wp-content\/uploads\/2024\/01\/assimi-conseil-uini.jpg",379,390,false],"penci-masonry-thumb":["https:\/\/nandi.info\/wp-content\/uploads\/2024\/01\/assimi-conseil-uini.jpg",585,601,false],"penci-thumb-square":["https:\/\/nandi.info\/wp-content\/uploads\/2024\/01\/assimi-conseil-uini.jpg",569,585,false],"penci-thumb-vertical":["https:\/\/nandi.info\/wp-content\/uploads\/2024\/01\/assimi-conseil-uini.jpg",480,493,false],"penci-thumb-small":["https:\/\/nandi.info\/wp-content\/uploads\/2024\/01\/assimi-conseil-uini.jpg",170,175,false]},"author_info":{"display_name":"Nandi","author_link":"https:\/\/nandi.info\/?author=1"},"category_info":"<a href=\"https:\/\/nandi.info\/?cat=28\" rel=\"category\">Communique du conseil des ministres<\/a> <a href=\"https:\/\/nandi.info\/?cat=43\" rel=\"category\">Nandi.info<\/a> <a href=\"https:\/\/nandi.info\/?cat=23\" rel=\"category\">Politique<\/a>","tag_info":"Politique","comment_count":"0","jetpack_featured_media_url":"https:\/\/nandi.info\/wp-content\/uploads\/2024\/01\/assimi-conseil-uini.jpg","jetpack_sharing_enabled":true,"_links":{"self":[{"href":"https:\/\/nandi.info\/index.php?rest_route=\/wp\/v2\/posts\/19891","targetHints":{"allow":["GET"]}}],"collection":[{"href":"https:\/\/nandi.info\/index.php?rest_route=\/wp\/v2\/posts"}],"about":[{"href":"https:\/\/nandi.info\/index.php?rest_route=\/wp\/v2\/types\/post"}],"author":[{"embeddable":true,"href":"https:\/\/nandi.info\/index.php?rest_route=\/wp\/v2\/users\/1"}],"replies":[{"embeddable":true,"href":"https:\/\/nandi.info\/index.php?rest_route=%2Fwp%2Fv2%2Fcomments&post=19891"}],"version-history":[{"count":1,"href":"https:\/\/nandi.info\/index.php?rest_route=\/wp\/v2\/posts\/19891\/revisions"}],"predecessor-version":[{"id":19892,"href":"https:\/\/nandi.info\/index.php?rest_route=\/wp\/v2\/posts\/19891\/revisions\/19892"}],"wp:featuredmedia":[{"embeddable":true,"href":"https:\/\/nandi.info\/index.php?rest_route=\/wp\/v2\/media\/17055"}],"wp:attachment":[{"href":"https:\/\/nandi.info\/index.php?rest_route=%2Fwp%2Fv2%2Fmedia&parent=19891"}],"wp:term":[{"taxonomy":"category","embeddable":true,"href":"https:\/\/nandi.info\/index.php?rest_route=%2Fwp%2Fv2%2Fcategories&post=19891"},{"taxonomy":"post_tag","embeddable":true,"href":"https:\/\/nandi.info\/index.php?rest_route=%2Fwp%2Fv2%2Ftags&post=19891"}],"curies":[{"name":"wp","href":"https:\/\/api.w.org\/{rel}","templated":true}]}}