{"id":19572,"date":"2024-08-26T10:32:00","date_gmt":"2024-08-26T08:32:00","guid":{"rendered":"https:\/\/nandi.info\/?p=19572"},"modified":"2024-09-18T11:43:12","modified_gmt":"2024-09-18T09:43:12","slug":"lextremisme-violent-paralyse-le-pays-perturbant-leconomie-et-entrainant-de-graves-consequences","status":"publish","type":"post","link":"https:\/\/nandi.info\/?p=19572","title":{"rendered":"L&rsquo;extr\u00e9misme violent paralyse le pays, perturbant l&rsquo;\u00e9conomie et entra\u00eenant de graves cons\u00e9quences"},"content":{"rendered":"\n<figure class=\"wp-block-image size-large\"><img fetchpriority=\"high\" decoding=\"async\" width=\"1024\" height=\"576\" src=\"https:\/\/nandi.info\/wp-content\/uploads\/2024\/08\/Coulibaly-AFAD-EXTREMISE-VIOLENT-1-1024x576.jpeg\" alt=\"\" class=\"wp-image-19575\" srcset=\"https:\/\/nandi.info\/wp-content\/uploads\/2024\/08\/Coulibaly-AFAD-EXTREMISE-VIOLENT-1-1024x576.jpeg 1024w, https:\/\/nandi.info\/wp-content\/uploads\/2024\/08\/Coulibaly-AFAD-EXTREMISE-VIOLENT-1-300x169.jpeg 300w, https:\/\/nandi.info\/wp-content\/uploads\/2024\/08\/Coulibaly-AFAD-EXTREMISE-VIOLENT-1-768x432.jpeg 768w, https:\/\/nandi.info\/wp-content\/uploads\/2024\/08\/Coulibaly-AFAD-EXTREMISE-VIOLENT-1-585x329.jpeg 585w, https:\/\/nandi.info\/wp-content\/uploads\/2024\/08\/Coulibaly-AFAD-EXTREMISE-VIOLENT-1.jpeg 1080w\" sizes=\"(max-width: 1024px) 100vw, 1024px\" \/><\/figure>\n\n\n\n<h2 class=\"wp-block-heading has-text-align-center\" style=\"font-size:20px\"><strong>L\u2019information, la sensibilisation\/formation, la cr\u00e9ation d\u2019opportunit\u00e9s \u00e9conomiques, et la bonne gouvernance accompagn\u00e9e de l&rsquo;organisation communautaire sont les quatre piliers essentiels pour contrer l\u2019extr\u00e9misme violent<\/strong><\/h2>\n\n\n\n<p><strong>Le monde conna\u00eet une recrudescence de l\u2019extr\u00e9misme violent, un ph\u00e9nom\u00e8ne qui a fortement augment\u00e9 ces derni\u00e8res ann\u00e9es et qui s&rsquo;entrelace d\u00e9sormais aux niveaux local, r\u00e9gional et international. Sous diverses formes, cette menace grandissante met en p\u00e9ril la s\u00e9curit\u00e9 et la coh\u00e9sion sociale dans notre pays, souvent au service d&rsquo;objectifs politiques, id\u00e9ologiques ou religieux. Dans cette interview exclusive, Ibrahima Coulibaly, charg\u00e9 de projet \u00e0 l&rsquo;ONG Association de Formation et d&rsquo;Appui au D\u00e9veloppement (AFAD), nous pr\u00e9sente un \u00e9tat des lieux de la violence, examinant ses liens avec divers objectifs politiques et sociaux. Il \u00e9claire les dynamiques en jeu et les efforts n\u00e9cessaires pour favoriser des changements positifs.<\/strong><\/p>\n\n\n\n<p class=\"has-drop-cap\"><strong>Nandi.info&nbsp;: <\/strong><strong>Pourriez-vous aborder la question de l&rsquo;extr\u00e9misme violent ?<\/strong><strong><\/strong><\/p>\n\n\n\n<p><strong>I C<\/strong> : Tout avant aborder ce sujet de l&rsquo;extr\u00e9misme violent, il est essentiel de commencer par la radicalisation, qui repr\u00e9sente la phase o\u00f9 la frustration et le m\u00e9contentement se transforment en actes violents. L&rsquo;extr\u00e9misme violent, quant \u00e0 lui, se caract\u00e9rise par l&#8217;emploi de la violence pour atteindre des objectifs ou provoquer des changements, qu&rsquo;ils soient politiques ou sociaux. Ainsi, l&rsquo;extr\u00e9misme violent se d\u00e9finit comme l&rsquo;utilisation de la violence pour r\u00e9aliser des objectifs d\u00e9termin\u00e9s.<\/p>\n\n\n\n<p><strong>Quels sont les impacts de l\u2019extr\u00e9mise violent ?<\/strong><\/p>\n\n\n\n<p><strong>I C<\/strong> : L&rsquo;extr\u00e9misme violent paralyse le pays en perturbant les activit\u00e9s \u00e9conomiques et en engendrant des cons\u00e9quences graves telles que des pertes humaines quotidiennes et des d\u00e9placements massifs de populations, entra\u00eenant l&rsquo;abandon de villages entiers. Cette situation impacte s\u00e9v\u00e8rement les droits des enfants : ceux qui fuient ne peuvent plus aller \u00e0 l&rsquo;\u00e9cole, acc\u00e9der aux soins de sant\u00e9, et sont confront\u00e9s \u00e0 la famine, car les activit\u00e9s agricoles et commerciales sont gravement affect\u00e9es. En cons\u00e9quence, le pays accuse un retard dans son d\u00e9veloppement et voit son progr\u00e8s frein\u00e9.<\/p>\n\n\n\n<p><strong>Comment d\u00e9finir la violence politique ?<\/strong><\/p>\n\n\n\n<p><strong>I C<\/strong> :&nbsp; Pour la violence, avant le scrutin, les individus peuvent \u00eatre confront\u00e9s \u00e0 des intimidations, des insultes, ou m\u00eame des agressions physiques, ce qui constitue une forme de violence. Pendant la p\u00e9riode \u00e9lectorale, la violence peut se manifester en entravant les campagnes, en emp\u00eachant les candidats de se d\u00e9placer ou de s\u2019exprimer librement. Apr\u00e8s l&rsquo;\u00e9lection, la violence politique peut \u00e9galement surgir lorsque certains refusent d\u2019accepter les r\u00e9sultats, menant \u00e0 des affrontements et \u00e0 des perturbations.<\/p>\n\n\n\n<p><strong>Comment luttons contre l&rsquo;extr\u00e9misme violent ?<\/strong><\/p>\n\n\n\n<p><strong>I C<\/strong> :&nbsp; Pour lutter efficacement contre l&rsquo;extr\u00e9misme violent, il est crucial d&rsquo;informer, de sensibiliser et de former les communaut\u00e9s, y compris les d\u00e9cideurs. Une compr\u00e9hension approfondie de l&rsquo;extr\u00e9misme violent permet de d\u00e9velopper des r\u00e9ponses plus adapt\u00e9es pour le combattre. Il est \u00e9galement important de cr\u00e9er des opportunit\u00e9s d&#8217;emploi pour les jeunes et les femmes, car ce sont des groupes particuli\u00e8rement vuln\u00e9rables \u00e0 la radicalisation. La gestion inappropri\u00e9e des biens publics peut engendrer frustrations et m\u00e9contentements, conduisant ainsi les jeunes et les femmes \u00e0 se tourner vers la radicalisation et la violence extr\u00eame.<\/p>\n\n\n\n<p>Pour gagner la lutte contre l&rsquo;extr\u00e9misme violent, il est aussi indispensable d\u2019instaurer une bonne gouvernance dans la gestion des biens publics et de mettre en place des structures communautaires telles que des comit\u00e9s de vigilance et des structures de pr\u00e9vention. Ces entit\u00e9s doivent \u00eatre capables de d\u00e9tecter les jeunes \u00e0 risque de radicalisation et d&rsquo;extr\u00e9misme violent.<\/p>\n\n\n\n<p>Ainsi, les quatre piliers essentiels pour contrer ce ph\u00e9nom\u00e8ne sont : l\u2019information, la sensibilisation\/formation, la cr\u00e9ation d\u2019opportunit\u00e9s \u00e9conomiques, et la bonne gouvernance accompagn\u00e9e de l&rsquo;organisation communautaire. Ensemble, ces \u00e9l\u00e9ments permettent de renforcer la lutte contre la radicalisation et l&rsquo;extr\u00e9misme violent.<\/p>\n\n\n\n<p><strong>La communaut\u00e9 doit jouer quel r\u00f4le pour \u00e9viter et apaiser les tensions ?<\/strong><\/p>\n\n\n\n<p><strong>I C<\/strong> :&nbsp; La communaut\u00e9 doit jouer un r\u00f4le fondamental dans cette lutte ; elle doit mettre en place des m\u00e9canismes pour apaiser les tensions, d\u00e9tecter les foyers de conflit et identifier les jeunes susceptibles de tomber dans la radicalisation ou l&rsquo;extr\u00e9misme violent.&nbsp;<\/p>\n\n\n\n<p>Il est \u00e9galement crucial d\u2019instaurer des cadres de dialogue communautaire o\u00f9 chaque citoyen peut exprimer ses pr\u00e9occupations et exposer ses probl\u00e8mes. Cela permet de proposer des solutions avant que les tensions ne d\u00e9g\u00e9n\u00e8rent et de prendre des initiatives pr\u00e9ventives.<\/p>\n\n\n\n<p><br><strong>Quel est donc le r\u00f4le de l&rsquo;ONU dans la lutte contre le terrorisme, l&rsquo;extr\u00e9misme violent&nbsp;?<\/strong><\/p>\n\n\n\n<p><strong>I C<\/strong> :&nbsp; L&rsquo;ONU joue un r\u00f4le crucial dans la lutte contre le terrorisme et l&rsquo;extr\u00e9misme violent. Elle doit soutenir les \u00c9tats dans l&rsquo;\u00e9laboration de lois et de strat\u00e9gies efficaces contre la radicalisation et l&rsquo;extr\u00e9misme violent, en mobilisant ses agences internationales et ses partenaires. Par exemple, le Mali a d\u00e9velopp\u00e9 une strat\u00e9gie de lutte contre ces ph\u00e9nom\u00e8nes avec l&rsquo;appui des partenaires internationaux. Ainsi, l&rsquo;ONU doit continuer \u00e0 jouer un r\u00f4le de soutien essentiel pour aider les \u00c9tats dans cette lutte contre la radicalisation et la violence extr\u00eame et veiller \u00e0 ce que les m\u00e9canismes internationaux soient pleinement op\u00e9rationnels et accessibles \u00e0 tous les \u00c9tats, afin de faciliter la collaboration entre les structures internationales et les organismes engag\u00e9s dans la lutte contre la radicalisation et l&rsquo;extr\u00e9misme violent. Et il est essentiel de reconna\u00eetre que ces ph\u00e9nom\u00e8nes sont l&rsquo;affaire de tous. L&rsquo;extr\u00e9misme violent est un ph\u00e9nom\u00e8ne complexe, et il est crucial de s&rsquo;unir pour le combattre efficacement.<\/p>\n\n\n\n<p>Et l&rsquo;\u00c9tat doit assumer plusieurs r\u00f4les, notamment ceux de procureur, d&rsquo;organisateur, et de financeur, tandis que les organisations, la soci\u00e9t\u00e9 civile et les communaut\u00e9s doivent jouer un r\u00f4le de soutien et de pr\u00e9vention. Tous ces acteurs doivent collaborer pour soutenir les politiques et les strat\u00e9gies de l&rsquo;\u00c9tat contre la radicalisation et l&rsquo;extr\u00e9misme violent.<\/p>\n\n\n\n<p><strong>Votre mot de fin&nbsp;?<\/strong><\/p>\n\n\n\n<p><strong>IC&nbsp;:<\/strong> Bien que ce ph\u00e9nom\u00e8ne soit complexe, une approche collective impliquant tous les acteurs permet de renforcer la lutte contre la radicalisation et l&rsquo;extr\u00e9misme violent. C\u2019est en comprenant l&rsquo;extr\u00e9misme violent qu&rsquo;on peut amener des r\u00e9ponses pour vraiment mieux lutter contre ce ph\u00e9nom\u00e8ne.<\/p>\n\n\n\n<p><strong>Kadiatou Traor\u00e9<\/strong><\/p>\n\n\n\n<p><\/p>\n","protected":false},"excerpt":{"rendered":"<p>L\u2019information, la sensibilisation\/formation, la cr\u00e9ation d\u2019opportunit\u00e9s \u00e9conomiques, et la bonne gouvernance accompagn\u00e9e de l&rsquo;organisation communautaire sont les quatre piliers essentiels pour contrer l\u2019extr\u00e9misme violent Le monde conna\u00eet une recrudescence de&hellip;<\/p>\n","protected":false},"author":1,"featured_media":19574,"comment_status":"open","ping_status":"open","sticky":false,"template":"","format":"standard","meta":{"content-type":"","_lmt_disableupdate":"","_lmt_disable":"","_jetpack_memberships_contains_paid_content":false,"footnotes":"","jetpack_publicize_message":"","jetpack_publicize_feature_enabled":true,"jetpack_social_post_already_shared":true,"jetpack_social_options":{"image_generator_settings":{"template":"highway","default_image_id":0,"font":"","enabled":false},"version":2}},"categories":[49,43,92,21],"tags":[],"class_list":["post-19572","post","type-post","status-publish","format-standard","has-post-thumbnail","hentry","category-insecurite","category-nandi-info","category-slider","category-societe"],"jetpack_publicize_connections":[],"featured_image_urls":{"full":["https:\/\/nandi.info\/wp-content\/uploads\/2024\/08\/Coulibaly-AFAD-EXTREMISE-VIOLENT.jpeg",1080,608,false],"thumbnail":["https:\/\/nandi.info\/wp-content\/uploads\/2024\/08\/Coulibaly-AFAD-EXTREMISE-VIOLENT-150x150.jpeg",150,150,true],"medium":["https:\/\/nandi.info\/wp-content\/uploads\/2024\/08\/Coulibaly-AFAD-EXTREMISE-VIOLENT-300x169.jpeg",300,169,true],"medium_large":["https:\/\/nandi.info\/wp-content\/uploads\/2024\/08\/Coulibaly-AFAD-EXTREMISE-VIOLENT-768x432.jpeg",768,432,true],"large":["https:\/\/nandi.info\/wp-content\/uploads\/2024\/08\/Coulibaly-AFAD-EXTREMISE-VIOLENT-1024x576.jpeg",1024,576,true],"1536x1536":["https:\/\/nandi.info\/wp-content\/uploads\/2024\/08\/Coulibaly-AFAD-EXTREMISE-VIOLENT.jpeg",1080,608,false],"2048x2048":["https:\/\/nandi.info\/wp-content\/uploads\/2024\/08\/Coulibaly-AFAD-EXTREMISE-VIOLENT.jpeg",1080,608,false],"penci-recipe-1200x1200":["https:\/\/nandi.info\/wp-content\/uploads\/2024\/08\/Coulibaly-AFAD-EXTREMISE-VIOLENT.jpeg",1080,608,false],"penci-recipe-1200x900":["https:\/\/nandi.info\/wp-content\/uploads\/2024\/08\/Coulibaly-AFAD-EXTREMISE-VIOLENT.jpeg",1080,608,false],"penci-recipe-1200x675":["https:\/\/nandi.info\/wp-content\/uploads\/2024\/08\/Coulibaly-AFAD-EXTREMISE-VIOLENT.jpeg",1080,608,false],"penci-single-full":["https:\/\/nandi.info\/wp-content\/uploads\/2024\/08\/Coulibaly-AFAD-EXTREMISE-VIOLENT.jpeg",1080,608,false],"penci-slider-full-thumb":["https:\/\/nandi.info\/wp-content\/uploads\/2024\/08\/Coulibaly-AFAD-EXTREMISE-VIOLENT.jpeg",1080,608,false],"penci-full-thumb":["https:\/\/nandi.info\/wp-content\/uploads\/2024\/08\/Coulibaly-AFAD-EXTREMISE-VIOLENT.jpeg",1080,608,false],"penci-slider-thumb":["https:\/\/nandi.info\/wp-content\/uploads\/2024\/08\/Coulibaly-AFAD-EXTREMISE-VIOLENT.jpeg",1080,608,false],"penci-magazine-slider":["https:\/\/nandi.info\/wp-content\/uploads\/2024\/08\/Coulibaly-AFAD-EXTREMISE-VIOLENT-780x516.jpeg",780,516,true],"penci-thumb":["https:\/\/nandi.info\/wp-content\/uploads\/2024\/08\/Coulibaly-AFAD-EXTREMISE-VIOLENT-585x390.jpeg",585,390,true],"penci-masonry-thumb":["https:\/\/nandi.info\/wp-content\/uploads\/2024\/08\/Coulibaly-AFAD-EXTREMISE-VIOLENT-585x329.jpeg",585,329,true],"penci-thumb-square":["https:\/\/nandi.info\/wp-content\/uploads\/2024\/08\/Coulibaly-AFAD-EXTREMISE-VIOLENT-585x585.jpeg",585,585,true],"penci-thumb-vertical":["https:\/\/nandi.info\/wp-content\/uploads\/2024\/08\/Coulibaly-AFAD-EXTREMISE-VIOLENT-480x608.jpeg",480,608,true],"penci-thumb-small":["https:\/\/nandi.info\/wp-content\/uploads\/2024\/08\/Coulibaly-AFAD-EXTREMISE-VIOLENT-263x175.jpeg",263,175,true]},"author_info":{"display_name":"Nandi","author_link":"https:\/\/nandi.info\/?author=1"},"category_info":"<a href=\"https:\/\/nandi.info\/?cat=49\" rel=\"category\">Ins\u00e9curit\u00e9<\/a> <a href=\"https:\/\/nandi.info\/?cat=43\" rel=\"category\">Nandi.info<\/a> <a href=\"https:\/\/nandi.info\/?cat=92\" rel=\"category\">Slider<\/a> <a href=\"https:\/\/nandi.info\/?cat=21\" rel=\"category\">Soci\u00e9t\u00e9<\/a>","tag_info":"Soci\u00e9t\u00e9","comment_count":"0","jetpack_featured_media_url":"https:\/\/nandi.info\/wp-content\/uploads\/2024\/08\/Coulibaly-AFAD-EXTREMISE-VIOLENT.jpeg","jetpack_sharing_enabled":true,"_links":{"self":[{"href":"https:\/\/nandi.info\/index.php?rest_route=\/wp\/v2\/posts\/19572","targetHints":{"allow":["GET"]}}],"collection":[{"href":"https:\/\/nandi.info\/index.php?rest_route=\/wp\/v2\/posts"}],"about":[{"href":"https:\/\/nandi.info\/index.php?rest_route=\/wp\/v2\/types\/post"}],"author":[{"embeddable":true,"href":"https:\/\/nandi.info\/index.php?rest_route=\/wp\/v2\/users\/1"}],"replies":[{"embeddable":true,"href":"https:\/\/nandi.info\/index.php?rest_route=%2Fwp%2Fv2%2Fcomments&post=19572"}],"version-history":[{"count":4,"href":"https:\/\/nandi.info\/index.php?rest_route=\/wp\/v2\/posts\/19572\/revisions"}],"predecessor-version":[{"id":19860,"href":"https:\/\/nandi.info\/index.php?rest_route=\/wp\/v2\/posts\/19572\/revisions\/19860"}],"wp:featuredmedia":[{"embeddable":true,"href":"https:\/\/nandi.info\/index.php?rest_route=\/wp\/v2\/media\/19574"}],"wp:attachment":[{"href":"https:\/\/nandi.info\/index.php?rest_route=%2Fwp%2Fv2%2Fmedia&parent=19572"}],"wp:term":[{"taxonomy":"category","embeddable":true,"href":"https:\/\/nandi.info\/index.php?rest_route=%2Fwp%2Fv2%2Fcategories&post=19572"},{"taxonomy":"post_tag","embeddable":true,"href":"https:\/\/nandi.info\/index.php?rest_route=%2Fwp%2Fv2%2Ftags&post=19572"}],"curies":[{"name":"wp","href":"https:\/\/api.w.org\/{rel}","templated":true}]}}