{"id":19199,"date":"2024-08-17T14:36:24","date_gmt":"2024-08-17T12:36:24","guid":{"rendered":"https:\/\/nandi.info\/?p=19199"},"modified":"2024-08-17T14:40:49","modified_gmt":"2024-08-17T12:40:49","slug":"amadou-diakite-ancien-president-de-la-femafoot-sans-issa-hayatou-la-can-2002-naurait-jamais-eu-lieu-au-mali-il-a-transforme-le-football-africain-qui-est-entre-d","status":"publish","type":"post","link":"https:\/\/nandi.info\/?p=19199","title":{"rendered":"Amadou Diakit\u00e9, ancien pr\u00e9sident de la FEMAFOOT : \u201cSans Issa Hayatou, la Can 2002 n\u2019aurait jamais eu lieu au Mali\u201d"},"content":{"rendered":"\n<h2 class=\"wp-block-heading has-text-align-center\" style=\"font-size:30px\">\u201cIl a transform\u00e9 le football africain qui est entr\u00e9 dans une nouvelle \u00e8re\u201d<\/h2>\n\n\n\n<p><strong><em>D\u00e9c\u00e9d\u00e9 le 8 ao\u00fbt 2024 des suites d\u2019une longue maladie \u00e0 Paris, Issa Hayatou sera inhum\u00e9 ce vendredi dans son pays, le Cameroun, apr\u00e8s la mise en bi\u00e8re au fun\u00e9rarium du Mont Val\u00e9rien \u00e0 Nanterre. En tant qu\u2019ancien compagnon, notre compatriote Amadou Diakit\u00e9, ancien patron du football malien et Souleymane Magassouba se trouvent au Cameroun depuis mardi pour y participer. Avant son d\u00e9part, Amadou Diakit\u00e9 a fait un t\u00e9moignage sur son ex-patron \u00e0 la Conf\u00e9d\u00e9ration africaine de football (Caf).&nbsp;<\/em><\/strong><\/p>\n\n\n\n<p class=\"has-drop-cap\">J\u2019ai rencontr\u00e9 Issa Hayatou pour la premi\u00e8re fois en d\u00e9cembre 1989 \u00e0 Bamako lors de l\u2019une de ses missions d\u2019inspection des associations membres de la Conf\u00e9d\u00e9ration africaine de football. A cette occasion, nous avons fait la connaissance et depuis ce jour jusqu\u2019\u00e0 son dernier souffle, nous sommes rest\u00e9s ensemble.<\/p>\n\n\n\n<p>Il est important de dire que ma relation avec Issa Hayatou \u00e9tait professionnelle, mais au fil du temps cela s\u2019est transform\u00e9e en une relation fraternelle. Il y a eu tellement d\u2019appr\u00e9ciation et d\u2019estime entre nous que nous sommes devenus comme des parents. D\u00e8s que nous avions des \u00e9v\u00e9nements, il venait \u00e0 Bamako afin que nous puissions le faire ensemble et vice-versa.<\/p>\n\n\n\n<figure class=\"wp-block-image alignright is-resized\"><a href=\"https:\/\/www.maliweb.net\/societe\/justice\/contrats-controverses-entre-la-delegation-speciale-du-district-et-des-prestataires-le-conseil-de-regulation-emet-son-avis-3074085.html\/attachment\/amadou-diakite-ayatou\"><img decoding=\"async\" src=\"https:\/\/www.maliweb.net\/wp-content\/news\/images\/2024\/08\/Amadou-Diakite-Ayatou.jpg\" alt=\"\" class=\"wp-image-3074088\" style=\"width:455px;height:auto\"\/><\/a><\/figure>\n\n\n\n<p>Pendant ces 30 ans de collaboration, j\u2019ai retenu un homme extraordinaire par sa capacit\u00e9 de compr\u00e9hension et de d\u00e9cision. Il n\u2019a jamais failli pour prendre une d\u00e9cision parce que cela va faire mal \u00e0 une personne ou \u00e0 un pays. En plus de cela, il avait une analyse tr\u00e8s aigu\u00eb des probl\u00e8mes de football africain et mondial. Nous avons travaill\u00e9 ensemble au comit\u00e9 ex\u00e9cutif de la Conf\u00e9d\u00e9ration africaine de football (Caf), mais c\u2019\u00e9tait toujours le m\u00eame homme avec une attitude courageuse et appr\u00e9hendant les probl\u00e8mes de fa\u00e7on objective et tranchante. La disparition d\u2019Issa Hayatou est une perte immense pour le football africain et mondial.<\/p>\n\n\n\n<p>Il faut \u00e9galement dire qu\u2019Issa Hayatou a beaucoup apport\u00e9 au football africain et mondial. D\u2019abord, lorsqu\u2019il venait la Caf \u00e9tait une institution connue, mais pas respect\u00e9e. Il a apport\u00e9 des am\u00e9liorations \u00e0 travers la transformation de la Coupe d\u2019Afrique des nations (Can), les comp\u00e9titions des clubs africains, l\u2019augmentation de nombre d\u2019\u00e9quipes africaine \u00e0 la Coupe du monde, l\u2019organisation de la Coupe du monde en Afrique pour la premi\u00e8re fois. Tout cela, \u00e9tait des luttes qu\u2019il a men\u00e9es durant sa carri\u00e8re \u00e0 la Caf.<\/p>\n\n\n\n<figure class=\"wp-block-image alignleft is-resized\"><a href=\"https:\/\/www.maliweb.net\/societe\/justice\/contrats-controverses-entre-la-delegation-speciale-du-district-et-des-prestataires-le-conseil-de-regulation-emet-son-avis-3074085.html\/attachment\/amadou-issa-hayatou\"><img decoding=\"async\" src=\"https:\/\/www.maliweb.net\/wp-content\/news\/images\/2024\/08\/Amadou-Issa-Hayatou.jpg\" alt=\"\" class=\"wp-image-3074086\" style=\"width:511px;height:auto\"\/><\/a><\/figure>\n\n\n\n<p>L\u2019organisation de la Coupe du monde de football se faisait par vote au niveau du comit\u00e9 ex\u00e9cutif de la Fifa, c\u2019est-\u00e0-dire les Europ\u00e9ens avaient huit (8) voix, les Africains avaient quatre (4) voix, les Asiatiques avaient quatre (4) voix et les autres avaient six (6) voix. Pour toute d\u00e9cision importante, les Europ\u00e9ens l\u2019emportaient parce qu\u2019ils \u00e9taient majoritaires.<\/p>\n\n\n\n<p>Cependant, Issa Hayatou avait lutt\u00e9 pour qu\u2019il ait une rotation dans l\u2019organisation de la Coupe du monde, c\u2019est-\u00e0-dire qu\u2019\u00e0 chaque \u00e9dition, c\u2019\u00e9tait un continent seul qui peut se pr\u00e9senter et il \u00e9tait s\u00fbr qu\u2019avec ce syst\u00e8me, l\u2019Afrique pouvait organiser une Coupe du monde de football. Il a pu imposer ce syst\u00e8me et \u00e0 travers ce syst\u00e8me que l\u2019Afrique a pu organiser une Coupe du monde de football en Afrique du Sud. Mais juste apr\u00e8s nous, ils ont mis fin \u00e0 cela, ce n\u2019est plus la rotation, mais l\u2019attribution se d\u00e9cide d\u00e9sormais \u00e0 l\u2019Assembl\u00e9e g\u00e9n\u00e9rale de la Fifa. D\u00e9sormais, il va \u00eatre difficile qu\u2019un seul pays africain organise la Coupe du monde. C\u2019est vrai que le Maroc vient de l\u2019avoir, mais c\u2019est une co-organisation avec un autre pays europ\u00e9en.<\/p>\n\n\n\n<p>Issa Hayatou a transform\u00e9 le football africain. Avec lui, nous sommes entr\u00e9s dans une nouvelle \u00e8re. Il \u00e9tait un homme extraordinaire et personnellement, j\u2019ai beaucoup appris aupr\u00e8s de lui en m\u2019inspirant de sa mani\u00e8re de g\u00e9rer, de prendre des d\u00e9cisions et d\u2019analyser le probl\u00e8me. Il m\u2019a vraiment adopt\u00e9 parce qu\u2019il m\u2019\u00e9coutait toujours. Tr\u00e8s souvent, il \u00e9pousait mes analyses et il avait beaucoup de respect pour moi. Son amiti\u00e9 pour le Mali ne souffrait d\u2019aucune contestation. Lorsque le Mali avait postul\u00e9 pour l\u2019organisation de la Coupe d\u2019Afrique des nations en 2002, nous n\u2019\u00e9tions pas du tout favoris parce qu\u2019il y avait l\u2019Egypte et l\u2019Alg\u00e9rie et nous n\u2019avions aucune chance d\u2019obtenir l\u2019organisation de la Can-2002, mais Issa Hayatou nous a aid\u00e9 \u00e0 l\u2019obtenir l\u2019organisation.<\/p>\n\n\n\n<p>Depuis qu\u2019il nous a attribu\u00e9 l\u2019organisation de la Can-2002 partout dans le monde, les gens lui ont dit de chercher un plan B parce que le Mali ne pourrait pas organiser cette Can. Il m\u2019avait dit qu\u2019il a \u00e9t\u00e9 interpell\u00e9 m\u00eame par des Maliens que le Mali ne pouvait pas organiser cette Can. Il a r\u00e9pondu \u00e0 ces gens qu\u2019il a confiance \u00e0 Amadou et au Mali pour l\u2019organisation de cette Can. Malgr\u00e9 cette critique, il a tenu \u00e0 nous accompagner, c\u2019est pour dire que sans Issa Hayatou, la Can-2002 n\u2019aurait jamais eu lieu au Mali parce qu\u2019ils ont tout fait pour l\u2019en dissuader. Dieu merci, nous avons fait et cela a \u00e9t\u00e9 l\u2019une des Can la plus r\u00e9ussite\u201d.<strong>&nbsp;&nbsp;&nbsp;&nbsp;&nbsp;&nbsp;&nbsp;&nbsp;&nbsp;&nbsp;&nbsp;&nbsp;&nbsp;&nbsp;&nbsp;&nbsp;&nbsp;&nbsp;&nbsp;&nbsp;&nbsp;&nbsp;&nbsp;&nbsp;&nbsp;&nbsp;&nbsp;&nbsp;&nbsp;<\/strong><\/p>\n\n\n\n<p><strong>Propos recueillis par Mahamadou Traor\u00e9<\/strong><\/p>\n","protected":false},"excerpt":{"rendered":"<p>\u201cIl a transform\u00e9 le football africain qui est entr\u00e9 dans une nouvelle \u00e8re\u201d D\u00e9c\u00e9d\u00e9 le 8 ao\u00fbt 2024 des suites d\u2019une longue maladie \u00e0 Paris, Issa Hayatou sera inhum\u00e9 ce&hellip;<\/p>\n","protected":false},"author":1,"featured_media":19204,"comment_status":"open","ping_status":"open","sticky":false,"template":"","format":"standard","meta":{"content-type":"","_lmt_disableupdate":"","_lmt_disable":"","_jetpack_memberships_contains_paid_content":false,"footnotes":"","jetpack_publicize_message":"","jetpack_publicize_feature_enabled":true,"jetpack_social_post_already_shared":true,"jetpack_social_options":{"image_generator_settings":{"template":"highway","default_image_id":0,"font":"","enabled":false},"version":2}},"categories":[19,6],"tags":[],"class_list":["post-19199","post","type-post","status-publish","format-standard","has-post-thumbnail","hentry","category-aujourdhui-mali","category-sports"],"jetpack_publicize_connections":[],"featured_image_urls":{"full":["https:\/\/nandi.info\/wp-content\/uploads\/2024\/08\/ISSA-HAYATOU-696x870-1.jpg",696,870,false],"thumbnail":["https:\/\/nandi.info\/wp-content\/uploads\/2024\/08\/ISSA-HAYATOU-696x870-1-150x150.jpg",150,150,true],"medium":["https:\/\/nandi.info\/wp-content\/uploads\/2024\/08\/ISSA-HAYATOU-696x870-1-240x300.jpg",240,300,true],"medium_large":["https:\/\/nandi.info\/wp-content\/uploads\/2024\/08\/ISSA-HAYATOU-696x870-1.jpg",696,870,false],"large":["https:\/\/nandi.info\/wp-content\/uploads\/2024\/08\/ISSA-HAYATOU-696x870-1.jpg",696,870,false],"1536x1536":["https:\/\/nandi.info\/wp-content\/uploads\/2024\/08\/ISSA-HAYATOU-696x870-1.jpg",696,870,false],"2048x2048":["https:\/\/nandi.info\/wp-content\/uploads\/2024\/08\/ISSA-HAYATOU-696x870-1.jpg",696,870,false],"penci-recipe-1200x1200":["https:\/\/nandi.info\/wp-content\/uploads\/2024\/08\/ISSA-HAYATOU-696x870-1.jpg",696,870,false],"penci-recipe-1200x900":["https:\/\/nandi.info\/wp-content\/uploads\/2024\/08\/ISSA-HAYATOU-696x870-1.jpg",696,870,false],"penci-recipe-1200x675":["https:\/\/nandi.info\/wp-content\/uploads\/2024\/08\/ISSA-HAYATOU-696x870-1-696x675.jpg",696,675,true],"penci-single-full":["https:\/\/nandi.info\/wp-content\/uploads\/2024\/08\/ISSA-HAYATOU-696x870-1.jpg",696,870,false],"penci-slider-full-thumb":["https:\/\/nandi.info\/wp-content\/uploads\/2024\/08\/ISSA-HAYATOU-696x870-1-696x800.jpg",696,800,true],"penci-full-thumb":["https:\/\/nandi.info\/wp-content\/uploads\/2024\/08\/ISSA-HAYATOU-696x870-1.jpg",696,870,false],"penci-slider-thumb":["https:\/\/nandi.info\/wp-content\/uploads\/2024\/08\/ISSA-HAYATOU-696x870-1-696x663.jpg",696,663,true],"penci-magazine-slider":["https:\/\/nandi.info\/wp-content\/uploads\/2024\/08\/ISSA-HAYATOU-696x870-1-696x516.jpg",696,516,true],"penci-thumb":["https:\/\/nandi.info\/wp-content\/uploads\/2024\/08\/ISSA-HAYATOU-696x870-1-585x390.jpg",585,390,true],"penci-masonry-thumb":["https:\/\/nandi.info\/wp-content\/uploads\/2024\/08\/ISSA-HAYATOU-696x870-1-585x731.jpg",585,731,true],"penci-thumb-square":["https:\/\/nandi.info\/wp-content\/uploads\/2024\/08\/ISSA-HAYATOU-696x870-1-585x585.jpg",585,585,true],"penci-thumb-vertical":["https:\/\/nandi.info\/wp-content\/uploads\/2024\/08\/ISSA-HAYATOU-696x870-1-480x650.jpg",480,650,true],"penci-thumb-small":["https:\/\/nandi.info\/wp-content\/uploads\/2024\/08\/ISSA-HAYATOU-696x870-1-263x175.jpg",263,175,true]},"author_info":{"display_name":"Nandi","author_link":"https:\/\/nandi.info\/?author=1"},"category_info":"<a href=\"https:\/\/nandi.info\/?cat=19\" rel=\"category\">Aujourd\u2019hui Mali<\/a> <a href=\"https:\/\/nandi.info\/?cat=6\" rel=\"category\">Sports<\/a>","tag_info":"Sports","comment_count":"0","jetpack_featured_media_url":"https:\/\/nandi.info\/wp-content\/uploads\/2024\/08\/ISSA-HAYATOU-696x870-1.jpg","jetpack_sharing_enabled":true,"_links":{"self":[{"href":"https:\/\/nandi.info\/index.php?rest_route=\/wp\/v2\/posts\/19199","targetHints":{"allow":["GET"]}}],"collection":[{"href":"https:\/\/nandi.info\/index.php?rest_route=\/wp\/v2\/posts"}],"about":[{"href":"https:\/\/nandi.info\/index.php?rest_route=\/wp\/v2\/types\/post"}],"author":[{"embeddable":true,"href":"https:\/\/nandi.info\/index.php?rest_route=\/wp\/v2\/users\/1"}],"replies":[{"embeddable":true,"href":"https:\/\/nandi.info\/index.php?rest_route=%2Fwp%2Fv2%2Fcomments&post=19199"}],"version-history":[{"count":2,"href":"https:\/\/nandi.info\/index.php?rest_route=\/wp\/v2\/posts\/19199\/revisions"}],"predecessor-version":[{"id":19203,"href":"https:\/\/nandi.info\/index.php?rest_route=\/wp\/v2\/posts\/19199\/revisions\/19203"}],"wp:featuredmedia":[{"embeddable":true,"href":"https:\/\/nandi.info\/index.php?rest_route=\/wp\/v2\/media\/19204"}],"wp:attachment":[{"href":"https:\/\/nandi.info\/index.php?rest_route=%2Fwp%2Fv2%2Fmedia&parent=19199"}],"wp:term":[{"taxonomy":"category","embeddable":true,"href":"https:\/\/nandi.info\/index.php?rest_route=%2Fwp%2Fv2%2Fcategories&post=19199"},{"taxonomy":"post_tag","embeddable":true,"href":"https:\/\/nandi.info\/index.php?rest_route=%2Fwp%2Fv2%2Ftags&post=19199"}],"curies":[{"name":"wp","href":"https:\/\/api.w.org\/{rel}","templated":true}]}}