{"id":19176,"date":"2024-08-17T00:11:29","date_gmt":"2024-08-16T22:11:29","guid":{"rendered":"https:\/\/nandi.info\/?p=19176"},"modified":"2024-08-17T20:58:59","modified_gmt":"2024-08-17T18:58:59","slug":"le-mali-commemore-la-journee-mondiale-de-laide-humanitaire","status":"publish","type":"post","link":"https:\/\/nandi.info\/?p=19176","title":{"rendered":"Le Mali comm\u00e9more la Journ\u00e9e mondiale de l\u2019aide humanitaire"},"content":{"rendered":"\n<p><strong>Plac\u00e9 <\/strong><strong>Sous le th\u00e8me \u00ab Agir pour l\u2019humanit\u00e9 \u00bb, la Journ\u00e9e mondiale de l\u2019aide humanitaire a \u00e9t\u00e9 c\u00e9l\u00e9br\u00e9e au Mali, pr\u00e9sid\u00e9e par Mme le ministre de la Sant\u00e9 et du D\u00e9veloppement Social, le M\u00e9decin Colonel Assa Badiallo TOUR\u00c9, en pr\u00e9sence de Mme l\u2019Ambassadeur des \u00c9tats-Unis au Mali, son Excellence Rachna KORHONEN, le mercredi 14 ao\u00fbt 2024.<\/strong><strong><\/strong><\/p>\n\n\n\n<p class=\"has-drop-cap\">Le ministre de la Sant\u00e9 et du D\u00e9veloppement Social a salu\u00e9, au nom des plus hautes autorit\u00e9s du Mali, les efforts des acteurs humanitaires qui \u0153uvrent au quotidien \u00e0 apporter secours et espoir \u00e0 ceux et celles qui en ont le plus besoin, parfois au p\u00e9ril de leur vie. Elle a \u00e9galement tenu \u00e0 remercier l\u2019USAID pour les 128 millions de dollars consacr\u00e9s \u00e0 la cause humanitaire au Mali.&nbsp;<\/p>\n\n\n\n<p>Selon elle, cette journ\u00e9e rev\u00eat une importance particuli\u00e8re dans un contexte marqu\u00e9 par des d\u00e9fis multiples, exacerb\u00e9s par les conflits arm\u00e9s et les effets du changement climatique<s>,<\/s> qui ont conduit \u00e0 des d\u00e9placements massifs des populations, une ins\u00e9curit\u00e9 alimentaire<s>,<\/s> et une plus grande vuln\u00e9rabilit\u00e9 des communaut\u00e9s.<\/p>\n\n\n\n<p>A la suite du ministre, l&rsquo;engagement ind\u00e9fectible et la pers\u00e9v\u00e9rance des travailleurs humanitaires ont \u00e9t\u00e9 \u00e9galement soulign\u00e9s au cours de leurs interventions respectives par l\u2019Ambassadeur des \u00c9tats-Unis au Mali, Mme Rachna Korhonen et Richard Kimball, Directeur G\u00e9n\u00e9ral adjoint de l\u2019USAID au Mali.<\/p>\n\n\n\n<p>La diplomate am\u00e9ricaine a aussi tenu \u00e0 r\u00e9affirmer le soutien constant et ind\u00e9fectible de son pays \u00e0 la cause humanitaire.<\/p>\n\n\n\n<p>\u00c0 titre de rappel, la Journ\u00e9e mondiale de l\u2019aide humanitaire est c\u00e9l\u00e9br\u00e9e chaque ann\u00e9e le 19 ao\u00fbt, en hommage aux travailleurs humanitaires depuis 2003.&nbsp;<\/p>\n\n\n\n<p><strong>R\u00e9seau de Communication du MSDS<\/strong><\/p>\n","protected":false},"excerpt":{"rendered":"<p>Plac\u00e9 Sous le th\u00e8me \u00ab Agir pour l\u2019humanit\u00e9 \u00bb, la Journ\u00e9e mondiale de l\u2019aide humanitaire a \u00e9t\u00e9 c\u00e9l\u00e9br\u00e9e au Mali, pr\u00e9sid\u00e9e par Mme le ministre de la Sant\u00e9 et du&hellip;<\/p>\n","protected":false},"author":1,"featured_media":19177,"comment_status":"open","ping_status":"open","sticky":false,"template":"","format":"standard","meta":{"content-type":"","_lmt_disableupdate":"","_lmt_disable":"","_jetpack_memberships_contains_paid_content":false,"footnotes":"","jetpack_publicize_message":"","jetpack_publicize_feature_enabled":true,"jetpack_social_post_already_shared":true,"jetpack_social_options":{"image_generator_settings":{"template":"highway","default_image_id":0,"font":"","enabled":false},"version":2}},"categories":[43,21],"tags":[],"class_list":["post-19176","post","type-post","status-publish","format-standard","has-post-thumbnail","hentry","category-nandi-info","category-societe"],"jetpack_publicize_connections":[],"featured_image_urls":{"full":["https:\/\/nandi.info\/wp-content\/uploads\/2024\/08\/Haide-humanitaire.jpeg",1080,720,false],"thumbnail":["https:\/\/nandi.info\/wp-content\/uploads\/2024\/08\/Haide-humanitaire-150x150.jpeg",150,150,true],"medium":["https:\/\/nandi.info\/wp-content\/uploads\/2024\/08\/Haide-humanitaire-300x200.jpeg",300,200,true],"medium_large":["https:\/\/nandi.info\/wp-content\/uploads\/2024\/08\/Haide-humanitaire-768x512.jpeg",768,512,true],"large":["https:\/\/nandi.info\/wp-content\/uploads\/2024\/08\/Haide-humanitaire-1024x683.jpeg",1024,683,true],"1536x1536":["https:\/\/nandi.info\/wp-content\/uploads\/2024\/08\/Haide-humanitaire.jpeg",1080,720,false],"2048x2048":["https:\/\/nandi.info\/wp-content\/uploads\/2024\/08\/Haide-humanitaire.jpeg",1080,720,false],"penci-recipe-1200x1200":["https:\/\/nandi.info\/wp-content\/uploads\/2024\/08\/Haide-humanitaire.jpeg",1080,720,false],"penci-recipe-1200x900":["https:\/\/nandi.info\/wp-content\/uploads\/2024\/08\/Haide-humanitaire.jpeg",1080,720,false],"penci-recipe-1200x675":["https:\/\/nandi.info\/wp-content\/uploads\/2024\/08\/Haide-humanitaire-1080x675.jpeg",1080,675,true],"penci-single-full":["https:\/\/nandi.info\/wp-content\/uploads\/2024\/08\/Haide-humanitaire.jpeg",1080,720,false],"penci-slider-full-thumb":["https:\/\/nandi.info\/wp-content\/uploads\/2024\/08\/Haide-humanitaire.jpeg",1080,720,false],"penci-full-thumb":["https:\/\/nandi.info\/wp-content\/uploads\/2024\/08\/Haide-humanitaire.jpeg",1080,720,false],"penci-slider-thumb":["https:\/\/nandi.info\/wp-content\/uploads\/2024\/08\/Haide-humanitaire-1080x663.jpeg",1080,663,true],"penci-magazine-slider":["https:\/\/nandi.info\/wp-content\/uploads\/2024\/08\/Haide-humanitaire-780x516.jpeg",780,516,true],"penci-thumb":["https:\/\/nandi.info\/wp-content\/uploads\/2024\/08\/Haide-humanitaire-585x390.jpeg",585,390,true],"penci-masonry-thumb":["https:\/\/nandi.info\/wp-content\/uploads\/2024\/08\/Haide-humanitaire-585x390.jpeg",585,390,true],"penci-thumb-square":["https:\/\/nandi.info\/wp-content\/uploads\/2024\/08\/Haide-humanitaire-585x585.jpeg",585,585,true],"penci-thumb-vertical":["https:\/\/nandi.info\/wp-content\/uploads\/2024\/08\/Haide-humanitaire-480x650.jpeg",480,650,true],"penci-thumb-small":["https:\/\/nandi.info\/wp-content\/uploads\/2024\/08\/Haide-humanitaire-263x175.jpeg",263,175,true]},"author_info":{"display_name":"Nandi","author_link":"https:\/\/nandi.info\/?author=1"},"category_info":"<a href=\"https:\/\/nandi.info\/?cat=43\" rel=\"category\">Nandi.info<\/a> <a href=\"https:\/\/nandi.info\/?cat=21\" rel=\"category\">Soci\u00e9t\u00e9<\/a>","tag_info":"Soci\u00e9t\u00e9","comment_count":"0","jetpack_featured_media_url":"https:\/\/nandi.info\/wp-content\/uploads\/2024\/08\/Haide-humanitaire.jpeg","jetpack_sharing_enabled":true,"_links":{"self":[{"href":"https:\/\/nandi.info\/index.php?rest_route=\/wp\/v2\/posts\/19176","targetHints":{"allow":["GET"]}}],"collection":[{"href":"https:\/\/nandi.info\/index.php?rest_route=\/wp\/v2\/posts"}],"about":[{"href":"https:\/\/nandi.info\/index.php?rest_route=\/wp\/v2\/types\/post"}],"author":[{"embeddable":true,"href":"https:\/\/nandi.info\/index.php?rest_route=\/wp\/v2\/users\/1"}],"replies":[{"embeddable":true,"href":"https:\/\/nandi.info\/index.php?rest_route=%2Fwp%2Fv2%2Fcomments&post=19176"}],"version-history":[{"count":1,"href":"https:\/\/nandi.info\/index.php?rest_route=\/wp\/v2\/posts\/19176\/revisions"}],"predecessor-version":[{"id":19178,"href":"https:\/\/nandi.info\/index.php?rest_route=\/wp\/v2\/posts\/19176\/revisions\/19178"}],"wp:featuredmedia":[{"embeddable":true,"href":"https:\/\/nandi.info\/index.php?rest_route=\/wp\/v2\/media\/19177"}],"wp:attachment":[{"href":"https:\/\/nandi.info\/index.php?rest_route=%2Fwp%2Fv2%2Fmedia&parent=19176"}],"wp:term":[{"taxonomy":"category","embeddable":true,"href":"https:\/\/nandi.info\/index.php?rest_route=%2Fwp%2Fv2%2Fcategories&post=19176"},{"taxonomy":"post_tag","embeddable":true,"href":"https:\/\/nandi.info\/index.php?rest_route=%2Fwp%2Fv2%2Ftags&post=19176"}],"curies":[{"name":"wp","href":"https:\/\/api.w.org\/{rel}","templated":true}]}}