{"id":18990,"date":"2024-07-20T13:07:00","date_gmt":"2024-07-20T11:07:00","guid":{"rendered":"https:\/\/nandi.info\/?p=18990"},"modified":"2024-08-09T17:01:01","modified_gmt":"2024-08-09T15:01:01","slug":"lunicef-les-privations-multidimensionnelles-et-la-pauvrete-des-enfants-au-mali-de-2022-pres-de-413-des-enfants-souffrent-de-multiples-privations-simultanees-les-plus-touches","status":"publish","type":"post","link":"https:\/\/nandi.info\/?p=18990","title":{"rendered":"L\u2019UNICEF\u00a0: \u00a0Les privations multidimensionnelles et la pauvret\u00e9 des enfants au Mali de 2022, pr\u00e8s de 41,3 % des enfants souffrent de multiples privations simultan\u00e9es, les plus touch\u00e9s \u00e9tant ceux issus de m\u00e9nages tr\u00e8s pauvres"},"content":{"rendered":"\n<h2 class=\"wp-block-heading has-text-align-center\"><strong>R\u00e9sultats du recensement g\u00e9n\u00e9ral de la population et de l&rsquo;habitat de 2022 : la population malienne de 22 395 489 habitants se distingue par une forte croissance d\u00e9mographique (3,3 %), une urbanisation rapide (45 %), et une proportion \u00e9lev\u00e9e d&rsquo;enfants (57,6 % de moins de 18 ans)<\/strong><\/h2>\n\n\n\n<p><strong>L\u2019analyse de la situation des enfants au Mali, men\u00e9e par les autorit\u00e9s du pays et l\u2019UNICEF, \u00e9value l\u2019application de la Convention Internationale des Droits de l\u2019Enfant (CIDE), de la Convention sur l\u2019\u00c9limination de toutes les Formes de Discrimination \u00e0 l\u2019\u00e9gard des Femmes (CEDEF) et de la Charte Africaine des Droits et du Bien-\u00eatre de l\u2019Enfant. De nombreux enfants et adolescents vivent dans des contextes de grande contrainte, aggrav\u00e9s par le conflit arm\u00e9 en cours depuis 2012, qui a entra\u00een\u00e9 le d\u00e9placement de 1,5 million de personnes \u00e0 l\u2019int\u00e9rieur du pays et vers les pays voisins. Ce rapport est une analyse exhaustive bas\u00e9e sur des donn\u00e9es probantes concernant la situation des enfants, des femmes et des adolescents au Mali.<\/strong><\/p>\n\n\n\n<p class=\"has-drop-cap\">Sur le plan social, malgr\u00e9 les efforts de d\u00e9veloppement des autorit\u00e9s et les r\u00e9formes dans les secteurs de la gouvernance sociale, une part importante de la population malienne reste priv\u00e9e d&rsquo;acc\u00e8s ad\u00e9quat aux services sociaux de base. De nombreux enfants et adolescents vivent dans des conditions difficiles, exacerb\u00e9es par le conflit arm\u00e9 depuis 2012, qui a provoqu\u00e9 le d\u00e9placement de 1,5 million de personnes \u00e0 l&rsquo;int\u00e9rieur du pays et vers les pays voisins.<\/p>\n\n\n\n<p>Le Mali se classe parmi les pays avec un tr\u00e8s faible niveau de d\u00e9veloppement humain et une grande vuln\u00e9rabilit\u00e9. En 2021, il \u00e9tait au 186<sup>\u00e8me<\/sup> rang sur 191 pays selon l\u2019Indice du D\u00e9veloppement Humain. L\u2019indice de d\u00e9veloppement humain ajust\u00e9 aux in\u00e9galit\u00e9s est de 0,291, l\u2019indice genre est de 0,887 et l\u2019indice d\u2019in\u00e9galit\u00e9 de genre est de 0,613. L\u2019indice de pauvret\u00e9 multidimensionnelle pour la p\u00e9riode 2009-2020 est \u00e9valu\u00e9 \u00e0 0,55. Le Mali est \u00e9galement class\u00e9 parmi les dix pays les plus expos\u00e9s aux risques climatiques et occupe le 29e rang sur 163 pays selon l\u2019Indice des Risques Climatiques pour les Enfants (IRCE) de l\u2019UNICEF. Les pr\u00e9visions du GIEC indiquent que le changement climatique aura des impacts significatifs, avec des temp\u00e9ratures croissantes et des s\u00e9cheresses prolong\u00e9es dans le nord, et des inondations saisonni\u00e8res dans les r\u00e9gions sah\u00e9liennes et m\u00e9ridionales. Ces conditions perturbent gravement le bien-\u00eatre des enfants et des adolescents.<\/p>\n\n\n\n<p>Selon l\u2019\u00c9tude sur les privations multidimensionnelles et la pauvret\u00e9 des enfants au Mali de 2022, pr\u00e8s de 41,3% de l\u2019ensemble des enfants souffrent de plusieurs privations concomitantes, les plus affect\u00e9s \u00e9tant ceux issus de m\u00e9nages tr\u00e8s pauvres ou qui habitent en zones rurales.<\/p>\n\n\n\n<p>Depuis le lancement dans les ann\u00e9es 1980 de grands programmes de lutte contre la pauvret\u00e9, les autorit\u00e9s maliennes ont continuellement \u0153uvr\u00e9 pour am\u00e9liorer les conditions de vie des populations en renfor\u00e7ant l&rsquo;efficacit\u00e9 de la gestion des finances publiques. \u00c0 cette fin, elles ont mis en place diverses r\u00e9formes administratives et \u00e9conomiques visant \u00e0 optimiser le fonctionnement de l&rsquo;administration, \u00e0 r\u00e9duire la corruption et \u00e0 obtenir des r\u00e9sultats concrets pour les citoyens. Il s\u2019agit notamment du Plan de r\u00e9forme de la gestion des finances du Mali (PREM) 2022-2026, le Programme d\u2019Urgence pour la Relance du D\u00e9veloppement des R\u00e9gions du Nord (PURD\/RN), la Strat\u00e9gie de Stabilisation des R\u00e9gions du Centre (SSRC) 2022-2024 et son plan d\u2019action, la Politique Nationale de Transparence, la revitalisation des m\u00e9canismes de lutte contre la corruption ainsi que l\u2019introduction des principes de la Gestion Ax\u00e9e sur les R\u00e9sultats (GAR) dans les secteurs de l\u2019\u00e9ducation, de la sant\u00e9, du d\u00e9veloppement rural, de l\u2019hydraulique, de l\u2019assainissement et de la d\u00e9centralisation. Les autorit\u00e9s ont pris des mesures pour am\u00e9liorer le respect des droits de l\u2019homme et assurer l\u2019acc\u00e8s \u00e0 une justice de qualit\u00e9.<\/p>\n\n\n\n<p><strong>Le droit des enfants et des adolescents \u00e0 la sant\u00e9<\/strong><\/p>\n\n\n\n<p>Au Mali, la situation des enfants et des adolescents est en constante am\u00e9lioration, y compris la sant\u00e9 maternelle dont le taux de mortalit\u00e9 maternelle se serait nettement am\u00e9lior\u00e9e. Depuis 2012, les principaux indicateurs de mortalit\u00e9 des enfants sont en baisse. En 2021, le taux de mortalit\u00e9 n\u00e9onatale atteignait 33,43 pour 1 000 naissances vivantes (PMNV), le taux de mortalit\u00e9 infantile 61,63 PMNV et le taux de mortalit\u00e9 infanto-juv\u00e9nile 97,07 PMNV. Les gar\u00e7ons d\u00e9c\u00e8dent plus souvent que les filles durant la p\u00e9riode n\u00e9onatale tandis que durant l\u2019adolescence les taux de mortalit\u00e9 des jeunes filles sont plus \u00e9lev\u00e9s. Ces am\u00e9liorations, progressives et r\u00e9guli\u00e8res, ces trois derni\u00e8res d\u00e9cennies, n\u2019ont toutefois pas b\u00e9n\u00e9fici\u00e9 de la m\u00eame mani\u00e8re \u00e0 tous les enfants du pays. Les taux de mortalit\u00e9 infanto-juv\u00e9nile sont beaucoup moins \u00e9lev\u00e9s dans les r\u00e9gions de Gao (76 PMNV) et Kidal (35 PMNV) que dans celles de Tombouctou (138 PMNV), S\u00e9gou (132 PMNV), Mopti, (126 PMNV), Sikasso (111 PMNV), Koulikoro (103 PMNV) et Kayes (112 PMNV).<\/p>\n\n\n\n<p><strong>Le droit des enfants et des adolescents \u00e0 \u00eatre prot\u00e9g\u00e9s contre le VIH-SIDA<\/strong><\/p>\n\n\n\n<p>Le Mali est class\u00e9 dans la cat\u00e9gorie des pays \u00e0 \u00e9pid\u00e9mie dite \u00e0 VIH g\u00e9n\u00e9ralis\u00e9e mais \u00e0 faible intensit\u00e9. La pr\u00e9valence dans la population \u00e2g\u00e9e de 15 \u00e0 49 ans serait de 0,9%, repr\u00e9sentant un effectif total des personnes vivant avec le VIH de 120 000. L\u2019\u00e9pid\u00e9mie est concentr\u00e9e dans le milieu urbain et dans les groupes \u00e0 risques que sont les professionnelles du sexe, les hommes ayant des relations sexuelles avec des hommes, les personnes transgenres, les utilisateurs de drogues injectables (IDU) et les prisonniers. Le nombre d\u2019enfants \u00e2g\u00e9s de 0 \u00e0 14 ans et vivant avec le VIH est estim\u00e9 \u00e0 12 000 avec 1 800 nouvelles infections par an &#8211; le nombre de d\u00e9c\u00e8s d\u2019enfants dus au VIH est estim\u00e9 \u00e0 1 200 par an. On estime qu\u2019environ 2 % des enfants \u00e2g\u00e9s de 10 -14 ans du Mali sont orphelins (p\u00e8re et m\u00e8re d\u00e9c\u00e9d\u00e9s).<\/p>\n\n\n\n<p><strong>Le droit des enfants et des adolescents \u00e0 la nutrition<\/strong><\/p>\n\n\n\n<p>Depuis des d\u00e9cennies, les enfants, les adolescent-e-s et les femmes du Mali, \u00e0 l\u2019instar des autres pays sah\u00e9liens, font face \u00e0 la malnutrition. Ces derni\u00e8res ann\u00e9es, le ph\u00e9nom\u00e8ne est devenu plus alarmant en raison de la conjugaison des facteurs de risques : ins\u00e9curit\u00e9, retomb\u00e9es des crises internationales (augmentation des prix de l\u2019\u00e9nergie, des denr\u00e9es alimentaires, des intrants agricoles\u2026), acc\u00e9l\u00e9ration des effets du changement climatique.<\/p>\n\n\n\n<p>Au Mali, la malnutrition se pr\u00e9sente sous diff\u00e9rentes formes et \u00e0 des niveaux g\u00e9n\u00e9ralement \u00e9lev\u00e9s et qui n\u2019ont pas beaucoup chang\u00e9 ces cinq derni\u00e8res ann\u00e9es. Chez les enfants de moins de 5 ans, les formes de malnutrition sont le retard de croissance (21,9%), l\u2019insuffisance pond\u00e9rale (en hausse depuis 2020 avec 18,6% en 2022) et la Malnutrition Aigu\u00eb (10%). La forme la plus dangereuse est la Malnutrition Aig\u00fce S\u00e9v\u00e8re (MAS), qui affecte environ 2% des enfants. Les gar\u00e7ons de moins de 5 ans sont plus atteints que les filles de malnutrition aigu\u00eb (10,7% contre 8 %) et d\u2019insuffisance pond\u00e9rale (15,4% contre 7,7%). Chez les enfants \u00e2g\u00e9s de 10 \u00e0 19 ans, la situation des filles est beaucoup plus favorable que celle des gar\u00e7ons (6,5% contre 14,9%). Les femmes en \u00e2ge de procr\u00e9er (15 \u00e0 49 ans) combinent les probl\u00e8mes de sous-nutrition et de la surnutrition (5,5% des femmes en \u00e2ge de procr\u00e9er souffrent d\u2019insuffisance pond\u00e9rale, alors que 21,5% d\u2019entre elles pr\u00e9sentent un surpoids et que 10,8% souffrent d\u2019ob\u00e9sit\u00e9).&nbsp;<\/p>\n\n\n\n<p><strong>Le droit des enfants et des adolescents \u00e0 l\u2019eau et assainissement<\/strong><\/p>\n\n\n\n<p>Entre 2018 et 2021, l\u2019acc\u00e8s \u00e0 l\u2019eau, traduit en pourcentage de population consommant de l\u2019eau provenant d\u2019une source am\u00e9lior\u00e9e, est pass\u00e9 de 69% \u00e0 83% au Mali. En mati\u00e8re d\u2019assainissement, l\u2019am\u00e9lioration a \u00e9t\u00e9 plus lente car 12 % des m\u00e9nages n\u2019ont toujours pas de toilettes. Les r\u00e9cents progr\u00e8s dans le domaine de l\u2019eau ont particuli\u00e8rement profit\u00e9 aux populations rurales (augmentation de 62 % \u00e0 78 % en milieu rural et de 95 % \u00e0 98 % en zones urbaines), mais n\u2019ont pas effac\u00e9 toutes les in\u00e9galit\u00e9s. Le taux d\u2019acc\u00e8s \u00e0 l\u2019eau atteint 98% \u00e0 Bamako, mais seulement 75% \u00e0 Mopti, 66,2% \u00e0 Sikasso et 51,8% dans la r\u00e9gion de M\u00e9naka. L\u2019acc\u00e8s \u00e0 un service d\u2019assainissement g\u00e9r\u00e9 en toute s\u00e9curit\u00e9 n\u00e9cessite d\u2019\u00eatre am\u00e9lior\u00e9, car l\u2019utilisation des services d\u2019assainissement \u00e9l\u00e9mentaires est deux fois plus \u00e9lev\u00e9e en milieu urbain (61,2% contre 35,7% en milieu rural) et beaucoup plus \u00e9lev\u00e9e parmi les m\u00e9nages ais\u00e9s.<\/p>\n\n\n\n<p><strong>Le droit des enfants et adolescents \u00e0 l\u2019\u00e9ducation<\/strong><\/p>\n\n\n\n<p>Depuis l\u2019Ind\u00e9pendance, la scolarisation des enfants y a beaucoup progress\u00e9. Ces vingt derni\u00e8res ann\u00e9es, les effectifs des \u00e9l\u00e8ves ont pratiquement tripl\u00e9, passant de 1 495 298 en 2000 -2001 \u00e0 plus de 3 636 133 enfants en 2021. Cette progression, bien qu\u2019impressionnante, cache cependant le probl\u00e8me des enfants non scolaris\u00e9s et celui des disparit\u00e9s entre r\u00e9gions. La population totale des enfants en \u00e2ge d\u2019\u00eatre scolaris\u00e9s est estim\u00e9e \u00e0 environ 10 millions. La privation scolaire affecte particuli\u00e8rement les enfants de moins de 5 ans (94,5%), ceux de 5 \u00e0 9 ans des zones rurales (55,8%, contre 12,7% dans le district de Bamako), les enfants de plus de 10 ans et les filles du monde rural. Au total, 2 127 155 enfants scolarisables au primaire et au secondaire ne seraient pas scolaris\u00e9s &#8211; 38,2% hors du cycle enseignement primaire et 44,9% hors du cycle d\u2019enseignement secondaire. Les zones les plus touch\u00e9es sont celles de Kidal, M\u00e9naka, Mopti et S\u00e9gou.<\/p>\n\n\n\n<p><strong>Le droit des enfants \u00e0 une identit\u00e9<\/strong><\/p>\n\n\n\n<p>Les derni\u00e8res estimations \u00e9tablies au Mali dans le domaine de l\u2019enregistrement des naissances indiquent un taux \u00e9lev\u00e9, mais aussi une diff\u00e9rence assez notable entre les zones urbaines (96%) et le milieu rural (84%) ainsi qu\u2019une l\u00e9g\u00e8re diff\u00e9rence entre les gar\u00e7ons (87,8%) et les filles (85,6%). Ces niveaux sont stables depuis 2015, mais cachent des disparit\u00e9s entre r\u00e9gions, notamment celles o\u00f9 le service est perturb\u00e9 dans les zones d\u2019ins\u00e9curit\u00e9. Ces r\u00e9sultats sont \u00e0 mettre au cr\u00e9dit de la volont\u00e9 des autorit\u00e9s d\u2019assurer le succ\u00e8s de la r\u00e9forme de l\u2019enregistrement des faits d\u2019\u00e9tat civil et des statistiques vitales engag\u00e9e d\u00e8s 1987, d\u2019\u00e9tendre le processus d\u2019enregistrement des naissances aux services de sant\u00e9 et la prise en charge multisectorielle du probl\u00e8me.<\/p>\n\n\n\n<p><strong>Le droit des enfants \u00e0 la protection contre les violences et l\u2019exploitation<\/strong><\/p>\n\n\n\n<p>Au Mali, comme dans la plupart des soci\u00e9t\u00e9s africaines, l\u2019enfant est \u00e9duqu\u00e9, prot\u00e9g\u00e9 et socialis\u00e9 dans un climat familial fortement marqu\u00e9 par les traditions de discipline consid\u00e9r\u00e9es comme des pratiques positives cens\u00e9es pr\u00e9parer les enfants \u00e0 vivre dans un environnement qui leur sera tr\u00e8s certainement et physiquement et psychologiquement &#8211; hostile.<\/p>\n\n\n\n<p>Actuellement, les ph\u00e9nom\u00e8nes de violence les plus notoires sont ceux directement li\u00e9s au contexte s\u00e9curitaire. En 2022, le rapport du Secr\u00e9taire G\u00e9n\u00e9ral des Nations Unies sur les enfants et les conflits arm\u00e9s faisait \u00e9tat d\u2019une augmentation sensible du nombre de violations graves avec plus de 1 024 cas de violations graves, 245 atteintes \u00e0 l\u2019int\u00e9grit\u00e9 physique ; 452 recrutements et utilisation d\u2019enfants par les groupes arm\u00e9s non identifi\u00e9s, 109 enl\u00e8vements, le placement de 30 enfants, en raison notamment de suspicion d\u2019association avec des groupes arm\u00e9s. Ces chiffres seraient largement sous-estim\u00e9s en raison de la stigmatisation qui entoure ces cas et de la peur de repr\u00e9sailles.<\/p>\n\n\n\n<p>Ce document, conforme aux nouvelles directives de l&rsquo;UNICEF, pr\u00e9sente une \u00e9valuation objective de la situation dans des domaines essentiels au d\u00e9veloppement et \u00e0 l&rsquo;\u00e9panouissement des enfants.<\/p>\n\n\n\n<p>La mobilisation et la r\u00e9silience exceptionnelles des communaut\u00e9s ont permis des avanc\u00e9es dans de nombreux domaines relevant de la CIDE, comme en t\u00e9moignent des donn\u00e9es provenant de sources fiables. Cependant, ces efforts n&rsquo;ont pas suffi \u00e0 produire des changements significatifs pour tous les enfants. C&rsquo;est dans ce contexte que ce rapport a \u00e9t\u00e9 r\u00e9dig\u00e9, avec pour objectif de mettre en avant les progr\u00e8s accomplis tout en soulignant les difficult\u00e9s persistantes d&rsquo;acc\u00e8s aux droits rencontr\u00e9es par de nombreux enfants maliens, en particulier les plus vuln\u00e9rables, tels que les filles, les enfants vivant dans des zones d&rsquo;ins\u00e9curit\u00e9, ceux en situation d&rsquo;exclusion sociale, les enfants migrants, etc.<\/p>\n\n\n\n<p>Dans les secteurs tels que la sant\u00e9, la nutrition, l&rsquo;\u00e9ducation, la protection contre les violences et l&rsquo;exploitation, l&rsquo;eau, l&rsquo;hygi\u00e8ne et l&rsquo;assainissement ainsi que la protection sociale, ce rapport identifie pr\u00e9cis\u00e9ment les obstacles sur lesquels les autorit\u00e9s et les communaut\u00e9s peuvent agir pour acc\u00e9l\u00e9rer les r\u00e9sultats.<\/p>\n\n\n\n<p><strong>Youma A Ciss\u00e9<\/strong><\/p>\n\n\n\n<p><\/p>\n","protected":false},"excerpt":{"rendered":"<p>R\u00e9sultats du recensement g\u00e9n\u00e9ral de la population et de l&rsquo;habitat de 2022 : la population malienne de 22 395 489 habitants se distingue par une forte croissance d\u00e9mographique (3,3 %),&hellip;<\/p>\n","protected":false},"author":1,"featured_media":19073,"comment_status":"open","ping_status":"open","sticky":false,"template":"","format":"standard","meta":{"content-type":"","_lmt_disableupdate":"","_lmt_disable":"","_jetpack_memberships_contains_paid_content":false,"footnotes":"","jetpack_publicize_message":"","jetpack_publicize_feature_enabled":true,"jetpack_social_post_already_shared":true,"jetpack_social_options":{"image_generator_settings":{"template":"highway","default_image_id":0,"font":"","enabled":false},"version":2}},"categories":[43,21],"tags":[],"class_list":["post-18990","post","type-post","status-publish","format-standard","has-post-thumbnail","hentry","category-nandi-info","category-societe"],"jetpack_publicize_connections":[],"featured_image_urls":{"full":["https:\/\/nandi.info\/wp-content\/uploads\/2024\/07\/droits-de-l-enfant-paix-unicef-senegal.jpg.webp",1500,500,false],"thumbnail":["https:\/\/nandi.info\/wp-content\/uploads\/2024\/07\/droits-de-l-enfant-paix-unicef-senegal.jpg-150x150.webp",150,150,true],"medium":["https:\/\/nandi.info\/wp-content\/uploads\/2024\/07\/droits-de-l-enfant-paix-unicef-senegal.jpg-300x100.webp",300,100,true],"medium_large":["https:\/\/nandi.info\/wp-content\/uploads\/2024\/07\/droits-de-l-enfant-paix-unicef-senegal.jpg-768x256.webp",768,256,true],"large":["https:\/\/nandi.info\/wp-content\/uploads\/2024\/07\/droits-de-l-enfant-paix-unicef-senegal.jpg-1024x341.webp",1024,341,true],"1536x1536":["https:\/\/nandi.info\/wp-content\/uploads\/2024\/07\/droits-de-l-enfant-paix-unicef-senegal.jpg.webp",1500,500,false],"2048x2048":["https:\/\/nandi.info\/wp-content\/uploads\/2024\/07\/droits-de-l-enfant-paix-unicef-senegal.jpg.webp",1500,500,false],"penci-recipe-1200x1200":["https:\/\/nandi.info\/wp-content\/uploads\/2024\/07\/droits-de-l-enfant-paix-unicef-senegal.jpg-1200x500.webp",1200,500,true],"penci-recipe-1200x900":["https:\/\/nandi.info\/wp-content\/uploads\/2024\/07\/droits-de-l-enfant-paix-unicef-senegal.jpg-1200x500.webp",1200,500,true],"penci-recipe-1200x675":["https:\/\/nandi.info\/wp-content\/uploads\/2024\/07\/droits-de-l-enfant-paix-unicef-senegal.jpg-1200x500.webp",1200,500,true],"penci-single-full":["https:\/\/nandi.info\/wp-content\/uploads\/2024\/07\/droits-de-l-enfant-paix-unicef-senegal.jpg.webp",1500,500,false],"penci-slider-full-thumb":["https:\/\/nandi.info\/wp-content\/uploads\/2024\/07\/droits-de-l-enfant-paix-unicef-senegal.jpg.webp",1500,500,false],"penci-full-thumb":["https:\/\/nandi.info\/wp-content\/uploads\/2024\/07\/droits-de-l-enfant-paix-unicef-senegal.jpg-1170x390.webp",1170,390,true],"penci-slider-thumb":["https:\/\/nandi.info\/wp-content\/uploads\/2024\/07\/droits-de-l-enfant-paix-unicef-senegal.jpg-1170x500.webp",1170,500,true],"penci-magazine-slider":["https:\/\/nandi.info\/wp-content\/uploads\/2024\/07\/droits-de-l-enfant-paix-unicef-senegal.jpg-780x500.webp",780,500,true],"penci-thumb":["https:\/\/nandi.info\/wp-content\/uploads\/2024\/07\/droits-de-l-enfant-paix-unicef-senegal.jpg-585x390.webp",585,390,true],"penci-masonry-thumb":["https:\/\/nandi.info\/wp-content\/uploads\/2024\/07\/droits-de-l-enfant-paix-unicef-senegal.jpg-585x195.webp",585,195,true],"penci-thumb-square":["https:\/\/nandi.info\/wp-content\/uploads\/2024\/07\/droits-de-l-enfant-paix-unicef-senegal.jpg-585x500.webp",585,500,true],"penci-thumb-vertical":["https:\/\/nandi.info\/wp-content\/uploads\/2024\/07\/droits-de-l-enfant-paix-unicef-senegal.jpg-480x500.webp",480,500,true],"penci-thumb-small":["https:\/\/nandi.info\/wp-content\/uploads\/2024\/07\/droits-de-l-enfant-paix-unicef-senegal.jpg-263x175.webp",263,175,true]},"author_info":{"display_name":"Nandi","author_link":"https:\/\/nandi.info\/?author=1"},"category_info":"<a href=\"https:\/\/nandi.info\/?cat=43\" rel=\"category\">Nandi.info<\/a> <a href=\"https:\/\/nandi.info\/?cat=21\" rel=\"category\">Soci\u00e9t\u00e9<\/a>","tag_info":"Soci\u00e9t\u00e9","comment_count":"0","jetpack_featured_media_url":"https:\/\/nandi.info\/wp-content\/uploads\/2024\/07\/droits-de-l-enfant-paix-unicef-senegal.jpg.webp","jetpack_sharing_enabled":true,"_links":{"self":[{"href":"https:\/\/nandi.info\/index.php?rest_route=\/wp\/v2\/posts\/18990","targetHints":{"allow":["GET"]}}],"collection":[{"href":"https:\/\/nandi.info\/index.php?rest_route=\/wp\/v2\/posts"}],"about":[{"href":"https:\/\/nandi.info\/index.php?rest_route=\/wp\/v2\/types\/post"}],"author":[{"embeddable":true,"href":"https:\/\/nandi.info\/index.php?rest_route=\/wp\/v2\/users\/1"}],"replies":[{"embeddable":true,"href":"https:\/\/nandi.info\/index.php?rest_route=%2Fwp%2Fv2%2Fcomments&post=18990"}],"version-history":[{"count":1,"href":"https:\/\/nandi.info\/index.php?rest_route=\/wp\/v2\/posts\/18990\/revisions"}],"predecessor-version":[{"id":18994,"href":"https:\/\/nandi.info\/index.php?rest_route=\/wp\/v2\/posts\/18990\/revisions\/18994"}],"wp:featuredmedia":[{"embeddable":true,"href":"https:\/\/nandi.info\/index.php?rest_route=\/wp\/v2\/media\/19073"}],"wp:attachment":[{"href":"https:\/\/nandi.info\/index.php?rest_route=%2Fwp%2Fv2%2Fmedia&parent=18990"}],"wp:term":[{"taxonomy":"category","embeddable":true,"href":"https:\/\/nandi.info\/index.php?rest_route=%2Fwp%2Fv2%2Fcategories&post=18990"},{"taxonomy":"post_tag","embeddable":true,"href":"https:\/\/nandi.info\/index.php?rest_route=%2Fwp%2Fv2%2Ftags&post=18990"}],"curies":[{"name":"wp","href":"https:\/\/api.w.org\/{rel}","templated":true}]}}