{"id":18944,"date":"2024-06-28T12:50:12","date_gmt":"2024-06-28T10:50:12","guid":{"rendered":"https:\/\/nandi.info\/?p=18944"},"modified":"2024-06-28T12:52:49","modified_gmt":"2024-06-28T10:52:49","slug":"musique-rokia-traore-arretee-en-italie-dans-une-affaire-qui-loppose-a-la-justice-belge","status":"publish","type":"post","link":"https:\/\/nandi.info\/?p=18944","title":{"rendered":"Musique : Rokia Traor\u00e9 arr\u00eat\u00e9e en Italie dans une affaire qui l\u2019oppose \u00e0 la justice belge"},"content":{"rendered":"\n<p><br><strong>Notre compatriote, la talentueuse et tr\u00e8s engag\u00e9e artiste Rokia Traor\u00e9 a \u00e9t\u00e9 arr\u00eat\u00e9e vendredi dernier (21 juin 2024) en Italie en marge d&rsquo;un concert qu&rsquo;elle devait donner \u00e0 l&rsquo;occasion de la \u00ab<em>F\u00eate de la musique<\/em>\u00bb. L\u2019\u00e9v\u00e9nement \u00e9tait programm\u00e9 le m\u00eame jour au \u00ab<em>Tempio di Venere<\/em>\u00bb de Rome.<\/strong><\/p>\n\n\n\n<p class=\"has-drop-cap\">Les autorit\u00e9s italiennes n\u2019ont pas pour le moment comment\u00e9 l\u2019information. Mais, le parquet de Bruxelles a pour sa part d\u00e9clar\u00e9 que&nbsp;\u00ab l\u2019arrestation de Mme&nbsp;Traor\u00e9 en Italie fait suite \u00e0 une d\u00e9cision du tribunal correctionnel de Bruxelles du 18&nbsp;octobre&nbsp;2023 ayant condamn\u00e9 l\u2019int\u00e9ress\u00e9e, par d\u00e9faut, \u00e0 une peine de deux ans d\u2019emprisonnement du chef de non-repr\u00e9sentation d\u2019enfant \u00bb&nbsp;\u00e0 la personne en ayant la garde. Il faut rappeler que, en mars 2020, la Rossignole du B\u00e9l\u00e9dougou avait \u00e9t\u00e9&nbsp; arr\u00eat\u00e9e et emprisonn\u00e9e en France en vertu d\u2019un mandat d\u2019arr\u00eat europ\u00e9en car un tribunal belge lui avait ordonn\u00e9 de rendre sa fille. Il est important de rappeler que la justice malienne a ensuite accord\u00e9 la garde exclusive \u00e0 la m\u00e8re.<\/p>\n\n\n\n<p>Le verdict de la justice belge est jug\u00e9 discriminatoire par de nombreux observateurs qui imaginent mal la voir refuser \u00e0 une Belge la garde de son enfant (de surcro\u00eet une fille) au profit de son p\u00e8re c\u00e9libataire. Et selon de nombreux observateurs, \u00ab<em>cette histoire est en train de totalement briser la carri\u00e8re&nbsp; musicale<\/em>\u00bb&nbsp; d\u2019un artiste dont le seul tort est de vouloir pleinement jouer son r\u00f4le et son devoir de m\u00e8re. M\u00eame si elle \u00e9tait r\u00e9cemment apparue \u00e0 des festivals au Togo et en Afrique du Sud, Rokia a d\u00fb renoncer \u00e0 ses traditionnelles tourn\u00e9es en Europe et en Am\u00e9rique \u00e0 cause du mandat d\u2019arr\u00eat europ\u00e9en \u00e9mis contre elle par la justice belge.<\/p>\n\n\n\n<p>A Rome, elle pourra compter sur le soutien du Conseil de base des Maliens d\u2019Italie, particuli\u00e8rement de son dynamique pr\u00e9sident Mahamoud Idriss Boun\u00e9, qui a r\u00e9cemment obtenu 200 millions de francs CFA pour la famille de feu Saybou Sangar\u00e9, un Malien de la diaspora d\u00e9c\u00e9d\u00e9 le 26 novembre 2022 \u00e0 San Severo en Italie, \u00e0 la suite d\u2019un accident de circulation. N\u2019emp\u00eache que la repr\u00e9sentation diplomatique du Mali ainsi que le gouvernement sont aussi interpell\u00e9s \u00e0 ne rien m\u00e9nager pour le d\u00e9nouement de cette affaire \u00e0 suivre&nbsp;!<\/p>\n\n\n\n<p><strong>Naby<\/strong><\/p>\n","protected":false},"excerpt":{"rendered":"<p>Notre compatriote, la talentueuse et tr\u00e8s engag\u00e9e artiste Rokia Traor\u00e9 a \u00e9t\u00e9 arr\u00eat\u00e9e vendredi dernier (21 juin 2024) en Italie en marge d&rsquo;un concert qu&rsquo;elle devait donner \u00e0 l&rsquo;occasion de&hellip;<\/p>\n","protected":false},"author":1,"featured_media":18945,"comment_status":"open","ping_status":"open","sticky":false,"template":"","format":"standard","meta":{"content-type":"","_lmt_disableupdate":"","_lmt_disable":"","_jetpack_memberships_contains_paid_content":false,"footnotes":"","jetpack_publicize_message":"","jetpack_publicize_feature_enabled":true,"jetpack_social_post_already_shared":false,"jetpack_social_options":{"image_generator_settings":{"template":"highway","default_image_id":0,"font":"","enabled":false},"version":2}},"categories":[53,32],"tags":[],"class_list":["post-18944","post","type-post","status-publish","format-standard","has-post-thumbnail","hentry","category-le-matin","category-musique-art-et-culture"],"jetpack_publicize_connections":[],"featured_image_urls":{"full":["https:\/\/nandi.info\/wp-content\/uploads\/2024\/06\/En-allant-en-Italie-Rokia-Traore-sest-jetee-dans-la-gueule-du-loup.jpg",720,1080,false],"thumbnail":["https:\/\/nandi.info\/wp-content\/uploads\/2024\/06\/En-allant-en-Italie-Rokia-Traore-sest-jetee-dans-la-gueule-du-loup-150x150.jpg",150,150,true],"medium":["https:\/\/nandi.info\/wp-content\/uploads\/2024\/06\/En-allant-en-Italie-Rokia-Traore-sest-jetee-dans-la-gueule-du-loup-200x300.jpg",200,300,true],"medium_large":["https:\/\/nandi.info\/wp-content\/uploads\/2024\/06\/En-allant-en-Italie-Rokia-Traore-sest-jetee-dans-la-gueule-du-loup.jpg",720,1080,false],"large":["https:\/\/nandi.info\/wp-content\/uploads\/2024\/06\/En-allant-en-Italie-Rokia-Traore-sest-jetee-dans-la-gueule-du-loup-683x1024.jpg",683,1024,true],"1536x1536":["https:\/\/nandi.info\/wp-content\/uploads\/2024\/06\/En-allant-en-Italie-Rokia-Traore-sest-jetee-dans-la-gueule-du-loup.jpg",720,1080,false],"2048x2048":["https:\/\/nandi.info\/wp-content\/uploads\/2024\/06\/En-allant-en-Italie-Rokia-Traore-sest-jetee-dans-la-gueule-du-loup.jpg",720,1080,false],"penci-recipe-1200x1200":["https:\/\/nandi.info\/wp-content\/uploads\/2024\/06\/En-allant-en-Italie-Rokia-Traore-sest-jetee-dans-la-gueule-du-loup.jpg",720,1080,false],"penci-recipe-1200x900":["https:\/\/nandi.info\/wp-content\/uploads\/2024\/06\/En-allant-en-Italie-Rokia-Traore-sest-jetee-dans-la-gueule-du-loup-720x900.jpg",720,900,true],"penci-recipe-1200x675":["https:\/\/nandi.info\/wp-content\/uploads\/2024\/06\/En-allant-en-Italie-Rokia-Traore-sest-jetee-dans-la-gueule-du-loup-720x675.jpg",720,675,true],"penci-single-full":["https:\/\/nandi.info\/wp-content\/uploads\/2024\/06\/En-allant-en-Italie-Rokia-Traore-sest-jetee-dans-la-gueule-du-loup.jpg",720,1080,false],"penci-slider-full-thumb":["https:\/\/nandi.info\/wp-content\/uploads\/2024\/06\/En-allant-en-Italie-Rokia-Traore-sest-jetee-dans-la-gueule-du-loup-720x800.jpg",720,800,true],"penci-full-thumb":["https:\/\/nandi.info\/wp-content\/uploads\/2024\/06\/En-allant-en-Italie-Rokia-Traore-sest-jetee-dans-la-gueule-du-loup.jpg",720,1080,false],"penci-slider-thumb":["https:\/\/nandi.info\/wp-content\/uploads\/2024\/06\/En-allant-en-Italie-Rokia-Traore-sest-jetee-dans-la-gueule-du-loup-720x663.jpg",720,663,true],"penci-magazine-slider":["https:\/\/nandi.info\/wp-content\/uploads\/2024\/06\/En-allant-en-Italie-Rokia-Traore-sest-jetee-dans-la-gueule-du-loup-720x516.jpg",720,516,true],"penci-thumb":["https:\/\/nandi.info\/wp-content\/uploads\/2024\/06\/En-allant-en-Italie-Rokia-Traore-sest-jetee-dans-la-gueule-du-loup-585x390.jpg",585,390,true],"penci-masonry-thumb":["https:\/\/nandi.info\/wp-content\/uploads\/2024\/06\/En-allant-en-Italie-Rokia-Traore-sest-jetee-dans-la-gueule-du-loup-585x878.jpg",585,878,true],"penci-thumb-square":["https:\/\/nandi.info\/wp-content\/uploads\/2024\/06\/En-allant-en-Italie-Rokia-Traore-sest-jetee-dans-la-gueule-du-loup-585x585.jpg",585,585,true],"penci-thumb-vertical":["https:\/\/nandi.info\/wp-content\/uploads\/2024\/06\/En-allant-en-Italie-Rokia-Traore-sest-jetee-dans-la-gueule-du-loup-480x650.jpg",480,650,true],"penci-thumb-small":["https:\/\/nandi.info\/wp-content\/uploads\/2024\/06\/En-allant-en-Italie-Rokia-Traore-sest-jetee-dans-la-gueule-du-loup-263x175.jpg",263,175,true]},"author_info":{"display_name":"Nandi","author_link":"https:\/\/nandi.info\/?author=1"},"category_info":"<a href=\"https:\/\/nandi.info\/?cat=53\" rel=\"category\">Le Matin<\/a> <a href=\"https:\/\/nandi.info\/?cat=32\" rel=\"category\">Musique Art et Culture<\/a>","tag_info":"Musique Art et Culture","comment_count":"0","jetpack_featured_media_url":"https:\/\/nandi.info\/wp-content\/uploads\/2024\/06\/En-allant-en-Italie-Rokia-Traore-sest-jetee-dans-la-gueule-du-loup.jpg","jetpack_sharing_enabled":true,"_links":{"self":[{"href":"https:\/\/nandi.info\/index.php?rest_route=\/wp\/v2\/posts\/18944","targetHints":{"allow":["GET"]}}],"collection":[{"href":"https:\/\/nandi.info\/index.php?rest_route=\/wp\/v2\/posts"}],"about":[{"href":"https:\/\/nandi.info\/index.php?rest_route=\/wp\/v2\/types\/post"}],"author":[{"embeddable":true,"href":"https:\/\/nandi.info\/index.php?rest_route=\/wp\/v2\/users\/1"}],"replies":[{"embeddable":true,"href":"https:\/\/nandi.info\/index.php?rest_route=%2Fwp%2Fv2%2Fcomments&post=18944"}],"version-history":[{"count":1,"href":"https:\/\/nandi.info\/index.php?rest_route=\/wp\/v2\/posts\/18944\/revisions"}],"predecessor-version":[{"id":18946,"href":"https:\/\/nandi.info\/index.php?rest_route=\/wp\/v2\/posts\/18944\/revisions\/18946"}],"wp:featuredmedia":[{"embeddable":true,"href":"https:\/\/nandi.info\/index.php?rest_route=\/wp\/v2\/media\/18945"}],"wp:attachment":[{"href":"https:\/\/nandi.info\/index.php?rest_route=%2Fwp%2Fv2%2Fmedia&parent=18944"}],"wp:term":[{"taxonomy":"category","embeddable":true,"href":"https:\/\/nandi.info\/index.php?rest_route=%2Fwp%2Fv2%2Fcategories&post=18944"},{"taxonomy":"post_tag","embeddable":true,"href":"https:\/\/nandi.info\/index.php?rest_route=%2Fwp%2Fv2%2Ftags&post=18944"}],"curies":[{"name":"wp","href":"https:\/\/api.w.org\/{rel}","templated":true}]}}