{"id":18936,"date":"2024-06-27T17:03:32","date_gmt":"2024-06-27T15:03:32","guid":{"rendered":"https:\/\/nandi.info\/?p=18936"},"modified":"2024-06-27T17:07:59","modified_gmt":"2024-06-27T15:07:59","slug":"communique-du-conseil-des-ministres-du-mercredi-26-juin-2024-cm-n2024-26-sgg","status":"publish","type":"post","link":"https:\/\/nandi.info\/?p=18936","title":{"rendered":"Communiqu\u00e9 du conseil des ministres du mercredi 26 juin 2024 : CM N\u00b02024-26\/SGG"},"content":{"rendered":"\n<p>Le Conseil des Ministres s\u2019est r\u00e9uni en session ordinaire, le mercredi 26 juin 2024, dans sa salle de d\u00e9lib\u00e9rations au Palais de Koulouba, sous la pr\u00e9sidence du Colonel Assimi GOITA, Pr\u00e9sident de la Transition, Chef de l\u2019Etat.<\/p>\n\n\n\n<p>Apr\u00e8s examen des points inscrits \u00e0 l\u2019ordre du jour, le Conseil a :<\/p>\n\n\n\n<p>\u2013 proc\u00e9d\u00e9 \u00e0 des nominations ;<\/p>\n\n\n\n<p>\u2013 et entendu des communications.<\/p>\n\n\n\n<p><strong>AU CHAPITRE DES MESURES INDIVIDUELLES<\/strong><\/p>\n\n\n\n<p>Le Conseil des Ministres a proc\u00e9d\u00e9 aux nominations suivantes :<\/p>\n\n\n\n<p><strong>AU TITRE DU MINISTERE DE L\u2019ADMINISTRATION TERRITORIALE ET DE LA DECENTRALISATION<\/strong><\/p>\n\n\n\n<p>Le Conseil des Ministres a approuv\u00e9 la nomination des repr\u00e9sentants de l\u2019Etat, notamment aux postes de Directeurs de Cabinet, Conseillers aux Affaires Administratives et juridiques, Conseillers aux Affaires \u00e9conomiques et financi\u00e8res, Conseillers \u00e0 la S\u00e9curit\u00e9 et \u00e0 la Protection civile, Conseillers aux Affaires sociales et culturelles dans certains Gouvernorats ; de Pr\u00e9fets ; de 1er et de 2 \u00e8me Adjoints aux Pr\u00e9fets de Cercles.<\/p>\n\n\n\n<p>Ces nominations s\u2019inscrivent dans le cadre de la r\u00e9alisation de l\u2019instruction du Pr\u00e9sident de la Transition, Chef de l\u2019Etat relative au retour de l\u2019Administration et des services sociaux de base sur toute l\u2019\u00e9tendue du territoire national.<\/p>\n\n\n\n<p>En vue de l\u2019atteinte de cet objectif crucial inscrit dans le Plan d\u2019Actions du Gouvernement, le Pr\u00e9sident de la Transition, Chef de l\u2019Etat a r\u00e9guli\u00e8rement autoris\u00e9 la nomination de plusieurs \u00e9l\u00e9ments des Forces de D\u00e9fense et de S\u00e9curit\u00e9 comme repr\u00e9sentants de l\u2019Etat.<\/p>\n\n\n\n<p>Cette mesure se justifie par le contexte s\u00e9curitaire domin\u00e9 par une offensive permanente des Forces arm\u00e9es maliennes contre les Groupes arm\u00e9s terroristes et surtout la n\u00e9cessit\u00e9 de s\u00e9curiser les populations maliennes sur l\u2019ensemble du territoire national.<\/p>\n\n\n\n<p>\u2013 Inspecteurs \u00e0 l\u2019Inspection de l\u2019Int\u00e9rieur :<\/p>\n\n\n\n<p>Monsieur Jean-Marie SAGARA, Membre du Corps pr\u00e9fectoral ;<\/p>\n\n\n\n<p>Madame Aminata SANOGO, Membre du Corps pr\u00e9fectoral ;<\/p>\n\n\n\n<p>Monsieur Aliou GUINDO, Membre du Corps pr\u00e9fectoral.<\/p>\n\n\n\n<p>\u2013 Directeur de Cabinet du Gouverneur de la R\u00e9gion de Mopti :<\/p>\n\n\n\n<p>Monsieur Mamadou Seydou DIARRA, Membre du Corps pr\u00e9fectoral.<\/p>\n\n\n\n<p>\u2013 Directeur de Cabinet du Gouverneur de la R\u00e9gion de Gao :<\/p>\n\n\n\n<p>Monsieur Mamadou DIAKITE, Membre du Corps pr\u00e9fectoral.<\/p>\n\n\n\n<p>\u2013 Directeur de Cabinet du Gouverneur de la R\u00e9gion de Kita :<\/p>\n\n\n\n<p>Monsieur Abdoulaye GUINDO, Membre du Corps pr\u00e9fectoral.<\/p>\n\n\n\n<p>\u2013 Directeur de Cabinet du Gouverneur de la R\u00e9gion de Dioila :<\/p>\n\n\n\n<p>Madame Mariam COULIBALY, Membre du Corps pr\u00e9fectoral.<\/p>\n\n\n\n<p>\u2013 Directeur de Cabinet du Gouverneur de la R\u00e9gion de Nara :<\/p>\n\n\n\n<p>Monsieur Falaye SY, Membre du Corps pr\u00e9fectoral.<\/p>\n\n\n\n<p>\u2013 Conseiller aux Affaires Administratives et Juridiques du Gouverneur de la R\u00e9gion de Tombouctou :<\/p>\n\n\n\n<p>Monsieur Boubacar DANFAGA, Membre du Corps pr\u00e9fectoral.<\/p>\n\n\n\n<p>\u2013 Conseiller aux Affaires Administratives et Juridiques du Gouverneur de la R\u00e9gion de Dioila :<\/p>\n\n\n\n<p>Monsieur Moussa COULIBALY, Membre du Corps pr\u00e9fectoral.<\/p>\n\n\n\n<p>Conseiller aux Affaires Administratives et Juridiques du Gouverneur de la R\u00e9gion de Nara :<\/p>\n\n\n\n<p>Monsieur Br\u00e9hima DIALLO Membre du Corps pr\u00e9fectoral.<\/p>\n\n\n\n<p>\u2013 Conseiller aux Affaires Administratives et Juridiques du Gouverneur de la R\u00e9gion de Bougouni :<\/p>\n\n\n\n<p>Monsieur Ismayila Yoro DICKO, Membre du Corps pr\u00e9fectoral.<\/p>\n\n\n\n<p>\u2013 Conseiller aux Affaires Administratives et Juridiques du Gouverneur de la R\u00e9gion de Koutiala :<\/p>\n\n\n\n<p>Monsieur Ousmane SOW, Membre du Corps pr\u00e9fectoral.<\/p>\n\n\n\n<p>\u2013 Conseiller aux Affaires Economiques et Financi\u00e8res du Gouverneur du District de Bamako :<\/p>\n\n\n\n<p>Monsieur Mamadou TRAORE, Planificateur.<\/p>\n\n\n\n<p>\u2013 Conseiller aux Affaires Economiques et Financi\u00e8res du Gouverneur de la R\u00e9gion de Koulikoro :<\/p>\n\n\n\n<p>Monsieur Sagaba SAMAKE, Ing\u00e9nieur des Eaux et For\u00eats.<\/p>\n\n\n\n<p>\u2013 Conseiller aux Affaires Economiques et Financi\u00e8res du Gouverneur de la R\u00e9gion de Sikasso :<\/p>\n\n\n\n<p>Monsieur Ibrahim MAHAMANE, Ing\u00e9nieur de l\u2019Agriculture et du G\u00e9nie Rural.<\/p>\n\n\n\n<p>\u2013 Conseiller aux Affaires Economiques et Financi\u00e8res du Gouverneur de la R\u00e9gion de S\u00e9gou :<\/p>\n\n\n\n<p>Monsieur Yamadou KEITA, Inspecteur des Finances.<\/p>\n\n\n\n<p>\u2013 Conseiller aux Affaires Economiques et Financi\u00e8res du Gouverneur de la R\u00e9gion de Kita :<\/p>\n\n\n\n<p>Monsieur Mamadou Hama MAIGA, Ing\u00e9nieur de l\u2019Agriculture et du G\u00e9nie Rural.<\/p>\n\n\n\n<p>\u2013 Conseiller aux Affaires Economiques et Financi\u00e8res du Gouverneur de la R\u00e9gion de Koutiala :<\/p>\n\n\n\n<p>Monsieur Moussa GUINDO, Ing\u00e9nieur de l\u2019Agriculture et du G\u00e9nie Rural.<\/p>\n\n\n\n<p>\u2013 Conseiller aux Affaires Economiques et Financi\u00e8res du Gouverneur de la R\u00e9gion de Bandiagara :<\/p>\n\n\n\n<p>Monsieur Issiaka CISSE, Ing\u00e9nieur de l\u2019Agriculture et du G\u00e9nie Rural.<\/p>\n\n\n\n<p>\u2013 Conseiller \u00e0 la S\u00e9curit\u00e9 et \u00e0 la Protection Civile du Gouverneur de la R\u00e9gion de M\u00e9naka :<\/p>\n\n\n\n<p>Commandant Ingona OULD BOY BOY.<\/p>\n\n\n\n<p>\u2013 Conseiller \u00e0 la S\u00e9curit\u00e9 et \u00e0 la Protection Civile du Gouverneur de la R\u00e9gion de Dioila :<\/p>\n\n\n\n<p>Contr\u00f4leur g\u00e9n\u00e9ral de Police Mahamadou GUINDO.<\/p>\n\n\n\n<p>\u2013 Conseiller \u00e0 la S\u00e9curit\u00e9 et \u00e0 la Protection Civile du Gouverneur de la R\u00e9gion de San :<\/p>\n\n\n\n<p>Lieutenant-colonel Br\u00e9hima SOGODOGO.<\/p>\n\n\n\n<p>\u2013 Conseiller aux Affaires sociales et culturelles du Gouverneur du District de Bamako :<\/p>\n\n\n\n<p>Monsieur Moussa DEMBELE, Administrateur civil.<\/p>\n\n\n\n<p>Pr\u00e9fet du Cercle de Kayes :<\/p>\n\n\n\n<p>Monsieur Abdoulaye CISSE, Membre du Corps pr\u00e9fectoral.<\/p>\n\n\n\n<p>\u2013 Pr\u00e9fet du Cercle de Ambid\u00e9di :<\/p>\n\n\n\n<p>Monsieur Bakary CAMARA, Membre du Corps pr\u00e9fectoral.<\/p>\n\n\n\n<p>\u2013 Pr\u00e9fet du Cercle de Aourou :<\/p>\n\n\n\n<p>Monsieur Youssouf Bakary TRAORE, Membre du Corps pr\u00e9fectoral.<\/p>\n\n\n\n<p>\u2013 Pr\u00e9fet du Cercle de Diamou :<\/p>\n\n\n\n<p>Monsieur Mamadou COULIBALY, Membre du Corps pr\u00e9fectoral.<\/p>\n\n\n\n<p>\u2013 Pr\u00e9fet du Cercle de Oussoubidiagna :<\/p>\n\n\n\n<p>Commissaire de Police Emmanuel KODIO.<\/p>\n\n\n\n<p>\u2013 Pr\u00e9fet du Cercle de S\u00e9gala :<\/p>\n\n\n\n<p>Monsieur Bikane KANAMBAYE, Membre du Corps pr\u00e9fectoral.<\/p>\n\n\n\n<p>\u2013 Pr\u00e9fet du Cercle de Sadiola :<\/p>\n\n\n\n<p>Monsieur Hamadou KASSOGUE, Membre du Corps pr\u00e9fectoral.<\/p>\n\n\n\n<p>\u2013 Pr\u00e9fet du Cercle de Koulikoro :<\/p>\n\n\n\n<p>Monsieur Djiby DIAWARA, Membre du Corps pr\u00e9fectoral.<\/p>\n\n\n\n<p>\u2013 Pr\u00e9fet du Cercle de Banamba :<\/p>\n\n\n\n<p>Monsieur Siaka KANTE, Membre du Corps pr\u00e9fectoral.<\/p>\n\n\n\n<p>\u2013 Pr\u00e9fet du Cercle de Nyamina :<\/p>\n\n\n\n<p>Monsieur Mamadou B. KEITA, Membre du Corps pr\u00e9fectoral.<\/p>\n\n\n\n<p>\u2013 Pr\u00e9fet du Cercle de Siby :<\/p>\n\n\n\n<p>Monsieur Br\u00e9hima DIAKITE, Membre du Corps pr\u00e9fectoral.<\/p>\n\n\n\n<p>\u2013 Pr\u00e9fet du Cercle de N\u00e9gu\u00e9la :<\/p>\n\n\n\n<p>Monsieur Ousmane KEITA, Membre du Corps pr\u00e9fectoral.<\/p>\n\n\n\n<p>\u2013 Pr\u00e9fet du Cercle de Sikasso :<\/p>\n\n\n\n<p>Monsieur Amadou GASSAMBA, Membre du Corps pr\u00e9fectoral.<\/p>\n\n\n\n<p>\u2013 Pr\u00e9fet du Cercle de Dand\u00e9r\u00e9sso :<\/p>\n\n\n\n<p>Monsieur Mohamed Abdul Boubakar MAIGA, Membre du Corps pr\u00e9fectoral.<\/p>\n\n\n\n<p>\u2013 Pr\u00e9fet du Cercle de Kignan :<\/p>\n\n\n\n<p>Monsieur Oumar Hamadoun TOURE, Membre du Corps pr\u00e9fectoral.<\/p>\n\n\n\n<p>\u2013 Pr\u00e9fet du Cercle de Kl\u00e9la :<\/p>\n\n\n\n<p>Monsieur Yassi DIABY, Membre du Corps pr\u00e9fectoral.<\/p>\n\n\n\n<p>\u2013 Pr\u00e9fet du Cercle de Lobougoula :<\/p>\n\n\n\n<p>Monsieur Famory KAMISSOKO, Membre du Corps pr\u00e9fectoral.<\/p>\n\n\n\n<p>Pr\u00e9fet du Cercle de Loulouni :<\/p>\n\n\n\n<p>Monsieur S\u00e9kou Sidya COULIBALY, Membre du Corps pr\u00e9fectoral.<\/p>\n\n\n\n<p>\u2013 Pr\u00e9fet du Cercle de Ni\u00e9na :<\/p>\n\n\n\n<p>Monsieur Mamoudou DIALLO, Membre du Corps pr\u00e9fectoral.<\/p>\n\n\n\n<p>\u2013 Pr\u00e9fet du Cercle de Dioro :<\/p>\n\n\n\n<p>Monsieur Amadou TOURE, Membre du Corps pr\u00e9fectoral.<\/p>\n\n\n\n<p>\u2013 Pr\u00e9fet du Cercle de Farako :<\/p>\n\n\n\n<p>Monsieur Boubacar KASSAMBARA, Membre du Corps pr\u00e9fectoral.<\/p>\n\n\n\n<p>\u2013 Pr\u00e9fet du Cercle de Nampala :<\/p>\n\n\n\n<p>Commandant Nanta KONATE.<\/p>\n\n\n\n<p>\u2013 Pr\u00e9fet du Cercle de Sokolo :<\/p>\n\n\n\n<p>Monsieur Moussa DIANE, Membre du Corps pr\u00e9fectoral.<\/p>\n\n\n\n<p>\u2013 Pr\u00e9fet du Cercle de Markala :<\/p>\n\n\n\n<p>Monsieur Adama Moussa SIDIBE, Membre du Corps pr\u00e9fectoral.<\/p>\n\n\n\n<p>\u2013 Pr\u00e9fet du Cercle de Sarro :<\/p>\n\n\n\n<p>Monsieur Boubacar SANOGO, Membre du Corps pr\u00e9fectoral.<\/p>\n\n\n\n<p>\u2013 Pr\u00e9fet du Cercle de Youwarou :<\/p>\n\n\n\n<p>Monsieur Baba KONE, Membre du Corps pr\u00e9fectoral.<\/p>\n\n\n\n<p>\u2013 Pr\u00e9fet du Cercle de Konna :<\/p>\n\n\n\n<p>Monsieur Cheick Mahamadou SYLLA, Membre du Corps pr\u00e9fectoral.<\/p>\n\n\n\n<p>\u2013 Pr\u00e9fet du Cercle de Korientz\u00e9 :<\/p>\n\n\n\n<p>Monsieur Oumar DEMBELE, Membre du Corps pr\u00e9fectoral.<\/p>\n\n\n\n<p>\u2013 Pr\u00e9fet du Cercle de Sofara :<\/p>\n\n\n\n<p>Monsieur Arouna DEMBELE, Membre du Corps pr\u00e9fectoral.<\/p>\n\n\n\n<p>\u2013 Pr\u00e9fet du Cercle de Togu\u00e9r\u00e9-Coumb\u00e9 :<\/p>\n\n\n\n<p>Capitaine Mohamed Ali AG ABIDINI.<\/p>\n\n\n\n<p>\u2013 Pr\u00e9fet du Cercle de Tombouctou :<\/p>\n\n\n\n<p>Monsieur Abdoul Karim KONE, Membre du Corps pr\u00e9fectoral.<\/p>\n\n\n\n<p>\u2013 Pr\u00e9fet du Cercle de Dir\u00e9 :<\/p>\n\n\n\n<p>Lieutenant-colonel Abdoulaye TRAORE.<\/p>\n\n\n\n<p>\u2013 Pr\u00e9fet du Cercle de Niafunk\u00e9 :<\/p>\n\n\n\n<p>Monsieur Modibo Kane TOGO, Membre du Corps pr\u00e9fectoral.<\/p>\n\n\n\n<p>\u2013 Pr\u00e9fet du Cercle de Bintagoungou :<\/p>\n\n\n\n<p>Lieutenant Philippe DEMBELE.<\/p>\n\n\n\n<p>Pr\u00e9fet du Cercle de Saraf\u00e9r\u00e9 :<\/p>\n\n\n\n<p>Commissaire de Police Oumar AG ABDOLLAI.<\/p>\n\n\n\n<p>\u2013 Pr\u00e9fet du Cercle de Bambara-Maoud\u00e9 :<\/p>\n\n\n\n<p>Commandant Boubacar KONATE.<\/p>\n\n\n\n<p>\u2013 Pr\u00e9fet du Cercle de L\u00e9r\u00e9 :<\/p>\n\n\n\n<p>Commandant d\u2019Aviation Karim Doula DICKO.<\/p>\n\n\n\n<p>\u2013 Pr\u00e9fet du Cercle de Gossi :<\/p>\n\n\n\n<p>Colonel Modibo DIALLO.<\/p>\n\n\n\n<p>\u2013 Pr\u00e9fet du Cercle de Tonka :<\/p>\n\n\n\n<p>Lieutenant Mambi KEITA.<\/p>\n\n\n\n<p>\u2013 Pr\u00e9fet du Cercle de Ber :<\/p>\n\n\n\n<p>Capitaine Brehima COULIBALY.<\/p>\n\n\n\n<p>\u2013 Pr\u00e9fet du Cercle de Gargando :<\/p>\n\n\n\n<p>Commandant Idrissa TESSOUGUE.<\/p>\n\n\n\n<p>\u2013 Pr\u00e9fet du Cercle de Gao :<\/p>\n\n\n\n<p>Monsieur B\u00e9n\u00e9na MOUNKORO, Membre du Corps pr\u00e9fectoral.<\/p>\n\n\n\n<p>\u2013 Pr\u00e9fet du Cercle de Bamba :<\/p>\n\n\n\n<p>Lieutenant Mansa DOUMBIA.<\/p>\n\n\n\n<p>\u2013 Pr\u00e9fet du Cercle de Ouattagouna :<\/p>\n\n\n\n<p>Monsieur M\u00e9dian KONE, Membre du Corps pr\u00e9fectoral.<\/p>\n\n\n\n<p>\u2013 Pr\u00e9fet du Cercle de Soni Aliber :<\/p>\n\n\n\n<p>Capitaine Adama COULIBALY.<\/p>\n\n\n\n<p>\u2013 Pr\u00e9fet du Cercle de Djebock :<\/p>\n\n\n\n<p>Capitaine Kok\u00e9 DIARRA.<\/p>\n\n\n\n<p>\u2013 Pr\u00e9fet du Cercle de Talataye :<\/p>\n\n\n\n<p>Capitaine Mory SIDIBE.<\/p>\n\n\n\n<p>\u2013 Pr\u00e9fet du Cercle de Tessit :<\/p>\n\n\n\n<p>Capitaine Boubacar SANGARE.<\/p>\n\n\n\n<p>\u2013 Pr\u00e9fet du Cercle de N\u2019Tillit :<\/p>\n\n\n\n<p>Commissaire de Police Youssouf Kalilou TRAORE.<\/p>\n\n\n\n<p>\u2013 Pr\u00e9fet du Cercle de Gab\u00e9ro :<\/p>\n\n\n\n<p>Capitaine Seydou TRAORE.<\/p>\n\n\n\n<p>\u2013 Pr\u00e9fet du Cercle de Ersane :<\/p>\n\n\n\n<p>Commandant Demba Baba TRAORE.<\/p>\n\n\n\n<p>Pr\u00e9fet du Cercle de Tin-Aouker :<\/p>\n\n\n\n<p>Lieutenant-colonel Abou DIABATE.<\/p>\n\n\n\n<p>\u2013 Pr\u00e9fet du Cercle de Kassamb\u00e9r\u00e9 :<\/p>\n\n\n\n<p>Capitaine Mamadou SY.<\/p>\n\n\n\n<p>\u2013 Pr\u00e9fet du Cercle de Kidal :<\/p>\n\n\n\n<p>Monsieur Mahamad AG AHMOUDENE, Membre du Corps pr\u00e9fectoral.<\/p>\n\n\n\n<p>\u2013 Pr\u00e9fet du Cercle de Tin-Essako :<\/p>\n\n\n\n<p>Lieutenant Metaga DEMBELE.<\/p>\n\n\n\n<p>\u2013 Pr\u00e9fet du Cercle de Tessalit :<\/p>\n\n\n\n<p>Capitaine Tad\u00e9 THERA.<\/p>\n\n\n\n<p>\u2013 Pr\u00e9fet du Cercle de An\u00e9fif :<\/p>\n\n\n\n<p>Capitaine Daouda SOGOBA.<\/p>\n\n\n\n<p>\u2013 Pr\u00e9fet du Cercle de Tim\u00e9trine :<\/p>\n\n\n\n<p>Commandant Housseyni TOGO.<\/p>\n\n\n\n<p>\u2013 Pr\u00e9fet du Cercle de Aguel-Hoc :<\/p>\n\n\n\n<p>Monsieur Boubacar AG BARKA, Ing\u00e9nieur de l\u2019Industrie et des Mines.<\/p>\n\n\n\n<p>\u2013 Pr\u00e9fet du Cercle de Takalote :<\/p>\n\n\n\n<p>Capitaine Fanta Mady KEITA.<\/p>\n\n\n\n<p>\u2013 Pr\u00e9fet du Cercle de Araouane :<\/p>\n\n\n\n<p>Commandant Michel KAMATE.<\/p>\n\n\n\n<p>\u2013 Pr\u00e9fet du Cercle de M\u00e9naka :<\/p>\n\n\n\n<p>Monsieur Daouda SIDIBE, Membre du Corps pr\u00e9fectoral.<\/p>\n\n\n\n<p>\u2013 Pr\u00e9fet du Cercle de Tiderm\u00e8ne :<\/p>\n\n\n\n<p>Commandant Abdoulaye S\u00e9kou KEITA.<\/p>\n\n\n\n<p>\u2013 Pr\u00e9fet du Cercle de In\u00e9kar :<\/p>\n\n\n\n<p>Capitaine Balmine SANOGO.<\/p>\n\n\n\n<p>\u2013 Pr\u00e9fet du Cercle de Anouzagr\u00e8ne :<\/p>\n\n\n\n<p>Commandant Mamadou Bink\u00e9 SAMAKE.<\/p>\n\n\n\n<p>\u2013 Pr\u00e9fet du Cercle de Inlamawane (Fanfi) :<\/p>\n\n\n\n<p>Capitaine Ag-Elher AG DAOUD.<\/p>\n\n\n\n<p>\u2013 Pr\u00e9fet du Cercle de Nioro :<\/p>\n\n\n\n<p>Monsieur Lamine KOUYATE, Membre du Corps pr\u00e9fectoral.<\/p>\n\n\n\n<p>\u2013 Pr\u00e9fet du Cercle de Diangount\u00e9 Camara :<\/p>\n\n\n\n<p>Monsieur Djigui KEITA, Membre du Corps pr\u00e9fectoral.<\/p>\n\n\n\n<p>-Pr\u00e9fet du Cercle de Sandar\u00e9 :<\/p>\n\n\n\n<p>Monsieur Agaly KEITA, Membre du Corps pr\u00e9fectoral.<\/p>\n\n\n\n<p>\u2013 Pr\u00e9fet du Cercle de Troungoumb\u00e9 :<\/p>\n\n\n\n<p>Monsieur Aly Boure\u00efma KASSAMBARA, Membre du Corps pr\u00e9fectoral.<\/p>\n\n\n\n<p>\u2013 Pr\u00e9fet du Cercle de B\u00e9ma :<\/p>\n\n\n\n<p>Monsieur Souleymane GUINDO, Membre du Corps pr\u00e9fectoral.<\/p>\n\n\n\n<p>\u2013 Pr\u00e9fet du Cercle de Sagabari :<\/p>\n\n\n\n<p>Monsieur Abdoulaye CISSE, Membre du Corps pr\u00e9fectoral.<\/p>\n\n\n\n<p>\u2013 Pr\u00e9fet du Cercle de S\u00e9b\u00e9koro :<\/p>\n\n\n\n<p>Madame Rokia DAGNOKO, Membre du Corps pr\u00e9fectoral.<\/p>\n\n\n\n<p>\u2013 Pr\u00e9fet du Cercle de Toukoto :<\/p>\n\n\n\n<p>Monsieur Zoumana TRAORE, Membre du Corps pr\u00e9fectoral.<\/p>\n\n\n\n<p>\u2013 Pr\u00e9fet du Cercle de S\u00e9f\u00e9to :<\/p>\n\n\n\n<p>Monsieur Ti\u00e9moko Diaguiri MAGASSA, Membre du Corps pr\u00e9fectoral.<\/p>\n\n\n\n<p>\u2013 Pr\u00e9fet du Cercle de Sirakoro :<\/p>\n\n\n\n<p>Monsieur Gaston BERTHE, Membre du Corps pr\u00e9fectoral.<\/p>\n\n\n\n<p>\u2013 Pr\u00e9fet du Cercle de Banco :<\/p>\n\n\n\n<p>Monsieur Adama Ti\u00e9moko TRAORE, Membre du Corps pr\u00e9fectoral.<\/p>\n\n\n\n<p>\u2013 Pr\u00e9fet du Cercle de B\u00e9l\u00e9ko :<\/p>\n\n\n\n<p>Monsieur Amadou Oumar KIDA, Membre du Corps pr\u00e9fectoral.<\/p>\n\n\n\n<p>\u2013 Pr\u00e9fet du Cercle de Fana :<\/p>\n\n\n\n<p>Monsieur Dahirou TAPILY, Membre du Corps pr\u00e9fectoral.<\/p>\n\n\n\n<p>\u2013 Pr\u00e9fet du Cercle de Massigui :<\/p>\n\n\n\n<p>Monsieur Adama TOGOLA, Membre du Corps pr\u00e9fectoral.<\/p>\n\n\n\n<p>\u2013 Pr\u00e9fet du Cercle de M\u00e9na :<\/p>\n\n\n\n<p>Monsieur Mamadou BARRY, Membre du Corps pr\u00e9fectoral.<\/p>\n\n\n\n<p>\u2013 Pr\u00e9fet du Cercle de Ball\u00e9 :<\/p>\n\n\n\n<p>Monsieur Maurice TRAORE, Membre du Corps pr\u00e9fectoral.<\/p>\n\n\n\n<p>\u2013 Pr\u00e9fet du Cercle de Dilly :<\/p>\n\n\n\n<p>Monsieur Abdoulaye GUINDO, Membre du Corps pr\u00e9fectoral.<\/p>\n\n\n\n<p>\u2013 Pr\u00e9fet du Cercle de Mourdiah :<\/p>\n\n\n\n<p>Monsieur Famory DIALLO, Membre du Corps pr\u00e9fectoral.<\/p>\n\n\n\n<p>\u2013 Pr\u00e9fet du Cercle de Guir\u00e9 :<\/p>\n\n\n\n<p>Capitaine Modibo DIARRA.<\/p>\n\n\n\n<p>\u2013 Pr\u00e9fet du Cercle de Fallou :<\/p>\n\n\n\n<p>Monsieur Alousseini TOURE, Membre du Corps pr\u00e9fectoral.<\/p>\n\n\n\n<p>\u2013 Pr\u00e9fet du Cercle de Garalo :<\/p>\n\n\n\n<p>Monsieur Bakari KEITA, Membre du Corps pr\u00e9fectoral.<\/p>\n\n\n\n<p>\u2013 Pr\u00e9fet du Cercle de Koumantou :<\/p>\n\n\n\n<p>Madame Kadidia Sanaga BAYOGO, Membre du Corps pr\u00e9fectoral.<\/p>\n\n\n\n<p>\u2013 Pr\u00e9fet du Cercle de S\u00e9lingu\u00e9 :<\/p>\n\n\n\n<p>Monsieur Arouna TOGOLA, Membre du Corps pr\u00e9fectoral.<\/p>\n\n\n\n<p>\u2013 Pr\u00e9fet du Cercle de Ou\u00e9less\u00e9bougou :<\/p>\n\n\n\n<p>Monsieur Moussa ANDIELOU SAGARA, Membre du Corps pr\u00e9fectoral.<\/p>\n\n\n\n<p>\u2013 Pr\u00e9fet du Cercle de Kadiana :<\/p>\n\n\n\n<p>Monsieur Mahamane SIDIBE, Membre du Corps pr\u00e9fectoral.<\/p>\n\n\n\n<p>\u2013 Pr\u00e9fet du Cercle de Fakola :<\/p>\n\n\n\n<p>Monsieur Sinaly KEITA, Membre du Corps pr\u00e9fectoral.<\/p>\n\n\n\n<p>\u2013 Pr\u00e9fet du Cercle de Dogo :<\/p>\n\n\n\n<p>Madame Aya Samba BOCOUM, Membre du Corps pr\u00e9fectoral.<\/p>\n\n\n\n<p>\u2013 Pr\u00e9fet du Cercle de M\u2019P\u00e9ssoba :<\/p>\n\n\n\n<p>Madame Virginie TRAORE, Membre du Corps pr\u00e9fectoral.<\/p>\n\n\n\n<p>\u2013 Pr\u00e9fet du Cercle de Molobala :<\/p>\n\n\n\n<p>Monsieur Abdoulaye TRAORE, Membre du Corps pr\u00e9fectoral.<\/p>\n\n\n\n<p>\u2013 Pr\u00e9fet du Cercle de Koury :<\/p>\n\n\n\n<p>Monsieur Boubacar COULIBALY, Membre du Corps pr\u00e9fectoral.<\/p>\n\n\n\n<p>\u2013 Pr\u00e9fet du Cercle de Kons\u00e9gu\u00e9la :<\/p>\n\n\n\n<p>Monsieur Bakary KEITA, Membre du Corps pr\u00e9fectoral.<\/p>\n\n\n\n<p>\u2013 Pr\u00e9fet du Cercle de Kouniana :<\/p>\n\n\n\n<p>Monsieur Emile Emmanuel DIARRA, Membre du Corps pr\u00e9fectoral.<\/p>\n\n\n\n<p>\u2013 Pr\u00e9fet du Cercle de Zangasso :<\/p>\n\n\n\n<p>Monsieur Adama Waly CISSE, Membre du Corps pr\u00e9fectoral.<\/p>\n\n\n\n<p>\u2013 Pr\u00e9fet du Cercle de San :<\/p>\n\n\n\n<p>Monsieur Souleymane TIMBELY, Membre du Corps pr\u00e9fectoral.<\/p>\n\n\n\n<p>\u2013 Pr\u00e9fet du Cercle de Kimparana :<\/p>\n\n\n\n<p>Monsieur Abdoulaye TANGARA, Administrateur civil.<\/p>\n\n\n\n<p>\u2013 Pr\u00e9fet du Cercle de Yangasso :<\/p>\n\n\n\n<p>Monsieur Moriba CAMARA, Membre du Corps pr\u00e9fectoral.<\/p>\n\n\n\n<p>Pr\u00e9fet du Cercle de Fangasso :<\/p>\n\n\n\n<p>Monsieur Mamadou COULIBALY, Membre du Corps pr\u00e9fectoral.<\/p>\n\n\n\n<p>\u2013 Pr\u00e9fet du Cercle de Mandiakuy :<\/p>\n\n\n\n<p>Monsieur Kalifala COULIBALY, Membre du Corps pr\u00e9fectoral.<\/p>\n\n\n\n<p>\u2013 Pr\u00e9fet du Cercle de Sy :<\/p>\n\n\n\n<p>Capitaine Ad\u00e8le CAMARA.<\/p>\n\n\n\n<p>\u2013 Pr\u00e9fet du Cercle de Bor\u00e9 :<\/p>\n\n\n\n<p>Capitaine Wagdi AG ALHADI.<\/p>\n\n\n\n<p>\u2013 Pr\u00e9fet du Cercle de Hombori :<\/p>\n\n\n\n<p>Commandant Cheick Tidiane CAMARA.<\/p>\n\n\n\n<p>\u2013 Pr\u00e9fet du Cercle de N\u2019Gouma :<\/p>\n\n\n\n<p>Commandant Ambroise POUDIOUGOU.<\/p>\n\n\n\n<p>\u2013 Pr\u00e9fet du Cercle de Mondoro :<\/p>\n\n\n\n<p>Capitaine Youssouf Ag Mohamed MAMA.<\/p>\n\n\n\n<p>\u2013 Pr\u00e9fet du Cercle de Boni :<\/p>\n\n\n\n<p>Commandant Mohamed Ould SALAH MOCTAR.<\/p>\n\n\n\n<p>\u2013 Pr\u00e9fet du Cercle de Koro :<\/p>\n\n\n\n<p>Capitaine Mohamed MOHAMED LAMINE KOUNTA.<\/p>\n\n\n\n<p>\u2013 Pr\u00e9fet du Cercle de Kendi\u00e9 :<\/p>\n\n\n\n<p>Capitaine Mahamadou DIOP.<\/p>\n\n\n\n<p>\u2013 Pr\u00e9fet du Cercle de Ningari :<\/p>\n\n\n\n<p>Commissaire de Police Alhousseiny AG ANAIB.<\/p>\n\n\n\n<p>\u2013 Pr\u00e9fet du Cercle de Diallassagou :<\/p>\n\n\n\n<p>Capitaine Hamana AG NANY.<\/p>\n\n\n\n<p>\u2013 Pr\u00e9fet du Cercle de Sangha :<\/p>\n\n\n\n<p>Monsieur Souma\u00efla KONE, Membre du Corps pr\u00e9fectoral.<\/p>\n\n\n\n<p>\u2013 Pr\u00e9fet du Cercle de Kani :<\/p>\n\n\n\n<p>Commandant Sedir Baba Mahamad OULD.<\/p>\n\n\n\n<p>\u2013 Pr\u00e9fet du Cercle de Sokoura :<\/p>\n\n\n\n<p>Capitaine Dombo OULD MOHAMED NAZIM.<\/p>\n\n\n\n<p>\u2013 Premier Adjoint au Pr\u00e9fet du Cercle de Kayes :<\/p>\n\n\n\n<p>Monsieur Adama Zanga TRAORE, Membre du Corps pr\u00e9fectoral.<\/p>\n\n\n\n<p>\u2013 Premier Adjoint au Pr\u00e9fet du Cercle de Bafoulab\u00e9 :<\/p>\n\n\n\n<p>Monsieur S\u00e9kou Moussa TRAORE, Membre du Corps pr\u00e9fectoral.<\/p>\n\n\n\n<p>Premier Adjoint au Pr\u00e9fet du Cercle de Y\u00e9liman\u00e9 :<\/p>\n\n\n\n<p>Monsieur Mamadou DEMBELE, Membre du Corps pr\u00e9fectoral.<\/p>\n\n\n\n<p>\u2013 Premier Adjoint au Pr\u00e9fet du Cercle de Koulikoro :<\/p>\n\n\n\n<p>Monsieur Henry Yafong DIARRA, Membre du Corps pr\u00e9fectoral.<\/p>\n\n\n\n<p>\u2013 Premier Adjoint au Pr\u00e9fet du Cercle de Banamba :<\/p>\n\n\n\n<p>Monsieur Hama FOFANA, Membre du Corps pr\u00e9fectoral.<\/p>\n\n\n\n<p>\u2013 Premier Adjoint au Pr\u00e9fet du Cercle de Kangaba :<\/p>\n\n\n\n<p>Monsieur Drissa KONARE, Membre du Corps pr\u00e9fectoral.<\/p>\n\n\n\n<p>\u2013 Premier Adjoint au Pr\u00e9fet du Cercle de Sikasso :<\/p>\n\n\n\n<p>Monsieur Salif OUMAROU, Membre du Corps pr\u00e9fectoral.<\/p>\n\n\n\n<p>\u2013 Premier Adjoint au Pr\u00e9fet du Cercle de S\u00e9gou :<\/p>\n\n\n\n<p>Monsieur Moussa TRAORE, Membre du Corps pr\u00e9fectoral.<\/p>\n\n\n\n<p>\u2013 Premier Adjoint au Pr\u00e9fet du Cercle de Barou\u00e9li :<\/p>\n\n\n\n<p>Monsieur Mamadou TRAORE, Membre du Corps pr\u00e9fectoral.<\/p>\n\n\n\n<p>\u2013 Premier Adjoint au Pr\u00e9fet du Cercle de Niono :<\/p>\n\n\n\n<p>Monsieur Moussa TRAORE, Membre du Corps pr\u00e9fectoral.<\/p>\n\n\n\n<p>\u2013 Premier Adjoint au Pr\u00e9fet du Cercle de Mopti :<\/p>\n\n\n\n<p>Monsieur Manthi\u00e9 DIARRA, Membre du Corps pr\u00e9fectoral.<\/p>\n\n\n\n<p>\u2013 Premier Adjoint au Pr\u00e9fet du Cercle de Tombouctou :<\/p>\n\n\n\n<p>Monsieur Bemba TOUNKARA, Membre du Corps pr\u00e9fectoral.<\/p>\n\n\n\n<p>\u2013 Premier Adjoint au Pr\u00e9fet du Cercle de Dir\u00e9 :<\/p>\n\n\n\n<p>Monsieur Ibrahima DIAMOUTENE, Membre du Corps pr\u00e9fectoral.<\/p>\n\n\n\n<p>\u2013 Premier Adjoint au Pr\u00e9fet du Cercle de Tessalit :<\/p>\n\n\n\n<p>Lieutenant Lamine TRAORE.<\/p>\n\n\n\n<p>\u2013 Premier Adjoint au Pr\u00e9fet du Cercle de Nioro :<\/p>\n\n\n\n<p>Monsieur Drissa COULIBALY, Membre du Corps pr\u00e9fectoral.<\/p>\n\n\n\n<p>\u2013 Premier Adjoint au Pr\u00e9fet du Cercle de Kita :<\/p>\n\n\n\n<p>Monsieur Oumar DEMBELE, Membre du Corps pr\u00e9fectoral.<\/p>\n\n\n\n<p>\u2013 Premier Adjoint au Pr\u00e9fet du Cercle de Kolondi\u00e9ba :<\/p>\n\n\n\n<p>Monsieur Ibrahima DOUGNON, Membre du Corps pr\u00e9fectoral.<\/p>\n\n\n\n<p>\u2013 Deuxi\u00e8me Adjoint au Pr\u00e9fet du Cercle de Kayes :<\/p>\n\n\n\n<p>Monsieur Issa GOITA, Administrateur civil<\/p>\n\n\n\n<p>\u2013 Deuxi\u00e8me Adjoint au Pr\u00e9fet du Cercle de Bafoulab\u00e9 :<\/p>\n\n\n\n<p>Monsieur Mahamadou HAMIDOU, Membre du Corps pr\u00e9fectoral.<\/p>\n\n\n\n<p>Deuxi\u00e8me Adjoint au Pr\u00e9fet du Cercle de Y\u00e9liman\u00e9 :<\/p>\n\n\n\n<p>Monsieur Abdramane DEMBELE, Membre du Corps pr\u00e9fectoral.<\/p>\n\n\n\n<p>\u2013 Deuxi\u00e8me Adjoint au Pr\u00e9fet du Cercle de K\u00e9ni\u00e9ba :<\/p>\n\n\n\n<p>Monsieur Issiaka GUINDO, Membre du Corps pr\u00e9fectoral.<\/p>\n\n\n\n<p>\u2013 Deuxi\u00e8me Adjoint au Pr\u00e9fet du Cercle de Ambid\u00e9di :<\/p>\n\n\n\n<p>Monsieur Amadou Belly GUISSE, Administrateur civil.<\/p>\n\n\n\n<p>\u2013 Deuxi\u00e8me Adjoint au Pr\u00e9fet du Cercle de Aourou :<\/p>\n\n\n\n<p>Commissaire de Police Habba BAH.<\/p>\n\n\n\n<p>\u2013 Deuxi\u00e8me Adjoint au Pr\u00e9fet du Cercle de Diamou :<\/p>\n\n\n\n<p>Monsieur Makan BOUGOUDOGO, Membre du Corps pr\u00e9fectoral.<\/p>\n\n\n\n<p>\u2013 Deuxi\u00e8me Adjoint au Pr\u00e9fet du Cercle de S\u00e9gala :<\/p>\n\n\n\n<p>Monsieur Samba DIALLO, Administrateur civil.<\/p>\n\n\n\n<p>\u2013 Deuxi\u00e8me Adjoint au Pr\u00e9fet du Cercle de Sadiola :<\/p>\n\n\n\n<p>Monsieur Madou KONDA, Membre du Corps pr\u00e9fectoral.<\/p>\n\n\n\n<p>\u2013 Deuxi\u00e8me Adjoint au Pr\u00e9fet du Cercle de Koulikoro :<\/p>\n\n\n\n<p>Monsieur Sayon DIARRA, Membre du Corps pr\u00e9fectoral.<\/p>\n\n\n\n<p>\u2013 Deuxi\u00e8me Adjoint au Pr\u00e9fet du Cercle de Banamba :<\/p>\n\n\n\n<p>Monsieur Mohamane Abdoulaye MAIGA, Membre du Corps pr\u00e9fectoral.<\/p>\n\n\n\n<p>\u2013 Deuxi\u00e8me Adjoint au Pr\u00e9fet du Cercle de Kangaba :<\/p>\n\n\n\n<p>Monsieur Chekou AG ALKALIFA, Membre du Corps pr\u00e9fectoral.<\/p>\n\n\n\n<p>\u2013 Deuxi\u00e8me Adjoint au Pr\u00e9fet du Cercle de Kolokani :<\/p>\n\n\n\n<p>Monsieur Mohamed OULD YEHIA, Administrateur des Ressources humaines.<\/p>\n\n\n\n<p>\u2013 Deuxi\u00e8me Adjoint au Pr\u00e9fet du Cercle de Nyamina :<\/p>\n\n\n\n<p>Madame Oumou TANGARA, Administrateur des Arts et de la Culture.<\/p>\n\n\n\n<p>\u2013 Deuxi\u00e8me Adjoint au Pr\u00e9fet du Cercle de Siby :<\/p>\n\n\n\n<p>Madame Elisabeth Tewa MOUSSA TEMBEDOUNO, Membre du Corps pr\u00e9fectoral.<\/p>\n\n\n\n<p>\u2013 Deuxi\u00e8me Adjoint au Pr\u00e9fet du Cercle de N\u00e9gu\u00e9la :<\/p>\n\n\n\n<p>Madame Absatou DOUMBIA, Membre du Corps pr\u00e9fectoral.<\/p>\n\n\n\n<p>\u2013 Deuxi\u00e8me Adjoint au Pr\u00e9fet du Cercle de Sikasso :<\/p>\n\n\n\n<p>Madame Haoua Mamba DOUMBIA, Membre du Corps pr\u00e9fectoral.<\/p>\n\n\n\n<p>\u2013 Deuxi\u00e8me Adjoint au Pr\u00e9fet du Cercle de Kadiolo :<\/p>\n\n\n\n<p>Monsieur Enaderf\u00e9 AG AHMEDOU, Administrateur civil.<\/p>\n\n\n\n<p>\u2013 Deuxi\u00e8me Adjoint au Pr\u00e9fet du Cercle de Dand\u00e9r\u00e9sso :<\/p>\n\n\n\n<p>Madame Kadiatou KEITA, Membre du Corps pr\u00e9fectoral.<\/p>\n\n\n\n<p>Deuxi\u00e8me Adjoint au Pr\u00e9fet du Cercle de Loulouni :<\/p>\n\n\n\n<p>Madame Hyssine Caroline TYENNOU, Administrateur des Ressources humaines.<\/p>\n\n\n\n<p>\u2013 Deuxi\u00e8me Adjoint au Pr\u00e9fet du Cercle de Ni\u00e9na :<\/p>\n\n\n\n<p>Madame Nathalie SINAYOKO, Administrateur civil.<\/p>\n\n\n\n<p>\u2013 Deuxi\u00e8me Adjoint au Pr\u00e9fet du Cercle de S\u00e9gou :<\/p>\n\n\n\n<p>Monsieur Bourama Nestor Faya SAMAKE, Membre du Corps pr\u00e9fectoral.<\/p>\n\n\n\n<p>\u2013 Deuxi\u00e8me Adjoint au Pr\u00e9fet du Cercle de Bla :<\/p>\n\n\n\n<p>Monsieur Bour\u00e9ima TEMBELY, Membre du Corps pr\u00e9fectoral.<\/p>\n\n\n\n<p>\u2013 Deuxi\u00e8me Adjoint au Pr\u00e9fet du Cercle de Barou\u00e9li :<\/p>\n\n\n\n<p>Monsieur Henry DEMBELE, Membre du Corps pr\u00e9fectoral.<\/p>\n\n\n\n<p>\u2013 Deuxi\u00e8me Adjoint au Pr\u00e9fet du Cercle de Macina :<\/p>\n\n\n\n<p>Monsieur Demba KONE, Membre du Corps pr\u00e9fectoral.<\/p>\n\n\n\n<p>\u2013 Deuxi\u00e8me Adjoint au Pr\u00e9fet du Cercle de Dioro :<\/p>\n\n\n\n<p>Monsieur Hamada Aboubacrine CISSE, Administrateur de l\u2019Action sociale.<\/p>\n\n\n\n<p>\u2013 Deuxi\u00e8me Adjoint au Pr\u00e9fet du Cercle de Farako :<\/p>\n\n\n\n<p>Lieutenant Issa DIALLO.<\/p>\n\n\n\n<p>\u2013 Deuxi\u00e8me Adjoint au Pr\u00e9fet du Cercle de Markala :<\/p>\n\n\n\n<p>Madame Chita Foun\u00e9 COULIBALY, Membre du Corps pr\u00e9fectoral.<\/p>\n\n\n\n<p>\u2013 Deuxi\u00e8me Adjoint au Pr\u00e9fet du Cercle de Djenn\u00e9 :<\/p>\n\n\n\n<p>Madame Aminata Oumar MAIGA, Administrateur civil.<\/p>\n\n\n\n<p>\u2013 Deuxi\u00e8me Adjoint au Pr\u00e9fet du Cercle de T\u00e9nenkou :<\/p>\n\n\n\n<p>Lieutenant Boubacar SISSOKO.<\/p>\n\n\n\n<p>\u2013 Deuxi\u00e8me Adjoint au Pr\u00e9fet du Cercle de Tombouctou :<\/p>\n\n\n\n<p>Monsieur Dramane DEMBELE, Membre du Corps pr\u00e9fectoral.<\/p>\n\n\n\n<p>\u2013 Deuxi\u00e8me Adjoint au Pr\u00e9fet du Cercle de Gourma-Rharous :<\/p>\n\n\n\n<p>Lieutenant Ousmane COULIBALY.<\/p>\n\n\n\n<p>\u2013 Deuxi\u00e8me Adjoint au Pr\u00e9fet du Cercle de Saraf\u00e9r\u00e9 :<\/p>\n\n\n\n<p>Capitaine Hamadane AG IDRISS.<\/p>\n\n\n\n<p>\u2013 Deuxi\u00e8me Adjoint au Pr\u00e9fet du Cercle de Gossi :<\/p>\n\n\n\n<p>Lieutenant Akamar AG MOSSA.<\/p>\n\n\n\n<p>\u2013 Deuxi\u00e8me Adjoint au Pr\u00e9fet du Cercle de Tonka :<\/p>\n\n\n\n<p>Lieutenant Arouna DEMBELE.<\/p>\n\n\n\n<p>\u2013 Deuxi\u00e8me Adjoint au Pr\u00e9fet du Cercle de Gao :<\/p>\n\n\n\n<p>Monsieur Mahamadou DIAKITE, Membre du Corps pr\u00e9fectoral.<\/p>\n\n\n\n<p>Deuxi\u00e8me Adjoint au Pr\u00e9fet du Cercle de Bourem :<\/p>\n\n\n\n<p>Monsieur Patrice DAKOUO, Membre du Corps pr\u00e9fectoral.<\/p>\n\n\n\n<p>\u2013 Deuxi\u00e8me Adjoint au Pr\u00e9fet du Cercle de Ansongo :<\/p>\n\n\n\n<p>Lieutenant Djelimady SOUMANO.<\/p>\n\n\n\n<p>\u2013 Deuxi\u00e8me Adjoint au Pr\u00e9fet du Cercle de N\u2019Tillit :<\/p>\n\n\n\n<p>Monsieur Mohamed Sagayere Mohamed LAMINE, Ing\u00e9nieur de l\u2019Industrie et des Mines.<\/p>\n\n\n\n<p>\u2013 Deuxi\u00e8me Adjoint au Pr\u00e9fet du Cercle de An\u00e9fif :<\/p>\n\n\n\n<p>Capitaine Lamine MARIKO.<\/p>\n\n\n\n<p>\u2013 Deuxi\u00e8me Adjoint au Pr\u00e9fet du Cercle de In\u00e9kar :<\/p>\n\n\n\n<p>Lieutenant M\u2019Pah DAOU.<\/p>\n\n\n\n<p>\u2013 Deuxi\u00e8me Adjoint au Pr\u00e9fet du Cercle de Nioro :<\/p>\n\n\n\n<p>Monsieur Bocari KASSE, Membre du Corps pr\u00e9fectoral.<\/p>\n\n\n\n<p>\u2013 Deuxi\u00e8me Adjoint au Pr\u00e9fet du Cercle de Di\u00e9ma :<\/p>\n\n\n\n<p>Monsieur Attayoub OULD MOHAMED, Administrateur civil.<\/p>\n\n\n\n<p>\u2013 Deuxi\u00e8me Adjoint au Pr\u00e9fet du Cercle de Kita :<\/p>\n\n\n\n<p>Monsieur Yaya dit Ogop\u00e9ma DOLO, Membre du Corps pr\u00e9fectoral.<\/p>\n\n\n\n<p>\u2013 Deuxi\u00e8me Adjoint au Pr\u00e9fet du Cercle de Dio\u00efla :<\/p>\n\n\n\n<p>Monsieur Cheickna Moulaye BABA, Membre du Corps pr\u00e9fectoral.<\/p>\n\n\n\n<p>\u2013 Deuxi\u00e8me Adjoint au Pr\u00e9fet du Cercle de Banco :<\/p>\n\n\n\n<p>Lieutenant Nazoun Raphael DIASSANA.<\/p>\n\n\n\n<p>\u2013 Deuxi\u00e8me Adjoint au Pr\u00e9fet du Cercle de B\u00e9l\u00e9ko :<\/p>\n\n\n\n<p>Lieutenant Zan Mohamed KONATE.<\/p>\n\n\n\n<p>\u2013 Deuxi\u00e8me Adjoint au Pr\u00e9fet du Cercle de Fana :<\/p>\n\n\n\n<p>Monsieur Sidy KONE, Membre du Corps pr\u00e9fectoral.<\/p>\n\n\n\n<p>\u2013 Deuxi\u00e8me Adjoint au Pr\u00e9fet du Cercle de Massigui :<\/p>\n\n\n\n<p>Monsieur Dramane DIARRA, Administrateur civil.<\/p>\n\n\n\n<p>\u2013 Deuxi\u00e8me Adjoint au Pr\u00e9fet du Cercle de Nara :<\/p>\n\n\n\n<p>Monsieur Asseydou Abdoulaye TOURE, Administrateur civil.<\/p>\n\n\n\n<p>\u2013 Deuxi\u00e8me Adjoint au Pr\u00e9fet du Cercle de Bougouni :<\/p>\n\n\n\n<p>Madame Fatoumata TANGARA, Administrateur civil.<\/p>\n\n\n\n<p>\u2013 Deuxi\u00e8me Adjoint au Pr\u00e9fet du Cercle de Yanfolila :<\/p>\n\n\n\n<p>Monsieur Hamou ABDOUL AZIZ, Membre du Corps pr\u00e9fectoral.<\/p>\n\n\n\n<p>\u2013 Deuxi\u00e8me Adjoint au Pr\u00e9fet du Cercle de Koumantou :<\/p>\n\n\n\n<p>Monsieur Cheick Abdel Kader COULIBALY, Administrateur civil.<\/p>\n\n\n\n<p>Deuxi\u00e8me Adjoint au Pr\u00e9fet du Cercle de S\u00e9lingu\u00e9 :<\/p>\n\n\n\n<p>Madame Anna Haby SYLLA, Membre du Corps pr\u00e9fectoral.<\/p>\n\n\n\n<p>\u2013 Deuxi\u00e8me Adjoint au Pr\u00e9fet du Cercle de Ou\u00e9less\u00e9bougou :<\/p>\n\n\n\n<p>Madame Koura KONE, Membre du Corps pr\u00e9fectoral.<\/p>\n\n\n\n<p>\u2013 Deuxi\u00e8me Adjoint au Pr\u00e9fet du Cercle de Yorosso :<\/p>\n\n\n\n<p>Monsieur Issiaka KANTE, Administrateur des Arts et de la Culture.<\/p>\n\n\n\n<p>\u2013 Deuxi\u00e8me Adjoint au Pr\u00e9fet du Cercle de M\u2019P\u00e9ssoba :<\/p>\n\n\n\n<p>Monsieur Souma\u00efla TOGO, Administrateur civil.<\/p>\n\n\n\n<p>\u2013 Deuxi\u00e8me Adjoint au Pr\u00e9fet du Cercle de Koury :<\/p>\n\n\n\n<p>Monsieur Amadou K COULIBALY, Membre du Corps pr\u00e9fectoral.<\/p>\n\n\n\n<p>\u2013 Deuxi\u00e8me Adjoint au Pr\u00e9fet du Cercle de San :<\/p>\n\n\n\n<p>Monsieur Tian\u00e9gu\u00e9 DIARRA, Membre du Corps pr\u00e9fectoral.<\/p>\n\n\n\n<p>\u2013 Deuxi\u00e8me Adjoint au Pr\u00e9fet du Cercle de Sy :<\/p>\n\n\n\n<p>Sous-lieutenant Ousmane DIAKITE.<\/p>\n\n\n\n<p>\u2013 Deuxi\u00e8me Adjoint au Pr\u00e9fet du Cercle de Bandiagara :<\/p>\n\n\n\n<p>Monsieur Adama BAMBA, Administrateur civil.<\/p>\n\n\n\n<p>\u2013 Deuxi\u00e8me Adjoint au Pr\u00e9fet du Cercle de Koro :<\/p>\n\n\n\n<p>Monsieur Mahamadou COULIBALY, Administrateur civil.<\/p>\n\n\n\n<p>\u2013 Deuxi\u00e8me Adjoint au Pr\u00e9fet du Cercle de Bankass :<\/p>\n\n\n\n<p>Monsieur Amadou BAYOKO, Administrateur des Arts et de la Culture.<\/p>\n\n\n\n<p><strong>AU TITRE DU MINISTERE DE LA RECONCILIATION, DE LA PAIX ET DE LA COHESION NATIONALE<\/strong><\/p>\n\n\n\n<p>\u2013 Conseillers techniques :<\/p>\n\n\n\n<p>Monsieur Cheick Oumar TOGOLA, Planificateur ;<\/p>\n\n\n\n<p>Monsieur Mamadou FANE, Administrateur civil.<\/p>\n\n\n\n<p><strong>AU TITRE DU MINISTERE DES AFFAIRES ETRANGERES ET DE LA COOPERATION INTERNATIONALE<\/strong><\/p>\n\n\n\n<p>\u2013 Consul G\u00e9n\u00e9ral du Mali \u00e0 Paris :<\/p>\n\n\n\n<p>Contr\u00f4leur principal de Police Tidiani COULIBALY.<\/p>\n\n\n\n<p>\u2013 Conseiller Consulaire \u00e0 l\u2019Ambassade du Mali \u00e0 Abidjan :<\/p>\n\n\n\n<p>Commissaire de Police Abel Hadary DIARRA.<\/p>\n\n\n\n<p><strong>AU TITRE DU MINISTERE DE L\u2019ECONOMIE ET DES FINANCES<\/strong><\/p>\n\n\n\n<p>\u2013 Coordonnateur de la Cellule technique de Coordination du Cadre Strat\u00e9gique de Lutte contre la Pauvret\u00e9 :<\/p>\n\n\n\n<p>Monsieur Diakaridia DEMBELE, Ing\u00e9nieur de la Statistique.<\/p>\n\n\n\n<p><strong>AU TITRE DU MINISTERE DE L\u2019AGRICULTURE<\/strong><\/p>\n\n\n\n<p>\u2013 Inspecteur en Chef Adjoint \u00e0 l\u2019inspection de l\u2019Agriculture :<\/p>\n\n\n\n<p>Monsieur Noumpa GOITA, Ing\u00e9nieur de l\u2019Agriculture et du G\u00e9nie Rural.<\/p>\n\n\n\n<p>\u2013 Inspecteurs \u00e0 l\u2019inspection de l\u2019Agriculture :<\/p>\n\n\n\n<p>Monsieur Sidi MAIGA, Ing\u00e9nieur de l\u2019Agriculture et du G\u00e9nie Rural ;<\/p>\n\n\n\n<p>Monsieur Bakary SISSOKO, Inspecteur des Finances ;<\/p>\n\n\n\n<p>Monsieur Abdrahamane DIAKITE, Ing\u00e9nieur de l\u2019Agriculture et du G\u00e9nie Rural.<\/p>\n\n\n\n<p><strong>AU TITRE DU MINISTERE DE L\u2019ENVIRONNEMENT DE L\u2019ASSAINISSEMENT ET DU DEVELOPPEMENT DURABLE<\/strong><\/p>\n\n\n\n<p>\u2013 Directeur de la Cellule de Planification et de Statistique du Secteur Eau, Environnement, Urbanisme et Domaines de l\u2019Etat :<\/p>\n\n\n\n<p>Monsieur Amadou Abdoulaye HAIDARA, Planificateur.<\/p>\n\n\n\n<p><strong>AU TITRE DU MINISTERE DES AFFAIRES RELIGIEUSES, DU CULTE ET DES COUTUMES<\/strong><\/p>\n\n\n\n<p>\u2013 Directeur national des Affaires Religieuses et du Culte :<\/p>\n\n\n\n<p>Monsieur Gaoussou KEITA, Professeur Titulaire de l\u2019Enseignement Secondaire.<\/p>\n\n\n\n<p><strong>AU CHAPITRE DES COMMUNICATIONS<\/strong><\/p>\n\n\n\n<ol class=\"wp-block-list\">\n<li>Le ministre des Affaires \u00e9trang\u00e8res et de la Coop\u00e9ration internationale a inform\u00e9 le Conseil des Ministres des conclusions de sa visite d\u2019amiti\u00e9 et de travail \u00e0 Budapest, en Hongrie.<\/li>\n<\/ol>\n\n\n\n<p>Les 10 et 11 juin 2024, le ministre des Affaires \u00e9trang\u00e8res et de la Coop\u00e9ration internationale a effectu\u00e9 une visite officielle \u00e0 Budapest, \u00e0 l\u2019invitation de son homologue de la Hongrie.<\/p>\n\n\n\n<p>Au cours de cette visite, dont l\u2019objectif pour la Hongrie \u00e9tait d\u2019entendre la voix du Gouvernement du Mali sur les contours de la crise au Mali et au Sahel \u00e0 la veille de sa pr\u00e9sidence du Conseil europ\u00e9en qui d\u00e9bute le 1er juillet 2024, le ministre a eu une s\u00e9rie de rencontres, sous divers formats, avec son homologue hongrois ayant permis de constater une convergence de vue sur certains sujets.<\/p>\n\n\n\n<p>Le ministre, en honorant l\u2019invitation, a r\u00e9alis\u00e9 l\u2019objectif de d\u00e9construire la perception erron\u00e9e d\u2019un Mali \u00ab isol\u00e9 \u00bb et \u00ab ferm\u00e9 aux partenariats internationaux \u00bb.<\/p>\n\n\n\n<ol class=\"wp-block-list\" start=\"2\">\n<li>Le ministre de l\u2019Economie et des Finances a inform\u00e9 le Conseil des Ministres de la tenue de la session politique de la revue annuelle des r\u00e9formes politiques, programmes et projets communautaires de l\u2019UEMOA, Edition 2023.<\/li>\n<\/ol>\n\n\n\n<p>Conform\u00e9ment \u00e0 la D\u00e9cision n\u00b013\/2023\/CM\/UEMOA du 19 d\u00e9cembre 2013 portant adoption des modalit\u00e9s de mise en \u0153uvre de la revue annuelle des r\u00e9formes, programmes et projets communautaires au sein de l\u2019UEMOA, la revue annuelle se d\u00e9roule en deux phases :<\/p>\n\n\n\n<p>\u2013 une phase technique, sanctionn\u00e9e par un m\u00e9morandum \u00e9labor\u00e9 par une \u00e9quipe compos\u00e9e de cadres des d\u00e9partements minist\u00e9riels et de la Commission de l\u2019UEMOA ;<\/p>\n\n\n\n<p>\u2013 une phase politique comprenant une s\u00e9ance de pr\u00e9sentation et de discussion du m\u00e9morandum, une s\u00e9ance de travail avec le Premier ministre et l\u2019organisation d\u2019un point de presse anim\u00e9 par le Pr\u00e9sident de la Commission de l\u2019UEMOA et le ministre charg\u00e9 des Finances.<\/p>\n\n\n\n<p>A l\u2019issue des revues politiques de l\u2019ensemble des Etats membres de l\u2019Union, il est \u00e9labor\u00e9 un rapport g\u00e9n\u00e9ral destin\u00e9 aux Chefs d\u2019Etat et de Gouvernement de l\u2019Union faisant l\u2019\u00e9tat de la performance de chaque Etat dans la mise en \u0153uvre des r\u00e9formes, programmes et projets communautaires. La session politique de la revue est pr\u00e9vue le 25 juillet 2024 \u00e0 Bamako.<\/p>\n\n\n\n<ol class=\"wp-block-list\" start=\"3\">\n<li>Le ministre de l\u2019Enseignement sup\u00e9rieur et de la Recherche scientifique a inform\u00e9 le Conseil des Ministres de l\u2019organisation des examens nationaux de fin de cycle de la Licence professionnelle en Sciences de la Sant\u00e9 pour l\u2019ann\u00e9e acad\u00e9mique 2023-2024.<\/li>\n<\/ol>\n\n\n\n<p>Dans le cadre de l\u2019organisation des examens de fin de cycle de la Licence professionnelle en Sciences de la Sant\u00e9, la Direction g\u00e9n\u00e9rale de l\u2019Enseignement sup\u00e9rieur et de la Recherche scientifique a re\u00e7u 7 150 dossiers de candidatures.<\/p>\n\n\n\n<p>Ces dossiers sont r\u00e9partis comme suit :<\/p>\n\n\n\n<p>\u2013 3 099 en Soins obst\u00e9tricaux ;<\/p>\n\n\n\n<p>\u2013 2 917 en Soins infirmiers ;<\/p>\n\n\n\n<p>\u2013 1 134 en Biologie m\u00e9dicale.<\/p>\n\n\n\n<p>Les examens \u00e9crits se tiendront du 8 au 12 juillet 2024 dans cinq centres \u00e0 Bamako et six autres centres dans les r\u00e9gions. Les \u00e9preuves pratiques se d\u00e9rouleront du 17 juillet au 28 ao\u00fbt 2024 et le stage en milieu rural se tiendra du 16 septembre au 16 octobre 2024.<\/p>\n\n\n\n<p>La d\u00e9lib\u00e9ration finale des examens nationaux de fin de cycle de la Licence professionnelle en Sciences de la Sant\u00e9 pour l\u2019ann\u00e9e acad\u00e9mique 2023-2024 est pr\u00e9vue pour le 06 d\u00e9cembre 2024.<\/p>\n\n\n\n<ol class=\"wp-block-list\" start=\"4\">\n<li>Le ministre du Travail, de la Fonction publique et du Dialogue social a inform\u00e9 le Conseil des Ministres de la participation du Mali \u00e0 la 112\u00e8me session de la Conf\u00e9rence internationale du Travail qui s\u2019est tenue \u00e0 Gen\u00e8ve, en Suisse, du 03 au 14 juin 2024.<\/li>\n<\/ol>\n\n\n\n<p>La d\u00e9l\u00e9gation nationale tripartite, conduite par le ministre du Travail, de la Fonction publique et du Dialogue social, le ministre de la Sant\u00e9 et du D\u00e9veloppement social et le ministre de l\u2019Entreprenariat national, de l\u2019Emploi et de la Formation professionnelle, a particip\u00e9 aux travaux des diff\u00e9rentes commissions de travail institu\u00e9es par la Conf\u00e9rence.<\/p>\n\n\n\n<p>La discussion sur le Rapport du Directeur g\u00e9n\u00e9ral \u00ab vers un nouveau contrat social \u00bb et du Pr\u00e9sident du Conseil d\u2019administration a \u00e9t\u00e9 l\u2019occasion pour le ministre charg\u00e9 du Travail de livrer son discours sur la situation du Travail, de l\u2019Emploi et de la Protection sociale au Mali.<\/p>\n\n\n\n<p>La Conf\u00e9rence a \u00e9galement proc\u00e9d\u00e9 \u00e0 l\u2019\u00e9lection des nouveaux membres du Conseil d\u2019Administration pour la p\u00e9riode 2024-2027.<\/p>\n\n\n\n<p>A l\u2019issue de la session inaugurale de la coalition mondiale sur la Justice sociale, la candidature du Mali a \u00e9t\u00e9 retenue pour repr\u00e9senter l\u2019Afrique de l\u2019Ouest au sein du groupe de travail tripartite du M\u00e9canisme d\u2019examen des normes pour trois ans.<\/p>\n\n\n\n<p>Au cours des travaux de sa troisi\u00e8me Session, le Comit\u00e9 ex\u00e9cutif de l\u2019Association africaine des Services publics d\u2019Emploi a pris les d\u00e9cisions suivantes :<\/p>\n\n\n\n<p>\u2013 la mise en place du cadre africain des services publics d\u2019emploi de l\u2019espace ;<\/p>\n\n\n\n<p>\u2013 l\u2019op\u00e9rationnalisation du secr\u00e9tariat permanent ;<\/p>\n\n\n\n<p>\u2013 la poursuite du mandat du Mali ;<\/p>\n\n\n\n<p>\u2013 l\u2019accentuation dans la recherche de financement aupr\u00e8s des organismes internationaux.<\/p>\n\n\n\n<ol class=\"wp-block-list\" start=\"5\">\n<li>Le ministre de la Jeunesse et des Sports, charg\u00e9 de l\u2019Instruction civique et de la Construction citoyenne a inform\u00e9 le Conseil des Ministres de la participation du Mali aux Jeux olympiques Paris 2024, du 26 juillet au 11 ao\u00fbt 2024.<\/li>\n<\/ol>\n\n\n\n<p>Le Mali participe \u00e0 ces jeux \u00e0 travers six disciplines sportives, \u00e0 savoir le Football, le Taekwondo, la Boxe, l\u2019Athl\u00e9tisme, la Natation et l\u2019Escrime.<\/p>\n\n\n\n<p>Tous les athl\u00e8tes maliens sont en pleine pr\u00e9paration, la s\u00e9lection nationale U 23 de football livrera son premier match le 24 juillet contre le Japon au Parc des Princes.<\/p>\n\n\n\n<p>Toutes les dispositions sont prises par le Minist\u00e8re en charge du sport en vue de permettre une participation honorable de la d\u00e9l\u00e9gation malienne.<\/p>\n\n\n\n<ol class=\"wp-block-list\" start=\"6\">\n<li>Le ministre des Maliens \u00e9tablis \u00e0 l\u2019Ext\u00e9rieur et de l\u2019Int\u00e9gration Africaine a inform\u00e9 le Conseil des Ministres :<\/li>\n\n\n\n<li>de la situation des op\u00e9rations de rapatriement des maliens en d\u00e9tresse \u00e0 Port-Bou\u00ebt en R\u00e9publique de C\u00f4te d\u2019Ivoire.<\/li>\n<\/ol>\n\n\n\n<p>Dans le cadre de sa mission d\u2019assistance et de protection de nos compatriotes \u00e9tablis \u00e0 l\u2019ext\u00e9rieur, le Minist\u00e8re des Maliens \u00e9tablis \u00e0 l\u2019Ext\u00e9rieur et de l\u2019Int\u00e9gration africaine en collaboration avec l\u2019Ambassade et le Consulat g\u00e9n\u00e9ral du Mali \u00e0 Abidjan a organis\u00e9 les op\u00e9rations de rapatriement de deux vagues de 150 adultes et 25 enfants et nourrissons et 182 adultes et 58 enfants et nourrissons soit un total de 415 maliens en provenance de Port-Bou\u00ebt.<\/p>\n\n\n\n<p>Ces op\u00e9rations font suite au d\u00e9guerpissement et \u00e0 la d\u00e9molition des habitats pr\u00e9caires dans le cadre de la mise en \u0153uvre de la politique d\u2019urbanisation de la Cote d\u2019Ivoire.<\/p>\n\n\n\n<ol class=\"wp-block-list\">\n<li>des op\u00e9rations de rapatriement des maliens en situation de d\u00e9tresse dans certains pays d\u2019accueil et de transit et des difficult\u00e9s rencontr\u00e9es par nos compatriotes.<\/li>\n<\/ol>\n\n\n\n<p>Le contexte actuel au niveau r\u00e9gional et international est marqu\u00e9 par l\u2019instauration de politiques migratoires de plus en plus restrictives qui rendent les conditions de vie difficile dans la plupart des pays de transit et d\u2019accueil de nos compatriotes, qui sollicitent l\u2019appui de l\u2019Etat en vue de leur rapatriement.<\/p>\n\n\n\n<p>Ainsi, sous l\u2019\u00e9gide du Minist\u00e8re des Maliens \u00e9tablis \u00e0 l\u2019Ext\u00e9rieur et de l\u2019Int\u00e9gration Africaine, les op\u00e9rations de rapatriement s\u2019organisent en rapport avec nos Missions diplomatiques et consulaires et l\u2019Organisation Internationale pour les Migrations.<\/p>\n\n\n\n<p>Du 1er janvier au mi-juin 2024, 4 577 migrants de retour volontaire ont \u00e9t\u00e9 accueillis.<\/p>\n\n\n\n<p>Au regard de cette situation, le d\u00e9partement a engag\u00e9 de nombreuses actions, notamment :<\/p>\n\n\n\n<p>\u2013 la mise en place d\u2019un vaste programme d\u2019information et de sensibilisation sur les risques et dangers de la migration irr\u00e9guli\u00e8re et les opportunit\u00e9s locales pour l\u2019insertion des jeunes et des migrants de retour ;<\/p>\n\n\n\n<p>\u2013 le renforcement du dispositif d\u2019accueil dans la Maison des Maliens de l\u2019Ext\u00e9rieur, au niveau de l\u2019A\u00e9roport international Pr\u00e9sident Modibo KEITA-S\u00e9nou et des fronti\u00e8res ;<\/p>\n\n\n\n<p>\u2013 le renforcement du partenariat entre les acteurs intervenant dans le domaine de la migration ;<\/p>\n\n\n\n<p>\u2013 le lancement du processus de r\u00e9vision de la Politique nationale de Migration et son plan d\u2019actions en vue d\u2019adapter les r\u00e9ponses aux multiples d\u00e9fis de la migration irr\u00e9guli\u00e8re.<\/p>\n\n\n\n<ol class=\"wp-block-list\" start=\"7\">\n<li>Le ministre de la Promotion de la Femme, de l\u2019Enfant et de la Famille a inform\u00e9 le Conseil des Ministres de la c\u00e9l\u00e9bration du 31 juillet, Journ\u00e9e Panafricaine des Femmes, \u00e9dition 2024.<\/li>\n<\/ol>\n\n\n\n<p>La Journ\u00e9e Panafricaine des Femmes est c\u00e9l\u00e9br\u00e9e chaque ann\u00e9e le 31 juillet pour comm\u00e9morer l\u2019anniversaire de l\u2019Organisation Panafricaine des Femmes et en reconnaissance de la contribution des femmes \u00e0 la lib\u00e9ration de l\u2019Afrique et au r\u00f4le essentiel qu\u2019elles ont jou\u00e9 et continuent de jouer dans le d\u00e9veloppement du continent.<\/p>\n\n\n\n<p>Le th\u00e8me retenu pour l\u2019\u00e9dition 2024 au niveau national est \u00ab des institutrices d\u2019hier aux enseignantes d\u2019aujourd\u2019hui : les femmes \u00e0 l\u2019avant-garde de la refondation \u00e0 travers l\u2019Education \u00bb.<\/p>\n\n\n\n<p>L\u2019objectif de la Journ\u00e9e est de contribuer \u00e0 la Refondation du Mali en faisant de l\u2019\u00e9cole malienne un vrai cadre d\u2019apprentissage, de connaissances et de valeurs sociales.<\/p>\n\n\n\n<p>A travers cette journ\u00e9e, il s\u2019agira de faire l\u2019\u00e9tat des avanc\u00e9es dans le domaine des droits de la femme et de l\u2019\u00e9galit\u00e9 du Genre, d\u2019identifier les perspectives, d\u2019informer, de sensibiliser et de faire le plaidoyer aupr\u00e8s des gouvernements pour le renforcement des mesures prises en faveur de l\u2019autonomisation des femmes.<\/p>\n\n\n\n<ol class=\"wp-block-list\" start=\"8\">\n<li>Le ministre de l\u2019Urbanisme, de l\u2019Habitat, des Domaines, de l\u2019Am\u00e9nagement du Territoire et de la Population a inform\u00e9 le Conseil des Ministres de la participation du Mali \u00e0 la 43\u00e8me Assembl\u00e9e G\u00e9n\u00e9rale Annuelle de Shelter Afrique, tenue du 11 au 13 juin 2024 \u00e0 Kigali, Rwanda.<\/li>\n<\/ol>\n\n\n\n<p>Shelter Afrique est une institution panafricaine de financement regroupant 44 pays africains. Elle a pour mission d\u2019appuyer le d\u00e9veloppement du secteur immobilier et de l\u2019habitat en Afrique.<\/p>\n\n\n\n<p>La 43\u00e8me Assembl\u00e9e G\u00e9n\u00e9rale Annuelle a adopt\u00e9 la \u00ab D\u00e9claration de Kigali \u00bb en mettant l\u2019accent sur la n\u00e9cessit\u00e9 de d\u00e9velopper une industrie du b\u00e2timent bas\u00e9e sur les mat\u00e9riaux locaux de construction et la r\u00e9alisation des infrastructures urbaines.<\/p>\n\n\n\n<p>En marge des travaux, la d\u00e9l\u00e9gation malienne a rencontr\u00e9 le Directeur des Op\u00e9rations de la Banque Arabe pour le D\u00e9veloppement \u00e9conomique en Afrique pour \u00e9voquer des opportunit\u00e9s de financement dans le cadre de la construction des logements sociaux.<\/p>\n\n\n\n<ol class=\"wp-block-list\" start=\"9\">\n<li>Le ministre de la Sant\u00e9 et du D\u00e9veloppement social a inform\u00e9 le Conseil des Ministres :<\/li>\n\n\n\n<li>de la participation du Mali \u00e0 la 36\u00e8me session du Conseil des Ministres de tutelle de la Pr\u00e9voyance sociale.<\/li>\n<\/ol>\n\n\n\n<p>La 36\u00e8me session ordinaire du Conseil des ministres charg\u00e9s de la Pr\u00e9voyance sociale des dix-huit pays membres de la Conf\u00e9rence internationale de la Pr\u00e9voyance sociale s\u2019est tenue le 12 juin 2024 \u00e0 Gen\u00e8ve en Suisse.<\/p>\n\n\n\n<p>Apr\u00e8s examen des points inscrits \u00e0 l\u2019ordre du jour, le Conseil des Ministres a adopt\u00e9 les documents soumis \u00e0 son approbation.<\/p>\n\n\n\n<p>En marge du Conseil, le ministre charg\u00e9 du D\u00e9veloppement social a eu des \u00e9changes avec ses homologues, notamment ceux de l\u2019Alliance des Etats du Sahel sur le renforcement des liens de coop\u00e9ration entre le Mali et ces pays en vue de mutualiser les expertises et les bonnes pratiques en mati\u00e8re de protection sociale.<\/p>\n\n\n\n<ol class=\"wp-block-list\">\n<li>de la situation \u00e9pid\u00e9miologique du pays marqu\u00e9e, notamment :<\/li>\n<\/ol>\n\n\n\n<p>\u2013 par une stagnation du nombre de cas test\u00e9s positifs de la maladie \u00e0 Coronavirus par rapport \u00e0 la semaine pr\u00e9c\u00e9dente.<\/p>\n\n\n\n<p>\u2013 par une diminution du nombre de cas confirm\u00e9s de dengue compar\u00e9 \u00e0 celui de la semaine \u00e9coul\u00e9e.<\/p>\n\n\n\n<p>Le Pr\u00e9sident de la Transition, Chef de l\u2019Etat a, cependant, appel\u00e9 la population au respect strict des mesures de pr\u00e9vention et de lutte contre les maladies.<\/p>\n\n\n\n<p><strong>Bamako, le 26 juin 2024<\/strong><\/p>\n\n\n\n<p><strong>&nbsp;Le Secr\u00e9taire G\u00e9n\u00e9ral du Gouvernement,<\/strong><\/p>\n\n\n\n<p><strong>Birama COULIBALY<\/strong><\/p>\n\n\n\n<p>Maliweb<\/p>\n\n\n\n<h3 class=\"wp-block-heading\"><\/h3>\n","protected":false},"excerpt":{"rendered":"<p>Le Conseil des Ministres s\u2019est r\u00e9uni en session ordinaire, le mercredi 26 juin 2024, dans sa salle de d\u00e9lib\u00e9rations au Palais de Koulouba, sous la pr\u00e9sidence du Colonel Assimi GOITA,&hellip;<\/p>\n","protected":false},"author":1,"featured_media":17820,"comment_status":"open","ping_status":"open","sticky":false,"template":"","format":"standard","meta":{"content-type":"","_lmt_disableupdate":"","_lmt_disable":"","_jetpack_memberships_contains_paid_content":false,"footnotes":"","jetpack_publicize_message":"","jetpack_publicize_feature_enabled":true,"jetpack_social_post_already_shared":true,"jetpack_social_options":{"image_generator_settings":{"template":"highway","default_image_id":0,"font":"","enabled":false},"version":2}},"categories":[28,43,23],"tags":[],"class_list":["post-18936","post","type-post","status-publish","format-standard","has-post-thumbnail","hentry","category-communique-du-conseil-des-ministres","category-nandi-info","category-politique"],"jetpack_publicize_connections":[],"featured_image_urls":{"full":["https:\/\/nandi.info\/wp-content\/uploads\/2024\/03\/Conseil-des-ministres-800x445-1.jpg",800,445,false],"thumbnail":["https:\/\/nandi.info\/wp-content\/uploads\/2024\/03\/Conseil-des-ministres-800x445-1-150x150.jpg",150,150,true],"medium":["https:\/\/nandi.info\/wp-content\/uploads\/2024\/03\/Conseil-des-ministres-800x445-1-300x167.jpg",300,167,true],"medium_large":["https:\/\/nandi.info\/wp-content\/uploads\/2024\/03\/Conseil-des-ministres-800x445-1-768x427.jpg",768,427,true],"large":["https:\/\/nandi.info\/wp-content\/uploads\/2024\/03\/Conseil-des-ministres-800x445-1.jpg",800,445,false],"1536x1536":["https:\/\/nandi.info\/wp-content\/uploads\/2024\/03\/Conseil-des-ministres-800x445-1.jpg",800,445,false],"2048x2048":["https:\/\/nandi.info\/wp-content\/uploads\/2024\/03\/Conseil-des-ministres-800x445-1.jpg",800,445,false],"penci-recipe-1200x1200":["https:\/\/nandi.info\/wp-content\/uploads\/2024\/03\/Conseil-des-ministres-800x445-1.jpg",800,445,false],"penci-recipe-1200x900":["https:\/\/nandi.info\/wp-content\/uploads\/2024\/03\/Conseil-des-ministres-800x445-1.jpg",800,445,false],"penci-recipe-1200x675":["https:\/\/nandi.info\/wp-content\/uploads\/2024\/03\/Conseil-des-ministres-800x445-1.jpg",800,445,false],"penci-single-full":["https:\/\/nandi.info\/wp-content\/uploads\/2024\/03\/Conseil-des-ministres-800x445-1.jpg",800,445,false],"penci-slider-full-thumb":["https:\/\/nandi.info\/wp-content\/uploads\/2024\/03\/Conseil-des-ministres-800x445-1.jpg",800,445,false],"penci-full-thumb":["https:\/\/nandi.info\/wp-content\/uploads\/2024\/03\/Conseil-des-ministres-800x445-1.jpg",800,445,false],"penci-slider-thumb":["https:\/\/nandi.info\/wp-content\/uploads\/2024\/03\/Conseil-des-ministres-800x445-1.jpg",800,445,false],"penci-magazine-slider":["https:\/\/nandi.info\/wp-content\/uploads\/2024\/03\/Conseil-des-ministres-800x445-1.jpg",780,434,false],"penci-thumb":["https:\/\/nandi.info\/wp-content\/uploads\/2024\/03\/Conseil-des-ministres-800x445-1.jpg",585,325,false],"penci-masonry-thumb":["https:\/\/nandi.info\/wp-content\/uploads\/2024\/03\/Conseil-des-ministres-800x445-1.jpg",585,325,false],"penci-thumb-square":["https:\/\/nandi.info\/wp-content\/uploads\/2024\/03\/Conseil-des-ministres-800x445-1.jpg",585,325,false],"penci-thumb-vertical":["https:\/\/nandi.info\/wp-content\/uploads\/2024\/03\/Conseil-des-ministres-800x445-1.jpg",480,267,false],"penci-thumb-small":["https:\/\/nandi.info\/wp-content\/uploads\/2024\/03\/Conseil-des-ministres-800x445-1.jpg",263,146,false]},"author_info":{"display_name":"Nandi","author_link":"https:\/\/nandi.info\/?author=1"},"category_info":"<a href=\"https:\/\/nandi.info\/?cat=28\" rel=\"category\">Communique du conseil des ministres<\/a> <a href=\"https:\/\/nandi.info\/?cat=43\" rel=\"category\">Nandi.info<\/a> <a href=\"https:\/\/nandi.info\/?cat=23\" rel=\"category\">Politique<\/a>","tag_info":"Politique","comment_count":"0","jetpack_featured_media_url":"https:\/\/nandi.info\/wp-content\/uploads\/2024\/03\/Conseil-des-ministres-800x445-1.jpg","jetpack_sharing_enabled":true,"_links":{"self":[{"href":"https:\/\/nandi.info\/index.php?rest_route=\/wp\/v2\/posts\/18936","targetHints":{"allow":["GET"]}}],"collection":[{"href":"https:\/\/nandi.info\/index.php?rest_route=\/wp\/v2\/posts"}],"about":[{"href":"https:\/\/nandi.info\/index.php?rest_route=\/wp\/v2\/types\/post"}],"author":[{"embeddable":true,"href":"https:\/\/nandi.info\/index.php?rest_route=\/wp\/v2\/users\/1"}],"replies":[{"embeddable":true,"href":"https:\/\/nandi.info\/index.php?rest_route=%2Fwp%2Fv2%2Fcomments&post=18936"}],"version-history":[{"count":2,"href":"https:\/\/nandi.info\/index.php?rest_route=\/wp\/v2\/posts\/18936\/revisions"}],"predecessor-version":[{"id":18939,"href":"https:\/\/nandi.info\/index.php?rest_route=\/wp\/v2\/posts\/18936\/revisions\/18939"}],"wp:featuredmedia":[{"embeddable":true,"href":"https:\/\/nandi.info\/index.php?rest_route=\/wp\/v2\/media\/17820"}],"wp:attachment":[{"href":"https:\/\/nandi.info\/index.php?rest_route=%2Fwp%2Fv2%2Fmedia&parent=18936"}],"wp:term":[{"taxonomy":"category","embeddable":true,"href":"https:\/\/nandi.info\/index.php?rest_route=%2Fwp%2Fv2%2Fcategories&post=18936"},{"taxonomy":"post_tag","embeddable":true,"href":"https:\/\/nandi.info\/index.php?rest_route=%2Fwp%2Fv2%2Ftags&post=18936"}],"curies":[{"name":"wp","href":"https:\/\/api.w.org\/{rel}","templated":true}]}}