{"id":18783,"date":"2024-06-07T13:56:19","date_gmt":"2024-06-07T11:56:19","guid":{"rendered":"https:\/\/nandi.info\/?p=18783"},"modified":"2024-06-07T13:56:22","modified_gmt":"2024-06-07T11:56:22","slug":"sam-mali-2024-quand-la-professionnalisation-des-medias-simpose-en-urgence-republicaine-pour-la-stabilite","status":"publish","type":"post","link":"https:\/\/nandi.info\/?p=18783","title":{"rendered":"Sam-Mali 2024 : Quand la professionnalisation des m\u00e9dias s\u2019impose en urgence r\u00e9publicaine pour la stabilit\u00e9"},"content":{"rendered":"\n<p><strong>Le Salon des M\u00e9dias du Mali (SAM-MALI) s\u2019est tenu du 29 mai au 2 juin 2024 au Palais de la culture Amadou Hamp\u00e2t\u00e9 B\u00e2 de Bamako. L\u2019\u00e9v\u00e8nement a \u00e9t\u00e9 marqu\u00e9 par la pr\u00e9sence massive des membres du gouvernement conduit par le ministre d\u2019\u00c9tat (ministre de l\u2019administration territoriale et de la D\u00e9centralisation, porte-parole du gouvernement), Colonel Abdoulaye Ma\u00efga. \u00c9tait aussi pr\u00e9sente toute la cr\u00e8me de la presse malienne. Le pr\u00e9sident de la Maison de la Presse a ainsi saisi l\u2019occasion pour exhorter les pouvoirs publics \u00e0 assainir le secteur des m\u00e9dias du pays.<\/strong><\/p>\n\n\n\n<p class=\"has-drop-cap\">Organis\u00e9e sous le th\u00e8me, \u00ab<em>La professionnalisation des m\u00e9dias au Mali et en Afrique<\/em>\u00bb, la 3e \u00e9dition du Salon des M\u00e9dias du Mali (SAM-Mali) s\u2019est tenue du 29 mai au 2 juin 2024 au Palais de la culture Amadou Hamp\u00e2t\u00e9 B\u00e2 de Bamako. Selon divers t\u00e9moignages, l\u2019\u00e9v\u00e9nement a combl\u00e9 les attentes avec notamment plus de 300 participants, dont une vingtaine d\u2019hommes des m\u00e9dias venus de plusieurs pays africains comme le S\u00e9n\u00e9gal, la Guin\u00e9e et le Niger.<\/p>\n\n\n\n<p>Les plus hautes autorit\u00e9s ne sont pas rest\u00e9es en marge de cette c\u00e9l\u00e9bration. Le ministre d\u2019\u00c9tat Abdoulaye Ma\u00efga&nbsp;; le ministre des Affaires \u00e9trang\u00e8res et de la Coop\u00e9ration internationale Abdoulaye Diop&nbsp;; celui de la Refondation et de la R\u00e9forme des institutions, Ibrahim Ikassa Ma\u00efga&nbsp;; le ministre de la Communication, de l\u2019Economie num\u00e9rique et de la Modernisation de l\u2019administration&nbsp;; Alhamdou Ag Ily\u00e8ne (parrain de l\u2019\u00e9v\u00e9nement) ainsi que l\u2019Ambassadeur de la Chine au Mali Chen Zhihong \u00e9taient tous pr\u00e9sents \u00e0 la c\u00e9r\u00e9monie d\u2019ouverture du Sam-Mali (le vendredi 31 mai 2024).<\/p>\n\n\n\n<p>En d\u00e9placement \u00e0 l\u2019ext\u00e9rieur du pays, M\u00e9decin-colonel Assa Badiallo Tour\u00e9 (ministre de la Sant\u00e9 et du D\u00e9veloppement social et marraine de cette \u00e9dition) a \u00e9t\u00e9 valablement repr\u00e9sent\u00e9e. \u00ab<em>Malgr\u00e9 sa formation de militaire, le pr\u00e9sident Assimi Go\u00efta comprend la n\u00e9cessit\u00e9 de mettre l\u2019information et la communication au cour de notre action<\/em>\u00bb, a indiqu\u00e9 le ministre Abdoulaye Diop des Affaires \u00e9trang\u00e8res et de la Coop\u00e9ration internationale. Et cela d\u2019autant plus que, a-t-il expliqu\u00e9, \u00ab<em>le narratif que nous avons aujourd\u2019hui nous est impos\u00e9 par des m\u00e9dias \u00e9trangers\u2026 Il faut que nous nous r\u00e9approprions notre histoire<\/em>\u00bb.<\/p>\n\n\n\n<p>Une position d\u00e9fendue dimanche dernier (2 juin 2024) lors d\u2019un panel anim\u00e9 sur le th\u00e8me, \u00ab<em>AES, quel avenir pour ses \u00c9tats membres?<\/em>\u00bb. Cr\u00e9\u00e9e en r\u00e9ponse aux d\u00e9fis s\u00e9curitaires communs aux trois \u00c9tats membres (Burkina Mali et Niger), l\u2019AES s\u2019est \u00e9largie aux questions de coordination diplomatique et de d\u00e9veloppement int\u00e9gr\u00e9. Pour le chef de la diplomatie malienne, il faut \u00ab<em>un leadership africain de nos organisations internationales<\/em>\u00bb. Dans la m\u00eame perspective, cette alliance se dessine aujourd\u2019hui comme \u00ab<em>une alternative cr\u00e9dible et une opportunit\u00e9 pour renforcer l\u2019int\u00e9gration des peuples et la solidarit\u00e9 fraternelle, dans une dynamique de conf\u00e9d\u00e9ration des trois pays<\/em>\u00bb, a rappel\u00e9 A. Diop. Le chef de la diplomatie malienne a profit\u00e9 de l\u2019occasion pour faire la synth\u00e8se du panel qu\u2019il a co-anim\u00e9 le 24 mai 2024 \u00e0 Kigali (Rwanda) sur : \u00ab<em>Ins\u00e9curit\u00e9 en Afrique : racines, implications et voie \u00e0 suivre<\/em>\u00bb. C\u2019\u00e9tait \u00e0 l\u2019occasion du Symposium annuel sur la s\u00e9curit\u00e9 nationale.<\/p>\n\n\n\n<p>Pour ce qui est de la pr\u00e9sence remarquable des autorit\u00e9s \u00e0 cette 3e \u00e9dition, le pr\u00e9sident de la Maison de la presse (MP) est convaincu que cela t\u00e9moigne de la vitalit\u00e9 de l\u2019espace m\u00e9diatique malien. \u00ab<em>La collaboration entre la presse et les autorit\u00e9s de Transition a toujours march\u00e9<\/em>\u00bb, a d\u00e9fendu Bandiougou Dant\u00e9. Et pour preuve, a-t-il soulign\u00e9, aucun journaliste malien n\u2019est en prison. N\u2019emp\u00eache que l\u2019arbre ne doit pas cacher la for\u00eat car la professionnalisation des m\u00e9dias est plus qu\u2019une n\u00e9cessit\u00e9 et doit \u00eatre inscrite comme une priorit\u00e9 aussi bien pour les acteurs m\u00e9diatiques que pour les autorit\u00e9s publiques.<\/p>\n\n\n\n<p>Et cela passe forc\u00e9ment par un toilettage du secteur. C\u2019est dans ce sens que le pr\u00e9sident de la MP a interpell\u00e9 les pouvoirs publics pour assainir le secteur des m\u00e9dias. Le ministre de la&nbsp; Communication, de l\u2019Economie num\u00e9rique et de la Modernisation de l\u2019Administration, Alhamdou Ag Ily\u00e8ne, a aussi point\u00e9 du doigt la n\u00e9cessit\u00e9 de cette professionnalisation du secteur m\u00e9diatique malien. Il a assur\u00e9 que son d\u00e9partement travaille dans ce sens m\u00eame si le travail n\u2019est pas encore fini.<\/p>\n\n\n\n<p>Plusieurs activit\u00e9s \u00e9taient au programme de ces quatre jours de f\u00eate dont une op\u00e9ration de don de sang (le samedi 1er juin 2024), une exposition des stands et des panels anim\u00e9s par des experts, portant notamment sur la professionnalisation des m\u00e9dias, le traitement de l\u2019information en temps de crise\u2026 Le ministre Abdoulaye Diop a anim\u00e9 dimanche dernier un panel sur l\u2019Alliance des Etats du Sahel (AES).<\/p>\n\n\n\n<p>\u00ab<em>Les r\u00e9gions du nord n\u2019ont pu \u00eatre mobilis\u00e9s faute de moyens<\/em>\u00bb, ont regrett\u00e9 les organisateurs du Sam-Mali. Une t\u00e2che noire d\u2019autant plus que cette rencontre, d\u2019une grande importance pour la presse malienne, aurait pu \u00eatre l\u2019occasion de sensibiliser les m\u00e9dias du septentrion sur la n\u00e9cessit\u00e9 d\u2019un traitement responsable de l\u2019information en temps de crise.<\/p>\n\n\n\n<p><strong>Oumar Alpha<\/strong><\/p>\n","protected":false},"excerpt":{"rendered":"<p>Le Salon des M\u00e9dias du Mali (SAM-MALI) s\u2019est tenu du 29 mai au 2 juin 2024 au Palais de la culture Amadou Hamp\u00e2t\u00e9 B\u00e2 de Bamako. L\u2019\u00e9v\u00e8nement a \u00e9t\u00e9 marqu\u00e9&hellip;<\/p>\n","protected":false},"author":1,"featured_media":18784,"comment_status":"open","ping_status":"open","sticky":false,"template":"","format":"standard","meta":{"content-type":"","_lmt_disableupdate":"","_lmt_disable":"","_jetpack_memberships_contains_paid_content":false,"footnotes":"","jetpack_publicize_message":"","jetpack_publicize_feature_enabled":true,"jetpack_social_post_already_shared":true,"jetpack_social_options":{"image_generator_settings":{"template":"highway","default_image_id":0,"font":"","enabled":false},"version":2}},"categories":[53,26],"tags":[],"class_list":["post-18783","post","type-post","status-publish","format-standard","has-post-thumbnail","hentry","category-le-matin","category-presse-journalisme"],"jetpack_publicize_connections":[],"featured_image_urls":{"full":["https:\/\/nandi.info\/wp-content\/uploads\/2024\/06\/Alhamdou-Ag-Ilyene.jpg",680,620,false],"thumbnail":["https:\/\/nandi.info\/wp-content\/uploads\/2024\/06\/Alhamdou-Ag-Ilyene-150x150.jpg",150,150,true],"medium":["https:\/\/nandi.info\/wp-content\/uploads\/2024\/06\/Alhamdou-Ag-Ilyene-300x274.jpg",300,274,true],"medium_large":["https:\/\/nandi.info\/wp-content\/uploads\/2024\/06\/Alhamdou-Ag-Ilyene.jpg",680,620,false],"large":["https:\/\/nandi.info\/wp-content\/uploads\/2024\/06\/Alhamdou-Ag-Ilyene.jpg",680,620,false],"1536x1536":["https:\/\/nandi.info\/wp-content\/uploads\/2024\/06\/Alhamdou-Ag-Ilyene.jpg",680,620,false],"2048x2048":["https:\/\/nandi.info\/wp-content\/uploads\/2024\/06\/Alhamdou-Ag-Ilyene.jpg",680,620,false],"penci-recipe-1200x1200":["https:\/\/nandi.info\/wp-content\/uploads\/2024\/06\/Alhamdou-Ag-Ilyene.jpg",680,620,false],"penci-recipe-1200x900":["https:\/\/nandi.info\/wp-content\/uploads\/2024\/06\/Alhamdou-Ag-Ilyene.jpg",680,620,false],"penci-recipe-1200x675":["https:\/\/nandi.info\/wp-content\/uploads\/2024\/06\/Alhamdou-Ag-Ilyene.jpg",680,620,false],"penci-single-full":["https:\/\/nandi.info\/wp-content\/uploads\/2024\/06\/Alhamdou-Ag-Ilyene.jpg",680,620,false],"penci-slider-full-thumb":["https:\/\/nandi.info\/wp-content\/uploads\/2024\/06\/Alhamdou-Ag-Ilyene.jpg",680,620,false],"penci-full-thumb":["https:\/\/nandi.info\/wp-content\/uploads\/2024\/06\/Alhamdou-Ag-Ilyene.jpg",680,620,false],"penci-slider-thumb":["https:\/\/nandi.info\/wp-content\/uploads\/2024\/06\/Alhamdou-Ag-Ilyene.jpg",680,620,false],"penci-magazine-slider":["https:\/\/nandi.info\/wp-content\/uploads\/2024\/06\/Alhamdou-Ag-Ilyene.jpg",566,516,false],"penci-thumb":["https:\/\/nandi.info\/wp-content\/uploads\/2024\/06\/Alhamdou-Ag-Ilyene.jpg",428,390,false],"penci-masonry-thumb":["https:\/\/nandi.info\/wp-content\/uploads\/2024\/06\/Alhamdou-Ag-Ilyene.jpg",585,533,false],"penci-thumb-square":["https:\/\/nandi.info\/wp-content\/uploads\/2024\/06\/Alhamdou-Ag-Ilyene.jpg",585,533,false],"penci-thumb-vertical":["https:\/\/nandi.info\/wp-content\/uploads\/2024\/06\/Alhamdou-Ag-Ilyene.jpg",480,438,false],"penci-thumb-small":["https:\/\/nandi.info\/wp-content\/uploads\/2024\/06\/Alhamdou-Ag-Ilyene.jpg",192,175,false]},"author_info":{"display_name":"Nandi","author_link":"https:\/\/nandi.info\/?author=1"},"category_info":"<a href=\"https:\/\/nandi.info\/?cat=53\" rel=\"category\">Le Matin<\/a> <a href=\"https:\/\/nandi.info\/?cat=26\" rel=\"category\">Presse\/Journalisme<\/a>","tag_info":"Presse\/Journalisme","comment_count":"0","jetpack_featured_media_url":"https:\/\/nandi.info\/wp-content\/uploads\/2024\/06\/Alhamdou-Ag-Ilyene.jpg","jetpack_sharing_enabled":true,"_links":{"self":[{"href":"https:\/\/nandi.info\/index.php?rest_route=\/wp\/v2\/posts\/18783","targetHints":{"allow":["GET"]}}],"collection":[{"href":"https:\/\/nandi.info\/index.php?rest_route=\/wp\/v2\/posts"}],"about":[{"href":"https:\/\/nandi.info\/index.php?rest_route=\/wp\/v2\/types\/post"}],"author":[{"embeddable":true,"href":"https:\/\/nandi.info\/index.php?rest_route=\/wp\/v2\/users\/1"}],"replies":[{"embeddable":true,"href":"https:\/\/nandi.info\/index.php?rest_route=%2Fwp%2Fv2%2Fcomments&post=18783"}],"version-history":[{"count":1,"href":"https:\/\/nandi.info\/index.php?rest_route=\/wp\/v2\/posts\/18783\/revisions"}],"predecessor-version":[{"id":18785,"href":"https:\/\/nandi.info\/index.php?rest_route=\/wp\/v2\/posts\/18783\/revisions\/18785"}],"wp:featuredmedia":[{"embeddable":true,"href":"https:\/\/nandi.info\/index.php?rest_route=\/wp\/v2\/media\/18784"}],"wp:attachment":[{"href":"https:\/\/nandi.info\/index.php?rest_route=%2Fwp%2Fv2%2Fmedia&parent=18783"}],"wp:term":[{"taxonomy":"category","embeddable":true,"href":"https:\/\/nandi.info\/index.php?rest_route=%2Fwp%2Fv2%2Fcategories&post=18783"},{"taxonomy":"post_tag","embeddable":true,"href":"https:\/\/nandi.info\/index.php?rest_route=%2Fwp%2Fv2%2Ftags&post=18783"}],"curies":[{"name":"wp","href":"https:\/\/api.w.org\/{rel}","templated":true}]}}