{"id":18775,"date":"2024-06-07T13:31:01","date_gmt":"2024-06-07T11:31:01","guid":{"rendered":"https:\/\/nandi.info\/?p=18775"},"modified":"2024-06-07T13:39:48","modified_gmt":"2024-06-07T11:39:48","slug":"virulentes-diatribes-contre-ses-employeurs-quand-choguel-lache-ses-chiens-enrages-et-son-factotum-contre-le-colonel-assimi-et-ses-compagnons-darmes","status":"publish","type":"post","link":"https:\/\/nandi.info\/?p=18775","title":{"rendered":"Virulentes diatribes contre ses employeurs : Quand Choguel l\u00e2che ses \u201cchiens enrag\u00e9s\u201d et son \u201cfactotum\u201d contre le Colonel Assimi et ses compagnons d\u2019armes"},"content":{"rendered":"\n<p><strong>A quelques jours de ses trois ans comme Premier ministre et sentant son \u00e9ventuel limogeage, Dr Choguel Kokalla Ma\u00efga ne l\u00e9sine pas sur les strat\u00e9gies pour mettre la pression sur ses employeurs afin de rester \u00e0 son poste. La derni\u00e8re, en date, virale sur les r\u00e9seaux sociaux est la diffusion d\u2019un document critiquant s\u00e9v\u00e8rement la gestion du pouvoir de la transition. Un document sign\u00e9 par le Pr\u00e9sident int\u00e9rimaire de la tendance M5-RFP acquise \u00e0 sa cause, un signataire qui s\u2019est retrouv\u00e9 en prison rejoignant ainsi un de ses \u201cchiens enrag\u00e9s\u201d.<\/strong><\/p>\n\n\n\n<p class=\"has-drop-cap\">Manipulateur hors pair, ambitieux \u00e0 l\u2019extr\u00eame, insatiable, l\u2019actuel Premier ministre a toujours adopt\u00e9 une posture victimaire qu\u2019il croit \u00eatre une bonne strat\u00e9gie politique. Pour mener \u00e0 bien, il a toujours aim\u00e9 s\u2019entourer de personnes facilement manipulables. Dans ce lot, on retrouve des acteurs politiques, des journalistes, des videomen, des facebookmen, etc.<\/p>\n\n\n\n<p>Ainsi, il se cache derri\u00e8re ces \u201cchiens enrag\u00e9s\u201d pour faire ses attaques. Sentant qu\u2019il a \u00e9t\u00e9 compris par la grande majorit\u00e9 des responsables du M5-RFP qui l\u2019ont d\u00e9barqu\u00e9 de la t\u00eate du comit\u00e9 strat\u00e9gique du mouvement, le pr\u00e9sident de l\u2019agonissant Mouvement patriotique pour le renouveau (MPR) a, depuis, l\u00e2ch\u00e9 sur la sc\u00e8ne m\u00e9diatique ses&nbsp;<em>\u201cchiens enrag\u00e9s<\/em>\u201d pour malmener tous ceux qu\u2019il consid\u00e8re comme adversaires et r\u00e9cemment les colonels et leurs soutiens. L\u2019une des plus virulentes critiques avait \u00e9t\u00e9 celle d\u2019Abdel Kader Ma\u00efga, qui n\u2019a pas h\u00e9sit\u00e9, lors d\u2019un point de presse, \u00e0 accuser ouvertement deux colonels d\u2019\u00eatre \u00e0 la base de la \u201cd\u00e9stabilisation \u201d du M5-RFP : Colonels Malick Diaw et Abdoulaye Ma\u00efga respectivement Pr\u00e9sident du Conseil national de transition et seul Ministre d\u2019\u00c9tat du gouvernement.<\/p>\n\n\n\n<p>En plus de ces accusations graves, l\u2019arrogant conseiller \u00e0 la Primature s\u2019est attaqu\u00e9 \u00e0 Me Mountaga Tall en le qualifiant de quelqu\u2019un qui a b\u00e9n\u00e9fici\u00e9 de largesses de feu G\u00e9n\u00e9ral Moussa Traor\u00e9 dans son ascension professionnelle.&nbsp; Suite \u00e0 ces graves accusations, il a \u00e9t\u00e9 arr\u00eat\u00e9, jug\u00e9 et condamn\u00e9 \u00e0 deux ans de prison dont un avec sursis. Il m\u00e9dite actuellement sur son sort \u00e0 la prison de Koulikoro.<\/p>\n\n\n\n<p>Comme si cela ne suffisait pas \u00e0 assouvir son ambition d\u00e9mesur\u00e9e pour le pouvoir, Choguel, sentant dans les coulisses son \u00e9ventuel limogeage, mit en sellette son factotum qui n\u2019est autre que le vieux Boubacar Karamoko Traor\u00e9, pr\u00e9sident int\u00e9rimaire du M5-RFP (tendance Choguel) en le faisant signer un m\u00e9morandum virulent (publi\u00e9 vendredi, 24 mai 2024)&nbsp; contre les colonels au pouvoir.&nbsp; Le vieux Traor\u00e9 regrettera s\u00fbrement d\u2019avoir trahi ses camarades de la plateforme EMK (Ensemble pour un Mali Koura) et d\u2019\u00eatre le signataire de ce document, car il s\u2019est retrouv\u00e9 en prison, le lundi 27 mai 2024,&nbsp; pour atteinte au cr\u00e9dit de \u2018\u00c9tat, Outrage \u00e0 magistrats, et troubles \u00e0 l\u2019ordre public.<\/p>\n\n\n\n<p><strong>Que dit le m\u00e9morandum de la tendance M5-RFP Choguel ?<\/strong><\/p>\n\n\n\n<p>Le document est une v\u00e9ritable diatribe contre les colonels au pouvoir. A l\u2019introduction du document, le M5-RFP tendance Choguel se f\u00e9licite des r\u00e9sultats tangibles obtenus sous le leadership du Pr\u00e9sident de la transition. Cependant, le document indique que depuis la formation du second gouvernement op\u00e9r\u00e9 le 1er juillet 2023, le pacte d\u2019honneur entre leur tendance et les colonels a \u00e9t\u00e9 rompu. Tout d\u2019abord, il souligne \u00ab&nbsp;<em>le limogeage et le remplacement de presque tous les ministres du M5-RFP, sans consultation ni proposition de Dr Choguel K. MAIGA, en sa double qualit\u00e9 de Premier ministre et de Pr\u00e9sident du M5-RFP&nbsp;\u00bb<\/em>. Le document va plus loin en soulignant que&nbsp;plusieurs questions majeures de la gestion gouvernementale ont \u00e9t\u00e9 trait\u00e9es sans y associer le Chef du gouvernement, notamment la finalisation de la r\u00e9organisation territoriale, la gestion de la crise \u00e9nerg\u00e9tique, l\u2019organisation de la campagne r\u00e9f\u00e9rendaire et du&nbsp;<em>\u00ab meeting de la honte<\/em>&nbsp;\u00bb du 8 juin 2023, le report des \u00e9lections, etc.<\/p>\n\n\n\n<p>Il en est de m\u00eame de ce qui concerne les discussions sur l\u2019Alliance des Etats du Sahel (AES), des n\u00e9gociations sur certains dossiers \u00e0 caract\u00e8re \u00e9conomique et financier avec des partenaires strat\u00e9giques, ainsi qu\u2019avec des partenaires techniques et financiers du Mali.<\/p>\n\n\n\n<p>Ensuite, le m\u00e9morandum qui dit fustiger \u00ab&nbsp;<em>certaines pratiques de l\u2019ancien syst\u00e8me qui jurent avec les int\u00e9r\u00eats sup\u00e9rieurs du Peuple malien, refont surface \u00e0 travers des arrestations et d\u00e9tentions extrajudiciaires notamment de membres du M5-RFP, le retour progressif et l\u2019infiltration rampante de ceux qui avaient observ\u00e9 une position \u2018\u2019neutre\u2019\u2019 et de ceux qui avaient combattu ouvertement l\u2019av\u00e8nement du renouveau et s\u2019adonnent \u00e0 un sabotage et \u00e0 une d\u00e9structuration, depuis l\u2019int\u00e9rieur, du processus de Refondation, dans le but de remettre en cause l\u2019esprit et les acquis du changement&nbsp;<\/em>\u00bb.<\/p>\n\n\n\n<p>Et puis, par rapport au dialogue inter-malien (DIM),&nbsp; le document indique que \u00ab&nbsp;<em>la d\u00e9clinaison de certaines recommandations tendancieuses \u2018\u2019phares\u2019\u2019 du DIM ont heurt\u00e9 l\u2019opinion, en ce qu\u2019elles s\u2019\u00e9cartent des objectifs vis\u00e9s et qu\u2019elles tombent dans le pi\u00e8ge des pourfendeurs de cette initiative. Il s\u2019agit notamment de la prorogation de la dur\u00e9e de la Transition de 5 ans, de l\u2019\u00e9l\u00e9vation de six (6) colonels aux grades de g\u00e9n\u00e9raux, et de la n\u00e9gociation avec les chefs des groupes terroristes<\/em>&nbsp;\u00bb. Face \u00e0 ce m\u00e9morandum, la tendance M5-RFP de l\u2019imam Oumarou Diarra comprenant Me Mountaga Tall, Jeamille Bittar, Tiemoko Ma\u00efga, etc. a aussit\u00f4t r\u00e9agi.<\/p>\n\n\n\n<p><strong>\u201d Choguel en rupture avec toutes les r\u00e8gles du Damb\u00e9 (dignit\u00e9, honneur)\u201d<\/strong><\/p>\n\n\n\n<p>Ce sont les termes utilis\u00e9s par la tendance M5-RFP Imam Oumaou Diarra d\u00e8s l\u2019entame de sa d\u00e9claration en date du 24 mai 2024 rendue publique. Sign\u00e9e par Ti\u00e9moko Mahamane Ma\u00efga, ancien PDG de la SOTELMA (Soci\u00e9t\u00e9 des T\u00e9l\u00e9communications du Mali), patron et ancien logeur de Dr Choguel Kokalla Ma\u00efga, la d\u00e9claration souligne que&nbsp;<em>\u00ab&nbsp;le M5-RFP interdit d\u00e9sormais \u00e0 CKM, demis de ses fonctions de pr\u00e9sident du Mouvement depuis le 5 mars dernier, de s\u2019exprimer, directement ou indirectement en son nom, notamment par le biais de son factotum, Bouba K. Traor\u00e9 qui repr\u00e9sente \u00e0 peine lui-m\u00eame&nbsp;\u00bb<\/em>. Elle estime que Choguel Kokalla Ma\u00efga continue de se cacher derri\u00e8re sa bande constitu\u00e9e essentiellement de membres de son Cabinet pour s\u2019exprimer au nom du Mouvement. Le M5-RFP tendance Imam Oumaou Diarra soulign\u00e9 que Choguel ne devrait pas cracher dans la soupe qu\u2019il continue de savourer, ni br\u00fbler ce qu\u2019il avait ador\u00e9. Et de s\u2019\u00e9tonner \u00ab&nbsp;<em>Comment Choguel Kokalla Ma\u00efga peut-il se plaindre de sa mise \u00e0 l\u2019\u00e9cart de la gestion des grands dossiers de l\u2019Etat tout en revendiquant d\u2019ailleurs les bons r\u00e9sultats engrang\u00e9s par la Transition ? Ne s\u2019\u00e9tait-il pas accommod\u00e9 de ce qu\u2019il d\u00e9nonce aujourd\u2019hui ? Qu\u2019est-ce qui a chang\u00e9 ? Que craint-il ? Pourquoi veut-il mettre dos \u00e0 dos le M5-RFP et ses partenaires militaires ?<\/em>&nbsp;\u00bb En somme, les auteurs de la d\u00e9claration demandent d\u2019avoir la dignit\u00e9 d\u2019assumer tout ce qui a pu se faire pendant la gestion de la transition.<\/p>\n\n\n\n<p><strong>Rencontre avec son parti pour s\u2019expliquer et faire encore all\u00e9geance aux colonels<\/strong><\/p>\n\n\n\n<p>Le week-end dernier, le rus\u00e9 Choguel fait organiser une rencontre avec son parti, le MPR, afin de lui donner une occasion de s\u2019exprimer sur l\u2019affaire du m\u00e9morandum sign\u00e9 par son homme de paille. A noter que le MPR n\u2019est, \u00e0 ce jour, qu\u2019un parti agonisant. N\u2019emp\u00eache, le Premier ministre met \u00e0 profit cette audience pour r\u00e9pondre aux inqui\u00e9tudes de ses h\u00f4tes qui lui ont pos\u00e9 des questions que lui-m\u00eame, \u00e0 travers ses services, aurait pr\u00e9par\u00e9es pour eux. En r\u00e9ponse \u00e0 ces questions, l\u2019ancien pr\u00e9sident du comit\u00e9 strat\u00e9gique du M5-RFP, d\u2019apr\u00e8s la tendance Imam Oumarou Diarra, s\u2019est montr\u00e9 confiant. Il a affirm\u00e9 qu\u2019il n\u2019y a aucun probl\u00e8me entre lui et le Chef de l\u2019Etat et que leurs relations sont au beau fixe.<\/p>\n\n\n\n<p>Quant au cas de Boubacar Karamoko Traor\u00e9, il dit qu\u2019il faut laisser la justice faire son travail et qu\u2019il ne se subsistera pas \u00e0 la justice, car nul n\u2019est et ne sera au-dessus de la loi. Par ailleurs, il a invit\u00e9 les responsables du MPR \u00e0 soutenir les colonels et \u00e0 ne pas les vilipender. Cette attitude est assimilable, \u00e0 n\u2019en pas douter, \u00e0 une pr\u00e9sentation d\u2019excuses de Choguel aux colonels et un d\u00e9marquage de sa responsabilit\u00e9 par rapport au m\u00e9morandum. Quelle attitude !<\/p>\n\n\n\n<p>Au regard de cette attitude, on peut sans aucun risque de se tromper que Choguel tient \u00e0 son poste de Premier ministre au risque de perdre ses camarades et proches collaborateurs qui se trouvent en eaux troubles. Telle est une des faces principales de la strat\u00e9gie politique du pr\u00e9sident du MPR.&nbsp; L\u2019honneur et la dignit\u00e9 lui recommandent de quitter son poste de Premier ministre et qu\u2019il comprenne que nul n\u2019est indispensable. Et qu\u2019il se rappelle que le Mali regorge de beaucoup de cadres politiques et de technocrates valeureux et tr\u00e8s valeureux respectueux des valeurs de dignit\u00e9 et d\u2019honneur ancr\u00e9es dans notre soci\u00e9t\u00e9.<\/p>\n\n\n\n<p><strong>A.Diallo<\/strong><\/p>\n","protected":false},"excerpt":{"rendered":"<p>A quelques jours de ses trois ans comme Premier ministre et sentant son \u00e9ventuel limogeage, Dr Choguel Kokalla Ma\u00efga ne l\u00e9sine pas sur les strat\u00e9gies pour mettre la pression sur&hellip;<\/p>\n","protected":false},"author":1,"featured_media":16606,"comment_status":"open","ping_status":"open","sticky":false,"template":"","format":"standard","meta":{"content-type":"","_lmt_disableupdate":"","_lmt_disable":"","_jetpack_memberships_contains_paid_content":false,"footnotes":"","jetpack_publicize_message":"","jetpack_publicize_feature_enabled":true,"jetpack_social_post_already_shared":true,"jetpack_social_options":{"image_generator_settings":{"template":"highway","default_image_id":0,"font":"","enabled":false},"version":2}},"categories":[125,81,23],"tags":[],"class_list":["post-18775","post","type-post","status-publish","format-standard","has-post-thumbnail","hentry","category-actualite","category-le-nouveau-reveil","category-politique"],"jetpack_publicize_connections":[],"featured_image_urls":{"full":["https:\/\/nandi.info\/wp-content\/uploads\/2024\/01\/Dr-Choguel-Kokalla-Maiga-chef-du-gouvernement-de-Transition-en-tournee-dans-la-region-de-Segou-Copie.jpg",2048,1365,false],"thumbnail":["https:\/\/nandi.info\/wp-content\/uploads\/2024\/01\/Dr-Choguel-Kokalla-Maiga-chef-du-gouvernement-de-Transition-en-tournee-dans-la-region-de-Segou-Copie-150x150.jpg",150,150,true],"medium":["https:\/\/nandi.info\/wp-content\/uploads\/2024\/01\/Dr-Choguel-Kokalla-Maiga-chef-du-gouvernement-de-Transition-en-tournee-dans-la-region-de-Segou-Copie-300x200.jpg",300,200,true],"medium_large":["https:\/\/nandi.info\/wp-content\/uploads\/2024\/01\/Dr-Choguel-Kokalla-Maiga-chef-du-gouvernement-de-Transition-en-tournee-dans-la-region-de-Segou-Copie-768x512.jpg",768,512,true],"large":["https:\/\/nandi.info\/wp-content\/uploads\/2024\/01\/Dr-Choguel-Kokalla-Maiga-chef-du-gouvernement-de-Transition-en-tournee-dans-la-region-de-Segou-Copie-1024x683.jpg",1024,683,true],"1536x1536":["https:\/\/nandi.info\/wp-content\/uploads\/2024\/01\/Dr-Choguel-Kokalla-Maiga-chef-du-gouvernement-de-Transition-en-tournee-dans-la-region-de-Segou-Copie-1536x1024.jpg",1536,1024,true],"2048x2048":["https:\/\/nandi.info\/wp-content\/uploads\/2024\/01\/Dr-Choguel-Kokalla-Maiga-chef-du-gouvernement-de-Transition-en-tournee-dans-la-region-de-Segou-Copie.jpg",2048,1365,false],"penci-recipe-1200x1200":["https:\/\/nandi.info\/wp-content\/uploads\/2024\/01\/Dr-Choguel-Kokalla-Maiga-chef-du-gouvernement-de-Transition-en-tournee-dans-la-region-de-Segou-Copie.jpg",1200,800,false],"penci-recipe-1200x900":["https:\/\/nandi.info\/wp-content\/uploads\/2024\/01\/Dr-Choguel-Kokalla-Maiga-chef-du-gouvernement-de-Transition-en-tournee-dans-la-region-de-Segou-Copie.jpg",1200,800,false],"penci-recipe-1200x675":["https:\/\/nandi.info\/wp-content\/uploads\/2024\/01\/Dr-Choguel-Kokalla-Maiga-chef-du-gouvernement-de-Transition-en-tournee-dans-la-region-de-Segou-Copie.jpg",1013,675,false],"penci-single-full":["https:\/\/nandi.info\/wp-content\/uploads\/2024\/01\/Dr-Choguel-Kokalla-Maiga-chef-du-gouvernement-de-Transition-en-tournee-dans-la-region-de-Segou-Copie.jpg",1920,1280,false],"penci-slider-full-thumb":["https:\/\/nandi.info\/wp-content\/uploads\/2024\/01\/Dr-Choguel-Kokalla-Maiga-chef-du-gouvernement-de-Transition-en-tournee-dans-la-region-de-Segou-Copie.jpg",1200,800,false],"penci-full-thumb":["https:\/\/nandi.info\/wp-content\/uploads\/2024\/01\/Dr-Choguel-Kokalla-Maiga-chef-du-gouvernement-de-Transition-en-tournee-dans-la-region-de-Segou-Copie.jpg",1170,780,false],"penci-slider-thumb":["https:\/\/nandi.info\/wp-content\/uploads\/2024\/01\/Dr-Choguel-Kokalla-Maiga-chef-du-gouvernement-de-Transition-en-tournee-dans-la-region-de-Segou-Copie.jpg",995,663,false],"penci-magazine-slider":["https:\/\/nandi.info\/wp-content\/uploads\/2024\/01\/Dr-Choguel-Kokalla-Maiga-chef-du-gouvernement-de-Transition-en-tournee-dans-la-region-de-Segou-Copie.jpg",774,516,false],"penci-thumb":["https:\/\/nandi.info\/wp-content\/uploads\/2024\/01\/Dr-Choguel-Kokalla-Maiga-chef-du-gouvernement-de-Transition-en-tournee-dans-la-region-de-Segou-Copie.jpg",585,390,false],"penci-masonry-thumb":["https:\/\/nandi.info\/wp-content\/uploads\/2024\/01\/Dr-Choguel-Kokalla-Maiga-chef-du-gouvernement-de-Transition-en-tournee-dans-la-region-de-Segou-Copie.jpg",585,390,false],"penci-thumb-square":["https:\/\/nandi.info\/wp-content\/uploads\/2024\/01\/Dr-Choguel-Kokalla-Maiga-chef-du-gouvernement-de-Transition-en-tournee-dans-la-region-de-Segou-Copie.jpg",585,390,false],"penci-thumb-vertical":["https:\/\/nandi.info\/wp-content\/uploads\/2024\/01\/Dr-Choguel-Kokalla-Maiga-chef-du-gouvernement-de-Transition-en-tournee-dans-la-region-de-Segou-Copie.jpg",480,320,false],"penci-thumb-small":["https:\/\/nandi.info\/wp-content\/uploads\/2024\/01\/Dr-Choguel-Kokalla-Maiga-chef-du-gouvernement-de-Transition-en-tournee-dans-la-region-de-Segou-Copie.jpg",263,175,false]},"author_info":{"display_name":"Nandi","author_link":"https:\/\/nandi.info\/?author=1"},"category_info":"<a href=\"https:\/\/nandi.info\/?cat=125\" rel=\"category\">Actualit\u00e9<\/a> <a href=\"https:\/\/nandi.info\/?cat=81\" rel=\"category\">Le Nouveau R\u00e9veil<\/a> <a href=\"https:\/\/nandi.info\/?cat=23\" rel=\"category\">Politique<\/a>","tag_info":"Politique","comment_count":"0","jetpack_featured_media_url":"https:\/\/nandi.info\/wp-content\/uploads\/2024\/01\/Dr-Choguel-Kokalla-Maiga-chef-du-gouvernement-de-Transition-en-tournee-dans-la-region-de-Segou-Copie.jpg","jetpack_sharing_enabled":true,"_links":{"self":[{"href":"https:\/\/nandi.info\/index.php?rest_route=\/wp\/v2\/posts\/18775","targetHints":{"allow":["GET"]}}],"collection":[{"href":"https:\/\/nandi.info\/index.php?rest_route=\/wp\/v2\/posts"}],"about":[{"href":"https:\/\/nandi.info\/index.php?rest_route=\/wp\/v2\/types\/post"}],"author":[{"embeddable":true,"href":"https:\/\/nandi.info\/index.php?rest_route=\/wp\/v2\/users\/1"}],"replies":[{"embeddable":true,"href":"https:\/\/nandi.info\/index.php?rest_route=%2Fwp%2Fv2%2Fcomments&post=18775"}],"version-history":[{"count":1,"href":"https:\/\/nandi.info\/index.php?rest_route=\/wp\/v2\/posts\/18775\/revisions"}],"predecessor-version":[{"id":18778,"href":"https:\/\/nandi.info\/index.php?rest_route=\/wp\/v2\/posts\/18775\/revisions\/18778"}],"wp:featuredmedia":[{"embeddable":true,"href":"https:\/\/nandi.info\/index.php?rest_route=\/wp\/v2\/media\/16606"}],"wp:attachment":[{"href":"https:\/\/nandi.info\/index.php?rest_route=%2Fwp%2Fv2%2Fmedia&parent=18775"}],"wp:term":[{"taxonomy":"category","embeddable":true,"href":"https:\/\/nandi.info\/index.php?rest_route=%2Fwp%2Fv2%2Fcategories&post=18775"},{"taxonomy":"post_tag","embeddable":true,"href":"https:\/\/nandi.info\/index.php?rest_route=%2Fwp%2Fv2%2Ftags&post=18775"}],"curies":[{"name":"wp","href":"https:\/\/api.w.org\/{rel}","templated":true}]}}