{"id":18696,"date":"2024-05-26T16:09:39","date_gmt":"2024-05-26T14:09:39","guid":{"rendered":"https:\/\/nandi.info\/?p=18696"},"modified":"2024-05-26T16:11:07","modified_gmt":"2024-05-26T14:11:07","slug":"le-ministre-mamoudou-kassogue-apres-avoir-recu-les-rapports-dactivites-2022-et-2023-de-son-departement-lamelioration-de-la-qualite-de-la-gouvernance-et-du-management-a-un","status":"publish","type":"post","link":"https:\/\/nandi.info\/?p=18696","title":{"rendered":"Le ministre Mamoudou Kassogu\u00e9 apr\u00e8s avoir re\u00e7u les rapports d\u2019activit\u00e9s 2022 et 2023 de son d\u00e9partement : \u201cL\u2019am\u00e9lioration de la qualit\u00e9 de la gouvernance et du management a un effet positif sur l\u2019image de la justice dans ses rapports\u201d"},"content":{"rendered":"\n<h2 class=\"wp-block-heading has-text-align-center\"><strong>\u201cLa qu\u00eate d\u2019une justice moderne, efficace, accessible,<\/strong>\u00a0<strong>respect\u00e9e et respectable, n\u00e9cessite d\u2019\u00e9normes ressources financi\u00e8res, mat\u00e9rielles et humaines de qualit\u00e9\u201d<\/strong><\/h2>\n\n\n\n<p><strong><em>Le ministre de la Justice et des Droits de l\u2019Homme, Mamoudou Kassogu\u00e9 a officiellement re\u00e7u, le lundi 20 mai 2024, les rapports 2022 et 2023 des activit\u00e9s des services de son d\u00e9partement. L\u2019\u00e9v\u00e9nement s\u2019est d\u00e9roul\u00e9 en pr\u00e9sence des chefs des services centraux et assimil\u00e9s. \u201cJe ne suis donc pas surpris de recevoir de vos mains, les rapports d\u2019activit\u00e9s 2022 et 2023 des services centraux et assimil\u00e9s du minist\u00e8re de la Justice et des Droits de l\u2019Homme. La dynamique que vous avez su impulser, gr\u00e2ce \u00e0 vos qualit\u00e9s humaines, techniques et professionnelles, ont permis d\u2019engranger tous ces r\u00e9sultats dont nous sommes tous fiers. Par votre vision, votre clairvoyance, votre disponibilit\u00e9&nbsp;<\/em><\/strong><strong><em>dans un esprit d\u2019\u00e9quipe et votre sens \u00e9lev\u00e9 du devoir et de la responsabilit\u00e9, vous avez chang\u00e9 qualitativement les habitudes, trac\u00e9 de nouvelles voies pour l\u2019am\u00e9lioration de la qualit\u00e9 de la gestion et pos\u00e9 les jalons pour asseoir, d\u00e9finitivement, la culture de la redevabilit\u00e9 et de la r\u00e9\u00e9dition de comptes\u201d, pr\u00e9cisera le ministre Mamoudou Kassogu\u00e9.<\/em><\/strong><\/p>\n\n\n\n<p class=\"has-drop-cap\">La c\u00e9r\u00e9monie qui nous r\u00e9unit, ce matin, qui se veut tr\u00e8s modeste, est pour autant un \u00e9v\u00e8nement historique, plein de signification, venant rallonger la longue liste des \u00e9v\u00e8nements innovants de notre d\u00e9partement qui ont inexorablement contribu\u00e9 \u00e0 l\u2019am\u00e9lioration de la distribution du service public de la justice, ces trois derni\u00e8res ann\u00e9es et qui sont assez r\u00e9v\u00e9lateurs des avanc\u00e9es significatives dans la gestion des affaires qui nous sont confi\u00e9es.<\/p>\n\n\n\n<p>En effet, pour la premi\u00e8re fois dans l\u2019histoire de notre d\u00e9partement, il est organis\u00e9 une c\u00e9r\u00e9monie de remise de rapport r\u00e9capitulant l\u2019ensemble des activit\u00e9s qui ont \u00e9t\u00e9 men\u00e9es par les diff\u00e9rents services centraux et assimil\u00e9s au cours de l\u2019ann\u00e9e \u00e9coul\u00e9e.<\/p>\n\n\n\n<p>Ce qui me fait dire, \u00e0 juste titre, que cet \u00e9v\u00e8nement, loin d\u2019\u00eatre anodin, vient donner la confirmation quant \u00e0 la dynamique de changement qualitatif reposant sur des valeurs de bonne gouvernance, de management responsable et de culture du r\u00e9sultat qui mettent chaque responsable de service face \u00e0 son devoir de redevabilit\u00e9 et de r\u00e9\u00e9dition de comptes dans l\u2019accomplissement des missions qui lui sont confi\u00e9es.<\/p>\n\n\n\n<p>Comment ne pas rappeler, ici, avec une l\u00e9gitime fiert\u00e9, quelques-unes de ces mesures innovantes qui ont chang\u00e9 le visage de la justice de notre pays, \u00e0 savoir le renforcement des mesures de contr\u00f4le interne, l\u2019am\u00e9lioration des m\u00e9thodes et proc\u00e9dures, l\u2019utilisation rationnelle des ressources publiques, la c\u00e9l\u00e9rit\u00e9 dans le traitement des dossiers, l\u2019ouverture et la disponibilit\u00e9, pour \u00eatre \u00e0 l\u2019\u00e9coute des citoyens, comme en t\u00e9moigne le num\u00e9ro vert&nbsp;<strong>\u00abBinkani Kunafoni\u00bb<\/strong>&nbsp;\u00e0 la disposition des usagers du service public de la justice, les suites appropri\u00e9es r\u00e9serv\u00e9es aux d\u00e9nonciations des cas de dysfonctionnements ou de manquements li\u00e9s \u00e0 des abus constat\u00e9s, sans discrimination aucune, la mobilit\u00e9 du personnel sur la base d\u2019\u00e9l\u00e9ments objectifs en privil\u00e9giant la r\u00e9compense du m\u00e9rite ainsi que le recrutement cr\u00e9dible des agents de la justice.<\/p>\n\n\n\n<p>A tout cela, il convient d\u2019ajouter les nouvelles mesures quant \u00e0 l\u2019\u00e9laboration et la production, \u00e0 bonne date, des documents statistiques, des documents budg\u00e9taires et financiers, mais aussi des rapports annuels retra\u00e7ant les activit\u00e9s men\u00e9es par les diff\u00e9rents services centraux et assimil\u00e9s ainsi que les r\u00e9sultats atteints.<\/p>\n\n\n\n<p><strong>Monsieur le secr\u00e9taire g\u00e9n\u00e9ral,<\/strong><\/p>\n\n\n\n<p><strong>Mesdames et Messieurs,<\/strong><\/p>\n\n\n\n<p>L\u2019am\u00e9lioration de la qualit\u00e9 de la gouvernance et du management, gr\u00e2ce \u00e0 toutes ces mesures innovantes, a un effet positif sur l\u2019image de la justice dans ses rapports avec tous et cela, pour plusieurs raisons.<\/p>\n\n\n\n<p><strong>En premier lieu<\/strong>, au-del\u00e0 de leur avantage en termes d\u2019organisation qualitative du travail profitable aux responsables des services, ces mesures innovantes ont donn\u00e9 un r\u00e9el espoir \u00e0 nos concitoyens quant \u00e0 la bonne administration et la bonne distribution de la justice dans notre pays qui constituent, ind\u00e9niablement, des facteurs importants pour la paix et la stabilit\u00e9 sociale sans lesquelles il ne peut y avoir de d\u00e9veloppement. Elles ont permis d\u2019inverser, positivement, l\u2019opinion du citoyen et de renforcer sa confiance en l\u2019institution judiciaire.<\/p>\n\n\n\n<p><strong>En deuxi\u00e8me lieu<\/strong>, la qu\u00eate d\u2019une justice moderne, efficace, accessible, respect\u00e9e et respectable, n\u00e9cessite d\u2019\u00e9normes ressources financi\u00e8res, mat\u00e9rielles et humaines de qualit\u00e9 dont la disponibilit\u00e9 est fortement tributaire des possibilit\u00e9s de l\u2019Etat. A cet \u00e9gard, l\u2019appui des Partenaires Techniques et Financiers est de nature \u00e0 compl\u00e9ter les efforts de l\u2019Etat et \u00e0 faciliter l\u2019am\u00e9lioration des conditions de travail pour l\u2019atteinte des r\u00e9sultats recherch\u00e9s.L\u2019am\u00e9lioration de la qualit\u00e9 de la gouvernance du secteur est, sans nul doute, le levier le plus important pour mettre en confiance les Partenaires Techniques et Financiers et favoriser leur accompagnement pour la mobilisation des ressources n\u00e9cessaires \u00e0 la prise en charge des diff\u00e9rents volets d\u2019investissement.<\/p>\n\n\n\n<p><strong>Enfin, en dernier lieu<\/strong>, je dirais que notre D\u00e9partement n\u2019a pas le choix que d\u2019engager des mesures appropri\u00e9es permettant de mettre la justice \u00e0 la hauteur des missions assign\u00e9es, des enjeux et des d\u00e9fis contemporains auxquels notre pays fait face dans un contexte de refondation de l\u2019Etat.<\/p>\n\n\n\n<p>Il s\u2019agit de mobiliser toutes les \u00e9nergies et les capacit\u00e9s du secteur pour m\u00e9riter la confiance plac\u00e9e en la justice par les plus Hautes Autorit\u00e9s du pays, convaincues du r\u00f4le primordial que l\u2019Institution judiciaire doit jouer dans la construction du nouveau Mali, Mali Kura. Aussi, avec les avanc\u00e9es gigantesques que notre d\u00e9partement a connues, ces trois derni\u00e8res ann\u00e9es, dans les diff\u00e9rents domaines, la qualit\u00e9 des ressources humaines du secteur et l\u2019engagement du personnel, on peut dire, en toute modestie, que les d\u00e9fis sont \u00e0 port\u00e9e de main et seront inexorablement relev\u00e9s.<\/p>\n\n\n\n<p>La dynamique que vous avez su impulser, gr\u00e2ce \u00e0 vos qualit\u00e9s humaines, techniques et professionnelles, ont permis d\u2019engranger tous ces r\u00e9sultats dont nous sommes tous fiers.<\/p>\n\n\n\n<p>Par votre vision, votre clairvoyance, votre disponibilit\u00e9 dans un esprit d\u2019\u00e9quipe et votre sens \u00e9lev\u00e9 du devoir et de la responsabilit\u00e9, vous avez chang\u00e9 qualitativement les habitudes, trac\u00e9 de nouvelles voies pour l\u2019am\u00e9lioration de la qualit\u00e9 de la gestion et pos\u00e9 les jalons pour asseoir, d\u00e9finitivement, la culture de la redevabilit\u00e9 et de la r\u00e9\u00e9dition de comptes.<\/p>\n\n\n\n<p>Je ne suis donc pas surpris de recevoir de vos mains, les rapports d\u2019activit\u00e9s 2022 et 2023 des services centraux et assimil\u00e9s du minist\u00e8re de la Justice et des Droits de l\u2019Homme.<\/p>\n\n\n\n<p><strong>La nouvelle maison \u00abjustice\u00bb<\/strong>, que nous avons b\u00e2tie ensemble, porte, de fa\u00e7on ind\u00e9l\u00e9bile et pour la post\u00e9rit\u00e9, les traces de vos mains, car vous en \u00eates un des b\u00e2tisseurs infatigables auxquels l\u2019Institution Judiciaire doit, \u00e9ternellement, reconnaissance et gratitude.<\/p>\n\n\n\n<p>Permettez-moi de saisir cette occasion qui m\u2019est offerte, encore une fois de plus, de vous adresser mes chaleureuses et sinc\u00e8res f\u00e9licitations pour l\u2019immense travail que vous avez abattu depuis votre arriv\u00e9e \u00e0 la t\u00eate du secr\u00e9tariat g\u00e9n\u00e9ral.<\/p>\n\n\n\n<p>Je n\u2019oublie pas d\u2019associer \u00e0 ces mots de reconnaissance et de gratitude tous les membres de votre \u00e9quipe, les proches collaborateurs et les directeurs des services centraux et assimil\u00e9s.<\/p>\n\n\n\n<p>Je sais qu\u2019avec vos qualit\u00e9s et celles des membres de la dynamique \u00e9quipe qui vous accompagne, vous continuerez \u00e0 \u00e9crire, encore, de nouvelles pages glorieuses de l\u2019histoire de notre d\u00e9partement pour le bonheur de la justice voire de notre nation\u201d.<\/p>\n","protected":false},"excerpt":{"rendered":"<p>\u201cLa qu\u00eate d\u2019une justice moderne, efficace, accessible,\u00a0respect\u00e9e et respectable, n\u00e9cessite d\u2019\u00e9normes ressources financi\u00e8res, mat\u00e9rielles et humaines de qualit\u00e9\u201d Le ministre de la Justice et des Droits de l\u2019Homme, Mamoudou Kassogu\u00e9&hellip;<\/p>\n","protected":false},"author":1,"featured_media":18697,"comment_status":"open","ping_status":"open","sticky":false,"template":"","format":"standard","meta":{"content-type":"","_lmt_disableupdate":"","_lmt_disable":"","_jetpack_memberships_contains_paid_content":false,"footnotes":"","jetpack_publicize_message":"","jetpack_publicize_feature_enabled":true,"jetpack_social_post_already_shared":true,"jetpack_social_options":{"image_generator_settings":{"template":"highway","default_image_id":0,"font":"","enabled":false},"version":2}},"categories":[19,56],"tags":[],"class_list":["post-18696","post","type-post","status-publish","format-standard","has-post-thumbnail","hentry","category-aujourdhui-mali","category-justice"],"jetpack_publicize_connections":[],"featured_image_urls":{"full":["https:\/\/nandi.info\/wp-content\/uploads\/2024\/05\/Ministre-Kassogue.jpg",650,477,false],"thumbnail":["https:\/\/nandi.info\/wp-content\/uploads\/2024\/05\/Ministre-Kassogue-150x150.jpg",150,150,true],"medium":["https:\/\/nandi.info\/wp-content\/uploads\/2024\/05\/Ministre-Kassogue-300x220.jpg",300,220,true],"medium_large":["https:\/\/nandi.info\/wp-content\/uploads\/2024\/05\/Ministre-Kassogue.jpg",650,477,false],"large":["https:\/\/nandi.info\/wp-content\/uploads\/2024\/05\/Ministre-Kassogue.jpg",650,477,false],"1536x1536":["https:\/\/nandi.info\/wp-content\/uploads\/2024\/05\/Ministre-Kassogue.jpg",650,477,false],"2048x2048":["https:\/\/nandi.info\/wp-content\/uploads\/2024\/05\/Ministre-Kassogue.jpg",650,477,false],"penci-recipe-1200x1200":["https:\/\/nandi.info\/wp-content\/uploads\/2024\/05\/Ministre-Kassogue.jpg",650,477,false],"penci-recipe-1200x900":["https:\/\/nandi.info\/wp-content\/uploads\/2024\/05\/Ministre-Kassogue.jpg",650,477,false],"penci-recipe-1200x675":["https:\/\/nandi.info\/wp-content\/uploads\/2024\/05\/Ministre-Kassogue.jpg",650,477,false],"penci-single-full":["https:\/\/nandi.info\/wp-content\/uploads\/2024\/05\/Ministre-Kassogue.jpg",650,477,false],"penci-slider-full-thumb":["https:\/\/nandi.info\/wp-content\/uploads\/2024\/05\/Ministre-Kassogue.jpg",650,477,false],"penci-full-thumb":["https:\/\/nandi.info\/wp-content\/uploads\/2024\/05\/Ministre-Kassogue.jpg",650,477,false],"penci-slider-thumb":["https:\/\/nandi.info\/wp-content\/uploads\/2024\/05\/Ministre-Kassogue.jpg",650,477,false],"penci-magazine-slider":["https:\/\/nandi.info\/wp-content\/uploads\/2024\/05\/Ministre-Kassogue.jpg",650,477,false],"penci-thumb":["https:\/\/nandi.info\/wp-content\/uploads\/2024\/05\/Ministre-Kassogue.jpg",531,390,false],"penci-masonry-thumb":["https:\/\/nandi.info\/wp-content\/uploads\/2024\/05\/Ministre-Kassogue.jpg",585,429,false],"penci-thumb-square":["https:\/\/nandi.info\/wp-content\/uploads\/2024\/05\/Ministre-Kassogue.jpg",585,429,false],"penci-thumb-vertical":["https:\/\/nandi.info\/wp-content\/uploads\/2024\/05\/Ministre-Kassogue.jpg",480,352,false],"penci-thumb-small":["https:\/\/nandi.info\/wp-content\/uploads\/2024\/05\/Ministre-Kassogue.jpg",238,175,false]},"author_info":{"display_name":"Nandi","author_link":"https:\/\/nandi.info\/?author=1"},"category_info":"<a href=\"https:\/\/nandi.info\/?cat=19\" rel=\"category\">Aujourd\u2019hui Mali<\/a> <a href=\"https:\/\/nandi.info\/?cat=56\" rel=\"category\">Justice<\/a>","tag_info":"Justice","comment_count":"0","jetpack_featured_media_url":"https:\/\/nandi.info\/wp-content\/uploads\/2024\/05\/Ministre-Kassogue.jpg","jetpack_sharing_enabled":true,"_links":{"self":[{"href":"https:\/\/nandi.info\/index.php?rest_route=\/wp\/v2\/posts\/18696","targetHints":{"allow":["GET"]}}],"collection":[{"href":"https:\/\/nandi.info\/index.php?rest_route=\/wp\/v2\/posts"}],"about":[{"href":"https:\/\/nandi.info\/index.php?rest_route=\/wp\/v2\/types\/post"}],"author":[{"embeddable":true,"href":"https:\/\/nandi.info\/index.php?rest_route=\/wp\/v2\/users\/1"}],"replies":[{"embeddable":true,"href":"https:\/\/nandi.info\/index.php?rest_route=%2Fwp%2Fv2%2Fcomments&post=18696"}],"version-history":[{"count":1,"href":"https:\/\/nandi.info\/index.php?rest_route=\/wp\/v2\/posts\/18696\/revisions"}],"predecessor-version":[{"id":18698,"href":"https:\/\/nandi.info\/index.php?rest_route=\/wp\/v2\/posts\/18696\/revisions\/18698"}],"wp:featuredmedia":[{"embeddable":true,"href":"https:\/\/nandi.info\/index.php?rest_route=\/wp\/v2\/media\/18697"}],"wp:attachment":[{"href":"https:\/\/nandi.info\/index.php?rest_route=%2Fwp%2Fv2%2Fmedia&parent=18696"}],"wp:term":[{"taxonomy":"category","embeddable":true,"href":"https:\/\/nandi.info\/index.php?rest_route=%2Fwp%2Fv2%2Fcategories&post=18696"},{"taxonomy":"post_tag","embeddable":true,"href":"https:\/\/nandi.info\/index.php?rest_route=%2Fwp%2Fv2%2Ftags&post=18696"}],"curies":[{"name":"wp","href":"https:\/\/api.w.org\/{rel}","templated":true}]}}