{"id":18663,"date":"2024-05-23T10:42:18","date_gmt":"2024-05-23T08:42:18","guid":{"rendered":"https:\/\/nandi.info\/?p=18663"},"modified":"2024-05-23T10:44:48","modified_gmt":"2024-05-23T08:44:48","slug":"ousmane-sonko-sur-les-pays-du-sahel-nous-ne-lacherons-pas-nos-freres-du-sahel","status":"publish","type":"post","link":"https:\/\/nandi.info\/?p=18663","title":{"rendered":"Ousmane Sonko sur les pays du Sahel : \u201cNous ne l\u00e2cherons pas nos fr\u00e8res du Sahel\u201d"},"content":{"rendered":"\n<p><strong><em>Le Premier ministre s\u00e9n\u00e9galais, Ousmane Sonko a, lors d\u2019une conf\u00e9rence-d\u00e9bat, tenue le 16 mai \u00e0&nbsp;<a href=\"https:\/\/www.maliweb.net\/politique\/ousmane-sonko-sur-les-pays-du-sahel-nous-ne-lacherons-pas-nos-freres-du-sahel-3064543.html#\">&nbsp;Dakar<\/a>, accus\u00e9 l\u2019Occident et l\u2019Europe d\u2019\u00eatre prompts \u00e0 donner de le\u00e7on, \u00e0 se m\u00ealer de tout sans les m\u00eames principes. \u201cNous ne pouvons pas accepter que des probl\u00e8mes politiques en Afrique soient r\u00e9gl\u00e9s par les Africains sur commande ext\u00e9rieure en s\u2019attaquant \u00e0 des pays fr\u00e8res et \u00e0 leur population surtout, c\u2019est inadmissible\u201d, a-t-il lanc\u00e9.<\/em><\/strong><\/p>\n\n\n\n<p>L\u2019homme fort du r\u00e9gime Diomaye Faye, Ousmane Sonko \u00e9tait devant les \u00e9tudiants de l\u2019Universit\u00e9 Cheikh Anta Diop de&nbsp;<a href=\"https:\/\/www.maliweb.net\/politique\/ousmane-sonko-sur-les-pays-du-sahel-nous-ne-lacherons-pas-nos-freres-du-sahel-3064543.html#\">&nbsp;Dakar<\/a>&nbsp;(Ucad), il avait \u00e0 ses c\u00f4t\u00e9s, le Fran\u00e7ais Jean-Luc M\u00e9lenchon, venu \u00e0 son invitation.<\/p>\n\n\n\n<p>S\u2019adressant aux \u00e9tudiants, le leader du Pastef a condamn\u00e9 ce qui se passe aujourd\u2019hui dans les pays du Sahel. Selon lui, on a t\u00f4t fait de condamner, d\u2019exclure, de mettre des embargos sur les pays du Sahel, \u201cce que nous condamnons\u201d, a-t-il justifi\u00e9.<\/p>\n\n\n\n<p>Le Premier ministre Sonko a d\u00e9clar\u00e9 inadmissible que des pays africains fassent l\u2019objet d\u2019ostracisme et d\u2019exclusion en terre africaine.<\/p>\n\n\n\n<p>A l\u2019entendre, aujourd\u2019hui l\u2019Europe a des probl\u00e8mes avec des pays qui se disent adeptes de ligne lib\u00e9rale et qui ne respectent pas forc\u00e9ment les r\u00e8gles de l\u2019Union europ\u00e9enne. Et que ce n\u2019est pas pour autant que ces pays sont mis sous embargo ou que les subventions europ\u00e9ennes sont coup\u00e9es.<\/p>\n\n\n\n<p><em>\u201cC\u2019est pourquoi nous ne l\u00e2cherons pas nos fr\u00e8res du Sahel et nous ferons tout ce qu\u2019il faut pour raffermir les liens et leur apporter notre solidarit\u00e9\u201d<\/em>, a-t-il expliqu\u00e9. Selon M. Sonko, ce qui, aujourd\u2019hui, condamne des r\u00e9gimes, consid\u00e9r\u00e9s comme militaires ou dictatoriaux, sont pourtant en train d\u2019aller vers d\u2019autres qui ne sont pas d\u00e9mocratiques lorsque leur int\u00e9r\u00eat s\u2019y trouve pour n\u00e9gocier du p\u00e9trole ou des march\u00e9s.<\/p>\n\n\n\n<p><em>\u201cEst-ce qu\u2019\u00e0 partir de ce moment on peut dire qu\u2019ils se m\u00ealent de tout avec les m\u00eames principes, absolument pas\u201d<\/em>, s\u2019est d\u00e9fendu l\u2019opposant \u00e0 l\u2019ancien pr\u00e9sident Macky Sall. Selon lui, les probl\u00e8mes internes aux pays africains doivent \u00eatre r\u00e9gl\u00e9s par les citoyens de ces pays. Certes, il y a eu des coups d\u2019Etat, certes, personne n\u2019encourage la perp\u00e9tration du coup d\u2019Etat, mais&nbsp;<em>\u201cje refuse d\u2019\u00eatre de ceux qui analysent les sympt\u00f4mes et qui refusent d\u2019analyser les causes r\u00e9elles\u201d<\/em>, expliquera-t-il.<\/p>\n\n\n\n<p>A ses dires, ces tergiversations dans les prises de position qui ont fini par discr\u00e9diter une bonne partie de l\u2019Occident en l\u2019occurrence l\u2019Europe et la France au regard de tous ces peuples africains qui aujourd\u2019hui vont aux m\u00eames \u00e9coles, suivent de la m\u00eame mani\u00e8re l\u2019actualit\u00e9 mondiale, sont aussi \u00e9veill\u00e9s que tout autre peuple du monde. Et cela a fini de d\u00e9teindre tr\u00e8s n\u00e9gativement les relations entre l\u2019Afrique et l\u2019Europe.&nbsp;<em>\u201cIl nous faut refonder ces relations parce que nous sommes tenus d\u2019\u00eatre ensemble et de travailler ensemble\u201d<\/em>, a conclu le Premier ministre Ousmane Sonko.<\/p>\n\n\n\n<p><strong>Ibrahima Ndiaye<\/strong><\/p>\n","protected":false},"excerpt":{"rendered":"<p>Le Premier ministre s\u00e9n\u00e9galais, Ousmane Sonko a, lors d\u2019une conf\u00e9rence-d\u00e9bat, tenue le 16 mai \u00e0&nbsp;&nbsp;Dakar, accus\u00e9 l\u2019Occident et l\u2019Europe d\u2019\u00eatre prompts \u00e0 donner de le\u00e7on, \u00e0 se m\u00ealer de tout&hellip;<\/p>\n","protected":false},"author":1,"featured_media":16197,"comment_status":"open","ping_status":"open","sticky":false,"template":"","format":"standard","meta":{"content-type":"","_lmt_disableupdate":"","_lmt_disable":"","_jetpack_memberships_contains_paid_content":false,"footnotes":"","jetpack_publicize_message":"","jetpack_publicize_feature_enabled":true,"jetpack_social_post_already_shared":true,"jetpack_social_options":{"image_generator_settings":{"template":"highway","default_image_id":0,"font":"","enabled":false},"version":2}},"categories":[125,57,33,23],"tags":[],"class_list":["post-18663","post","type-post","status-publish","format-standard","has-post-thumbnail","hentry","category-actualite","category-international","category-mali-tribune","category-politique"],"jetpack_publicize_connections":[],"featured_image_urls":{"full":["https:\/\/nandi.info\/wp-content\/uploads\/2023\/12\/Ousmane-Sonko.webp",593,319,false],"thumbnail":["https:\/\/nandi.info\/wp-content\/uploads\/2023\/12\/Ousmane-Sonko-150x150.webp",150,150,true],"medium":["https:\/\/nandi.info\/wp-content\/uploads\/2023\/12\/Ousmane-Sonko-300x161.webp",300,161,true],"medium_large":["https:\/\/nandi.info\/wp-content\/uploads\/2023\/12\/Ousmane-Sonko.webp",593,319,false],"large":["https:\/\/nandi.info\/wp-content\/uploads\/2023\/12\/Ousmane-Sonko.webp",593,319,false],"1536x1536":["https:\/\/nandi.info\/wp-content\/uploads\/2023\/12\/Ousmane-Sonko.webp",593,319,false],"2048x2048":["https:\/\/nandi.info\/wp-content\/uploads\/2023\/12\/Ousmane-Sonko.webp",593,319,false],"penci-recipe-1200x1200":["https:\/\/nandi.info\/wp-content\/uploads\/2023\/12\/Ousmane-Sonko.webp",593,319,false],"penci-recipe-1200x900":["https:\/\/nandi.info\/wp-content\/uploads\/2023\/12\/Ousmane-Sonko.webp",593,319,false],"penci-recipe-1200x675":["https:\/\/nandi.info\/wp-content\/uploads\/2023\/12\/Ousmane-Sonko.webp",593,319,false],"penci-single-full":["https:\/\/nandi.info\/wp-content\/uploads\/2023\/12\/Ousmane-Sonko.webp",593,319,false],"penci-slider-full-thumb":["https:\/\/nandi.info\/wp-content\/uploads\/2023\/12\/Ousmane-Sonko.webp",593,319,false],"penci-full-thumb":["https:\/\/nandi.info\/wp-content\/uploads\/2023\/12\/Ousmane-Sonko.webp",593,319,false],"penci-slider-thumb":["https:\/\/nandi.info\/wp-content\/uploads\/2023\/12\/Ousmane-Sonko.webp",593,319,false],"penci-magazine-slider":["https:\/\/nandi.info\/wp-content\/uploads\/2023\/12\/Ousmane-Sonko.webp",593,319,false],"penci-thumb":["https:\/\/nandi.info\/wp-content\/uploads\/2023\/12\/Ousmane-Sonko.webp",585,315,false],"penci-masonry-thumb":["https:\/\/nandi.info\/wp-content\/uploads\/2023\/12\/Ousmane-Sonko.webp",585,315,false],"penci-thumb-square":["https:\/\/nandi.info\/wp-content\/uploads\/2023\/12\/Ousmane-Sonko.webp",585,315,false],"penci-thumb-vertical":["https:\/\/nandi.info\/wp-content\/uploads\/2023\/12\/Ousmane-Sonko.webp",480,258,false],"penci-thumb-small":["https:\/\/nandi.info\/wp-content\/uploads\/2023\/12\/Ousmane-Sonko.webp",263,141,false]},"author_info":{"display_name":"Nandi","author_link":"https:\/\/nandi.info\/?author=1"},"category_info":"<a href=\"https:\/\/nandi.info\/?cat=125\" rel=\"category\">Actualit\u00e9<\/a> <a href=\"https:\/\/nandi.info\/?cat=57\" rel=\"category\">International<\/a> <a href=\"https:\/\/nandi.info\/?cat=33\" rel=\"category\">Mali Tribune<\/a> <a href=\"https:\/\/nandi.info\/?cat=23\" rel=\"category\">Politique<\/a>","tag_info":"Politique","comment_count":"0","jetpack_featured_media_url":"https:\/\/nandi.info\/wp-content\/uploads\/2023\/12\/Ousmane-Sonko.webp","jetpack_sharing_enabled":true,"_links":{"self":[{"href":"https:\/\/nandi.info\/index.php?rest_route=\/wp\/v2\/posts\/18663","targetHints":{"allow":["GET"]}}],"collection":[{"href":"https:\/\/nandi.info\/index.php?rest_route=\/wp\/v2\/posts"}],"about":[{"href":"https:\/\/nandi.info\/index.php?rest_route=\/wp\/v2\/types\/post"}],"author":[{"embeddable":true,"href":"https:\/\/nandi.info\/index.php?rest_route=\/wp\/v2\/users\/1"}],"replies":[{"embeddable":true,"href":"https:\/\/nandi.info\/index.php?rest_route=%2Fwp%2Fv2%2Fcomments&post=18663"}],"version-history":[{"count":1,"href":"https:\/\/nandi.info\/index.php?rest_route=\/wp\/v2\/posts\/18663\/revisions"}],"predecessor-version":[{"id":18664,"href":"https:\/\/nandi.info\/index.php?rest_route=\/wp\/v2\/posts\/18663\/revisions\/18664"}],"wp:featuredmedia":[{"embeddable":true,"href":"https:\/\/nandi.info\/index.php?rest_route=\/wp\/v2\/media\/16197"}],"wp:attachment":[{"href":"https:\/\/nandi.info\/index.php?rest_route=%2Fwp%2Fv2%2Fmedia&parent=18663"}],"wp:term":[{"taxonomy":"category","embeddable":true,"href":"https:\/\/nandi.info\/index.php?rest_route=%2Fwp%2Fv2%2Fcategories&post=18663"},{"taxonomy":"post_tag","embeddable":true,"href":"https:\/\/nandi.info\/index.php?rest_route=%2Fwp%2Fv2%2Ftags&post=18663"}],"curies":[{"name":"wp","href":"https:\/\/api.w.org\/{rel}","templated":true}]}}