{"id":18655,"date":"2024-05-23T10:34:47","date_gmt":"2024-05-23T08:34:47","guid":{"rendered":"https:\/\/nandi.info\/?p=18655"},"modified":"2024-05-23T10:41:16","modified_gmt":"2024-05-23T08:41:16","slug":"le-mali-a-la-croisee-des-chemins-des-maliens-favorables-a-la-prolongation-de-la-transition-et-a-la-candidature-dassimi-goita","status":"publish","type":"post","link":"https:\/\/nandi.info\/?p=18655","title":{"rendered":"Le Mali \u00e0 la crois\u00e9e des chemins : Des Maliens favorables \u00e0 la prolongation de la transition et \u00e0 la candidature d\u2019Assimi Go\u00efta"},"content":{"rendered":"\n<p><strong>Le Dialogue inter-Maliens pour la paix et la r\u00e9conciliation nationale (DIM) a pris fin le 10 mai 2024. Parmi les recommandations formul\u00e9es, figurent la prolongation de la transition de 2 \u00e0 5 ans et une \u00e9ventuelle candidature du pr\u00e9sident de la Transition \u00e0 la prochaine pr\u00e9sidentielle. Que pense la rue de ces deux points&nbsp;? Nous sommes all\u00e9s \u00e0 la rencontre de quelques Maliens de diff\u00e9rentes couches sociales pour recueillir des r\u00e9actions majoritairement favorables au Colonel Assimi Go\u00efta.<\/strong><\/p>\n\n\n\n<p>\u00ab<em>Je suis d\u2019accord \u00e0 100 % pour la prolongation de la transition. Je pr\u00e9f\u00e8re qu\u2019Assimi<\/em>&nbsp;(Colonel Assimi Go\u00efta)&nbsp;<em>reste au pouvoir jusqu\u2019\u00e0 ce que le pays soit stable et que tout soit rentr\u00e9 dans l\u2019ordre. A mon avis, il est le seul \u00e0 pouvoir bien d\u00e9fendre l\u2019int\u00e9r\u00eat du pays et \u00e0 faire en sorte que le Mali soit parmi les pays les plus d\u00e9velopp\u00e9s en Afrique et pourquoi pas dans le monde<\/em>\u00bb, a pr\u00e9cis\u00e9 Sin\u00e9 Coulibaly.<\/p>\n\n\n\n<p>\u00ab<em>Nous savons que le pays fait face \u00e0 de nombreux probl\u00e8mes qui affectent la vie de tout un chacun, surtout les coupures intempestives auxquelles nous faisons face. N\u00e9anmoins, je pense que s\u2019il y a un r\u00e9gime qui peut nous sauver et redonner \u00e0 notre pays sa grandeur d\u2019antan, c\u2019est le Colonel Assimi Go\u00efta et ses compagnons<\/em>\u00bb, a d\u00e9fendu Abdoul Karim Kant\u00e9. Et d\u2019ajouter, \u00ab<em>Nous ne voulons plus de ces politiciens v\u00e9reux. Ils ont d\u00e9j\u00e0 montr\u00e9 leur limite et chacun d\u2019entre eux ne pense qu\u2019\u00e0 sa propre personne. Ils ne se soucient pas du peuple malien. C\u2019est pourquoi je suis d\u2019accord avec la prolongation de la transition et une \u00e9ventuelle candidature d\u2019Assimi Go\u00efta<\/em>\u00bb.<\/p>\n\n\n\n<p>\u00ab<em>Je suis pour une prolongation de la Transition, mais pas de plus d\u2019une ann\u00e9e. Et entre temps, il faut changer de Premier ministre pour impulser une nouvelle dynamique \u00e0 l\u2019action du gouvernement qui s\u2019est essouffl\u00e9<\/em>\u00bb, a soutenu Diarra Kady Tour\u00e9. \u00ab<em>Je suis oppos\u00e9e \u00e0 une candidature d\u2019Assimi \u00e0 la prochaine pr\u00e9sidentielle parce que je ne pense pas que cela soit une bonne chose pour lui. S\u2019il veut rester dans l\u2019histoire comme un sauveur, il doit assainir la gouvernance et s\u2019en aller comme il l\u2019a promis en ao\u00fbt 2020<\/em>\u00bb.<\/p>\n\n\n\n<p>\u00ab<em>A mon avis, cette transition ne doit \u00eatre prolong\u00e9e en aucun cas car elle joue contre notre pays sous plusieurs formes. M\u00eame si au niveau s\u00e9curit\u00e9 \u00e7a va un peu, \u00e9conomiquement nous sommes de plus en plus faibles. Nous faisons face \u00e0 une coupure d\u2019\u00e9lectricit\u00e9 sans pr\u00e9c\u00e9dent. Sans compter que les gens ont du mal \u00e0 nourrir leurs familles. Tout ceci sont des difficult\u00e9s qui nous affectent gravement \u00e0 cause de cette transition<\/em>\u00bb, a d\u00e9plor\u00e9 Mohamed Samassa. \u00ab<em>Si les autorit\u00e9s de la Transition veulent le pouvoir, elles doivent organiser les \u00e9lections<\/em>\u00bb, a-t-il ajout\u00e9. \u00ab<em>Je ne suis pas oppos\u00e9 \u00e0 la candidature du Colonel Assimi Go\u00efta s\u2019il d\u00e9missionne de la pr\u00e9sidence de la Transition. S\u2019il a la chance d\u2019\u00eatre \u00e9lu d\u00e9mocratiquement, il va b\u00e9n\u00e9ficier de beaucoup de soutien car d\u2019autres pays seront l\u00e0 pour l\u2019aider \u00e0 r\u00e9aliser son projet de soci\u00e9t\u00e9<\/em>\u00bb, a conclu M. Samassa.<\/p>\n\n\n\n<p>\u00ab<em>Je suis un t\u00e9l\u00e9spectateur r\u00e9gulier du journal de 20h. Tout ce qu\u2019on dit sur l\u2019ORTM, je le compare \u00e0 l\u2019\u00e9volution de la situation politique, sociale et \u00e9conomique du pays. Je vois que le gouvernement ne fait que nous mentir. Il y a environ un an, des ministres ont s\u00e9journ\u00e9 plusieurs jours en Russie pour revenir nous dire \u00e0 la t\u00e9l\u00e9vision nationale qu\u2019il y aurait des changements sur le plan \u00e9conomique, sanitaire, alimentaire et \u00e9nerg\u00e9tique. Mais, je vois que rien n\u2019est encore fait\u2026<\/em>\u00bb a soutenu Lamine Ma\u00efga. Il prend en exemple le ministre des Transports et de l\u2019Equipement. \u00ab<em>Le ministre Madina Sissoko Demb\u00e9l\u00e9, \u00e0 son retour de Moscou, a dit qu\u2019ils ont sign\u00e9 des contrats avec la Russie et qu\u2019on aura des goudrons&nbsp;; que ce pays va mettre en marche un nouveau train\u2026 Depuis un an, rien n\u2019est fait<\/em>\u00bb.<\/p>\n\n\n\n<p>\u00ab<em>Comment prolonger une transition qui s\u2019essouffle progressivement. Si la s\u00e9curit\u00e9 s\u2019est am\u00e9lior\u00e9e avec la mont\u00e9e en puissance des Forces arm\u00e9es<\/em>&nbsp;(FAMa)<em>, rien ne bouge dans les autres secteurs. La crise \u00e9nerg\u00e9tique en est la preuve lamentable. A chaque sortie du ministre de l\u2019Energie et de l\u2019Eau, \u00e7a va de mal en pis. Je suis formellement contre la prolongation de la Transition et la candidature d\u2019Assimi<\/em>\u00bb, a fait savoir un jeune enseignant. \u00ab<em>Les hommes politiques n\u2019ont rien fait de bon alors que depuis le d\u00e9but de la transition, nous avons commenc\u00e9 \u00e0 voir des changements. A commencer par la r\u00e9cup\u00e9ration de Kidal et la lutte acharn\u00e9e contre la corruption\u2026 Si nous donnons \u00e0 nouveau notre pays \u00e0 ces politiciens, nous allons beaucoup r\u00e9gresser. C\u2019est pourquoi je suis pour la prolongation de la transition et la candidature d\u2019Assimi Go\u00efta \u00e0 la pr\u00e9sidentielle<\/em>\u00bb, a soutenu Sidi Bagayogo.<\/p>\n\n\n\n<p>\u00ab<em>Pourquoi ne pas \u00eatre d\u2019accord avec la candidature d\u2019Assimi \u00e0 la pr\u00e9sidentielle&nbsp;?<\/em>\u00bb, s\u2019est interrog\u00e9 S\u00e9kou Samak\u00e9. Et de conclure,&nbsp;<em>\u00abil n\u2019y aura aucun candidat qui pourra arriver \u00e0 la cheville de ces Colonels. Si nous organisons les \u00e9lections maintenant, seulement les Blancs<\/em>&nbsp;(Occident)&nbsp;<em>vont nous imposer leurs candidats. Pour \u00e9viter tout \u00e7a, moi, je soutiens la prorogation de la transition et la candidature du Colonel Assimi Go\u00efta \u00e0 la prochaine \u00e9lection pr\u00e9sidentielle<\/em>\u00bb.<\/p>\n\n\n\n<p>S\u2019ils sont nombreux nos interlocuteurs qui font confiance \u00e0 Assimi Go\u00efta pour encore diriger le pays pendant quelques ann\u00e9es, beaucoup d\u2019entre eux souhaitent aujourd\u2019hui un changement \u00e0 la Primature. \u00ab<em>Choguel&nbsp;<\/em>(Dr Choguel Kokalla Ma\u00efga)&nbsp;<em>a atteint ses limites. Il pourra apporter rien de concret \u00e2 cette transition<\/em>\u00bb, soulignent de nombreux intervenants. \u00ab<em>A part accorder les audiences et pr\u00e9sider les c\u00e9r\u00e9monies afin de lancer des fl\u00e8ches \u00e0 ses adversaires politiques tout en essayant de nous endormir avec des discours d\u00e9magogiques et populistes, que fait d\u2019autre Choguel \u00e0&nbsp; la Primature ?<\/em>\u00bb, s\u2019interroger un cadre de l\u2019administration.<\/p>\n\n\n\n<p>Quid de son successeur ! Abdoulaye Diop, Colonel Assa Badiallo, Ousmane Tatam Ly, Mme Sy Kadiatou Sow, Mamadou Igor Diarra, Cheick Sidi Diarra, Moussa Mara, Aminata Dramane Traor\u00e9\u2026 Colonel Abdoulaye Ma\u00efga sont les noms fr\u00e9quemment cit\u00e9s par nos interlocuteurs dans la rue pour occuper la Primature.<\/p>\n\n\n\n<p><strong>Sory Diakit\u00e9\/M.Bolly<\/strong><\/p>\n","protected":false},"excerpt":{"rendered":"<p>Le Dialogue inter-Maliens pour la paix et la r\u00e9conciliation nationale (DIM) a pris fin le 10 mai 2024. Parmi les recommandations formul\u00e9es, figurent la prolongation de la transition de 2&hellip;<\/p>\n","protected":false},"author":1,"featured_media":18656,"comment_status":"open","ping_status":"open","sticky":false,"template":"","format":"standard","meta":{"content-type":"","_lmt_disableupdate":"","_lmt_disable":"","_jetpack_memberships_contains_paid_content":false,"footnotes":"","jetpack_publicize_message":"","jetpack_publicize_feature_enabled":true,"jetpack_social_post_already_shared":true,"jetpack_social_options":{"image_generator_settings":{"template":"highway","default_image_id":0,"font":"","enabled":false},"version":2}},"categories":[125,53,74],"tags":[],"class_list":["post-18655","post","type-post","status-publish","format-standard","has-post-thumbnail","hentry","category-actualite","category-le-matin","category-nation"],"jetpack_publicize_connections":[],"featured_image_urls":{"full":["https:\/\/nandi.info\/wp-content\/uploads\/2024\/05\/Assimi-Goita-1.jpg",680,360,false],"thumbnail":["https:\/\/nandi.info\/wp-content\/uploads\/2024\/05\/Assimi-Goita-1-150x150.jpg",150,150,true],"medium":["https:\/\/nandi.info\/wp-content\/uploads\/2024\/05\/Assimi-Goita-1-300x159.jpg",300,159,true],"medium_large":["https:\/\/nandi.info\/wp-content\/uploads\/2024\/05\/Assimi-Goita-1.jpg",680,360,false],"large":["https:\/\/nandi.info\/wp-content\/uploads\/2024\/05\/Assimi-Goita-1.jpg",680,360,false],"1536x1536":["https:\/\/nandi.info\/wp-content\/uploads\/2024\/05\/Assimi-Goita-1.jpg",680,360,false],"2048x2048":["https:\/\/nandi.info\/wp-content\/uploads\/2024\/05\/Assimi-Goita-1.jpg",680,360,false],"penci-recipe-1200x1200":["https:\/\/nandi.info\/wp-content\/uploads\/2024\/05\/Assimi-Goita-1.jpg",680,360,false],"penci-recipe-1200x900":["https:\/\/nandi.info\/wp-content\/uploads\/2024\/05\/Assimi-Goita-1.jpg",680,360,false],"penci-recipe-1200x675":["https:\/\/nandi.info\/wp-content\/uploads\/2024\/05\/Assimi-Goita-1.jpg",680,360,false],"penci-single-full":["https:\/\/nandi.info\/wp-content\/uploads\/2024\/05\/Assimi-Goita-1.jpg",680,360,false],"penci-slider-full-thumb":["https:\/\/nandi.info\/wp-content\/uploads\/2024\/05\/Assimi-Goita-1.jpg",680,360,false],"penci-full-thumb":["https:\/\/nandi.info\/wp-content\/uploads\/2024\/05\/Assimi-Goita-1.jpg",680,360,false],"penci-slider-thumb":["https:\/\/nandi.info\/wp-content\/uploads\/2024\/05\/Assimi-Goita-1.jpg",680,360,false],"penci-magazine-slider":["https:\/\/nandi.info\/wp-content\/uploads\/2024\/05\/Assimi-Goita-1.jpg",680,360,false],"penci-thumb":["https:\/\/nandi.info\/wp-content\/uploads\/2024\/05\/Assimi-Goita-1.jpg",585,310,false],"penci-masonry-thumb":["https:\/\/nandi.info\/wp-content\/uploads\/2024\/05\/Assimi-Goita-1.jpg",585,310,false],"penci-thumb-square":["https:\/\/nandi.info\/wp-content\/uploads\/2024\/05\/Assimi-Goita-1.jpg",585,310,false],"penci-thumb-vertical":["https:\/\/nandi.info\/wp-content\/uploads\/2024\/05\/Assimi-Goita-1.jpg",480,254,false],"penci-thumb-small":["https:\/\/nandi.info\/wp-content\/uploads\/2024\/05\/Assimi-Goita-1.jpg",263,139,false]},"author_info":{"display_name":"Nandi","author_link":"https:\/\/nandi.info\/?author=1"},"category_info":"<a href=\"https:\/\/nandi.info\/?cat=125\" rel=\"category\">Actualit\u00e9<\/a> <a href=\"https:\/\/nandi.info\/?cat=53\" rel=\"category\">Le Matin<\/a> <a href=\"https:\/\/nandi.info\/?cat=74\" rel=\"category\">Nation<\/a>","tag_info":"Nation","comment_count":"0","jetpack_featured_media_url":"https:\/\/nandi.info\/wp-content\/uploads\/2024\/05\/Assimi-Goita-1.jpg","jetpack_sharing_enabled":true,"_links":{"self":[{"href":"https:\/\/nandi.info\/index.php?rest_route=\/wp\/v2\/posts\/18655","targetHints":{"allow":["GET"]}}],"collection":[{"href":"https:\/\/nandi.info\/index.php?rest_route=\/wp\/v2\/posts"}],"about":[{"href":"https:\/\/nandi.info\/index.php?rest_route=\/wp\/v2\/types\/post"}],"author":[{"embeddable":true,"href":"https:\/\/nandi.info\/index.php?rest_route=\/wp\/v2\/users\/1"}],"replies":[{"embeddable":true,"href":"https:\/\/nandi.info\/index.php?rest_route=%2Fwp%2Fv2%2Fcomments&post=18655"}],"version-history":[{"count":1,"href":"https:\/\/nandi.info\/index.php?rest_route=\/wp\/v2\/posts\/18655\/revisions"}],"predecessor-version":[{"id":18657,"href":"https:\/\/nandi.info\/index.php?rest_route=\/wp\/v2\/posts\/18655\/revisions\/18657"}],"wp:featuredmedia":[{"embeddable":true,"href":"https:\/\/nandi.info\/index.php?rest_route=\/wp\/v2\/media\/18656"}],"wp:attachment":[{"href":"https:\/\/nandi.info\/index.php?rest_route=%2Fwp%2Fv2%2Fmedia&parent=18655"}],"wp:term":[{"taxonomy":"category","embeddable":true,"href":"https:\/\/nandi.info\/index.php?rest_route=%2Fwp%2Fv2%2Fcategories&post=18655"},{"taxonomy":"post_tag","embeddable":true,"href":"https:\/\/nandi.info\/index.php?rest_route=%2Fwp%2Fv2%2Ftags&post=18655"}],"curies":[{"name":"wp","href":"https:\/\/api.w.org\/{rel}","templated":true}]}}