{"id":18637,"date":"2024-05-20T12:18:22","date_gmt":"2024-05-20T10:18:22","guid":{"rendered":"https:\/\/nandi.info\/?p=18637"},"modified":"2024-05-20T12:19:19","modified_gmt":"2024-05-20T10:19:19","slug":"degradation-de-la-situation-economique-du-pays-des-maliens-de-plus-en-plus-sur-le-chemin-de-lexil","status":"publish","type":"post","link":"https:\/\/nandi.info\/?p=18637","title":{"rendered":"D\u00e9gradation de la situation \u00e9conomique du pays\u00a0: Des Maliens de plus en plus sur le chemin de l\u2019exil"},"content":{"rendered":"\n<p><strong><em>Au Mali,&nbsp; le nombre des \u00e9migr\u00e9s (jeunes et souvent chefs de familles) est en train de monter en puissance. Plusieurs de nos compatriotes ont pris le chemin de l\u2019exil suite \u00e0 la d\u00e9gradation de la situation \u00e9conomique de notre pays due en grande partie \u00e0 la situation de l\u2019EDM. Le secteur priv\u00e9 \u00e9tant le plus touch\u00e9, fait en sorte que la chance d\u2019avoir un emploi est de plus en plus minime. Raison pour laquelle beaucoup de maliens tentent aujourd\u2019hui d\u2019aller en Europe via la Mauritanie. Ils sont plusieurs centaines de maliens (jeunes, femmes, hommes)&nbsp; bloqu\u00e9s dans ce pays frontalier dans l\u2019espoir de gagner les c\u00f4tes espagnoles \u00e0 travers la m\u00e9diterran\u00e9e<\/em><\/strong>.<\/p>\n\n\n\n<p class=\"has-drop-cap\">Ils sont jeunes, femmes, adolescents et m\u00eame des chefs de familles qui quittent chaque jour le pays pour un avenir meilleur. Cette situation n\u2019est pas nouvelle au Mali puisque les maliens ont une tradition d\u2019\u00e9migration mais le nombre de candidats \u00e0 l\u2019exil a malheureusement accru depuis des mois. Un&nbsp; fait nouveau&nbsp;: m\u00eame ceux qui ont r\u00e9ussi \u00e0 avoir un emploi au Mali ou \u00e0 former des petites entreprises font partie des nouveaux candidats \u00e0 l\u2019exil. Beaucoup ont ferm\u00e9 leurs entreprises parce qu\u2019ils n\u2019arrivent pas \u00e0 payer&nbsp; leurs employ\u00e9s et supporter d\u2019autres charges. La situation d\u00e9plorable de la desserte de l\u2019\u00e9lectricit\u00e9 en est pour beaucoup. Une situation qui a fini par paralyser le pays. S\u2019y ajoute le contexte \u00e9conomique difficile, o\u00f9 le Tr\u00e9sor public accumule les dettes int\u00e9rieures du secteur priv\u00e9 pour consacrer ses minimes ressources aux efforts de guerre et au paiement des salaires des fonctionnaires.&nbsp; En un mot, l\u2019\u00e9conomie du Mali est \u00e0 plat et plusieurs secteurs y sont touch\u00e9s. Les autorit\u00e9s maliennes sont interpell\u00e9es \u00e0 voir cette situation de pr\u00e8s.&nbsp; Surtout que presque tous les grands investisseurs ne se dirigent plus vers notre pays, \u00e0 cause de la nature du r\u00e9gime (un r\u00e9gime d\u2019exception dont personne ne peut fixer les limites) et la situation \u00e9nerg\u00e9tique du pays.<\/p>\n\n\n\n<p><strong>Quelques t\u00e9moignages des Maliens bloqu\u00e9s en Mauritanie&nbsp;:<\/strong><\/p>\n\n\n\n<p>Aliou Bah, tailleur dans la ville de Kayes et Chef de famille, a ferm\u00e9 son atelier&nbsp; au mois de mars parce qu\u2019il n\u2019arrivait plus \u00e0 travailler. Arriv\u00e9 dans la ville de Nouadhibou en Mauritanie au mois d\u2019avril, cet homme de 45 ans ne compte pas s\u2019arr\u00eater en si bon chemin, il souhaite aller tenter sa chance en Europe. \u00ab&nbsp; Ma famille compte sur moi et il faut que je fasse quelque chose pour subvenir \u00e0 ses besoins&nbsp;\u00bb, a-t-il dit. Et sur la question pourquoi il n\u2019a pas pu se patienter au Mali avant que la situation \u00e9nerg\u00e9tique du pays s\u2019am\u00e9liore, il dira que beaucoup de ses connaissances ont gagn\u00e9 l\u2019Europe \u00e0 travers la Mauritanie et sont aujourd\u2019hui dans de bonnes conditions. \u00ab&nbsp; Ca ne m\u2019arrange pas de rester au Mali. \u00c7a ne va pas et tout le monde le sait&nbsp;\u00bb, a-t-il soutenu.<\/p>\n\n\n\n<p>Quant \u00e0 Adama Diarra, \u00e9tudiant \u00e0 la FST, lui il pense qu\u2019il n\u2019y a plus de chance d\u2019avoir de l\u2019emploi au Mali. Ses raisons sont v\u00e9rifiables, ses ain\u00e9s ont termin\u00e9 leurs \u00e9tudes depuis et n\u2019arrivent m\u00eame pas \u00e0 avoir un simple stage.&nbsp; Comme si cela ne suffisait pas, d\u2019autres ont \u00e9t\u00e9 vir\u00e9s de leurs emplois parce que leurs employeurs n\u2019ont plus de moyens pour continuer. A ses dires, c\u2019est lui-m\u00eame qui sensibilisait ses amis de ne pas partir et de rester. \u00ab&nbsp; Je sais que c\u2019est dur mais il faut que nous partions m\u00eame si \u00e7a comporte des risques.&nbsp; Je veux avoir un emploi stable et prendre mes parents en charge&nbsp;\u00bb,a-t-il dit. Aujourd\u2019hui ce jeune \u00e9tudiant r\u00e9side \u00e0 Nouakchott et fait des petits boulots en attendant son tour de traverser la m\u00e9diterran\u00e9e.<\/p>\n\n\n\n<p>Abdoul Sidib\u00e9, est chef de famille et p\u00e8re de 3 enfants. Son unique but aujourd\u2019hui est d\u2019aller en Europe. Pour lui, en tant que soudeur, son emploi est de plus en plus menac\u00e9 au Mali faute d\u2019\u00e9lectricit\u00e9. \u00ab&nbsp; On arrive m\u00eame plus \u00e0 travailler pendant des jours \u00e0 cause du courant. Comment on pourra vivre comme \u00e7a&nbsp;\u00bb,a-t-il dit. Comme bon nombre de maliens bloqu\u00e9s en Mauritanie, Abdoul ne souhaite&nbsp; revenir en arri\u00e8re et souhaite co\u00fbte que co\u00fbte traverser la mer pour aller en Espagne. Il vit \u00e0 Nouakchott.<\/p>\n\n\n\n<p>Est-ce que les autorit\u00e9s actuelles sont suffisamment alert\u00e9es par ces situations&nbsp;?<\/p>\n\n\n\n<p><strong>Adama Tounkara<\/strong><\/p>\n","protected":false},"excerpt":{"rendered":"<p>Au Mali,&nbsp; le nombre des \u00e9migr\u00e9s (jeunes et souvent chefs de familles) est en train de monter en puissance. Plusieurs de nos compatriotes ont pris le chemin de l\u2019exil suite&hellip;<\/p>\n","protected":false},"author":1,"featured_media":18638,"comment_status":"open","ping_status":"open","sticky":false,"template":"","format":"standard","meta":{"content-type":"","_lmt_disableupdate":"","_lmt_disable":"","_jetpack_memberships_contains_paid_content":false,"footnotes":"","jetpack_publicize_message":"","jetpack_publicize_feature_enabled":true,"jetpack_social_post_already_shared":true,"jetpack_social_options":{"image_generator_settings":{"template":"highway","default_image_id":0,"font":"","enabled":false},"version":2}},"categories":[67,21],"tags":[],"class_list":["post-18637","post","type-post","status-publish","format-standard","has-post-thumbnail","hentry","category-le-sursaut","category-societe"],"jetpack_publicize_connections":[],"featured_image_urls":{"full":["https:\/\/nandi.info\/wp-content\/uploads\/2024\/05\/Bamako-Ville.jpg",1008,756,false],"thumbnail":["https:\/\/nandi.info\/wp-content\/uploads\/2024\/05\/Bamako-Ville-150x150.jpg",150,150,true],"medium":["https:\/\/nandi.info\/wp-content\/uploads\/2024\/05\/Bamako-Ville-300x225.jpg",300,225,true],"medium_large":["https:\/\/nandi.info\/wp-content\/uploads\/2024\/05\/Bamako-Ville-768x576.jpg",768,576,true],"large":["https:\/\/nandi.info\/wp-content\/uploads\/2024\/05\/Bamako-Ville.jpg",1008,756,false],"1536x1536":["https:\/\/nandi.info\/wp-content\/uploads\/2024\/05\/Bamako-Ville.jpg",1008,756,false],"2048x2048":["https:\/\/nandi.info\/wp-content\/uploads\/2024\/05\/Bamako-Ville.jpg",1008,756,false],"penci-recipe-1200x1200":["https:\/\/nandi.info\/wp-content\/uploads\/2024\/05\/Bamako-Ville.jpg",1008,756,false],"penci-recipe-1200x900":["https:\/\/nandi.info\/wp-content\/uploads\/2024\/05\/Bamako-Ville.jpg",1008,756,false],"penci-recipe-1200x675":["https:\/\/nandi.info\/wp-content\/uploads\/2024\/05\/Bamako-Ville.jpg",900,675,false],"penci-single-full":["https:\/\/nandi.info\/wp-content\/uploads\/2024\/05\/Bamako-Ville.jpg",1008,756,false],"penci-slider-full-thumb":["https:\/\/nandi.info\/wp-content\/uploads\/2024\/05\/Bamako-Ville.jpg",1008,756,false],"penci-full-thumb":["https:\/\/nandi.info\/wp-content\/uploads\/2024\/05\/Bamako-Ville.jpg",1008,756,false],"penci-slider-thumb":["https:\/\/nandi.info\/wp-content\/uploads\/2024\/05\/Bamako-Ville.jpg",884,663,false],"penci-magazine-slider":["https:\/\/nandi.info\/wp-content\/uploads\/2024\/05\/Bamako-Ville.jpg",688,516,false],"penci-thumb":["https:\/\/nandi.info\/wp-content\/uploads\/2024\/05\/Bamako-Ville.jpg",520,390,false],"penci-masonry-thumb":["https:\/\/nandi.info\/wp-content\/uploads\/2024\/05\/Bamako-Ville.jpg",585,439,false],"penci-thumb-square":["https:\/\/nandi.info\/wp-content\/uploads\/2024\/05\/Bamako-Ville.jpg",585,439,false],"penci-thumb-vertical":["https:\/\/nandi.info\/wp-content\/uploads\/2024\/05\/Bamako-Ville.jpg",480,360,false],"penci-thumb-small":["https:\/\/nandi.info\/wp-content\/uploads\/2024\/05\/Bamako-Ville.jpg",233,175,false]},"author_info":{"display_name":"Nandi","author_link":"https:\/\/nandi.info\/?author=1"},"category_info":"<a href=\"https:\/\/nandi.info\/?cat=67\" rel=\"category\">Le Sursaut<\/a> <a href=\"https:\/\/nandi.info\/?cat=21\" rel=\"category\">Soci\u00e9t\u00e9<\/a>","tag_info":"Soci\u00e9t\u00e9","comment_count":"0","jetpack_featured_media_url":"https:\/\/nandi.info\/wp-content\/uploads\/2024\/05\/Bamako-Ville.jpg","jetpack_sharing_enabled":true,"_links":{"self":[{"href":"https:\/\/nandi.info\/index.php?rest_route=\/wp\/v2\/posts\/18637","targetHints":{"allow":["GET"]}}],"collection":[{"href":"https:\/\/nandi.info\/index.php?rest_route=\/wp\/v2\/posts"}],"about":[{"href":"https:\/\/nandi.info\/index.php?rest_route=\/wp\/v2\/types\/post"}],"author":[{"embeddable":true,"href":"https:\/\/nandi.info\/index.php?rest_route=\/wp\/v2\/users\/1"}],"replies":[{"embeddable":true,"href":"https:\/\/nandi.info\/index.php?rest_route=%2Fwp%2Fv2%2Fcomments&post=18637"}],"version-history":[{"count":1,"href":"https:\/\/nandi.info\/index.php?rest_route=\/wp\/v2\/posts\/18637\/revisions"}],"predecessor-version":[{"id":18639,"href":"https:\/\/nandi.info\/index.php?rest_route=\/wp\/v2\/posts\/18637\/revisions\/18639"}],"wp:featuredmedia":[{"embeddable":true,"href":"https:\/\/nandi.info\/index.php?rest_route=\/wp\/v2\/media\/18638"}],"wp:attachment":[{"href":"https:\/\/nandi.info\/index.php?rest_route=%2Fwp%2Fv2%2Fmedia&parent=18637"}],"wp:term":[{"taxonomy":"category","embeddable":true,"href":"https:\/\/nandi.info\/index.php?rest_route=%2Fwp%2Fv2%2Fcategories&post=18637"},{"taxonomy":"post_tag","embeddable":true,"href":"https:\/\/nandi.info\/index.php?rest_route=%2Fwp%2Fv2%2Ftags&post=18637"}],"curies":[{"name":"wp","href":"https:\/\/api.w.org\/{rel}","templated":true}]}}