{"id":18589,"date":"2024-05-19T00:55:37","date_gmt":"2024-05-18T22:55:37","guid":{"rendered":"https:\/\/nandi.info\/?p=18589"},"modified":"2024-05-19T00:55:39","modified_gmt":"2024-05-18T22:55:39","slug":"ousmane-issoufi-maiga-a-la-cloture-phase-nationale-du-dialogue-inter-malien-si-le-dialogue-inter-malien-nexistait-pas-quil-aurait-fallu-linventer","status":"publish","type":"post","link":"https:\/\/nandi.info\/?p=18589","title":{"rendered":"Ousmane Issoufi Ma\u00efga \u00e0 la cl\u00f4ture phase nationale du dialogue inter-malien : \u201cSi le Dialogue Inter-Malien n\u2019existait pas, qu\u2019il aurait fallu l\u2019inventer\u201d"},"content":{"rendered":"\n<h2 class=\"wp-block-heading has-text-align-center\"><strong>\u201cNous pouvons vous assurer et assurer nos compatriotes, que les documents finaux consignent la quintessence de ce qu\u2019ils ont dit\u201d<\/strong><\/h2>\n\n\n\n<p><strong><em>Ouverte le lundi 6 mai par le pr\u00e9sident de la Transition, le colonel Assimi Go\u00efta, la phase nationale du Dialogue inter-malien pour la paix et la r\u00e9conciliation a connu son \u00e9pilogue, le vendredi 10 mai 2024, par une batterie de recommandations. A cette occasion, le pr\u00e9sident du Comit\u00e9 de pilotage, Ousmane Issoufi Ma\u00efga a livr\u00e9 un discours dans lequel il a remerci\u00e9 tous les fils du Mali.<\/em><\/strong><\/p>\n\n\n\n<p class=\"has-drop-cap\">En ce vendredi saint, permettez-moi de rendre gr\u00e2ce \u00e0 notre Cr\u00e9ateur pour nous avoir permis de nous retrouver \u00e0 nouveau, en ces moments solennels de la c\u00e9r\u00e9monie de cl\u00f4ture du Dialogue Inter-Maliens pour la Paix et la R\u00e9conciliation nationale. Nous sommes au terme de cinq (05) jours de travaux de synth\u00e8se et de formulation des recommandations faites par nos compatriotes lors des phases pr\u00e9c\u00e9dentes. Nous arrivons aussi au terme d\u2019un processus de plus de trois mois, depuis l\u2019annonce faite par le pr\u00e9sident de la Transition de l\u2019initiative du Dialogue jusqu\u2019\u00e0 ce vendredi 10 mai 2024 o\u00f9 nous nous appr\u00eatons \u00e0 baisser les rideaux d\u2019une grande sc\u00e8ne, celle d\u2019un Dialogue d\u00e9mocratique et citoyen, o\u00f9 plus qu\u2019un jeu de r\u00f4le, ce fut un exercice d\u2019opinions, de contributions citoyennes, de partage de points de vue, de recommandations pertinentes pour notre devenir commun.<\/p>\n\n\n\n<p><strong>Excellence Monsieur le pr\u00e9sident de la Transition, chef de l\u2019Etat,<\/strong><\/p>\n\n\n\n<p><strong>Honorables invit\u00e9s,<\/strong><\/p>\n\n\n\n<p><strong>Mesdames, Messieurs,<\/strong><\/p>\n\n\n\n<p>Le Dialogue inter-malien est un processus qui s\u2019est adapt\u00e9 aux r\u00e9alit\u00e9s du moment. Avec l\u2019inclusivit\u00e9 dont il a \u00e9t\u00e9 largement empreint, les d\u00e9bats ont permis \u00e0 nos compatriotes de faire une large remise \u00e0 niveau de leurs appr\u00e9hensions sur l\u2019actualit\u00e9 autant des localit\u00e9s du Mali profond que sur les d\u00e9fis qui se posent \u00e0 eux et \u00e0 leur pays. Les d\u00e9bats leur ont permis \u00e9galement de faire une lecture saine et approfondie des enjeux qui se posent \u00e0 la nation. Nous sommes rest\u00e9s, jusqu\u2019\u00e0 la fin, coll\u00e9s \u00e0 l\u2019esprit de la Lettre de mission du pr\u00e9sident de la Transition, \u00e0 savoir le respect de toutes les opinions pendant les d\u00e9bats.<\/p>\n\n\n\n<p>Les d\u00e9l\u00e9gu\u00e9s venus des r\u00e9gions, du district de Bamako, des ambassades et consulats, des universit\u00e9s, des institutions de la R\u00e9publique, des autorit\u00e9s administratives ind\u00e9pendantes, des partis politiques, de la soci\u00e9t\u00e9 civile, des syndicats, des associations de femmes et de jeunes, des autorit\u00e9s et l\u00e9gitimit\u00e9s traditionnelles, des confessions religieuses et de toutes les Forces vives du pays, en un mot tous les participants au Dialogue inter-malien se sont transcend\u00e9s pour ne parler que du Mali et pour le Mali.<\/p>\n\n\n\n<p>C\u2019est pourquoi, nous avons voulu que les recommandations et les r\u00e9solutions, dont certaines ont \u00e9t\u00e9 lues tout \u00e0 l\u2019heure, soient le reflet de l\u2019exigence et de la rigueur que nous nous sommes impos\u00e9es tout le long du processus et tel que vous l\u2019avez voulu, Monsieur le pr\u00e9sident.<\/p>\n\n\n\n<p>Dans les cris d\u2019espoirs entendus, nos compatriotes souhaitent ardemment une nouvelle architecture de paix dont les piliers doivent \u00eatre b\u00e2tis dans les rochers du Plateau Mandingue et le Plateau Dogon, avec les sables de nos belles dunes du Nord du Mali, avec les eaux de nos beaux fleuves Niger, S\u00e9n\u00e9gal, Bani, Fal\u00e9m\u00e9, du Sourou sur la Volta et m\u00eame le Yam\u00e9 chez mes cousins dogons, et la paille de nos cultures, de notre flore. Nous avons toutes ces richesses naturelles qui doivent \u00e9galement \u00eatre mises au service de la construction de la paix et du vivre ensemble.<\/p>\n\n\n\n<p>Les Maliens veulent rest\u00e9s imbib\u00e9s dans leurs m\u00e9canismes endog\u00e8nes de gestion des conflits. Cette nouvelle architecture devrait leur permettre, devant chaque situation de crise, de recourir \u00e0 leur propre g\u00e9nie de m\u00e9diation afin que nul n\u2019aie encore besoin d\u2019aller chercher un tiers arbitre ext\u00e9rieur, tr\u00e8s souvent peu au fait de nos us et coutumes mill\u00e9naires, fix\u00e9s sur ses propres calculs.<\/p>\n\n\n\n<p>Les \u00e9changes et discussions ont \u00e9t\u00e9 intenses autour des priorit\u00e9s cibl\u00e9es par les participants : les questions de s\u00e9curit\u00e9, de d\u00e9fense, la construction d\u2019infrastructures sans lesquels pour eux, la s\u00e9curit\u00e9 n\u2019aura pas de sens autant dans les r\u00e9gions qu\u2019au niveau local ; la production et la transformation de nos produits locaux en vue d\u2019assurer la s\u00e9curit\u00e9 alimentaire pour tout le pays.Les participants au Dialogue inter-malien sont unanimes \u00e0 inviter leurs compatriotes au travail pour r\u00e9aliser toutes ces priorit\u00e9s.<\/p>\n\n\n\n<p>Sur le plan g\u00e9opolitique, la gestion des fronti\u00e8res est largement revenue dans les discussions.<\/p>\n\n\n\n<p><strong>Excellence Monsieur le pr\u00e9sident de la Transition, chef de l\u2019Etat,<\/strong><\/p>\n\n\n\n<p><strong>Honorables invit\u00e9s,<\/strong><\/p>\n\n\n\n<p><strong>Mesdames, Messieurs,<\/strong><\/p>\n\n\n\n<p>Nous pouvons vous assurer et assurer nos compatriotes, que les documents finaux du Dialogue inter-malien consignent la quintessence de ce qu\u2019ils ont dit. La qualit\u00e9 et la quantit\u00e9 des documents re\u00e7us de chacune des phases autorisent la r\u00e9daction d\u2019un Livre blanc de la paix et de la r\u00e9conciliation nationale au Mali afin de garder une m\u00e9moire pour les g\u00e9n\u00e9rations futures.<\/p>\n\n\n\n<p>Pour notre part, au Comit\u00e9 de pilotage, nous pouvons affirmer qu\u2019apr\u00e8s les \u00e9v\u00e8nements majeurs de port\u00e9e nationale, politique, g\u00e9opolitique et s\u00e9curitaire que le Mali a connus au cours des p\u00e9riodes pass\u00e9es, entre douleurs et espoirs, que le processus du Dialogue inter-malien est venu \u00e0 point nomm\u00e9. Le pr\u00e9sident le rappelait \u00e0 juste titre le lundi dernier, lors de la c\u00e9r\u00e9monie d\u2019ouverture, en disant, je cite :&nbsp;<strong><em>\u00abaujourd\u2019hui plus que jamais, notre peuple, dont je salue encore et toujours la r\u00e9silience, a besoin de plus d\u2019unit\u00e9 et de solidarit\u00e9\u00bb.<\/em><\/strong>&nbsp;L\u2019immense engouement de nos compatriotes nous a confort\u00e9s dans cette conviction.<\/p>\n\n\n\n<p>Pendant ces trois mois, nous avons parl\u00e9 entre Maliens et nous avons tent\u00e9 avec tous les moyens mis \u00e0 notre disposition, d\u2019inviter tout le monde \u00e0 participer \u00e0 ce rendez-vous citoyen.<\/p>\n\n\n\n<p><strong>Excellence Monsieur le pr\u00e9sident de la Transition, chef de l\u2019Etat,<\/strong><\/p>\n\n\n\n<p>Le rapporteur g\u00e9n\u00e9ral vient de vous donner lecture de la synth\u00e8se des r\u00e9sultats de nos travaux. Cette synth\u00e8se ne fut pas ais\u00e9e \u00e0 r\u00e9aliser tant les id\u00e9es \u00e9taient florissantes, les suggestions pertinentes et les recommandations multiples et vari\u00e9es.<\/p>\n\n\n\n<p>Je ne doute pas de la bienveillante attention que vous leur porterez et \u00e0 l\u2019examen critique et objectif que vous en ferez.<\/p>\n\n\n\n<p>En attendant, je puis vous assurer qu\u2019ils refl\u00e8tent les points de vue, les convictions, les attentes et plus souvent les cris de c\u0153urs de vos compatriotes. La premi\u00e8re observation que l\u2019on peut en tirer est la bonne appr\u00e9ciation faite unanimement par tous les participants et m\u00eame au-del\u00e0, de l\u2019initiative du Dialogue. C\u2019est dire, et c\u2019est notre conviction au Comit\u00e9 de Pilotage, que si le Dialogue Inter-Maliens n\u2019existait pas, qu\u2019il aurait fallu l\u2019inventer.<\/p>\n\n\n\n<p><strong>Honorables invit\u00e9s,<\/strong><\/p>\n\n\n\n<p><strong>Mesdames, Messieurs,<\/strong><\/p>\n\n\n\n<p>La joie de la fin heureuse de l\u2019initiative salvatrice prise par Son Excellence Monsieur le pr\u00e9sident de la Transition, au seuil du nouvel an 2024, illumine les visages et suscite l\u2019espoir.<\/p>\n\n\n\n<p>C\u2019est peu de dire que le m\u00e9rite vous revient.<\/p>\n\n\n\n<p>Excellence Monsieur le pr\u00e9sident de la Transition. Vous l\u2019avez pens\u00e9, vous l\u2019avez dit et vous l\u2019avez fait. C\u2019est pourquoi, cette c\u00e9r\u00e9monie solennelle m\u2019offre l\u2019heureuse opportunit\u00e9 de remercier le chef de l\u2019Etat pour l\u2019insigne honneur et la confiance plac\u00e9e en chacune et chacun de nous comme membres du Comit\u00e9 de pilotage.<\/p>\n\n\n\n<p>Nous avons re\u00e7u, sur vos instructions, l\u2019accompagnement constant et pr\u00e9cieux du secr\u00e9taire g\u00e9n\u00e9ral et du directeur administratif et financier de la pr\u00e9sidence de la R\u00e9publique ainsi que de l\u2019ensemble de leurs collaborateurs.<\/p>\n\n\n\n<p>L\u2019accompagnement des membres du gouvernement a \u00e9t\u00e9 sans faille. Les ministres et leurs collaborateurs nous ont accompagn\u00e9s tout au long du processus, dans la mobilisation des moyens techniques et administratifs n\u00e9cessaires.<\/p>\n\n\n\n<p>C\u2019est le lieu de les en remercier.<\/p>\n\n\n\n<p>Un remerciement singulier pour l\u2019engagement des Femmes du Mali sous la houlette de Madame la ministre de la Promotion de la Femme, de l\u2019Enfant et de la Famille. Elles sont les colombes de la paix au Mali. Merci pour leurs engagement et d\u00e9vouement pour l\u2019unit\u00e9 de notre cher Mali.<\/p>\n\n\n\n<p>Je voudrais remercier leurs Excellences, Mesdames, Messieurs les ambassadeurs et les repr\u00e9sentants des organisations internationales accr\u00e9dit\u00e9s au Mali pour avoir bien voulu nous rencontrer au minist\u00e8re des Affaires \u00e9trang\u00e8res et de la Coop\u00e9ration internationale pour \u00eatre inform\u00e9s de l\u2019initiative pr\u00e9sidentielle, gr\u00e2ce \u00e0 Monsieur le ministre en charge des Affaires \u00e9trang\u00e8res et de la Coop\u00e9ration internationale ainsi que ses collaborateurs.<\/p>\n\n\n\n<p><strong>Excellence Monsieur le pr\u00e9sident de la Transition, chef de l\u2019Etat,<\/strong><\/p>\n\n\n\n<p><strong>Honorables invit\u00e9s,<\/strong><\/p>\n\n\n\n<p><strong>Mesdames, Messieurs,<\/strong><\/p>\n\n\n\n<p>Le Dialogue inter-malien pour la paix et la r\u00e9conciliation a \u00e9t\u00e9 un processus national qui s\u2019est voulu d\u00e9mocratique et orient\u00e9 sur les aspirations de nos compatriotes. Le chemin a \u00e9t\u00e9 long ou court selon chaque observateur mais pour nous, au Comit\u00e9 de pilotage, il aura \u00e9t\u00e9 intense et instructif. En d\u00e9pit de la diff\u00e9rence des professions, des \u00e2ges, des origines, des croyances, chacun de nous aura appris l\u2019un de l\u2019autre, et surtout, aura une nouvelle fois appris du Mali. On ne finit jamais de connaitre son pays et le Dialogue inter-malien nous a permis de toucher du doigt les probl\u00e8mes qui assaillent le quotidien du Malien.<\/p>\n\n\n\n<p>Nous avons appris de tous ceux qui ont accept\u00e9 de venir \u00e0 notre \u00e9coute ou de nous recevoir pour expliquer le Dialogue inter-malien et la vision du pr\u00e9sident de la Transition. Nous avons, fort heureusement, b\u00e9n\u00e9fici\u00e9 de l\u2019\u00e9coute et de la courtoisie de tous, tant dans la convergence que souvent dans la divergence.<\/p>\n\n\n\n<p>Permettez-moi d\u2019adresser mes vifs remerciements et ma d\u00e9f\u00e9rente consid\u00e9ration :<\/p>\n\n\n\n<p>\u2013 A Son Excellence Monsieur Dioncounda Traor\u00e9, ancien chef de l\u2019Etat ;<\/p>\n\n\n\n<p>\u2013 Aux \u00e9pouses des anciens chefs de l\u2019Etat ;<\/p>\n\n\n\n<p>\u2013 Aux pr\u00e9sidents d\u2019institutions de la R\u00e9publique ;<\/p>\n\n\n\n<p>\u2013 Aux anciens Premiers ministres ;<\/p>\n\n\n\n<p>\u2013 A l\u2019ensemble des composantes des forces vives de la Nation.<\/p>\n\n\n\n<p>Mes remerciements vont aussi \u00e0 tous les gouverneurs de r\u00e9gions et du district de Bamako qui ont \u00e9t\u00e9 avec nous aussi bien \u00e0 l\u2019Atelier national de validation des Termes de r\u00e9f\u00e9rence qu\u2019\u00e0 cette phase nationale ; les d\u00e9l\u00e9gu\u00e9s venus des r\u00e9gions, des ambassades et consulats, des institutions de la R\u00e9publique, des universit\u00e9s, des autorit\u00e9s et l\u00e9gitimit\u00e9s traditionnelles, des organisations confessionnelles, du Recotrade, d\u2019organisations professionnelles des Femmes et des jeunes, et bien d\u2019autres qui se sont investies pour la r\u00e9ussite du Dialogue inter-malien. Ils ont enrichi les d\u00e9bats \u00e0 travers des propositions pertinentes et facilit\u00e9 la synth\u00e8se finale.<\/p>\n\n\n\n<p>Pendant ces trois mois de travail, sans rel\u00e2che, j\u2019ai pu compter sur l\u2019engagement patriotique du vice-pr\u00e9sident, du Rapporteur g\u00e9n\u00e9ral, de son adjoint et de tous les membres du Comit\u00e9 de pilotage. La r\u00e9ussite du processus est la r\u00e9ussite de chacun et de tous. Chers coll\u00e8gues, je suis fier de vous et merci pour votre disponibilit\u00e9 et votre engagement pour notre pays.<\/p>\n\n\n\n<p>Les d\u00e9l\u00e9gu\u00e9s et les membres du Comit\u00e9 de pilotage ont fait de la phase nationale un grand moment de coh\u00e9sion et de vivre ensemble. F\u00e9licitations pour la grande discipline, la ponctualit\u00e9 et l\u2019assiduit\u00e9 aux travaux.<\/p>\n\n\n\n<p>Nos remerciements vont \u00e0 l\u2019endroit de la presse nationale publique et priv\u00e9e dont la couverture a \u00e9t\u00e9 int\u00e9grale et professionnelle. Sous la houlette de notre dynamique commission de communication : l\u2019ORTM, la SMTD-SA, l\u2019Amap, l\u2019Agetic, la Maison de la presse et son partenaire Studio Tamani, la presse ind\u00e9pendante dans sa diversit\u00e9, les m\u00e9dias traditionnels et du Web, tout le monde a donn\u00e9 le meilleur de lui-m\u00eame. Merci \u00e0 vous ! Nous n\u2019oublions pas le monde de la culture \u00e0 travers la Fondation Festival sur le Niger et son pr\u00e9sident Mamou Daff\u00e9, le Conservatoire des arts et m\u00e9tiers multim\u00e9dia Balla Fass\u00e9k\u00e9 Kouyat\u00e9, la Maison des cin\u00e9astes du Mali pour leurs prestations de qualit\u00e9 \u00e0 la r\u00e9ussite du Dialogue, gr\u00e2ce aussi \u00e0 l\u2019accompagnement du minist\u00e8re charg\u00e9 de la Culture.<\/p>\n\n\n\n<p>Comment passer sous silence la mobilisation de la jeunesse malienne lors de notre campagne d\u2019\u00e9changes et d\u2019information, sous la direction du ministre de la Jeunesse et des Sports charg\u00e9 de l\u2019Instruction civique et de la Construction citoyenne. Ce d\u00e9partement nous a \u00e9galement gratifi\u00e9s d\u2019une journ\u00e9e citoyenne de consultations m\u00e9dicales encadr\u00e9es par le Centre de m\u00e9decine du sport du Mali, dans le cadre du Dialogue inter-malien. Nous en sommes infiniment reconnaissants.<\/p>\n\n\n\n<p>Nos remerciements vont aux services du protocole de la R\u00e9publique dont l\u2019appui constant a permis de minimiser les imperfections dans l\u2019organisation.<\/p>\n\n\n\n<p>A leur suite, nous assurons les services de s\u00e9curit\u00e9 de notre profonde gratitude pour la veille quotidienne sur nos travaux, du d\u00e9but \u00e0 la fin.<\/p>\n\n\n\n<p>Pendant ces trois mois de travaux, nous avons fait du CICB notre lieu de travail, voire notre domicile. Nous nous sommes sentis en un lieu s\u00fbr et agr\u00e9able gr\u00e2ce \u00e0 la perspicacit\u00e9 de son directeur g\u00e9n\u00e9ral, de ses collaborateurs et des techniciens de surface dont de braves femmes. Ils ont contribu\u00e9, \u00e0 leur mani\u00e8re, \u00e0 la r\u00e9ussite du Dialogue Inter-Maliens. Nous leurs adressons ici nos f\u00e9licitations et remerciements sinc\u00e8res.<\/p>\n\n\n\n<p>Nos f\u00e9licitations et remerciements vont \u00e9galement aux agents d\u2019intendance et du secr\u00e9tariat, dont le travail est souvent ingrat mais indispensable pour la r\u00e9ussite d\u2019une telle entreprise.<\/p>\n\n\n\n<p>Que tous ceux qui ne sont pas cit\u00e9s et dont le moindre apport nous a enrichis, trouvent en ces mots, l\u2019expression de notre profonde gratitude.<\/p>\n\n\n\n<p>Mesdames et Messieurs, l\u2019heure de se s\u00e9parer et se dire Au revoir est arriv\u00e9. Je voudrais, en cet instant particulier, vous pr\u00e9senter \u00e0 tous et \u00e0 toutes, tous mes regrets et excuses pour des propos souvent durs prononc\u00e9s depuis le d\u00e9but, dans nos d\u00e9bats, jamais dict\u00e9s par une quelconque m\u00e9chancet\u00e9 mais par le rythme intense, la densit\u00e9 du travail et la lourde charge de la mission pour notre Nation.<\/p>\n\n\n\n<p>Vive le Dialogue inter-malien !<\/p>\n\n\n\n<p>Vive la paix et la r\u00e9conciliation nationale !<\/p>\n\n\n\n<p>Vive le Mali Eternel !\u201d<\/p>\n\n\n\n<p><strong><em>&nbsp;xxx<\/em><\/strong><\/p>\n\n\n\n<p><strong>Dialogue inter malien :&nbsp;<\/strong><\/p>\n\n\n\n<p><strong>Assimi Go\u00efta re\u00e7oit le rapport g\u00e9n\u00e9ral !<\/strong><\/p>\n\n\n\n<p><strong><em>La salle des banquets du Palais de Koulouba affichait fi\u00e8re allure, le lundi 13 mai dernier, en abritant l\u2019\u00e9pilogue du Dialogue inter-malien pour la paix et la r\u00e9conciliation nationale. Trois jours apr\u00e8s la c\u00e9r\u00e9monie de cl\u00f4ture de la phase nationale, le pr\u00e9sident de la Transition, le colonel Assimi Go\u00efta retrouvait les membres du Comit\u00e9 de pilotage et les d\u00e9l\u00e9gu\u00e9s au Dialogue national \u00e0 la faveur de la remise du rapport g\u00e9n\u00e9ral.<\/em><\/strong><\/p>\n\n\n\n<p>es sourires affich\u00e9s \u00e9taient ceux d\u2019un Mali en paix, pr\u00eat pour le travail, dans l\u2019unit\u00e9 et la r\u00e9conciliation totale.&nbsp;<em>\u201cTout le monde a travaill\u00e9 en symbiose pour parvenir \u00e0 ce rapport qui est le condens\u00e9 des opinions, des contributions, des recommandations et des r\u00e9solutions issues de trois mois et plus de processus de Dialogue inter-malien\u201d,<\/em>&nbsp;a r\u00e9sum\u00e9 le pr\u00e9sident du Comit\u00e9 de pilotage, l\u2019ancien Premier ministre Ousmane Issoufi Ma\u00efga. En plus du rapport g\u00e9n\u00e9ral du Dialogue, le pr\u00e9sident du Comit\u00e9 de pilotage y a aussi joint le rapport de mission. La c\u00e9r\u00e9monie a enregistr\u00e9 la pr\u00e9sence du Premier ministre, du pr\u00e9sident du Conseil national de transition, des chefs des autres institutions de la R\u00e9publique, des membres du gouvernement ainsi que des membres du cabinet du pr\u00e9sident de la Transition.<\/p>\n\n\n\n<p>Homme de rigueur, mais de commerce facile quand il se doit, Ousmane Issoufi Ma\u00efga a conclu son intervention par des anecdotes, entre autres, sur ce d\u00e9l\u00e9gu\u00e9 du Comit\u00e9 de pilotage originaire d\u2019Ansongo qui n\u2019a pas accept\u00e9 le gigot de viande offerte par ses h\u00f4tes de Koutiala, lors de la phase r\u00e9gionale,&nbsp; ou encore cet autre d\u00e9l\u00e9gu\u00e9 dogon venu de Dakar avec dans ses bagages un g\u00e2teau en guise de cadeau mais que le pr\u00e9sident du Comit\u00e9 de pilotage a longtemps soup\u00e7onn\u00e9 d\u2019\u00eatre ce fameux \u201cto\u201d dogon qu\u2019il faut couper avec une hache. Ce moment de d\u00e9tente a permis d\u2019assister \u00e0 la s\u00e9quence symbolique de remise des documents finaux au pr\u00e9sident de la Transition.<\/p>\n\n\n\n<p>Le chef de l\u2019Etat a remerci\u00e9 le pr\u00e9sident du Comit\u00e9 de pilotage, ses coll\u00e8ges et les d\u00e9l\u00e9gu\u00e9s pour le travail abattu pendant ces trois mois de consultations citoyennes et populaires au cours desquelles le peuple malien a dessin\u00e9 les contours de la nouvelle architecture de paix et de r\u00e9conciliation.<\/p>\n\n\n\n<p>Comme lors de son discours du vendredi dernier, avec la main tendue, le colonel Assimi Go\u00efta a invit\u00e9 ceux qui n\u2019ont pas particip\u00e9 au Dialogue \u00e0 prendre le train en course. Il a invit\u00e9 les organes de la Transition et l\u2019ensemble des Maliennes et des Maliens \u00e0 s\u2019inscrire dans la mise en \u0153uvre des recommandations et r\u00e9solutions.<\/p>\n\n\n\n<p><\/p>\n\n\n\n<h2 class=\"wp-block-heading\"><strong>Hommage \u00e0 Ousmane Issoufi Ma\u00efga !<\/strong><\/h2>\n\n\n\n<figure class=\"wp-block-image alignleft is-resized\"><img decoding=\"async\" src=\"https:\/\/www.maliweb.net\/wp-content\/news\/images\/2024\/05\/Pinoc-het.jpg\" alt=\"\" class=\"wp-image-3064031\" style=\"width:292px;height:auto\"\/><\/figure>\n\n\n\n<p>Quoi dire pour rendre hommage au pr\u00e9sident du Comit\u00e9 de pilotage du Dialogue inter-malien, un homme hors du commun ? Etaler son bon travail quand il \u00e9tait Premier ministre et avant ? Souligner la rigueur et la richesse de ses principes ? Insister sur sa grande courtoisie et sur son respect absolu des personnes ? Mettre en \u00e9vidence son sens de l\u2019Etat et de la primaut\u00e9 du bien public ? Je voudrais, pour ma part, mettre l\u2019accent sur l\u2019homme et ses qualit\u00e9s personnelles d\u2019intelligence, de courage, de loyaut\u00e9 et d\u2019abn\u00e9gation. En laissant de c\u00f4t\u00e9 sa rugosit\u00e9, sa voix haute et forte qui fait fuir, mettre l\u2019accent sur sa capacit\u00e9 de faire passer l\u2019atteinte du but poursuivi avant la recherche de son prestige personnel.<\/p>\n\n\n\n<p>Je passerai rapidement sur la qualit\u00e9 exceptionnelle de son intelligence. Le mot&nbsp;<strong>\u201cbrillant\u201d<\/strong>&nbsp;vient tout de suite \u00e0 l\u2019esprit de ceux qui l\u2019ont connu. Mais ce qui m\u2019a surtout frapp\u00e9, c\u2019est que Ousmane Issoufi Ma\u00efga ne se contente pas de bien comprendre une question complexe : il cherche toujours \u00e0 l\u2019analyser d\u2019un point de vue original pour en faire ressortir des aspects jusqu\u2019alors ignor\u00e9s et, souvent, y proposer des solutions inattendues.<\/p>\n\n\n\n<p>Ousmane Issoufi Ma\u00efga est courageux. Il n\u2019a pas peur du risque. Il est pr\u00eat \u00e0 sacrifier son repos bien m\u00e9rit\u00e9 pour le combat harassant de pr\u00e9sident du Comit\u00e9 de pilotage du Dialogue inter-malien afin que les maliens se parlent, s\u2019acceptent et se pardonnent.<\/p>\n\n\n\n<p>Je voudrais \u00e9galement souligner sa tr\u00e8s grande loyaut\u00e9 et son esprit d\u2019\u00e9quipe. Pendant ces trois mois Ousmane Ma\u00efga a \u00e9t\u00e9 incontestablement un vrai leader et, n\u2019eurent \u00e9t\u00e9 sa rigueur, sa comp\u00e9tence et son exp\u00e9rience d\u2019organisateur et de planificateur, le travail aurait \u00e9t\u00e9 difficile malgr\u00e9 le bon bureau qui \u00e9tait \u00e0 ses c\u00f4t\u00e9s : Pr. Jean-Bosco Konar\u00e9, Boubacar Sow et Abdoulaye Nantoum\u00e9. C\u2019est vrai aussi qu\u2019en face, il y avait un Comit\u00e9 rempli de cadres comp\u00e9tents, soucieux du Mali, des commissions soud\u00e9es, pr\u00eates pour la t\u00e2che, pr\u00eates pour le Mali ! Et Ousmane \u00e9tait toujours l\u00e0 et acceptait volontiers de participer activement \u00e0 toutes les commissions.<\/p>\n\n\n\n<p>Par sa personnalit\u00e9, OIM en impose r\u00e9ellement. Peu soucieux de sa gloire personnelle, il est pr\u00eat \u00e0 s\u2019effacer pour faire triompher la cause qu\u2019il d\u00e9fend.<\/p>\n\n\n\n<p>OIM fut un grand haut fonctionnaire, un grand ministre des Finances, un grand Premier ministre et homme d\u2019Etat.<\/p>\n\n\n\n<p>Avant de terminer cet hommage, je voudrais saluer tous les membres du Comit\u00e9 de pilotage du Dialogue inter-malien, tous les d\u00e9l\u00e9gu\u00e9s venus des r\u00e9gions, des ambassades et des consulats pour leur sacrifice et leur abn\u00e9gation, leur amour pour le Mali, malgr\u00e9 le dos cass\u00e9 de certains (dixit M. Sangho). Que le Seigneur Mis\u00e9ricordieux exhausse nos v\u0153ux, Qu\u2019il accueille mon fr\u00e8re Samass\u00e9kou et ma s\u0153ur Nana Sangar\u00e9 au Paradis \u00e9ternel, que notre pays soit ce que nous voudrions qu\u2019il soit.<\/p>\n\n\n\n<p>Longue vie et tr\u00e8s bonne sant\u00e9 \u00e0 tous les membres du comit\u00e9 de pilotage et \u00e0 son pr\u00e9sident. Vive le colonel Assimi Go\u00efta et ses compagnons !Vive la Transition ! Que Dieu b\u00e9nisse et prot\u00e8ge le Mali.<\/p>\n\n\n\n<p><strong>Bamako, le 13 mai 2024<\/strong><\/p>\n\n\n\n<p><strong>&nbsp;Pr Farouk Camara<\/strong><\/p>\n","protected":false},"excerpt":{"rendered":"<p>\u201cNous pouvons vous assurer et assurer nos compatriotes, que les documents finaux consignent la quintessence de ce qu\u2019ils ont dit\u201d Ouverte le lundi 6 mai par le pr\u00e9sident de la&hellip;<\/p>\n","protected":false},"author":1,"featured_media":18593,"comment_status":"open","ping_status":"open","sticky":false,"template":"","format":"standard","meta":{"content-type":"","_lmt_disableupdate":"","_lmt_disable":"","_jetpack_memberships_contains_paid_content":false,"footnotes":"","jetpack_publicize_message":"","jetpack_publicize_feature_enabled":true,"jetpack_social_post_already_shared":true,"jetpack_social_options":{"image_generator_settings":{"template":"highway","default_image_id":0,"font":"","enabled":false},"version":2}},"categories":[19,74],"tags":[],"class_list":["post-18589","post","type-post","status-publish","format-standard","has-post-thumbnail","hentry","category-aujourdhui-mali","category-nation"],"jetpack_publicize_connections":[],"featured_image_urls":{"full":["https:\/\/nandi.info\/wp-content\/uploads\/2024\/05\/DIM-Assimi-Goita.jpg",680,454,false],"thumbnail":["https:\/\/nandi.info\/wp-content\/uploads\/2024\/05\/DIM-Assimi-Goita-150x150.jpg",150,150,true],"medium":["https:\/\/nandi.info\/wp-content\/uploads\/2024\/05\/DIM-Assimi-Goita-300x200.jpg",300,200,true],"medium_large":["https:\/\/nandi.info\/wp-content\/uploads\/2024\/05\/DIM-Assimi-Goita.jpg",680,454,false],"large":["https:\/\/nandi.info\/wp-content\/uploads\/2024\/05\/DIM-Assimi-Goita.jpg",680,454,false],"1536x1536":["https:\/\/nandi.info\/wp-content\/uploads\/2024\/05\/DIM-Assimi-Goita.jpg",680,454,false],"2048x2048":["https:\/\/nandi.info\/wp-content\/uploads\/2024\/05\/DIM-Assimi-Goita.jpg",680,454,false],"penci-recipe-1200x1200":["https:\/\/nandi.info\/wp-content\/uploads\/2024\/05\/DIM-Assimi-Goita.jpg",680,454,false],"penci-recipe-1200x900":["https:\/\/nandi.info\/wp-content\/uploads\/2024\/05\/DIM-Assimi-Goita.jpg",680,454,false],"penci-recipe-1200x675":["https:\/\/nandi.info\/wp-content\/uploads\/2024\/05\/DIM-Assimi-Goita.jpg",680,454,false],"penci-single-full":["https:\/\/nandi.info\/wp-content\/uploads\/2024\/05\/DIM-Assimi-Goita.jpg",680,454,false],"penci-slider-full-thumb":["https:\/\/nandi.info\/wp-content\/uploads\/2024\/05\/DIM-Assimi-Goita.jpg",680,454,false],"penci-full-thumb":["https:\/\/nandi.info\/wp-content\/uploads\/2024\/05\/DIM-Assimi-Goita.jpg",680,454,false],"penci-slider-thumb":["https:\/\/nandi.info\/wp-content\/uploads\/2024\/05\/DIM-Assimi-Goita.jpg",680,454,false],"penci-magazine-slider":["https:\/\/nandi.info\/wp-content\/uploads\/2024\/05\/DIM-Assimi-Goita.jpg",680,454,false],"penci-thumb":["https:\/\/nandi.info\/wp-content\/uploads\/2024\/05\/DIM-Assimi-Goita.jpg",585,390,false],"penci-masonry-thumb":["https:\/\/nandi.info\/wp-content\/uploads\/2024\/05\/DIM-Assimi-Goita.jpg",585,391,false],"penci-thumb-square":["https:\/\/nandi.info\/wp-content\/uploads\/2024\/05\/DIM-Assimi-Goita.jpg",585,391,false],"penci-thumb-vertical":["https:\/\/nandi.info\/wp-content\/uploads\/2024\/05\/DIM-Assimi-Goita.jpg",480,320,false],"penci-thumb-small":["https:\/\/nandi.info\/wp-content\/uploads\/2024\/05\/DIM-Assimi-Goita.jpg",263,175,false]},"author_info":{"display_name":"Nandi","author_link":"https:\/\/nandi.info\/?author=1"},"category_info":"<a href=\"https:\/\/nandi.info\/?cat=19\" rel=\"category\">Aujourd\u2019hui Mali<\/a> <a href=\"https:\/\/nandi.info\/?cat=74\" rel=\"category\">Nation<\/a>","tag_info":"Nation","comment_count":"0","jetpack_featured_media_url":"https:\/\/nandi.info\/wp-content\/uploads\/2024\/05\/DIM-Assimi-Goita.jpg","jetpack_sharing_enabled":true,"_links":{"self":[{"href":"https:\/\/nandi.info\/index.php?rest_route=\/wp\/v2\/posts\/18589","targetHints":{"allow":["GET"]}}],"collection":[{"href":"https:\/\/nandi.info\/index.php?rest_route=\/wp\/v2\/posts"}],"about":[{"href":"https:\/\/nandi.info\/index.php?rest_route=\/wp\/v2\/types\/post"}],"author":[{"embeddable":true,"href":"https:\/\/nandi.info\/index.php?rest_route=\/wp\/v2\/users\/1"}],"replies":[{"embeddable":true,"href":"https:\/\/nandi.info\/index.php?rest_route=%2Fwp%2Fv2%2Fcomments&post=18589"}],"version-history":[{"count":1,"href":"https:\/\/nandi.info\/index.php?rest_route=\/wp\/v2\/posts\/18589\/revisions"}],"predecessor-version":[{"id":18595,"href":"https:\/\/nandi.info\/index.php?rest_route=\/wp\/v2\/posts\/18589\/revisions\/18595"}],"wp:featuredmedia":[{"embeddable":true,"href":"https:\/\/nandi.info\/index.php?rest_route=\/wp\/v2\/media\/18593"}],"wp:attachment":[{"href":"https:\/\/nandi.info\/index.php?rest_route=%2Fwp%2Fv2%2Fmedia&parent=18589"}],"wp:term":[{"taxonomy":"category","embeddable":true,"href":"https:\/\/nandi.info\/index.php?rest_route=%2Fwp%2Fv2%2Fcategories&post=18589"},{"taxonomy":"post_tag","embeddable":true,"href":"https:\/\/nandi.info\/index.php?rest_route=%2Fwp%2Fv2%2Ftags&post=18589"}],"curies":[{"name":"wp","href":"https:\/\/api.w.org\/{rel}","templated":true}]}}