{"id":18584,"date":"2024-05-16T10:50:41","date_gmt":"2024-05-16T08:50:41","guid":{"rendered":"https:\/\/nandi.info\/?p=18584"},"modified":"2024-05-16T10:50:44","modified_gmt":"2024-05-16T08:50:44","slug":"assimi-goita-sur-le-dim-les-maliens-viennent-de-poser-la-pierre-angulaire-du-chantier-de-ledification-du-mali-kura","status":"publish","type":"post","link":"https:\/\/nandi.info\/?p=18584","title":{"rendered":"Assimi Go\u00efta sur le DIM : \u00ab les Maliens viennent de poser la pierre angulaire du chantier de l\u2019\u00e9dification du Mali Kura \u00bb"},"content":{"rendered":"\n<p><strong>Comme pr\u00e9vu, le Dialogue inter-Maliens pour la paix et la r\u00e9conciliation nationale (DIM) est arriv\u00e9 \u00e0 sa phase ultime, vendredi 10 mai dernier au Centre international de conf\u00e9rences de Bamako. Plac\u00e9 sous sa houlette, le pr\u00e9sident de la transition dit rendre gr\u00e2ce \u00e0 Allah \u00ab de nous avoir aid\u00e9s \u00e0 conduire le train de la fraternit\u00e9 et de l\u2019unit\u00e9 nationale \u00e0 bon port \u00bb.<\/strong><\/p>\n\n\n\n<p>Une fois de plus se jouait le destin collectif des Maliens ayant ainsi donn\u00e9 la preuve qu\u2019ils pouvaient \u00eatre, pour le pr\u00e9sident de la transition, \u00e0 la hauteur des d\u00e9fis historiques en s\u2019inspirant des valeurs s\u00e9culaires. A entendre le militaire au pouvoir, le peuple r\u00e9siliant du Mali a ainsi su se mobiliser en ayant une conscience claire des enjeux de l\u2019heure. En effet, face \u00e0 la gravit\u00e9 de la situation dans laquelle notre pays s\u2019est retrouv\u00e9 et qui mena\u00e7ait les fondements m\u00eames de l\u2019\u00c9tat, le peuple malien a op\u00e9r\u00e9 une prise de conscience qui lui a permis de s\u2019engager dans la voie de la concr\u00e9tisation de sa souverainet\u00e9. Ainsi, indique Go\u00efta, l\u2019arm\u00e9e reform\u00e9e et r\u00e9\u00e9quip\u00e9e a entrepris l\u2019\u0153uvre salvatrice de r\u00e9cup\u00e9ration et de s\u00e9curisation de l\u2019ensemble du territoire national. \u00c0 la suite des fora, des Assises nationales de la Refondation et des r\u00e9formes institutionnelles qui s\u2019en sont suivies, dit-il, il devenait alors imp\u00e9rieux d\u2019entreprendre des actions salutaires pour sauver le Mali.<\/p>\n\n\n\n<p><strong>L\u2019utilit\u00e9 de mettre un terme au fameux Accord d\u2019Alger<\/strong><\/p>\n\n\n\n<p>Selon lui, il \u00e9tait indispensable de d\u00e9noncer l\u2019Accord pour la paix et la r\u00e9conciliation nationale. Une urgence qui, poursuivait le pr\u00e9sident de la transition, justifiait \u00e0 bien des \u00e9gards l\u2019initiation d\u2019un dialogue direct entre les Maliens. L\u2019objectif assign\u00e9 \u00e0 ce dialogue \u00e9tait de diagnostiquer les causes des conflits intracommunautaires et intercommunautaires afin de tracer une architecture de paix durable ; recoudre le tissu social et renforcer le vivre-ensemble. De ses pr\u00e9cisions, l\u2019enjeu de ce dialogue inter-Maliens \u00e9tait la pr\u00e9servation de l\u2019unit\u00e9 nationale et de l\u2019int\u00e9grit\u00e9 du territoire. \u00ab Je suis heureux de constater que les Maliennes et les Maliens l\u2019ont bien compris et se sont appropri\u00e9 le processus \u00bb, mentionne-t-on. La validation des termes de r\u00e9f\u00e9rence, les rencontres dans les communes, les r\u00e9gions et le District de Bamako en passant par les ambassades, les consulats, ainsi qu\u2019au niveau national, prouvent \u00e0 suffisance que les Maliens se sont appropri\u00e9 le processus. C\u2019est donc le peuple dans toute sa diversit\u00e9 ethnique, religieuse et socioprofessionnelle qui s\u2019est exprim\u00e9, estime le colonel. Et de pr\u00e9ciser qu\u2019aucun sujet n\u2019a \u00e9t\u00e9 consid\u00e9r\u00e9 comme tabou et aucun participant n\u2019a \u00e9t\u00e9 emp\u00each\u00e9 de s\u2019exprimer.<\/p>\n\n\n\n<p><strong>Le devoir de tout malien \u00e0 sauvegarder l\u2019unit\u00e9 nationale<\/strong><\/p>\n\n\n\n<p>Dans son discours, il ressort que la sauvegarde de l\u2019unit\u00e9 nationale n\u2019est pas seulement une n\u00e9cessit\u00e9 historique. C\u2019est surtout un devoir sacr\u00e9 pour chaque Malienne et chaque Malien. A l\u2019occasion de cette cl\u00f4ture des travaux, il tenait \u00e0 relayer ceci aux Maliens : \u00ab En effet, chaque fois que nous avons \u00e9t\u00e9 unis, nous avons surmont\u00e9 tous les obstacles, mais chaque fois que nous avons \u00e9t\u00e9 divis\u00e9s, nos ennemis ont eu le dessus sur nous \u00bb. La mobilisation du peuple souverain du Mali demeure \u00e0 cet effet un \u00ab bouclier imp\u00e9n\u00e9trable \u00bb pour sa survie. Aujourd\u2019hui, r\u00e9concili\u00e9s et r\u00e9unis autour de notre destin commun, nous sommes en train de cr\u00e9er les bases du d\u00e9veloppement pouvant assurer notre souverainet\u00e9 politique et \u00e9conomique. Cela, va-t-il arguer, conform\u00e9ment aux trois principes qui guident l\u2019action publique au Mali, \u00e0 savoir : le respect de la souverainet\u00e9 de l\u2019\u00c9tat, celui des choix souverains du Peuple et la d\u00e9fense de ses int\u00e9r\u00eats. Devant la salle de 1000 places pleine \u00e0 craquer du CICB, le pr\u00e9sident s\u2019exprimait en ces termes : \u00ab Sans nul doute, le Dialogue inter-Maliens aura tenu toutes ses promesses, et c\u2019est avec un immense espoir que nous envisageons d\u00e9sormais la r\u00e9solution durable de la probl\u00e9matique de paix et de r\u00e9conciliation dans notre pays sans ing\u00e9rence ext\u00e9rieure \u00bb. Il \u00e9nonce alors lancer un appel \u00e0 tous ceux qui n\u2019ont pas particip\u00e9 au dialogue afin qu\u2019ils rejoignent les autres Maliens pour b\u00e2tir une paix durable, condition essentielle de tout d\u00e9veloppement. L\u2019homme en tenue militaire confiait engager, d\u2019ores et d\u00e9j\u00e0, les organes de la Transition \u00e0 prendre les dispositions qui s\u2019imposent pour la mise en \u0153uvre \u00ab diligente et le suivi des recommandations \u00bb issues du Dialogue. D\u2019o\u00f9 ce propos : \u00ab Avec le Dialogue inter-Maliens pour la paix et la r\u00e9conciliation nationale, les Maliennes et les Maliens viennent de poser la pierre angulaire du chantier de l\u2019\u00e9dification du Mali Kura, c\u2019est-\u00e0-dire un Mali en paix, r\u00e9concili\u00e9, fort et prosp\u00e8re \u00bb.<\/p>\n\n\n\n<p><strong>Mamadou Diarra<\/strong><\/p>\n","protected":false},"excerpt":{"rendered":"<p>Comme pr\u00e9vu, le Dialogue inter-Maliens pour la paix et la r\u00e9conciliation nationale (DIM) est arriv\u00e9 \u00e0 sa phase ultime, vendredi 10 mai dernier au Centre international de conf\u00e9rences de Bamako.&hellip;<\/p>\n","protected":false},"author":1,"featured_media":18586,"comment_status":"open","ping_status":"open","sticky":false,"template":"","format":"standard","meta":{"content-type":"","_lmt_disableupdate":"","_lmt_disable":"","_jetpack_memberships_contains_paid_content":false,"footnotes":"","jetpack_publicize_message":"","jetpack_publicize_feature_enabled":true,"jetpack_social_post_already_shared":true,"jetpack_social_options":{"image_generator_settings":{"template":"highway","default_image_id":0,"font":"","enabled":false},"version":2}},"categories":[71,21],"tags":[],"class_list":["post-18584","post","type-post","status-publish","format-standard","has-post-thumbnail","hentry","category-le-pays","category-societe"],"jetpack_publicize_connections":[],"featured_image_urls":{"full":["https:\/\/nandi.info\/wp-content\/uploads\/2024\/05\/assimi-dialogue.jpg",2048,1366,false],"thumbnail":["https:\/\/nandi.info\/wp-content\/uploads\/2024\/05\/assimi-dialogue-150x150.jpg",150,150,true],"medium":["https:\/\/nandi.info\/wp-content\/uploads\/2024\/05\/assimi-dialogue-300x200.jpg",300,200,true],"medium_large":["https:\/\/nandi.info\/wp-content\/uploads\/2024\/05\/assimi-dialogue-768x512.jpg",768,512,true],"large":["https:\/\/nandi.info\/wp-content\/uploads\/2024\/05\/assimi-dialogue-1024x683.jpg",1024,683,true],"1536x1536":["https:\/\/nandi.info\/wp-content\/uploads\/2024\/05\/assimi-dialogue-1536x1025.jpg",1536,1025,true],"2048x2048":["https:\/\/nandi.info\/wp-content\/uploads\/2024\/05\/assimi-dialogue.jpg",2048,1366,false],"penci-recipe-1200x1200":["https:\/\/nandi.info\/wp-content\/uploads\/2024\/05\/assimi-dialogue.jpg",1200,800,false],"penci-recipe-1200x900":["https:\/\/nandi.info\/wp-content\/uploads\/2024\/05\/assimi-dialogue.jpg",1200,800,false],"penci-recipe-1200x675":["https:\/\/nandi.info\/wp-content\/uploads\/2024\/05\/assimi-dialogue.jpg",1012,675,false],"penci-single-full":["https:\/\/nandi.info\/wp-content\/uploads\/2024\/05\/assimi-dialogue.jpg",1920,1281,false],"penci-slider-full-thumb":["https:\/\/nandi.info\/wp-content\/uploads\/2024\/05\/assimi-dialogue.jpg",1199,800,false],"penci-full-thumb":["https:\/\/nandi.info\/wp-content\/uploads\/2024\/05\/assimi-dialogue.jpg",1170,780,false],"penci-slider-thumb":["https:\/\/nandi.info\/wp-content\/uploads\/2024\/05\/assimi-dialogue.jpg",994,663,false],"penci-magazine-slider":["https:\/\/nandi.info\/wp-content\/uploads\/2024\/05\/assimi-dialogue.jpg",774,516,false],"penci-thumb":["https:\/\/nandi.info\/wp-content\/uploads\/2024\/05\/assimi-dialogue.jpg",585,390,false],"penci-masonry-thumb":["https:\/\/nandi.info\/wp-content\/uploads\/2024\/05\/assimi-dialogue.jpg",585,390,false],"penci-thumb-square":["https:\/\/nandi.info\/wp-content\/uploads\/2024\/05\/assimi-dialogue.jpg",585,390,false],"penci-thumb-vertical":["https:\/\/nandi.info\/wp-content\/uploads\/2024\/05\/assimi-dialogue.jpg",480,320,false],"penci-thumb-small":["https:\/\/nandi.info\/wp-content\/uploads\/2024\/05\/assimi-dialogue.jpg",263,175,false]},"author_info":{"display_name":"Nandi","author_link":"https:\/\/nandi.info\/?author=1"},"category_info":"<a href=\"https:\/\/nandi.info\/?cat=71\" rel=\"category\">Le Pays<\/a> <a href=\"https:\/\/nandi.info\/?cat=21\" rel=\"category\">Soci\u00e9t\u00e9<\/a>","tag_info":"Soci\u00e9t\u00e9","comment_count":"0","jetpack_featured_media_url":"https:\/\/nandi.info\/wp-content\/uploads\/2024\/05\/assimi-dialogue.jpg","jetpack_sharing_enabled":true,"_links":{"self":[{"href":"https:\/\/nandi.info\/index.php?rest_route=\/wp\/v2\/posts\/18584","targetHints":{"allow":["GET"]}}],"collection":[{"href":"https:\/\/nandi.info\/index.php?rest_route=\/wp\/v2\/posts"}],"about":[{"href":"https:\/\/nandi.info\/index.php?rest_route=\/wp\/v2\/types\/post"}],"author":[{"embeddable":true,"href":"https:\/\/nandi.info\/index.php?rest_route=\/wp\/v2\/users\/1"}],"replies":[{"embeddable":true,"href":"https:\/\/nandi.info\/index.php?rest_route=%2Fwp%2Fv2%2Fcomments&post=18584"}],"version-history":[{"count":1,"href":"https:\/\/nandi.info\/index.php?rest_route=\/wp\/v2\/posts\/18584\/revisions"}],"predecessor-version":[{"id":18587,"href":"https:\/\/nandi.info\/index.php?rest_route=\/wp\/v2\/posts\/18584\/revisions\/18587"}],"wp:featuredmedia":[{"embeddable":true,"href":"https:\/\/nandi.info\/index.php?rest_route=\/wp\/v2\/media\/18586"}],"wp:attachment":[{"href":"https:\/\/nandi.info\/index.php?rest_route=%2Fwp%2Fv2%2Fmedia&parent=18584"}],"wp:term":[{"taxonomy":"category","embeddable":true,"href":"https:\/\/nandi.info\/index.php?rest_route=%2Fwp%2Fv2%2Fcategories&post=18584"},{"taxonomy":"post_tag","embeddable":true,"href":"https:\/\/nandi.info\/index.php?rest_route=%2Fwp%2Fv2%2Ftags&post=18584"}],"curies":[{"name":"wp","href":"https:\/\/api.w.org\/{rel}","templated":true}]}}