{"id":18578,"date":"2024-05-16T10:37:33","date_gmt":"2024-05-16T08:37:33","guid":{"rendered":"https:\/\/nandi.info\/?p=18578"},"modified":"2024-05-16T10:37:35","modified_gmt":"2024-05-16T08:37:35","slug":"communique-du-conseil-des-ministres-du-mercredi-15-mai-2024","status":"publish","type":"post","link":"https:\/\/nandi.info\/?p=18578","title":{"rendered":"Communiqu\u00e9 du conseil des ministres du mercredi 15 mai 2024"},"content":{"rendered":"\n<p>Le Conseil des Ministres s\u2019est r\u00e9uni en session ordinaire,&nbsp;<strong>le mercredi 15 mai 2024<\/strong>, dans sa salle de d\u00e9lib\u00e9rations au Palais de Koulouba, sous la pr\u00e9sidence du&nbsp;<strong>Colonel Assimi GOITA<\/strong>,&nbsp;<strong>Pr\u00e9sident de la Transition<\/strong>,&nbsp;<strong>Chef de l\u2019Etat<\/strong>.<\/p>\n\n\n\n<p>Apr\u00e8s examen des points inscrits \u00e0 l\u2019ordre du jour, le Conseil a :<\/p>\n\n\n\n<ul class=\"wp-block-list\">\n<li>adopt\u00e9 des projets de texte ;<\/li>\n\n\n\n<li>proc\u00e9d\u00e9 \u00e0 des nominations ;<\/li>\n\n\n\n<li>et entendu des<\/li>\n<\/ul>\n\n\n\n<p><strong>AU CHAPITRE DES MESURES LEGISLATIVES ET REGLEMENTAIRES<\/strong><\/p>\n\n\n\n<p>Sur le rapport du ministre des Affaires \u00e9trang\u00e8res et de la Coop\u00e9ration internationale, le Conseil des Ministres a adopt\u00e9&nbsp;<strong>des projets de texte relatifs \u00e0 la ratification de l\u2019Accord de pr\u00eat, sign\u00e9 \u00e0 Lom\u00e9 le 06 octobre 2023, entre le Gouvernement de la R\u00e9publique du Mali et la Banque Ouest Africaine de D\u00e9veloppement, pour le financement partiel de la seconde tranche du Projet d\u2019am\u00e9nagement et d\u2019\u00e9largissement du tron\u00e7on urbain de la route nationale n\u00b027, Bamako-Koulikoro \u00e0 Bamako<\/strong>.<\/p>\n\n\n\n<p>Par cet accord, la Banque Ouest Africaine de D\u00e9veloppement accorde au Gouvernement de la R\u00e9publique du Mali un pr\u00eat d\u2019un montant de 14 milliards 780 millions de francs CFA.<\/p>\n\n\n\n<p>Les am\u00e9nagements projet\u00e9s consistent, notamment en :<\/p>\n\n\n\n<ul class=\"wp-block-list\">\n<li>l\u2019\u00e9largissement de la plateforme ;<\/li>\n\n\n\n<li>la construction de deux (02) passerelles en b\u00e9ton arm\u00e9 sur le tron\u00e7on pour faciliter la travers\u00e9e des pi\u00e9tons ;<\/li>\n\n\n\n<li>l\u2019installation d\u2019un nouveau syst\u00e8me d\u2019\u00e9clairage public \u00e0 technologie LED conventionnelle<\/li>\n<\/ul>\n\n\n\n<p>La r\u00e9alisation du projet contribuera \u00e0 am\u00e9liorer les conditions de transport des personnes et de leurs biens et \u00e0 minimiser les risques d\u2019accidents de la circulation dans la ville de Bamako.<\/p>\n\n\n\n<p><strong>AU CHAPITRE DES MESURES INDIVIDUELLES<\/strong><\/p>\n\n\n\n<p>Le Conseil des ministres a proc\u00e9d\u00e9 aux nominations suivantes :<\/p>\n\n\n\n<p><strong>AU&nbsp;&nbsp;&nbsp; TITRE&nbsp;&nbsp;&nbsp; DU&nbsp;&nbsp;&nbsp; MINISTERE&nbsp;&nbsp;&nbsp; DES&nbsp;&nbsp;&nbsp; AFFAIRES&nbsp;&nbsp;&nbsp; ETRANGERES&nbsp;&nbsp;&nbsp; ET&nbsp;&nbsp;&nbsp; DE&nbsp;&nbsp;&nbsp;&nbsp;&nbsp;&nbsp;&nbsp;&nbsp; LA COOPERATION INTERNATIONALE<\/strong><\/p>\n\n\n\n<p><strong>\u2013&nbsp;&nbsp;&nbsp;&nbsp;&nbsp;&nbsp;&nbsp; Ambassadeur Repr\u00e9sentant permanent adjoint \u00e0 Riyad :<\/strong><\/p>\n\n\n\n<p>Monsieur Tidiani TRAORE, Conseiller des Affaires \u00e9trang\u00e8res.<\/p>\n\n\n\n<p><strong>\u2013&nbsp;&nbsp;&nbsp;&nbsp;&nbsp;&nbsp;&nbsp; Ministre conseiller \u00e0 l\u2019Ambassade du Mali au Caire :<\/strong><\/p>\n\n\n\n<p>Monsieur Samba Ousmane DIAKITE, Inspecteur des Finances.<\/p>\n\n\n\n<p><strong>\u2013&nbsp;&nbsp;&nbsp;&nbsp;&nbsp;&nbsp;&nbsp; Ministre conseiller \u00e0 l\u2019Ambassade du Mali \u00e0 Moscou :<\/strong><\/p>\n\n\n\n<p>Monsieur Amadou MORO, Conseiller des Affaires Etrang\u00e8res.<\/p>\n\n\n\n<p><strong>\u2013&nbsp;&nbsp;&nbsp;&nbsp;&nbsp;&nbsp;&nbsp; Ministre conseiller \u00e0 l\u2019Ambassade du Mali \u00e0 Ottawa :<\/strong><\/p>\n\n\n\n<p>Monsieur Amadou DIALLO, Inspecteur des Services Economiques.<\/p>\n\n\n\n<p><strong>\u2013&nbsp;&nbsp;&nbsp;&nbsp;&nbsp;&nbsp;&nbsp; Ministre conseiller \u00e0 l\u2019Ambassade du Mali \u00e0 Pretoria :<\/strong><\/p>\n\n\n\n<p>Monsieur Taoul\u00e9 KEITA, Conseiller des Affaires \u00e9trang\u00e8res.<\/p>\n\n\n\n<ul class=\"wp-block-list\">\n<li><strong>Ministre conseiller \u00e0 l\u2019Ambassade du Mali \u00e0 Luanda : Madame Anta SONFO<\/strong>, Traducteur-Interpr\u00e8te.<\/li>\n<\/ul>\n\n\n\n<p><strong>\u2013&nbsp;&nbsp;&nbsp;&nbsp;&nbsp;&nbsp;&nbsp; Ministre conseiller \u00e0 l\u2019Ambassade du Mali \u00e0 Dakar :<\/strong><\/p>\n\n\n\n<p>Monsieur Drissa MALLE, Conseiller des Affaires \u00e9trang\u00e8res.<\/p>\n\n\n\n<ul class=\"wp-block-list\">\n<li><strong>Ministre conseiller \u00e0 l\u2019Ambassade du Mali \u00e0 Niamey : Madame Kadidiatou DIA<\/strong>, Conseiller des Affaires \u00e9trang\u00e8res.<\/li>\n<\/ul>\n\n\n\n<p><strong>\u2013&nbsp;&nbsp;&nbsp;&nbsp;&nbsp;&nbsp;&nbsp; Premier conseiller \u00e0 l\u2019Ambassade du Mali \u00e0 Moscou :<\/strong><\/p>\n\n\n\n<p>Monsieur Aldjouma Amadou MAIGA, Inspecteur des Finances.<\/p>\n\n\n\n<p><strong>\u2013&nbsp;&nbsp;&nbsp;&nbsp;&nbsp;&nbsp;&nbsp; Premier conseiller \u00e0 l\u2019Ambassade du Mali \u00e0 Riyad :<\/strong><\/p>\n\n\n\n<p>Monsieur Mamoudou SOW, Conseiller des Affaires \u00e9trang\u00e8res.<\/p>\n\n\n\n<ul class=\"wp-block-list\">\n<li><strong>Premier conseiller \u00e0 l\u2019Ambassade du Mali \u00e0 Pretoria : Madame Gabdo TOGO<\/strong>, Conseiller des Affaires \u00e9trang\u00e8res.<\/li>\n<\/ul>\n\n\n\n<p><strong>\u2013&nbsp;&nbsp;&nbsp;&nbsp;&nbsp;&nbsp;&nbsp; Premier conseiller \u00e0 l\u2019Ambassade du Mali \u00e0 Libreville :<\/strong><\/p>\n\n\n\n<p>Monsieur Badian TRAORE, Administrateur civil.<\/p>\n\n\n\n<p><strong>\u2013&nbsp;&nbsp;&nbsp;&nbsp;&nbsp;&nbsp;&nbsp; Premier conseiller \u00e0 l\u2019Ambassade du Mali \u00e0 Brasilia :<\/strong><\/p>\n\n\n\n<p>Monsieur Athanase COULIBALY, Conseiller des Affaires \u00e9trang\u00e8res.<\/p>\n\n\n\n<p><strong>\u2013&nbsp;&nbsp;&nbsp;&nbsp;&nbsp;&nbsp;&nbsp; Premier conseiller \u00e0 l\u2019Ambassade du Mali \u00e0 Tripoli :<\/strong><\/p>\n\n\n\n<p>Monsieur Adama DIAWARA, Enseignant-chercheur.<\/p>\n\n\n\n<p><strong>\u2013&nbsp;&nbsp;&nbsp;&nbsp;&nbsp;&nbsp;&nbsp; Premier conseiller \u00e0 l\u2019Ambassade du Mali \u00e0 Accra :<\/strong><\/p>\n\n\n\n<p><strong>Madame Korotimi THERA<\/strong>, Professeur de l\u2019Enseignement secondaire.<\/p>\n\n\n\n<ul class=\"wp-block-list\">\n<li><strong>Deuxi\u00e8me conseiller \u00e0 l\u2019Ambassade du Mali au Caire : Madame Hassanatou TALL<\/strong>, Conseiller des Affaires \u00e9trang\u00e8res.<\/li>\n<\/ul>\n\n\n\n<p><strong>\u2013&nbsp;&nbsp;&nbsp;&nbsp;&nbsp;&nbsp;&nbsp; Deuxi\u00e8me conseiller \u00e0 l\u2019Ambassade du Mali \u00e0 Ankara :<\/strong><\/p>\n\n\n\n<p>Monsieur Adama Mery DIAKITE, Conseiller des Affaires \u00e9trang\u00e8res.<\/p>\n\n\n\n<p><strong>\u2013&nbsp;&nbsp;&nbsp;&nbsp;&nbsp;&nbsp;&nbsp; Deuxi\u00e8me conseiller \u00e0 l\u2019Ambassade du Mali \u00e0 Addis-Abeba :<\/strong><\/p>\n\n\n\n<p>Monsieur Boncana SEYDOU, Administrateur civil.<\/p>\n\n\n\n<p><strong>\u2013&nbsp;&nbsp;&nbsp;&nbsp;&nbsp;&nbsp;&nbsp; Deuxi\u00e8me conseiller \u00e0 l\u2019Ambassade du Mali \u00e0 Malabo :<\/strong><\/p>\n\n\n\n<p>Monsieur Oumar TRAORE, Professeur de l\u2019Enseignement secondaire.<\/p>\n\n\n\n<ul class=\"wp-block-list\">\n<li><strong>Deuxi\u00e8me conseiller \u00e0 l\u2019Ambassade du Mali \u00e0 Gen\u00e8ve : Madame Fatoumata dite Fatim DIAKITE<\/strong>, Administrateur<\/li>\n<\/ul>\n\n\n\n<p><strong>\u2013&nbsp;&nbsp;&nbsp;&nbsp;&nbsp;&nbsp;&nbsp; Deuxi\u00e8me conseiller \u00e0 l\u2019Ambassade du Mali \u00e0 Pretoria :<\/strong><\/p>\n\n\n\n<p>Monsieur Mohamed DJILLA, Planificateur.<\/p>\n\n\n\n<ul class=\"wp-block-list\">\n<li><strong>Deuxi\u00e8me conseiller \u00e0 l\u2019Ambassade du Mali \u00e0 Libreville : Madame Hawa KONE,\u00a0<\/strong>Conseiller des Affaires \u00e9trang\u00e8res.<\/li>\n<\/ul>\n\n\n\n<p><strong>\u2013&nbsp;&nbsp;&nbsp;&nbsp;&nbsp;&nbsp;&nbsp; Deuxi\u00e8me conseiller \u00e0 l\u2019Ambassade du Mali \u00e0 Ouagadougou :<\/strong><\/p>\n\n\n\n<p>Monsieur Cyriaques DAKOUO, Conseiller des Affaires \u00e9trang\u00e8res.<\/p>\n\n\n\n<p><strong>\u2013&nbsp;&nbsp;&nbsp;&nbsp;&nbsp;&nbsp;&nbsp; Deuxi\u00e8me conseiller \u00e0 l\u2019Ambassade du Mali \u00e0 Conakry :<\/strong><\/p>\n\n\n\n<p>Monsieur Mamadou Lamine SIBY, Conseiller des Affaires \u00e9trang\u00e8res.<\/p>\n\n\n\n<p><strong>\u2013&nbsp;&nbsp;&nbsp;&nbsp;&nbsp;&nbsp;&nbsp; Deuxi\u00e8me conseiller \u00e0 l\u2019Ambassade du Mali \u00e0 Tripoli :<\/strong><\/p>\n\n\n\n<p>Monsieur Fousseyni SOGODOGO, Professeur de l\u2019Enseignement secondaire.<\/p>\n\n\n\n<p><strong>\u2013&nbsp;&nbsp;&nbsp;&nbsp;&nbsp;&nbsp;&nbsp; Troisi\u00e8me conseiller \u00e0 l\u2019Ambassade du Mali au Caire :<\/strong><\/p>\n\n\n\n<p>Monsieur Amadou BAMBA, Conseiller des Affaires \u00e9trang\u00e8res.<\/p>\n\n\n\n<p><strong>\u2013&nbsp;&nbsp;&nbsp;&nbsp;&nbsp;&nbsp;&nbsp; Troisi\u00e8me conseiller \u00e0 l\u2019Ambassade du Mali \u00e0 Gen\u00e8ve :<\/strong><\/p>\n\n\n\n<p>Monsieur Moulaye TRAORE, Conseiller des Affaires \u00e9trang\u00e8res.<\/p>\n\n\n\n<p><strong>\u2013&nbsp;&nbsp;&nbsp;&nbsp;&nbsp;&nbsp;&nbsp; Troisi\u00e8me conseiller \u00e0 l\u2019Ambassade du Mali \u00e0 Ouagadougou :<\/strong><\/p>\n\n\n\n<p>Monsieur Daouda Ousmane CISSE, Conseiller des Affaires \u00e9trang\u00e8res.<\/p>\n\n\n\n<p><strong>\u2013&nbsp;&nbsp;&nbsp;&nbsp;&nbsp;&nbsp;&nbsp; Vice-consul \u00e0 l\u2019Ambassade du Mali \u00e0 Douala :<\/strong><\/p>\n\n\n\n<p>Monsieur Baba TRAORE, Administrateur civil, Membre du Corps Pr\u00e9fectoral.<\/p>\n\n\n\n<p><strong>\u2013&nbsp;&nbsp;&nbsp;&nbsp;&nbsp;&nbsp;&nbsp; Vice-consul \u00e0 l\u2019Ambassade du Mali \u00e0 Lyon :<\/strong><\/p>\n\n\n\n<p>Monsieur Hamadou Albachir MAHAMANE, Conseiller des Affaires \u00e9trang\u00e8res<strong><em>.<\/em><\/strong><\/p>\n\n\n\n<p><strong>\u2013&nbsp;&nbsp;&nbsp;&nbsp;&nbsp;&nbsp;&nbsp; Vice-consul \u00e0 l\u2019Ambassade du Mali \u00e0 Guangzhou :<\/strong><\/p>\n\n\n\n<p>Monsieur Issa KANSAYE, Enseignant-Chercheur.<\/p>\n\n\n\n<p><strong>\u2013&nbsp;&nbsp;&nbsp;&nbsp;&nbsp;&nbsp;&nbsp; Vice-consul \u00e0 l\u2019Ambassade du Mali \u00e0 Abidjan :<\/strong><\/p>\n\n\n\n<p>Monsieur Mahamadou Bakoroba DRAME, Conseiller des Affaires \u00e9trang\u00e8res.<\/p>\n\n\n\n<p><strong>\u2013&nbsp;&nbsp;&nbsp;&nbsp;&nbsp;&nbsp;&nbsp; Vice-consul \u00e0 l\u2019Ambassade du Mali \u00e0 Djeddah :<\/strong><\/p>\n\n\n\n<p>Monsieur Dramane TRAORE, Conseiller des Affaires \u00e9trang\u00e8res.<\/p>\n\n\n\n<p><strong>\u2013&nbsp;&nbsp;&nbsp;&nbsp;&nbsp;&nbsp;&nbsp; Vice-consul \u00e0 l\u2019Ambassade du Mali \u00e0 Paris :<\/strong><\/p>\n\n\n\n<p>Monsieur Ibrahim Almoudou BABY, Conseiller des Affaires \u00e9trang\u00e8res.<\/p>\n\n\n\n<ul class=\"wp-block-list\">\n<li><strong>Conseiller consulaire \u00e0 l\u2019Ambassade du Mali \u00e0 Libreville : Madame Romaine DIARRA<\/strong>, Administrateur civil.<\/li>\n<\/ul>\n\n\n\n<p><strong>\u2013&nbsp;&nbsp;&nbsp;&nbsp;&nbsp;&nbsp;&nbsp; Conseiller consulaire \u00e0 l\u2019Ambassade du Mali \u00e0 Tripoli :<\/strong><\/p>\n\n\n\n<p>Monsieur Dramane YOLO, Professeur de l\u2019Enseignement secondaire.<\/p>\n\n\n\n<p><strong>\u2013&nbsp;&nbsp;&nbsp;&nbsp;&nbsp;&nbsp;&nbsp; Conseillers consulaires \u00e0 l\u2019Ambassade du Mali \u00e0 Nouakchott :<\/strong><\/p>\n\n\n\n<p>Monsieur Amadou Diadi\u00e9 Ibrahima DICKO, Administrateur des Ressources humaines ; Monsieur Aly DIALLO, Conseiller des Affaires \u00e9trang\u00e8res.<\/p>\n\n\n\n<p><strong>\u2013&nbsp;&nbsp;&nbsp;&nbsp;&nbsp;&nbsp;&nbsp; Conseiller consulaire \u00e0 l\u2019Ambassade du Mali \u00e0 N\u2019Djamena :<\/strong><\/p>\n\n\n\n<p>Monsieur Mamadou DEMBELE, Militaire.<\/p>\n\n\n\n<ul class=\"wp-block-list\">\n<li><strong>Conseiller consulaire \u00e0 l\u2019Ambassade du Mali \u00e0 Douala : Madame Oumou DIALLO<\/strong>, Administrateur civil.<\/li>\n<\/ul>\n\n\n\n<p><strong>\u2013&nbsp;&nbsp;&nbsp;&nbsp;&nbsp;&nbsp;&nbsp; Conseillers consulaires \u00e0 l\u2019Ambassade du Mali \u00e0 Guangzhou :<\/strong><\/p>\n\n\n\n<p>Monsieur Amadou GUINDO, Traducteur-Interpr\u00e8te ; Monsieur Broulaye BAMBA, Militaire.<\/p>\n\n\n\n<ul class=\"wp-block-list\">\n<li><strong>Conseillers consulaires \u00e0 l\u2019Ambassade du Mali \u00e0 Abidjan : Madame Solange DEMBELE<\/strong>, Administrateur civil ;<\/li>\n<\/ul>\n\n\n\n<p>Monsieur Nanko COULIBALY, Administrateur des Ressources humaines.<\/p>\n\n\n\n<p><strong>\u2013&nbsp;&nbsp;&nbsp;&nbsp;&nbsp;&nbsp;&nbsp; Conseillers consulaires \u00e0 l\u2019Ambassade du Mali \u00e0 Djeddah :<\/strong><\/p>\n\n\n\n<p>Monsieur Oumar COULIBALY, Administrateur civil ;<\/p>\n\n\n\n<p>Monsieur Habib KANE, Professeur de l\u2019Enseignement secondaire ; Monsieur Salif SIDIBE, Traducteur-Interpr\u00e8te.<\/p>\n\n\n\n<ul class=\"wp-block-list\">\n<li><strong>Conseillers consulaires \u00e0 l\u2019Ambassade du Mali \u00e0 Paris :\u00a0<\/strong>Monsieur Ousmane OUATTARA, Ing\u00e9nieur\u00a0<strong>Madame Binta Thiand\u00e9 TRAORE<\/strong>, Administrateur civil.<\/li>\n<\/ul>\n\n\n\n<p><strong>\u2013&nbsp;&nbsp;&nbsp;&nbsp;&nbsp;&nbsp;&nbsp; Conseiller consulaire \u00e0 l\u2019Ambassade du Mali \u00e0 Madrid :<\/strong><\/p>\n\n\n\n<p>Daouda TOGO, Militaire.<\/p>\n\n\n\n<p><strong>\u2013&nbsp;&nbsp;&nbsp;&nbsp;&nbsp;&nbsp;&nbsp; Conseiller \u00e0 la D\u00e9l\u00e9gation permanente aupr\u00e8s de l\u2019UNESCO :<\/strong><\/p>\n\n\n\n<p>Monsieur Alhadje Aly Garba KOUNTA, Conseiller des Affaires \u00e9trang\u00e8res.<\/p>\n\n\n\n<p><strong>AU CHAPITRE DES COMMUNICATIONS<\/strong><\/p>\n\n\n\n<ol class=\"wp-block-list\">\n<li>Le ministre de la Refondation de l\u2019Etat, charg\u00e9 des Relations avec les Institutions a inform\u00e9 le Conseil des Ministres\u00a0<strong>de l\u2019\u00e9tat d\u2019avancement de la mise en \u0153uvre du Projet de Syst\u00e8me Int\u00e9gr\u00e9 de Gestion des Ressources humaines de l\u2019Etat et des Collectivit\u00e9s territoriales<\/strong><strong>.<\/strong><\/li>\n<\/ol>\n\n\n\n<p>Une r\u00e9union interminist\u00e9rielle du Comit\u00e9 d\u2019Orientation strat\u00e9gique du Projet SIGRH, tenue le 08 mai 2024, a adopt\u00e9 les solutions aux principales difficult\u00e9s rencontr\u00e9es, notamment la couverture de certaines localit\u00e9s d\u2019acc\u00e8s difficile, la mise en route des \u00e9quipes d\u2019identification dans les Missions diplomatiques et consulaires, la gestion des cas litigieux, la correction des erreurs de saisie, la situation des agents ne disposant pas de NINA, l\u2019installation des \u00e9quipements d\u2019interconnexion et le d\u00e9ploiement de la base de donn\u00e9es aupr\u00e8s des structures de gestion concern\u00e9es.<\/p>\n\n\n\n<p>Les missions d\u2019identification physique des agents dans les r\u00e9gions et le District de Bamako sont \u00e0 une \u00e9tape finale et les \u00e9quipes mixtes d\u2019identification sont en cours d\u2019acheminement dans les zones non encore couvertes, notamment Yorosso, Tenenkou, Youwarou, Douentza et Gourma- Rharous, ainsi que dans les missions diplomatiques et consulaires.<\/p>\n\n\n\n<ol class=\"wp-block-list\" start=\"2\">\n<li>Le ministre des Transports et des Infrastructures a inform\u00e9 le Conseil des Ministres\u00a0<strong>des pr\u00e9visions de la saison des pluies 2024.<\/strong><\/li>\n<\/ol>\n\n\n\n<p>Selon les pr\u00e9visions des services m\u00e9t\u00e9orologiques, la saison des pluies 2024 sera caract\u00e9ris\u00e9e par une pluviom\u00e9trie sup\u00e9rieure \u00e0 \u00e9gale \u00e0 la moyenne climatologique de la p\u00e9riode 1991-2020.<\/p>\n\n\n\n<p>Il est attendu un d\u00e9marrage moyen \u00e0 tardif et une fin de saison \u00e9galement tardive \u00e0 moyenne.<\/p>\n\n\n\n<p>Les pauses pluviom\u00e9triques seront courtes \u00e0 moyennes en d\u00e9but de saison et moyennes \u00e0 longues en fin de saison.<\/p>\n\n\n\n<p>Des \u00e9coulements sup\u00e9rieurs \u00e0 moyens sont attendus sur l\u2019ensemble des cours d\u2019eau du pays.<\/p>\n\n\n\n<p>La pr\u00e9vision de la saison 2024 pr\u00e9sente les caract\u00e9ristiques agro-hydro-m\u00e9t\u00e9orologiques et climatiques au regard des quantit\u00e9s de pluies et des \u00e9coulements attendus avec des risques \u00e9lev\u00e9s d\u2019inondation.<\/p>\n\n\n\n<p>Dans le cadre de la gestion de la situation pluviom\u00e9trique, les services m\u00e9t\u00e9orologiques r\u00e9aliseront les actions ci-apr\u00e8s :<\/p>\n\n\n\n<ul class=\"wp-block-list\">\n<li>la formation et l\u2019information des utilisateurs des diff\u00e9rents secteurs socio-\u00e9conomiques sur les r\u00e9sultats de la pr\u00e9vision saisonni\u00e8re avec des recommandations pour y faire face ;<\/li>\n\n\n\n<li>la conduite des op\u00e9rations de pluies provoqu\u00e9es dans les zones de d\u00e9ficit pluviom\u00e9trique ;<\/li>\n\n\n\n<li>la diffusion d\u2019avis et de conseils agro-hydrom\u00e9t\u00e9orologiques d\u00e9cadaires, destin\u00e9s aux producteurs ruraux ;<\/li>\n\n\n\n<li>la diffusion de bulletins d\u2019informations agro-hydrom\u00e9t\u00e9orologiques d\u00e9cadaires, destin\u00e9s aux autorit\u00e9s charg\u00e9es de l\u2019alerte pr\u00e9coce pour la s\u00e9curit\u00e9 alimentaire ;<\/li>\n\n\n\n<li>la diffusion de bulletins de pr\u00e9visions et d\u2019alertes m\u00e9t\u00e9orologiques, destin\u00e9s aux autorit\u00e9s charg\u00e9es de la pr\u00e9vention des risques de catastrophes.<\/li>\n<\/ul>\n\n\n\n<ol class=\"wp-block-list\" start=\"3\">\n<li>Le ministre de l\u2019Education nationale a inform\u00e9 le Conseil des Ministres\u00a0<strong>du d\u00e9marrage des examens de fin d\u2019ann\u00e9e scolaire 2023-2024.<\/strong><\/li>\n<\/ol>\n\n\n\n<p>Les \u00e9preuves anticip\u00e9es d\u00e9marrent le 17 mai 2024 avec les travaux pratiques du Certificat d\u2019Aptitude professionnelle, au titre de l\u2019enseignement technique et professionnel et les \u00e9preuves anticip\u00e9es de l\u2019Education physique et sportive pour le compte du Dipl\u00f4me d\u2019Etudes fondamentales, au titre de l\u2019enseignement fondamental.<\/p>\n\n\n\n<p>Pour le Certificat d\u2019Aptitude professionnelle, 10 763 candidats composent dans les diff\u00e9rentes fili\u00e8res industrielles. Les \u00e9preuves se d\u00e9rouleront du 17 au 22 mai 2024 dans 20 Acad\u00e9mies d\u2019Enseignement sur 26.<\/p>\n\n\n\n<p>Pour le Dipl\u00f4me d\u2019Etudes fondamentales, l\u2019effectif des candidats est de 349 080. Les \u00e9preuves sont programm\u00e9es du 17 au 31 mai 2024 dans toutes les Acad\u00e9mies d\u2019enseignement.<\/p>\n\n\n\n<p>Les \u00e9preuves \u00e9crites du Certificat d\u2019Aptitude Professionnelle et celles du Dipl\u00f4me d\u2019Etudes fondamentales se d\u00e9rouleront respectivement du 27 au 30 mai 2024 et du 03 au 05 juin 2024.<\/p>\n\n\n\n<ol class=\"wp-block-list\" start=\"4\">\n<li>Le ministre de la Jeunesse et des Sports, charg\u00e9 de l\u2019Instruction civique et de la Construction citoyenne a inform\u00e9 le Conseiller des Ministres :<\/li>\n<\/ol>\n\n\n\n<p><strong>a.&nbsp;&nbsp;&nbsp;&nbsp; de la tenue de la finale de la 63<sup>\u00e8me<\/sup>&nbsp;\u00e9dition de la Coupe du Mali de Football le samedi 1<sup>er<\/sup>&nbsp;juin 2024 au Stade Mamadou KONATE de Bamako.<\/strong><\/p>\n\n\n\n<p>La 63<sup>\u00e8me<\/sup>&nbsp;\u00e9dition de la Coupe du Mali de Football opposera en finale l\u2019Afrique Football Elite au Stade Malien de Bamako le 1<sup>er<\/sup>&nbsp;juin 2024 au Stade Mamadou KONATE de Bamako.<\/p>\n\n\n\n<p>Elle est une opportunit\u00e9 pour faire passer des messages li\u00e9s \u00e0 la paix, \u00e0 la r\u00e9conciliation nationale et \u00e0 la mobilisation sociale autour des actions de refondation en vue de pr\u00e9server et de consolider la souverainet\u00e9 du pays.<\/p>\n\n\n\n<p><strong>b.&nbsp;&nbsp;&nbsp;&nbsp; de la tenue du Grand Prix Hippique de la Nation au Champ Hippique et Equestre de Bamako, le 09 juin 2024.<\/strong><\/p>\n\n\n\n<p>Le \u00ab Grand Prix de la Nation \u00bb est une comp\u00e9tition sportive qui se caract\u00e9rise par sa capacit\u00e9 de mobilisation des enfants et adolescents regroup\u00e9s en fans clubs des chevaux pour soutenir les diff\u00e9rentes \u00e9curies.<\/p>\n\n\n\n<p>Cette comp\u00e9tition est un moment de communion entre les acteurs du monde des sports hippiques et une opportunit\u00e9 pour faire passer des messages de paix, de coh\u00e9sion sociale et de vivre ensemble.<\/p>\n\n\n\n<p><strong>c.&nbsp;&nbsp;&nbsp;&nbsp;&nbsp; du d\u00e9marrage du processus de mise en place des organes du Conseil national de la Jeunesse du Mali.<\/strong><\/p>\n\n\n\n<p>Les statuts et r\u00e8glement int\u00e9rieur du Conseil national de la Jeunesse ont \u00e9t\u00e9 relus par une Commission tripartite compos\u00e9e de repr\u00e9sentants de l\u2019Etat, de leaders des organisations de la Jeunesse et de la soci\u00e9t\u00e9 civile, conform\u00e9ment aux recommandations des Etats G\u00e9n\u00e9raux de la Jeunesse.<\/p>\n\n\n\n<p>Le processus de mise en place des organes a d\u00e9j\u00e0 commenc\u00e9 par la cr\u00e9ation de la Commission nationale de mise en place des organes du Conseil national de la Jeunesse qui aura ses d\u00e9membrements au niveau communal, r\u00e9gional et la Diaspora.<\/p>\n\n\n\n<p>Le chronogramme d\u00e9taill\u00e9 des activit\u00e9s \u00e0 mener comprend les \u00e9tapes ci-apr\u00e8s :<\/p>\n\n\n\n<ul class=\"wp-block-list\">\n<li>le lancement d\u2019appel \u00e0 candidature des organisations de Jeunesse ;<\/li>\n\n\n\n<li>le d\u00e9pouillement et validation des dossiers de candidature ;<\/li>\n\n\n\n<li>la tenue des Assembl\u00e9es G\u00e9n\u00e9rales ;<\/li>\n\n\n\n<li>l\u2019organisation de la rentr\u00e9e des \u00e9lus.<\/li>\n<\/ul>\n\n\n\n<p>Les Assembl\u00e9es G\u00e9n\u00e9rales des organes de la faiti\u00e8re de la Jeunesse se d\u00e9rouleront le 06 juillet 2024 pour les niveaux communal, r\u00e9gional et la diaspora et le 13 juillet 2024 pour le niveau national.<\/p>\n\n\n\n<ol class=\"wp-block-list\" start=\"5\">\n<li>Le ministre de l\u2019Entreprenariat national, de l\u2019Emploi et de la Formation professionnelle a inform\u00e9 le Conseil des Ministres\u00a0<strong>des effectifs des sortants des Centres de Formation professionnelle du Mali et des boursiers form\u00e9s des Instituts de Formation professionnelle des pays partenaires.<\/strong><\/li>\n<\/ol>\n\n\n\n<p>Dans le cadre de la mise en \u0153uvre de la Politique nationale de la Formation professionnelle, le Minist\u00e8re de l\u2019Entreprenariat national, de l\u2019Emploi et de la Formation Professionnelle dispose de 18 Centres publics de Formation professionnelle et s\u2019appuie sur 546 Centres priv\u00e9s agr\u00e9es \u00e0 cet effet.<\/p>\n\n\n\n<p>L\u2019objectif global desdits Centres est de donner \u00e0 tout demandeur d\u2019emploi une formation lui permettant d\u2019exercer une activit\u00e9 professionnelle.<\/p>\n\n\n\n<p>Ainsi, au cours des cinq derni\u00e8res ann\u00e9es, 8 927 jeunes ont achev\u00e9 leur formation dans ces centres dont 6 066 hommes et 2 861 femmes. Les fili\u00e8res concern\u00e9es sont majoritairement celles de l\u2019Agriculture, des B\u00e2timents-Travaux-Publics, de la Coupe-Couture et de la Transformation agroalimentaire.<\/p>\n\n\n\n<p>Aussi, dans le cadre de la mise en \u0153uvre des conventions sign\u00e9es entre le Mali et certains pays partenaires, des bourses sont octroy\u00e9es annuellement aux jeunes titulaires du Baccalaur\u00e9at ou de Brevet de technicien deuxi\u00e8me partie dans les fili\u00e8res du Commerce, des B\u00e2timents- Travaux-Publics, des T\u00e9l\u00e9communications, de la Maintenance industrielle, de l\u2019Informatique et de la Transformation agroalimentaire.<\/p>\n\n\n\n<p>Pour permettre un meilleur suivi de l\u2019insertion professionnelle des jeunes issus des centres et instituts, le minist\u00e8re en charge de la Formation professionnelle pr\u00e9voit la mise en place d\u2019une<\/p>\n\n\n\n<p>base de donn\u00e9es accessible au secteur priv\u00e9 permettant de disposer des informations relatives aux sortants.<\/p>\n\n\n\n<ol class=\"wp-block-list\" start=\"6\">\n<li>Le ministre de la Promotion de la Femme, de l\u2019Enfant et de la Famille a inform\u00e9 le Conseil des Ministres\u00a0<strong>de la participation du Mali \u00e0 la 96<sup>\u00e8me<\/sup>\u00a0Session du Comit\u00e9 des Droits de l\u2019Enfant, tenue du 09 au 10 mai 2024, \u00e0 Gen\u00e8ve en Suisse.<\/strong><\/li>\n<\/ol>\n\n\n\n<p>La session a examin\u00e9 \u00e0 travers le Comit\u00e9 des Droits de l\u2019Enfant le Rapport CRC\/C\/MLI valant 3<sup>\u00e8me<\/sup>&nbsp;et 5<sup>\u00e8me<\/sup>&nbsp;Rapports p\u00e9riodiques, pr\u00e9sent\u00e9 par le Mali le 18 juin 2020 en application des dispositions de l\u2019article 44 de la Convention relative aux droits de l\u2019enfant.<\/p>\n\n\n\n<p>Ont \u00e9galement fait l\u2019objet d\u2019\u00e9changes, les questions d\u2019\u00e9ducation, de sant\u00e9, d\u2019enregistrement des naissances, de protection et de participation des enfants, de justice pour mineurs, de travail des enfants et d\u2019enr\u00f4lement des enfants dans les groupes arm\u00e9s.<\/p>\n\n\n\n<p>Tout en saluant les efforts du Gouvernement malien en d\u00e9pit du contexte difficile, le Comit\u00e9 des Droits de l\u2019Enfant a formul\u00e9, \u00e0 la fin des travaux, des recommandations.<\/p>\n\n\n\n<ol class=\"wp-block-list\" start=\"7\">\n<li>Le ministre de l\u2019Urbanisme, de l\u2019Habitat, des Domaines, de l\u2019Am\u00e9nagement du Territoire et de la Population a inform\u00e9 le Conseil des Ministres\u00a0<strong>de la participation du Mali \u00e0 la 57<sup>\u00e8me<\/sup>\u00a0Session de la Commission Population et D\u00e9veloppement des Nations Unies et au panel de haut niveau organis\u00e9 par le Fonds des Nations Unies pour la Population sur les exp\u00e9riences du Projet SWEDD et des Observatoires nationaux du Dividende D\u00e9mographique du Mali, de la Mauritanie, du Niger et du Tchad.<\/strong><\/li>\n<\/ol>\n\n\n\n<p>La 57<sup>\u00e8me<\/sup>&nbsp;Session de la Commission Population et D\u00e9veloppement des Nations Unies s\u2019est tenue du 29 avril au 03 mai 2024. En termes de progr\u00e8s, il a \u00e9t\u00e9 soulign\u00e9 les avanc\u00e9es majeures du Mali dans les domaines de la dignit\u00e9 et des droits humains, de la sant\u00e9, de la production des statistiques de qualit\u00e9 et de la capture du dividende d\u00e9mographique.<\/p>\n\n\n\n<p>Au cours du panel de haut niveau, il a \u00e9t\u00e9 mentionn\u00e9 les avanc\u00e9es enregistr\u00e9es, durant les derni\u00e8res d\u00e9cennies, en mettant l\u2019accent sur les effets et impacts positifs des interventions du projet SWEDD sur l\u2019am\u00e9lioration des conditions de vie et d\u2019autonomisation de la femme malienne, particuli\u00e8rement en milieu rural.<\/p>\n\n\n\n<ol class=\"wp-block-list\" start=\"8\">\n<li>Le ministre de l\u2019Artisanat, de la Culture, de l\u2019Industrie h\u00f4teli\u00e8re et du Tourisme a inform\u00e9 le Conseil des Ministres\u00a0<strong>du programme de rebaptisation de rues, espaces, \u00e9difices publics et monuments.<\/strong><\/li>\n<\/ol>\n\n\n\n<p>Le Mali, pays au pass\u00e9 glorieux, charg\u00e9 d\u2019histoire, de riches cultures et de civilisations anciennes, a regorg\u00e9 de grandes figures qui ont d\u00e9di\u00e9 leur vie \u00e0 la nation et demeurent \u00e0 jamais dans la m\u00e9moire collective.<\/p>\n\n\n\n<p>Cependant, force est de reconnaitre que de nombreux hommes et femmes exceptionnels qui ont r\u00e9alis\u00e9 des actions patriotiques sont tomb\u00e9s dans l\u2019oubli. C\u2019est pourquoi, le minist\u00e8re de l\u2019Artisanat, de la Culture, de l\u2019Industrie h\u00f4teli\u00e8re et du Tourisme envisage, \u00e0 travers la Commission nationale de Bapt\u00eame des Lieux publics, d\u2019\u00e9laborer un programme de bapt\u00eame et rebaptisation des rues, avenues, espaces publics et monuments aux noms de certaines grandes figures de l\u2019histoire du Mali \u00e0 Bamako et dans les capitales r\u00e9gionales.<\/p>\n\n\n\n<ol class=\"wp-block-list\" start=\"9\">\n<li>Le ministre de la Sant\u00e9 et du D\u00e9veloppement social a inform\u00e9 le Conseil des Ministres\u00a0<strong>de la situation \u00e9pid\u00e9miologique du pays marqu\u00e9e, notamment :<\/strong><\/li>\n<\/ol>\n\n\n\n<p><strong>a.&nbsp;&nbsp;&nbsp;&nbsp; par une stagnation du nombre de cas test\u00e9s positifs de la maladie \u00e0 Coronavirus par rapport \u00e0 la semaine pr\u00e9c\u00e9dente.<\/strong><\/p>\n\n\n\n<ol class=\"wp-block-list\">\n<li><strong>par une diminution du nombre de cas confirm\u00e9s de dengue compar\u00e9 \u00e0 celui de la semaine \u00e9coul\u00e9e.<\/strong><\/li>\n<\/ol>\n\n\n\n<p>Le Pr\u00e9sident de la Transition, Chef de l\u2019Etat a, cependant, appel\u00e9 la population au respect strict des mesures de pr\u00e9vention et de lutte contre les maladies.<\/p>\n\n\n\n<p>Bamako, le 15 mai 2024<\/p>\n\n\n\n<p><strong>Le Secr\u00e9taire G\u00e9n\u00e9ral du Gouvernement,<\/strong><\/p>\n\n\n\n<p><strong><u>Birama COULIBALY<\/u><\/strong><\/p>\n\n\n\n<p>Maliweb<\/p>\n","protected":false},"excerpt":{"rendered":"<p>Le Conseil des Ministres s\u2019est r\u00e9uni en session ordinaire,&nbsp;le mercredi 15 mai 2024, dans sa salle de d\u00e9lib\u00e9rations au Palais de Koulouba, sous la pr\u00e9sidence du&nbsp;Colonel Assimi GOITA,&nbsp;Pr\u00e9sident de la&hellip;<\/p>\n","protected":false},"author":1,"featured_media":18580,"comment_status":"open","ping_status":"open","sticky":false,"template":"","format":"standard","meta":{"content-type":"","_lmt_disableupdate":"","_lmt_disable":"","_jetpack_memberships_contains_paid_content":false,"footnotes":"","jetpack_publicize_message":"","jetpack_publicize_feature_enabled":true,"jetpack_social_post_already_shared":true,"jetpack_social_options":{"image_generator_settings":{"template":"highway","default_image_id":0,"font":"","enabled":false},"version":2}},"categories":[125,28],"tags":[],"class_list":["post-18578","post","type-post","status-publish","format-standard","has-post-thumbnail","hentry","category-actualite","category-communique-du-conseil-des-ministres"],"jetpack_publicize_connections":[],"featured_image_urls":{"full":["https:\/\/nandi.info\/wp-content\/uploads\/2024\/05\/Assimi-a-koulouba-696x508-1.jpg",696,508,false],"thumbnail":["https:\/\/nandi.info\/wp-content\/uploads\/2024\/05\/Assimi-a-koulouba-696x508-1-150x150.jpg",150,150,true],"medium":["https:\/\/nandi.info\/wp-content\/uploads\/2024\/05\/Assimi-a-koulouba-696x508-1-300x219.jpg",300,219,true],"medium_large":["https:\/\/nandi.info\/wp-content\/uploads\/2024\/05\/Assimi-a-koulouba-696x508-1.jpg",696,508,false],"large":["https:\/\/nandi.info\/wp-content\/uploads\/2024\/05\/Assimi-a-koulouba-696x508-1.jpg",696,508,false],"1536x1536":["https:\/\/nandi.info\/wp-content\/uploads\/2024\/05\/Assimi-a-koulouba-696x508-1.jpg",696,508,false],"2048x2048":["https:\/\/nandi.info\/wp-content\/uploads\/2024\/05\/Assimi-a-koulouba-696x508-1.jpg",696,508,false],"penci-recipe-1200x1200":["https:\/\/nandi.info\/wp-content\/uploads\/2024\/05\/Assimi-a-koulouba-696x508-1.jpg",696,508,false],"penci-recipe-1200x900":["https:\/\/nandi.info\/wp-content\/uploads\/2024\/05\/Assimi-a-koulouba-696x508-1.jpg",696,508,false],"penci-recipe-1200x675":["https:\/\/nandi.info\/wp-content\/uploads\/2024\/05\/Assimi-a-koulouba-696x508-1.jpg",696,508,false],"penci-single-full":["https:\/\/nandi.info\/wp-content\/uploads\/2024\/05\/Assimi-a-koulouba-696x508-1.jpg",696,508,false],"penci-slider-full-thumb":["https:\/\/nandi.info\/wp-content\/uploads\/2024\/05\/Assimi-a-koulouba-696x508-1.jpg",696,508,false],"penci-full-thumb":["https:\/\/nandi.info\/wp-content\/uploads\/2024\/05\/Assimi-a-koulouba-696x508-1.jpg",696,508,false],"penci-slider-thumb":["https:\/\/nandi.info\/wp-content\/uploads\/2024\/05\/Assimi-a-koulouba-696x508-1.jpg",696,508,false],"penci-magazine-slider":["https:\/\/nandi.info\/wp-content\/uploads\/2024\/05\/Assimi-a-koulouba-696x508-1.jpg",696,508,false],"penci-thumb":["https:\/\/nandi.info\/wp-content\/uploads\/2024\/05\/Assimi-a-koulouba-696x508-1.jpg",534,390,false],"penci-masonry-thumb":["https:\/\/nandi.info\/wp-content\/uploads\/2024\/05\/Assimi-a-koulouba-696x508-1.jpg",585,427,false],"penci-thumb-square":["https:\/\/nandi.info\/wp-content\/uploads\/2024\/05\/Assimi-a-koulouba-696x508-1.jpg",585,427,false],"penci-thumb-vertical":["https:\/\/nandi.info\/wp-content\/uploads\/2024\/05\/Assimi-a-koulouba-696x508-1.jpg",480,350,false],"penci-thumb-small":["https:\/\/nandi.info\/wp-content\/uploads\/2024\/05\/Assimi-a-koulouba-696x508-1.jpg",240,175,false]},"author_info":{"display_name":"Nandi","author_link":"https:\/\/nandi.info\/?author=1"},"category_info":"<a href=\"https:\/\/nandi.info\/?cat=125\" rel=\"category\">Actualit\u00e9<\/a> <a href=\"https:\/\/nandi.info\/?cat=28\" rel=\"category\">Communique du conseil des ministres<\/a>","tag_info":"Communique du conseil des ministres","comment_count":"0","jetpack_featured_media_url":"https:\/\/nandi.info\/wp-content\/uploads\/2024\/05\/Assimi-a-koulouba-696x508-1.jpg","jetpack_sharing_enabled":true,"_links":{"self":[{"href":"https:\/\/nandi.info\/index.php?rest_route=\/wp\/v2\/posts\/18578","targetHints":{"allow":["GET"]}}],"collection":[{"href":"https:\/\/nandi.info\/index.php?rest_route=\/wp\/v2\/posts"}],"about":[{"href":"https:\/\/nandi.info\/index.php?rest_route=\/wp\/v2\/types\/post"}],"author":[{"embeddable":true,"href":"https:\/\/nandi.info\/index.php?rest_route=\/wp\/v2\/users\/1"}],"replies":[{"embeddable":true,"href":"https:\/\/nandi.info\/index.php?rest_route=%2Fwp%2Fv2%2Fcomments&post=18578"}],"version-history":[{"count":1,"href":"https:\/\/nandi.info\/index.php?rest_route=\/wp\/v2\/posts\/18578\/revisions"}],"predecessor-version":[{"id":18581,"href":"https:\/\/nandi.info\/index.php?rest_route=\/wp\/v2\/posts\/18578\/revisions\/18581"}],"wp:featuredmedia":[{"embeddable":true,"href":"https:\/\/nandi.info\/index.php?rest_route=\/wp\/v2\/media\/18580"}],"wp:attachment":[{"href":"https:\/\/nandi.info\/index.php?rest_route=%2Fwp%2Fv2%2Fmedia&parent=18578"}],"wp:term":[{"taxonomy":"category","embeddable":true,"href":"https:\/\/nandi.info\/index.php?rest_route=%2Fwp%2Fv2%2Fcategories&post=18578"},{"taxonomy":"post_tag","embeddable":true,"href":"https:\/\/nandi.info\/index.php?rest_route=%2Fwp%2Fv2%2Ftags&post=18578"}],"curies":[{"name":"wp","href":"https:\/\/api.w.org\/{rel}","templated":true}]}}