{"id":18514,"date":"2024-05-09T11:37:54","date_gmt":"2024-05-09T09:37:54","guid":{"rendered":"https:\/\/nandi.info\/?p=18514"},"modified":"2024-05-09T11:37:56","modified_gmt":"2024-05-09T09:37:56","slug":"vie-des-medias-au-mali-le-gouvernement-determine-a-sonner-le-glas-de-la-presse-libre-2","status":"publish","type":"post","link":"https:\/\/nandi.info\/?p=18514","title":{"rendered":"Vie des m\u00e9dias au Mali\u00a0: Le gouvernement d\u00e9termin\u00e9 \u00e0 sonner le glas de la presse libre\u00a0?"},"content":{"rendered":"\n<p><strong>La presse malienne a c\u00e9l\u00e9br\u00e9 vendredi dernier (3 mai 2024) la Journ\u00e9e mondiale de la libert\u00e9 de la presse. Comme d\u2019habitude, les fa\u00eeti\u00e8res et les professionnels des m\u00e9dias ont saisi l\u2019occasion pour passer au peigne fin les acquis et les d\u00e9fis \u00e0 relever pour un exercice libre et apais\u00e9 du m\u00e9tier. Malheureusement, le constat est tr\u00e8s amer. En effet, cette ann\u00e9e, cette journ\u00e9e a \u00e9t\u00e9 c\u00e9l\u00e9br\u00e9e dans un environnement socio-financier tr\u00e8s \u00e9prouvant. Non content d\u2019asphyxier volontairement les m\u00e9dias libres, le gouvernement multiplie les intimidations et les tentatives de les r\u00e9duire au silence \u00e0 d\u00e9faut de leur imposer un contenu. A ce rythme, les autorit\u00e9s vont bient\u00f4t sonner le glas de la presse libre au Mali.<\/strong><\/p>\n\n\n\n<p>\u00ab<em>La Presse au service de la plan\u00e8te : crise environnementale et urgence du journalisme<\/em>\u00bb&nbsp;! Tel \u00e9tait le th\u00e8me de la c\u00e9l\u00e9bration de la 31e Journ\u00e9e internationale de la libert\u00e9 de la presse.&nbsp; Cette th\u00e9matique met en \u00e9vidence l\u2019imp\u00e9rieuse n\u00e9cessit\u00e9 pour les m\u00e9dias de s\u2019engager dans la pr\u00e9servation de l\u2019environnement. Et cela au moment o\u00f9 nous subissons de plein fouet les cons\u00e9quences du d\u00e9r\u00e8glement climatique (canicule, inondations, probl\u00e8mes de sant\u00e9, criminalit\u00e9, violences conjugales, mauvais r\u00e9sultats scolaires\u2026). \u00ab<em>Le monde connait une situation d\u2019urgence environnementale qui menace l\u2019existence des g\u00e9n\u00e9rations actuelles et futures<\/em>\u00bb a alert\u00e9 Bandiougou Dant\u00e9, pr\u00e9sident de la Maison de la presse.&nbsp;&nbsp;<\/p>\n\n\n\n<p>Cette journ\u00e9e est c\u00e9l\u00e9br\u00e9e au moment o\u00f9 l\u2019environnement m\u00e9diatique est aussi d\u00e9chir\u00e9 entre les d\u00e9fis \u00e0 affronter, les menaces pesant sur elle et sa vitalit\u00e9 voire sa survie dans ces conditions. \u00ab<em>Fa\u00e7onner un avenir de droits : La libert\u00e9 d&rsquo;expression comme moteur de tous les autres droits de l&rsquo;Homme<\/em>\u00bb \u00e9tait le th\u00e8me de la pr\u00e9c\u00e9dente \u00e9dition. C\u2019\u00e9tait d\u00e9j\u00e0 une mani\u00e8re de dire que la libert\u00e9 d&rsquo;expression constitue \u00ab<em>l&rsquo;\u00e9l\u00e9ment essentiel \u00e0 la jouissance et \u00e0 la protection de toutes les autres libert\u00e9s<\/em>\u00bb.<\/p>\n\n\n\n<p>On se demande aujourd\u2019hui quelle le\u00e7on nos autorit\u00e9s ont r\u00e9ellement tir\u00e9 de ce th\u00e8me&nbsp;pour s\u2019acharner ainsi sur les m\u00e9dias libres du pays ? Apr\u00e8s la libert\u00e9 d\u2019association et d\u2019expression, apr\u00e8s avoir r\u00e9duit au silence ceux qui se sont montr\u00e9s trop critiques \u00e0 leur \u00e9gard ces derniers mois et dissous les partis et les associations dont les activit\u00e9s ont \u00e9t\u00e9 jug\u00e9es subversives, elles ont voulu museler les m\u00e9dias avec la complicit\u00e9 de la Haute autorit\u00e9 de la communication (HAC). Il est clair que, comme l\u2019a rappel\u00e9 le pr\u00e9sident de la Maison de la presse, la situation de la libert\u00e9 de la presse au Mali est loin d\u2019\u00eatre reluisante. \u00ab<em>De nombreux professionnels des m\u00e9dias sont port\u00e9s disparus, intimid\u00e9s ou ont abandonn\u00e9 leurs maison<\/em>\u00bb, a d\u00e9plor\u00e9 M. Dant\u00e9. A cela, il a ajout\u00e9&nbsp;\u00abl<em>\u2019enl\u00e8vement <\/em>(le 11 d\u00e9cembre 2023) <em>d\u2019Almamy Barazi, directeur de la radio <\/em>Bonne For\u00eat<em> de Taboye dans le cercle de Bourem, par des individus arm\u00e9s non identifi\u00e9s<\/em>\u00bb. &nbsp;On comprend alors ais\u00e9ment que, dans son rapport 2024, l\u2019ONG \u00ab<em>Reporters Sans Fronti\u00e8res<\/em>\u00bb (RSF) ait class\u00e9 le Mali \u00e0 la 114e place sur 18\u200b0\u200b \u00c9tats.<\/p>\n\n\n\n<p>Mais, le pire, c\u2019est la pression financi\u00e8re que le gouvernement de Transition exerce sur les journalistes qui n\u200be voient&nbsp;plus la queue du diable \u00e0 plus forte raison la tirer. Les m\u00e9diums (presse \u00e9crite, radios, t\u00e9l\u00e9visions, presse en ligne) ploient atrocement sous le poids des charges de fonctionnement dans l\u2019indiff\u00e9rence totale des d\u00e9cideurs politiques. Qu\u2019est-ce que peut encore justifier le g\u00e8le de l\u2019aide \u00e0 la presse (pour laquelle on se battait encore pour qu\u2019elle soit index\u00e9e au budget national)&nbsp;?<\/p>\n\n\n\n<p>Pas en tout cas en raison de la crise financi\u00e8re puisque les budgets de nos institutions sont en perp\u00e9tuelle hausse malgr\u00e9 le discours d\u00e9magogique sur la r\u00e9duction du train de vie de l\u2019Etat. On condamne les m\u00e9dias priv\u00e9s au pain sec alors que les membres d\u00e9sign\u00e9s d\u2019un organe de la transition s\u2019arrogent un salaire, des primes et des indemnit\u00e9s g\u00e9n\u00e9ralement pr\u00e9vus pour des \u00e9lus de la nation. Selon des sources officielles, la pr\u00e9sidence, le CNT et la Primature ont co\u00fbt\u00e9 42 991 061 000 F CFA aux contribuables en 2023. La presse est-elle si inutile dans ce pays&nbsp;?<\/p>\n\n\n\n<p>Encore que la pilule est facile \u00e0 avaler pour ce qui est de la pr\u00e9sidence de la Transition d\u2019autant plus que les \u0153uvres sociales de l\u2019actuel locataire de Koulouba (construction et \u00e9quipement des centres de dialyse, \u00e9quipement des centres de sant\u00e9, adduction d\u2019eau, construction et r\u00e9novation de classes, dons en nature aux n\u00e9cessiteux) sont en train de combler un \u00e9norme foss\u00e9 au niveau de l\u2019acc\u00e8s aux services sociaux de base. Qu\u2019\u00e0 \u200bcela&nbsp;ne tienne, la presse \u00e9touffe et est sciemment \u00e9touff\u00e9e pour une ambition inavou\u00e9e.<\/p>\n\n\n\n<p>Une situation aggrav\u00e9e par l\u2019exercice ill\u00e9gal du m\u00e9tier qui, selon Bandiougou Dant\u00e9, cr\u00e9e \u00ab<em>un d\u00e9sordre encourag\u00e9 et entretenu<\/em>\u00bb faisant \u00ab<em>planer le risque d\u2019une implosion in\u00e9luctable\u00bb. <\/em>Ce nombre ind\u00e9termin\u00e9 de m\u00e9dias sur les r\u00e9seaux touche impun\u00e9ment \u00e0 tout en violation des r\u00e8gles d\u2019\u00e9thique et de d\u00e9ontologie.<em> \u00abCes m\u00e9dias qui sont dans l\u2019asym\u00e9trie sont aussi les auteurs d\u2019une concurrence d\u00e9loyale si bien que les journaux se meurent, les radios et les t\u00e9l\u00e9visions agonisent<\/em>\u00bb, a d\u00e9nonc\u00e9 le pr\u00e9sident de la Maison de la presse. Et d\u2019ass\u00e9ner, \u00ab<em>ces m\u00e9dias d\u00e9sempar\u00e9s, sans perspectives, sans opportunit\u00e9s, frapp\u00e9s de plein fouet par la situation \u00e9conomique pr\u00e9caire doivent faire face aux obligations quotidiennes<\/em>\u00bb.<\/p>\n\n\n\n<p>Tel est l\u2019\u00e9tat des m\u00e9dias du pays au moment o\u00f9 la Journ\u00e9e mondiale de la libert\u00e9 de la presse est c\u00e9l\u00e9br\u00e9e au Mali. C\u2019est une presse \u00e0 l\u2019agonie que le gouvernement de transition est press\u00e9 d\u2019achever en l\u2019\u00e9touffant par tous les moyens, notamment financi\u00e8rement&nbsp;!<\/p>\n\n\n\n<p><strong>Moussa Bolly<\/strong><\/p>\n\n\n\n<p><\/p>\n\n\n\n<h2 class=\"wp-block-heading has-text-align-center has-large-font-size\"><strong>Presse\u00a0et d\u00e9mocratie\u00a0: Le quatri\u00e8me pouvoir est-il une r\u00e9alit\u00e9 au Mali ?<\/strong><\/h2>\n\n\n\n<p><strong>A l&rsquo;occasion de la Journ\u00e9e internationale de la presse, le r\u00f4le crucial des m\u00e9dias en tant que 4e pouvoir dans une soci\u00e9t\u00e9 d\u00e9mocratique est mis en lumi\u00e8re. A ce titre qu\u2019elle doit agir en tant que contre-pouvoir face aux autres pouvoirs, notamment l\u2019ex\u00e9cutif, le l\u00e9gislatif et le judiciaire. Mais, au Mali, cette notion soul\u00e8ve des questions quant \u00e0 son effectivit\u00e9 dans un contexte marqu\u00e9 par des d\u00e9fis politiques, \u00e9conomiques et s\u00e9curitaires.<\/strong><\/p>\n\n\n\n<p class=\"has-drop-cap\">Dans une d\u00e9mocratie, le 4e pouvoir repr\u00e9sent\u00e9 par les m\u00e9dias, est cens\u00e9 agir comme un contrepoids aux trois pouvoirs traditionnels : ex\u00e9cutif, l\u00e9gislatif et judiciaire. Il est charg\u00e9 de surveiller, de questionner et de rendre compte des actions des gouvernants, tout en informant et en \u00e9duquant le public. Malgr\u00e9 des d\u00e9fis persistants tels que la censure, l&rsquo;intimidation des journalistes et la pr\u00e9carit\u00e9 \u00e9conomique des m\u00e9dias, la presse continue de jouer un r\u00f4le essentiel dans la soci\u00e9t\u00e9 malienne.<\/p>\n\n\n\n<p>En effet, les m\u00e9dias maliens ont souvent \u00e9t\u00e9 les premiers \u00e0 d\u00e9noncer les abus de pouvoir, \u00e0 r\u00e9v\u00e9ler des scandales de corruption et \u00e0 donner une voix aux \u00ab<em>citoyens ordinaires<\/em>\u00bb. Au Mali, la presse joue un r\u00f4le vital dans la soci\u00e9t\u00e9 en tant que gardienne des acquis de la d\u00e9mocratie et de d\u00e9fense du droit \u00e0 l&rsquo;information. Cependant, sa capacit\u00e9 \u00e0 fonctionner pleinement en tant que 4e pouvoir est entrav\u00e9e par divers obstacles. En premier lieu, les atteintes \u00e0 la libert\u00e9 de la presse g\u00e9n\u00e9ralement vis\u00e9e par des pressions politiques et \u00e9conomiques.<\/p>\n\n\n\n<p>Des journalistes sont parfois victimes d&rsquo;intimidation, de violence ou d&#8217;emprisonnement. Ce qui limite leur capacit\u00e9 \u00e0 enqu\u00eater en toute ind\u00e9pendance et \u00e0 rapporter les faits de mani\u00e8re objective. Aussi, la situation \u00e9conomique pr\u00e9caire des m\u00e9dias maliens compromet leur ind\u00e9pendance. De nombreuses entreprises de presse d\u00e9pendent des financements publics ou priv\u00e9s. Ce qui peut influencer leur ligne \u00e9ditoriale et restreindre leur capacit\u00e9 \u00e0 jouer pleinement leur r\u00f4le de contre-pouvoir. Le contexte s\u00e9curitaire instable dans certaines r\u00e9gions du Mali rend \u00e9galement, le travail des journalistes encore plus difficile.<\/p>\n\n\n\n<p>Les menaces terroristes et les conflits arm\u00e9s limitent l&rsquo;acc\u00e8s \u00e0 l&rsquo;information et mettent en danger la s\u00e9curit\u00e9 des professionnels des m\u00e9dias. Les journalistes sont r\u00e9guli\u00e8rement harcel\u00e9s, arr\u00eat\u00e9s, enlev\u00e9s et parfois tu\u00e9s pour avoir exerc\u00e9 leur m\u00e9tier malgr\u00e9 les menaces. Les autorit\u00e9s gouvernementales exercent parfois des pressions sur les m\u00e9dias pour contr\u00f4ler le flux d&rsquo;informations et r\u00e9primer les voix qui d\u00e9rangent. Malgr\u00e9 ces d\u00e9fis, la presse malienne continue de r\u00e9sister et de jouer un r\u00f4le vital dans la promotion de la d\u00e9mocratie et de la transparence dans la gouvernance.<\/p>\n\n\n\n<p>Aujourd&rsquo;hui, de nombreuses organisations de presse et des journalistes ind\u00e9pendants luttent courageusement pour d\u00e9fendre la libert\u00e9 d&rsquo;expression et le droit \u00e0 l&rsquo;information. Aussi, des hommes et femmes des m\u00e9dias courageux et engag\u00e9s continuent-ils de faire entendre leur voix, souvent au p\u00e9ril de leur propre s\u00e9curit\u00e9. Dans un pays comme le n\u00f4tre, o\u00f9 les enjeux politiques et sociaux sont \u00e9lev\u00e9s, la presse reste un contrepoids indispensable au pouvoir en place. Elle est souvent le seul moyen pour les citoyens de faire entendre leur voix et d\u2019obliger les dirigeants \u00e0 assumer leurs actes.<\/p>\n\n\n\n<p>Bien que la presse au Mali soit confront\u00e9e \u00e0 tous ces d\u00e9fis, elle se bat pour rester un pilier essentiel de la d\u00e9mocratie et un acteur cl\u00e9 dans la lutte pour la transparence et la justice. M\u00eame si, de nos jours, il est difficile de d\u00e9fendre que la presse est le 4e pouvoir au Mali. Pour que la presse puisse pleinement remplir ce r\u00f4le, il est crucial de garantir la libert\u00e9 d&rsquo;expression et la s\u00e9curit\u00e9 des journalistes, ainsi que de promouvoir une presse ind\u00e9pendante et financi\u00e8rement viable. Cela n\u00e9cessite un engagement ferme des autorit\u00e9s, de la soci\u00e9t\u00e9 civile et de la communaut\u00e9 internationale.<\/p>\n\n\n\n<p>Comme l\u2019a si bien dit le nouveau pr\u00e9sident du S\u00e9n\u00e9gal, Bassirou Diomaye Faye, \u00ab<em>la libert\u00e9 de presse, v\u00e9ritable pierre angulaire des soci\u00e9t\u00e9s d\u00e9mocratiques, garantit que chaque citoyen reste inform\u00e9, engag\u00e9, et participe activement aux d\u00e9bats essentiels qui fa\u00e7onnent notre avenir commun<\/em>\u00bb. En reconnaissant la valeur de la presse, en tant que pilier de la d\u00e9mocratie, le Mali peut avancer vers une soci\u00e9t\u00e9 plus juste, \u00e9quitable, transparente et d\u00e9mocratique. Malheureusement, on ne peut dire aujourd\u2019hui que nos autorit\u00e9s sont engag\u00e9es \u00e0 \u00ab<em>soutenir une presse libre et diversifi\u00e9e, pilier indispensable de notre d\u00e9mocratie<\/em>\u00bb.<\/p>\n\n\n\n<p><strong>Sory Diakit\u00e9<\/strong><\/p>\n","protected":false},"excerpt":{"rendered":"<p>La presse malienne a c\u00e9l\u00e9br\u00e9 vendredi dernier (3 mai 2024) la Journ\u00e9e mondiale de la libert\u00e9 de la presse. Comme d\u2019habitude, les fa\u00eeti\u00e8res et les professionnels des m\u00e9dias ont saisi&hellip;<\/p>\n","protected":false},"author":1,"featured_media":18515,"comment_status":"open","ping_status":"open","sticky":false,"template":"","format":"standard","meta":{"content-type":"","_lmt_disableupdate":"","_lmt_disable":"","_jetpack_memberships_contains_paid_content":false,"footnotes":"","jetpack_publicize_message":"","jetpack_publicize_feature_enabled":true,"jetpack_social_post_already_shared":true,"jetpack_social_options":{"image_generator_settings":{"template":"highway","default_image_id":0,"font":"","enabled":false},"version":2}},"categories":[53,26],"tags":[],"class_list":["post-18514","post","type-post","status-publish","format-standard","has-post-thumbnail","hentry","category-le-matin","category-presse-journalisme"],"jetpack_publicize_connections":[],"featured_image_urls":{"full":["https:\/\/nandi.info\/wp-content\/uploads\/2024\/05\/Evoluant-dans-un-environnement-economique-difficile-les-journaux-sont-a-lagonie-au-Mali-1.jpg",650,487,false],"thumbnail":["https:\/\/nandi.info\/wp-content\/uploads\/2024\/05\/Evoluant-dans-un-environnement-economique-difficile-les-journaux-sont-a-lagonie-au-Mali-1-150x150.jpg",150,150,true],"medium":["https:\/\/nandi.info\/wp-content\/uploads\/2024\/05\/Evoluant-dans-un-environnement-economique-difficile-les-journaux-sont-a-lagonie-au-Mali-1-300x225.jpg",300,225,true],"medium_large":["https:\/\/nandi.info\/wp-content\/uploads\/2024\/05\/Evoluant-dans-un-environnement-economique-difficile-les-journaux-sont-a-lagonie-au-Mali-1.jpg",650,487,false],"large":["https:\/\/nandi.info\/wp-content\/uploads\/2024\/05\/Evoluant-dans-un-environnement-economique-difficile-les-journaux-sont-a-lagonie-au-Mali-1.jpg",650,487,false],"1536x1536":["https:\/\/nandi.info\/wp-content\/uploads\/2024\/05\/Evoluant-dans-un-environnement-economique-difficile-les-journaux-sont-a-lagonie-au-Mali-1.jpg",650,487,false],"2048x2048":["https:\/\/nandi.info\/wp-content\/uploads\/2024\/05\/Evoluant-dans-un-environnement-economique-difficile-les-journaux-sont-a-lagonie-au-Mali-1.jpg",650,487,false],"penci-recipe-1200x1200":["https:\/\/nandi.info\/wp-content\/uploads\/2024\/05\/Evoluant-dans-un-environnement-economique-difficile-les-journaux-sont-a-lagonie-au-Mali-1.jpg",650,487,false],"penci-recipe-1200x900":["https:\/\/nandi.info\/wp-content\/uploads\/2024\/05\/Evoluant-dans-un-environnement-economique-difficile-les-journaux-sont-a-lagonie-au-Mali-1.jpg",650,487,false],"penci-recipe-1200x675":["https:\/\/nandi.info\/wp-content\/uploads\/2024\/05\/Evoluant-dans-un-environnement-economique-difficile-les-journaux-sont-a-lagonie-au-Mali-1.jpg",650,487,false],"penci-single-full":["https:\/\/nandi.info\/wp-content\/uploads\/2024\/05\/Evoluant-dans-un-environnement-economique-difficile-les-journaux-sont-a-lagonie-au-Mali-1.jpg",650,487,false],"penci-slider-full-thumb":["https:\/\/nandi.info\/wp-content\/uploads\/2024\/05\/Evoluant-dans-un-environnement-economique-difficile-les-journaux-sont-a-lagonie-au-Mali-1.jpg",650,487,false],"penci-full-thumb":["https:\/\/nandi.info\/wp-content\/uploads\/2024\/05\/Evoluant-dans-un-environnement-economique-difficile-les-journaux-sont-a-lagonie-au-Mali-1.jpg",650,487,false],"penci-slider-thumb":["https:\/\/nandi.info\/wp-content\/uploads\/2024\/05\/Evoluant-dans-un-environnement-economique-difficile-les-journaux-sont-a-lagonie-au-Mali-1.jpg",650,487,false],"penci-magazine-slider":["https:\/\/nandi.info\/wp-content\/uploads\/2024\/05\/Evoluant-dans-un-environnement-economique-difficile-les-journaux-sont-a-lagonie-au-Mali-1.jpg",650,487,false],"penci-thumb":["https:\/\/nandi.info\/wp-content\/uploads\/2024\/05\/Evoluant-dans-un-environnement-economique-difficile-les-journaux-sont-a-lagonie-au-Mali-1.jpg",521,390,false],"penci-masonry-thumb":["https:\/\/nandi.info\/wp-content\/uploads\/2024\/05\/Evoluant-dans-un-environnement-economique-difficile-les-journaux-sont-a-lagonie-au-Mali-1.jpg",585,438,false],"penci-thumb-square":["https:\/\/nandi.info\/wp-content\/uploads\/2024\/05\/Evoluant-dans-un-environnement-economique-difficile-les-journaux-sont-a-lagonie-au-Mali-1.jpg",585,438,false],"penci-thumb-vertical":["https:\/\/nandi.info\/wp-content\/uploads\/2024\/05\/Evoluant-dans-un-environnement-economique-difficile-les-journaux-sont-a-lagonie-au-Mali-1.jpg",480,360,false],"penci-thumb-small":["https:\/\/nandi.info\/wp-content\/uploads\/2024\/05\/Evoluant-dans-un-environnement-economique-difficile-les-journaux-sont-a-lagonie-au-Mali-1.jpg",234,175,false]},"author_info":{"display_name":"Nandi","author_link":"https:\/\/nandi.info\/?author=1"},"category_info":"<a href=\"https:\/\/nandi.info\/?cat=53\" rel=\"category\">Le Matin<\/a> <a href=\"https:\/\/nandi.info\/?cat=26\" rel=\"category\">Presse\/Journalisme<\/a>","tag_info":"Presse\/Journalisme","comment_count":"0","jetpack_featured_media_url":"https:\/\/nandi.info\/wp-content\/uploads\/2024\/05\/Evoluant-dans-un-environnement-economique-difficile-les-journaux-sont-a-lagonie-au-Mali-1.jpg","jetpack_sharing_enabled":true,"_links":{"self":[{"href":"https:\/\/nandi.info\/index.php?rest_route=\/wp\/v2\/posts\/18514","targetHints":{"allow":["GET"]}}],"collection":[{"href":"https:\/\/nandi.info\/index.php?rest_route=\/wp\/v2\/posts"}],"about":[{"href":"https:\/\/nandi.info\/index.php?rest_route=\/wp\/v2\/types\/post"}],"author":[{"embeddable":true,"href":"https:\/\/nandi.info\/index.php?rest_route=\/wp\/v2\/users\/1"}],"replies":[{"embeddable":true,"href":"https:\/\/nandi.info\/index.php?rest_route=%2Fwp%2Fv2%2Fcomments&post=18514"}],"version-history":[{"count":1,"href":"https:\/\/nandi.info\/index.php?rest_route=\/wp\/v2\/posts\/18514\/revisions"}],"predecessor-version":[{"id":18516,"href":"https:\/\/nandi.info\/index.php?rest_route=\/wp\/v2\/posts\/18514\/revisions\/18516"}],"wp:featuredmedia":[{"embeddable":true,"href":"https:\/\/nandi.info\/index.php?rest_route=\/wp\/v2\/media\/18515"}],"wp:attachment":[{"href":"https:\/\/nandi.info\/index.php?rest_route=%2Fwp%2Fv2%2Fmedia&parent=18514"}],"wp:term":[{"taxonomy":"category","embeddable":true,"href":"https:\/\/nandi.info\/index.php?rest_route=%2Fwp%2Fv2%2Fcategories&post=18514"},{"taxonomy":"post_tag","embeddable":true,"href":"https:\/\/nandi.info\/index.php?rest_route=%2Fwp%2Fv2%2Ftags&post=18514"}],"curies":[{"name":"wp","href":"https:\/\/api.w.org\/{rel}","templated":true}]}}