{"id":18493,"date":"2024-05-09T11:27:55","date_gmt":"2024-05-09T09:27:55","guid":{"rendered":"https:\/\/nandi.info\/?p=18493"},"modified":"2024-05-09T11:27:57","modified_gmt":"2024-05-09T09:27:57","slug":"intime-conviction-soublier-pour-defendre-notre-profession","status":"publish","type":"post","link":"https:\/\/nandi.info\/?p=18493","title":{"rendered":"Intime conviction : S\u2019oublier pour d\u00e9fendre notre profession"},"content":{"rendered":"\n<p>\u00ab<em>Tu m\u00e9ritais cette distinction\u2026 Tu aurais m\u00e9rit\u00e9 de si\u00e9ger dans tel organe ou dans telle commission\u2026<\/em>\u00bb&nbsp;! C\u2019est ce que j\u2019entends fr\u00e9quemment des proches dont l\u2019int\u00e9grit\u00e9 et la sinc\u00e9rit\u00e9 ne souffrent d\u2019aucun reproche, d\u2019aucun doute. Souvent ironique, je leur r\u00e9ponds que je suis une brebis galeuse et qu\u2019on a raison de me fuir comme la peste.&nbsp; Il m\u2019arrive aussi de leur expliquer que ceux qui ont eu le privil\u00e8ge d\u2019\u00eatre distingu\u00e9s ou d\u2019\u00eatre nomm\u00e9s voire d\u00e9sign\u00e9s le m\u00e9ritent aussi et que la R\u00e9publique ne peut pas distinguer ou nommer (ou d\u00e9signer) tous ses fils ou toutes ses filles m\u00e9ritant \u00e0 la fois. Ils n\u2019h\u00e9sitent pas alors \u00e0 me taxer d\u2019\u00eatre \u00ab<em>trop<\/em>\u00bb humble. Il est vrai que l\u2019humilit\u00e9 est une valeur cardinale de l\u2019\u00e9ducation re\u00e7ue en famille.<\/p>\n\n\n\n<p>Mais, je dis souvent \u00e0 mes enfants ou \u00e0 des jeunes fr\u00e8res que personne ne vous accordera une quelconque consid\u00e9ration ou du cr\u00e9dit quand ceux qui doivent vous d\u00e9fendre, assurer votre promotion sont les premiers \u00e0 vous d\u00e9nigrer, \u00e0 ternir votre image. C\u2019est un peu comme la Haute autorit\u00e9 de la communication qui, au lieu de veiller \u00e0 l\u2019ind\u00e9pendance des m\u00e9dias, comme c\u2019est sa mission, a r\u00e9cemment tent\u00e9 de les pousser \u00e0 aller \u00e0 l\u2019encontre de l\u2019\u00e9thique et de la d\u00e9ontologie.<\/p>\n\n\n\n<p>\u00ab<em>Je suis agr\u00e9ablement surpris. On t\u2019avait d\u00e9crit comme un id\u00e9aliste, trop compliqu\u00e9 et trop exigeant. On m\u2019a donc d\u00e9conseill\u00e9 de vous associer \u00e0 tel projet ou \u00e0 telle activit\u00e9<\/em>\u00bb\u2026 C\u2019est ce que j\u2019ai aussi l\u2019habitude d\u2019entendre de ceux qui ont eu la clairvoyance de ne pas me condamner \u00e0 partir du jugement d\u2019autres et qui ont d\u00e9cid\u00e9 de faire leur propre religion sur cette brebis galeuse de la presse malienne. Il n\u2019y a qu\u2019au Mali qu\u2019avoir des convictions et des principes, et les d\u00e9fendre, est un crime passible de l\u2019exclusion socioprofessionnelle Malheureusement, ceux qui me d\u00e9nigrent ainsi sont mes propres confr\u00e8res et consoeurs qui, face \u00e0 moi, me troublent pourtant avec leurs \u00e9loges.<\/p>\n\n\n\n<p>En fait, tout cela pour dire que l\u2019hypocrisie est l\u2019un des maux qui rongent la presse malienne et qui l\u2019emp\u00eache de jouer pleinement ses missions fondamentales et de jouir de tous ses droits. Comme le d\u00e9plorait r\u00e9cemment un jeune confr\u00e8re, bien conscient du poids de la d\u00e9sunion sur sa profession, la presse malienne n&rsquo;est pas solidaire et n&rsquo;a pas conscience de ses pr\u00e9rogatives. Il est utopique de se pr\u00e9tendre 4e pouvoir alors qu\u2019on est incapable de s\u2019entendre sur l\u2019essentiel. A l\u2019image de la soci\u00e9t\u00e9 malienne, la presse est un corps rong\u00e9 par la jalousie, la m\u00e9chancet\u00e9, l\u2019hypocrisie\u2026<\/p>\n\n\n\n<p>Une division qu\u2019on ressent douloureusement au niveau des fa\u00eeti\u00e8res au sein desquelles l\u2019app\u00e2t du gain, les int\u00e9r\u00eats d\u2019un groupe l\u2019emporte toujours sur le bien-\u00eatre et la cr\u00e9dibilit\u00e9 de la profession. Pour leur gestion (fa\u00eeti\u00e8res), c\u2019est le principe du \u00ab<em>\u00f4te-toi de l\u00e0 que je m\u2019y mette<\/em>\u00bb. Ce ne sont pas les projets qui font alors la diff\u00e9rence, mais l\u2019assurance de trouver son compte dans la gestion programm\u00e9e, m\u00eame si cela se fait le plus souvent dans l\u2019opacit\u00e9 g\u00e9n\u00e9rale et aux d\u00e9pens des int\u00e9r\u00eats r\u00e9els de la corporation.<\/p>\n\n\n\n<p>Nous ne sommes pas oblig\u00e9s d\u2019avoir les m\u00eames convictions ou les m\u00eames int\u00e9r\u00eats professionnels, mais nous devons \u00eatre capables de nous donner la main quand la profession est menac\u00e9e dans sa libert\u00e9 d\u2019exercer et dans son ind\u00e9pendance. Nous devons privil\u00e9gier ses int\u00e9r\u00eats par rapport \u00e0 toutes les autres consid\u00e9rations. Nous devons nous r\u00e9jouir du succ\u00e8s et de la reconnaissance faite aux uns et aux autres. Franchement, je vois toujours la reconnaissance d\u2019un confr\u00e8re ou d\u2019une consoeur ou sa nomination comme un honneur pour toute la profession.<\/p>\n\n\n\n<p>A mon avis, chaque professionnel des m\u00e9dias de ce pays doit \u00eatre conscient que si nous ne nous unissons pas pour d\u00e9fendre notre profession, personne d\u2019autre ne le fera \u00e0 notre place parce que tout le monde, y compris l\u2019Etat, a int\u00e9r\u00eat \u00e0 voir une presse fragilis\u00e9e par ses divisions internes\u2026 Les autres se sont toujours servis de notre division pour nous pi\u00e9tiner, pour nous m\u00e9priser&#8230; Autant surmonter nos diff\u00e9rends pour nous rassembler autour de l\u2019essentiel&nbsp;: <em>l\u2019avenir de notre profession<\/em>&nbsp;!<\/p>\n\n\n\n<p>Que ceux qui doutent de cette n\u00e9cessit\u00e9 de l\u2019union sacr\u00e9e autour d\u2019une profession agonisante, r\u00e9fl\u00e9chissent sur cette sagesse selon laquelle \u00ab<em>la fourmi, par haine pour le cafard, vota pour l&rsquo;insecticide. Ils moururent tous, y compris le grillon qui s&rsquo;abstint<\/em>\u00bb&nbsp;! Et comme le disait aussi Nelson Mandela, \u00ab<em>aucun de nous, en agissant seul, ne peut atteindre le succ\u00e8s<\/em>\u00bb. Pour \u00e7a il faut que nous soyons soud\u00e9s, qu\u2019ensemble nous menions une lutte farouche pour que quiconque osera nous d\u00e9fier morde la poussi\u00e8re. Il nous faut cette union sacr\u00e9e comme celle qui nous avait valu d\u2019\u00eatre envi\u00e9e par la nation enti\u00e8re au moment de l\u2019affaire dite \u00ab<em>La ma\u00eetresse du pr\u00e9sident<\/em>\u00bb qui avait conduit un enseignant et 5 confr\u00e8res en prison. A l\u2019attention des plus jeunes, ils \u00e9taient poursuivis pour un article publi\u00e9 le 1er&nbsp;juin 2007 par le quotidien&nbsp;\u00ab<em>Info Matin<\/em>\u00bb.<\/p>\n\n\n\n<p>Le titre \u00ab<em>La ma\u00eetresse du pr\u00e9sident<\/em>\u00bb reprenait celui d&rsquo;une dissertation soumise \u00e0 une classe d&rsquo;un lyc\u00e9e de Bamako. Suite \u00e0 l\u2019arrestation de nos confr\u00e8res de \u00ab<em>Info Matin<\/em>\u00bb, de nombreux organes (Les Echos, le Scorpion, Le Pr\u00e9toire\u2026) ont repris l\u2019article incrimin\u00e9 et certains directeurs de publications ont \u00e9t\u00e9 arr\u00eat\u00e9s. En janvier 2012, la Cour d\u2019appel de Bamako avait statu\u00e9 sur cette affaire. La d\u00e9cision finale a \u00e9t\u00e9 la relaxe des journalistes et de l\u2019enseignant. Ce verdict a \u00e9t\u00e9 favoris\u00e9 par l\u2019\u00e9lan de solidarit\u00e9 manifest\u00e9 par l\u2019ensemble de la presse \u00e0 \u00ab<em>Info Matin<\/em>\u00bb et \u00e0 l\u2019enseignant.<\/p>\n\n\n\n<p>Nous avons aujourd\u2019hui besoin de cette union sacr\u00e9e pour qu\u2019on arr\u00eate de nous \u00e9craser, de nous pi\u00e9tiner, de nous humilier&nbsp;; pour dissuader ceux qui veulent nous museler apr\u00e8s nous avoir \u00e9touff\u00e9s financi\u00e8rement&nbsp;!<\/p>\n\n\n\n<p class=\"has-x-large-font-size\"><strong>Moussa Bolly<\/strong><\/p>\n","protected":false},"excerpt":{"rendered":"<p>\u00abTu m\u00e9ritais cette distinction\u2026 Tu aurais m\u00e9rit\u00e9 de si\u00e9ger dans tel organe ou dans telle commission\u2026\u00bb&nbsp;! C\u2019est ce que j\u2019entends fr\u00e9quemment des proches dont l\u2019int\u00e9grit\u00e9 et la sinc\u00e9rit\u00e9 ne souffrent&hellip;<\/p>\n","protected":false},"author":1,"featured_media":18512,"comment_status":"open","ping_status":"open","sticky":false,"template":"","format":"standard","meta":{"content-type":"","_lmt_disableupdate":"","_lmt_disable":"","_jetpack_memberships_contains_paid_content":false,"footnotes":"","jetpack_publicize_message":"","jetpack_publicize_feature_enabled":true,"jetpack_social_post_already_shared":true,"jetpack_social_options":{"image_generator_settings":{"template":"highway","default_image_id":0,"font":"","enabled":false},"version":2}},"categories":[53,21],"tags":[],"class_list":["post-18493","post","type-post","status-publish","format-standard","has-post-thumbnail","hentry","category-le-matin","category-societe"],"jetpack_publicize_connections":[],"featured_image_urls":{"full":["https:\/\/nandi.info\/wp-content\/uploads\/2024\/05\/Bolly-Moussa.jpg",650,763,false],"thumbnail":["https:\/\/nandi.info\/wp-content\/uploads\/2024\/05\/Bolly-Moussa-150x150.jpg",150,150,true],"medium":["https:\/\/nandi.info\/wp-content\/uploads\/2024\/05\/Bolly-Moussa-256x300.jpg",256,300,true],"medium_large":["https:\/\/nandi.info\/wp-content\/uploads\/2024\/05\/Bolly-Moussa.jpg",650,763,false],"large":["https:\/\/nandi.info\/wp-content\/uploads\/2024\/05\/Bolly-Moussa.jpg",650,763,false],"1536x1536":["https:\/\/nandi.info\/wp-content\/uploads\/2024\/05\/Bolly-Moussa.jpg",650,763,false],"2048x2048":["https:\/\/nandi.info\/wp-content\/uploads\/2024\/05\/Bolly-Moussa.jpg",650,763,false],"penci-recipe-1200x1200":["https:\/\/nandi.info\/wp-content\/uploads\/2024\/05\/Bolly-Moussa.jpg",650,763,false],"penci-recipe-1200x900":["https:\/\/nandi.info\/wp-content\/uploads\/2024\/05\/Bolly-Moussa.jpg",650,763,false],"penci-recipe-1200x675":["https:\/\/nandi.info\/wp-content\/uploads\/2024\/05\/Bolly-Moussa.jpg",575,675,false],"penci-single-full":["https:\/\/nandi.info\/wp-content\/uploads\/2024\/05\/Bolly-Moussa.jpg",650,763,false],"penci-slider-full-thumb":["https:\/\/nandi.info\/wp-content\/uploads\/2024\/05\/Bolly-Moussa.jpg",650,763,false],"penci-full-thumb":["https:\/\/nandi.info\/wp-content\/uploads\/2024\/05\/Bolly-Moussa.jpg",650,763,false],"penci-slider-thumb":["https:\/\/nandi.info\/wp-content\/uploads\/2024\/05\/Bolly-Moussa.jpg",565,663,false],"penci-magazine-slider":["https:\/\/nandi.info\/wp-content\/uploads\/2024\/05\/Bolly-Moussa.jpg",440,516,false],"penci-thumb":["https:\/\/nandi.info\/wp-content\/uploads\/2024\/05\/Bolly-Moussa.jpg",332,390,false],"penci-masonry-thumb":["https:\/\/nandi.info\/wp-content\/uploads\/2024\/05\/Bolly-Moussa.jpg",585,687,false],"penci-thumb-square":["https:\/\/nandi.info\/wp-content\/uploads\/2024\/05\/Bolly-Moussa.jpg",498,585,false],"penci-thumb-vertical":["https:\/\/nandi.info\/wp-content\/uploads\/2024\/05\/Bolly-Moussa.jpg",480,563,false],"penci-thumb-small":["https:\/\/nandi.info\/wp-content\/uploads\/2024\/05\/Bolly-Moussa.jpg",149,175,false]},"author_info":{"display_name":"Nandi","author_link":"https:\/\/nandi.info\/?author=1"},"category_info":"<a href=\"https:\/\/nandi.info\/?cat=53\" rel=\"category\">Le Matin<\/a> <a href=\"https:\/\/nandi.info\/?cat=21\" rel=\"category\">Soci\u00e9t\u00e9<\/a>","tag_info":"Soci\u00e9t\u00e9","comment_count":"0","jetpack_featured_media_url":"https:\/\/nandi.info\/wp-content\/uploads\/2024\/05\/Bolly-Moussa.jpg","jetpack_sharing_enabled":true,"_links":{"self":[{"href":"https:\/\/nandi.info\/index.php?rest_route=\/wp\/v2\/posts\/18493","targetHints":{"allow":["GET"]}}],"collection":[{"href":"https:\/\/nandi.info\/index.php?rest_route=\/wp\/v2\/posts"}],"about":[{"href":"https:\/\/nandi.info\/index.php?rest_route=\/wp\/v2\/types\/post"}],"author":[{"embeddable":true,"href":"https:\/\/nandi.info\/index.php?rest_route=\/wp\/v2\/users\/1"}],"replies":[{"embeddable":true,"href":"https:\/\/nandi.info\/index.php?rest_route=%2Fwp%2Fv2%2Fcomments&post=18493"}],"version-history":[{"count":1,"href":"https:\/\/nandi.info\/index.php?rest_route=\/wp\/v2\/posts\/18493\/revisions"}],"predecessor-version":[{"id":18513,"href":"https:\/\/nandi.info\/index.php?rest_route=\/wp\/v2\/posts\/18493\/revisions\/18513"}],"wp:featuredmedia":[{"embeddable":true,"href":"https:\/\/nandi.info\/index.php?rest_route=\/wp\/v2\/media\/18512"}],"wp:attachment":[{"href":"https:\/\/nandi.info\/index.php?rest_route=%2Fwp%2Fv2%2Fmedia&parent=18493"}],"wp:term":[{"taxonomy":"category","embeddable":true,"href":"https:\/\/nandi.info\/index.php?rest_route=%2Fwp%2Fv2%2Fcategories&post=18493"},{"taxonomy":"post_tag","embeddable":true,"href":"https:\/\/nandi.info\/index.php?rest_route=%2Fwp%2Fv2%2Ftags&post=18493"}],"curies":[{"name":"wp","href":"https:\/\/api.w.org\/{rel}","templated":true}]}}