{"id":18485,"date":"2024-05-09T10:50:05","date_gmt":"2024-05-09T08:50:05","guid":{"rendered":"https:\/\/nandi.info\/?p=18485"},"modified":"2024-05-09T10:50:09","modified_gmt":"2024-05-09T08:50:09","slug":"communique-du-conseil-des-ministres-du-mercredi-08-mai-2024","status":"publish","type":"post","link":"https:\/\/nandi.info\/?p=18485","title":{"rendered":"Communiqu\u00e9 du conseil des ministres du mercredi 08 mai 2024"},"content":{"rendered":"\n<p>Le Conseil des Ministres s\u2019est r\u00e9uni en session ordinaire,&nbsp;<strong>le mercredi 08 mai 2024<\/strong>, dans sa salle de d\u00e9lib\u00e9rations au Palais de Koulouba, sous la pr\u00e9sidence du&nbsp;<strong>Colonel Assimi GOITA<\/strong>,&nbsp;<strong>Pr\u00e9sident de la Transition<\/strong>,&nbsp;<strong>Chef de l\u2019Etat<\/strong>.<\/p>\n\n\n\n<p>Apr\u00e8s examen des points inscrits \u00e0 l\u2019ordre du jour, le Conseil a :<\/p>\n\n\n\n<ul class=\"wp-block-list\">\n<li>adopt\u00e9 des projets de texte ;<\/li>\n\n\n\n<li>proc\u00e9d\u00e9 \u00e0 des nominations ;<\/li>\n\n\n\n<li>et entendu des<\/li>\n<\/ul>\n\n\n\n<p><strong>AU CHAPITRE DES MESURES LEGISLATIVES ET REGLEMENTAIRES<\/strong><\/p>\n\n\n\n<p>Sur le rapport du ministre de l\u2019Economie et des Finances, le Conseil des Ministres a adopt\u00e9 :<\/p>\n\n\n\n<p><strong>a.&nbsp;&nbsp;&nbsp; un projet de loi portant modification de la Loi n\u00b02023-060 du 22 d\u00e9cembre 2023 portant loi de finances pour l\u2019exercice 2024.<\/strong><\/p>\n\n\n\n<p>Au cours de l\u2019exercice budg\u00e9taire 2024, des mesures nouvelles en termes de d\u00e9penses sont apparues. L\u2019int\u00e9gration desdites mesures dans le budget d\u2019Etat n\u00e9cessite la modification de la loi de finances initiale 2024.<\/p>\n\n\n\n<p>Le projet de loi adopt\u00e9 modifie la loi de finances de l\u2019exercice 2024 pour tenir compte de nouvelles charges li\u00e9es, notamment :<\/p>\n\n\n\n<ul class=\"wp-block-list\">\n<li>au renforcement des allocations budg\u00e9taires destin\u00e9es \u00e0 la prise en charge des op\u00e9rations de s\u00e9curisation du territoire national \u00e0 hauteur de 190,102 milliards de francs CFA ;<\/li>\n\n\n\n<li>au renforcement de l\u2019enveloppe budg\u00e9taire affect\u00e9e \u00e0 la subvention d\u2019exploitation en faveur de l\u2019Energie du Mali (EDM-SA) de 30 milliards de francs CFA.<\/li>\n<\/ul>\n\n\n\n<p>Cette modification, qui n\u2019affecte pas l\u2019\u00e9quilibre budg\u00e9taire et financier de la loi de finances initiale 2024, ne concerne que les d\u00e9penses budg\u00e9taires.<\/p>\n\n\n\n<p>Les pr\u00e9visions initiales de recettes, des ressources et des charges de tr\u00e9sorerie restent sans changement.<\/p>\n\n\n\n<p><strong>b.&nbsp;&nbsp;&nbsp; un projet de d\u00e9cret portant approbation de l\u2019Avenant n\u00b01 relatif \u00e0 la convention de concession pour la construction de la centrale solaire photovolta\u00efque de cinquante M\u00e9gawatts cr\u00eates (50 MWc) \u00e0 Tiakadougou-Dialokoro, Cercle de Kati, R\u00e9gion de Koulikoro.<\/strong><\/p>\n\n\n\n<p>Le Gouvernement et la soci\u00e9t\u00e9 AMEA POWER LLC ont sign\u00e9 un Protocole d\u2019Accord pour la conception, le financement, la construction, l\u2019exploitation et la maintenance des installations en Build, Own, Operate and Transfert, d\u2019un projet de centrale solaire photovolta\u00efque de 100 M\u00e9gawatts cr\u00eates, en deux (02) phases de 50 M\u00e9gawatts cr\u00eates. La premi\u00e8re phase de ce projet concerne la construction de la centrale solaire de Tiakadougou.<\/p>\n\n\n\n<p>L\u2019objectif du projet est de renforcer la capacit\u00e9 de production d\u2019\u00e9lectricit\u00e9 du R\u00e9seau interconnect\u00e9 tout en contribuant \u00e0 l\u2019atteinte des objectifs en termes d\u2019int\u00e9gration du renouvelable dans le mix \u00e9nerg\u00e9tique.<\/p>\n\n\n\n<p>Au cours de la mise en \u0153uvre, des contraintes diverses n\u2019ont pas permis de lever toutes les conditions suspensives afin de d\u00e9marrer les travaux de r\u00e9alisation du projet.<\/p>\n\n\n\n<p>Le pr\u00e9sent avenant \u00e0 la convention de concession est conclu entre le Gouvernement de la R\u00e9publique du Mali et la Soci\u00e9t\u00e9 AMEA MALI SOLAR SA en vue de faire face aux difficult\u00e9s.<\/p>\n\n\n\n<p>Il a pour objet entre autres :<\/p>\n\n\n\n<ul class=\"wp-block-list\">\n<li>la prorogation de la date pr\u00e9visionnelle de prise d\u2019effet ;<\/li>\n\n\n\n<li>la modification de la dur\u00e9e de la convention ;<\/li>\n\n\n\n<li>la mise en place d\u2019une garantie partielle de risque ;<\/li>\n\n\n\n<li>la modification du mode de vente \u00ab Take or Pay \u00bb en \u00ab Take and Pay \u00bb ;<\/li>\n\n\n\n<li>la r\u00e9duction du prix d\u2019achat du KiloWatt heure ;<\/li>\n\n\n\n<li>la modification du lieu d\u2019arbitrage.<\/li>\n<\/ul>\n\n\n\n<p><strong>AU CHAPITRE DES MESURES INDIVIDUELLES<\/strong><\/p>\n\n\n\n<p>Le Conseil des Ministres a proc\u00e9d\u00e9 aux nominations suivantes :<\/p>\n\n\n\n<p><strong>AU TITRE DU MINISTERE DES TRANSPORTS ET DES INFRASTRUCTURES<\/strong><\/p>\n\n\n\n<p>\u2013&nbsp;&nbsp;&nbsp;&nbsp;&nbsp;&nbsp;&nbsp; Directeur G\u00e9n\u00e9ral des Routes :<\/p>\n\n\n\n<p>Monsieur Cheick Oumar DIALLO, Ing\u00e9nieur des constructions civiles.<\/p>\n\n\n\n<p><strong>AU TITRE DU MINISTERE DE L\u2019EDUCATION NATIONALE<\/strong><\/p>\n\n\n\n<p><strong>\u2013&nbsp;&nbsp;&nbsp;&nbsp;&nbsp;&nbsp;&nbsp; Directeur G\u00e9n\u00e9ral du Centre national des Ressources de l\u2019Education non Formelle :<\/strong><\/p>\n\n\n\n<p>Monsieur Joseph DRABO, Professeur de l\u2019Enseignement secondaire.<\/p>\n\n\n\n<p><strong>AU TITRE DU MINISTERE DE LA SANTE ET DU DEVELOPPEMENT SOCIAL<\/strong><\/p>\n\n\n\n<p><strong>\u2013&nbsp;&nbsp;&nbsp;&nbsp;&nbsp;&nbsp;&nbsp; Directeur G\u00e9n\u00e9ral du Centre Hospitalier Universitaire Gabriel TOURE :<\/strong><\/p>\n\n\n\n<p>M\u00e9decin Colonel Thierno Madane DIOP.<\/p>\n\n\n\n<p><strong>\u2013&nbsp;&nbsp;&nbsp;&nbsp;&nbsp;&nbsp;&nbsp; Directeur G\u00e9n\u00e9ral de l\u2019H\u00f4pital de Dermatologie de Bamako :<\/strong><\/p>\n\n\n\n<p>Monsieur Drissa DIARRA, Attach\u00e9 de Recherche.<\/p>\n\n\n\n<p><strong>\u2013&nbsp;&nbsp;&nbsp;&nbsp;&nbsp;&nbsp;&nbsp; Directeur G\u00e9n\u00e9ral de l\u2019Institut d\u2019Ophtalmologie tropicale de l\u2019Afrique :<\/strong><\/p>\n\n\n\n<p>M\u00e9decin Colonel-major Adama Issaka GUINDO.<\/p>\n\n\n\n<p><strong>\u2013&nbsp;&nbsp;&nbsp;&nbsp;&nbsp;&nbsp;&nbsp; Directeur G\u00e9n\u00e9ral du Laboratoire national de la Sant\u00e9 :<\/strong><\/p>\n\n\n\n<p>Docteur Seydou Moussa COULIBALY, Pharmacien.<\/p>\n\n\n\n<ul class=\"wp-block-list\">\n<li><strong>Directeur de l\u2019H\u00f4pital R\u00e9gional de Sikasso : Docteur Assetou CISSOUMA, M\u00e9decin p\u00e9diatre.<\/strong><\/li>\n<\/ul>\n\n\n\n<p><strong>AU CHAPITRE DES COMMUNICATIONS<\/strong><\/p>\n\n\n\n<ol class=\"wp-block-list\">\n<li>Le ministre des Affaires \u00e9trang\u00e8res et de la Coop\u00e9ration internationale a inform\u00e9 le Conseil des Ministres :<\/li>\n<\/ol>\n\n\n\n<p><strong>a.&nbsp;&nbsp;&nbsp;&nbsp; des conclusions de la 4\u00e8me Session de la Commission mixte de Commerce, de Coop\u00e9ration \u00e9conomique et technique T\u00fcrkiye-Mali.<\/strong><\/p>\n\n\n\n<p>Dans le cadre du raffermissement des relations entre le Mali et la T\u00fcrkiye, le ministre des Affaires \u00e9trang\u00e8res et de la Coop\u00e9ration internationale a conduit \u00e0 Ankara, les 17 et 18 avril 2024, la d\u00e9l\u00e9gation malienne pour la tenue de la 4<sup>\u00e8me<\/sup>&nbsp;session de la Commission mixte de Commerce, de Coop\u00e9ration \u00e9conomique et technique T\u00fcrkiye-Mali.<\/p>\n\n\n\n<p>Les travaux de cette rencontre ont permis d\u2019\u00e9valuer le niveau de la coop\u00e9ration entre les deux pays et d\u2019envisager de nouveaux axes de coop\u00e9ration strat\u00e9gique. Les deux parties ont convenu d\u2019accro\u00eetre leurs \u00e9changes \u00e9conomiques, commerciaux, culturels et sociaux, notamment en examinant les mesures \u00e0 prendre pour faciliter l\u2019entr\u00e9e et le s\u00e9jour des ressortissants respectifs des deux pays, de part et d\u2019autre.<\/p>\n\n\n\n<p>En marge de leur s\u00e9jour \u00e0 Ankara, le ministre des Affaires \u00e9trang\u00e8res et de la Coop\u00e9ration internationale et le ministre de l\u2019industrie et du Commerce ont rencontr\u00e9 le Vice-Pr\u00e9sident de la R\u00e9publique de T\u00fcrkiye et d\u2019autres personnalit\u00e9s turques.<\/p>\n\n\n\n<p><strong>b.&nbsp;&nbsp;&nbsp;&nbsp; de la participation du Mali \u00e0 la 15\u00e8me Conf\u00e9rence islamique au Sommet de l\u2019Organisation de la Coop\u00e9ration islamique.<\/strong><\/p>\n\n\n\n<p>Les 04 et 05 mai 2024, \u00e0 Banjul, R\u00e9publique de Gambie, le Ministre des Affaires \u00e9trang\u00e8res et de la Coop\u00e9ration internationale a repr\u00e9sent\u00e9 Son Excellence Le Colonel Assimi GOITA, Pr\u00e9sident de la Transition, Chef de l\u2019Etat, \u00e0 la 15<sup>\u00e8me<\/sup>&nbsp;Conf\u00e9rence islamique au Sommet de l\u2019Organisation de la Coop\u00e9ration islamique (OCI).<\/p>\n\n\n\n<p>A l\u2019issue des travaux, le Sommet de l\u2019OCI a r\u00e9affirm\u00e9 son unit\u00e9 et sa position de principe en soutien ind\u00e9fectible \u00e0 la cause palestinienne, particuli\u00e8rement dans un contexte marqu\u00e9 par l\u2019agression en cours de l\u2019Etat h\u00e9breu contre les populations palestiniennes \u00e0 Gaza.<\/p>\n\n\n\n<p>Le Sommet a \u00e9galement endoss\u00e9 l\u2019appropriation nationale, par le Mali, du processus de paix, \u00e0 travers le Dialogue Inter-maliens.<\/p>\n\n\n\n<ol class=\"wp-block-list\" start=\"2\">\n<li>Le ministre du Travail, de la Fonction publique et du Dialogue social a inform\u00e9 le Conseil des Ministres\u00a0<strong>du d\u00e9roulement des \u00e9preuves des concours directs de recrutement dans la Fonction publique de l\u2019Etat, Exercice 2023.<\/strong><\/li>\n<\/ol>\n\n\n\n<p>Les \u00e9preuves des concours directs ont pris fin le dimanche 05 mai 2024. Elles se sont bien d\u00e9roul\u00e9es dans les six (06) centres de l\u2019int\u00e9rieur et \u00e0 Bamako.<\/p>\n\n\n\n<ol class=\"wp-block-list\" start=\"3\">\n<li>Le ministre de l\u2019Energie et de l\u2019Eau a inform\u00e9 le Conseil des Ministres\u00a0<strong>de la participation du Mali au 10<\/strong><strong>\u00e8me\u00a0<\/strong><strong>Forum mondial de l\u2019eau.<\/strong><\/li>\n<\/ol>\n\n\n\n<p>Le 10<sup>\u00e8me<\/sup>&nbsp;Forum mondial de l\u2019eau se tiendra du 18 au 25 mai 2024 \u00e0 Bali en Indon\u00e9sie sous le th\u00e8me \u00ab l\u2019Eau pour une prosp\u00e9rit\u00e9 partag\u00e9e \u00bb.<\/p>\n\n\n\n<p>Le Forum mondial de l\u2019eau, qui se tient tous les trois (03) ans, est un \u00e9v\u00e9nement majeur mondial o\u00f9 les pays discutent des questions d\u2019eau et d\u2019assainissement.<\/p>\n\n\n\n<p>Cet \u00e9v\u00e9nement, qui ambitionne de mettre en place un fonds mondial de l\u2019eau et de proposer des m\u00e9canismes d\u2019acc\u00e8s au financement, sera l\u2019occasion pour notre pays de confirmer sa volont\u00e9 de poursuivre ses engagements nationaux et internationaux et sa vision dans le domaine de l\u2019eau et de l\u2019assainissement.<\/p>\n\n\n\n<ol class=\"wp-block-list\" start=\"4\">\n<li>Le ministre de l\u2019Environnement, de l\u2019Assainissement et du D\u00e9veloppement durable a inform\u00e9 le Conseil des Ministres :<\/li>\n<\/ol>\n\n\n\n<p><strong>a.&nbsp;&nbsp;&nbsp;&nbsp; de la tenue de la 25\u00e8me \u00e9dition de la quinzaine de l\u2019Environnement.<\/strong><\/p>\n\n\n\n<p>Organis\u00e9e depuis l\u2019an 2000, la Quinzaine de l\u2019Environnement constitue le cadre appropri\u00e9 pour mener une campagne de communication \u00e0 grande \u00e9chelle visant un changement de comportement en faveur de la protection de l\u2019environnement et de l\u2019am\u00e9lioration du cadre de vie.<\/p>\n\n\n\n<p>Elle s\u2019inscrit entre deux (02) dates majeures que sont : le 05 juin, Journ\u00e9e mondiale de l\u2019Environnement et le 17 juin, Journ\u00e9e internationale de lutte contre la d\u00e9sertification et la s\u00e9cheresse.<\/p>\n\n\n\n<p>Les th\u00e8mes retenus pour l\u2019\u00e9dition 2024 sont respectivement :<\/p>\n\n\n\n<ul class=\"wp-block-list\">\n<li>\u00ab la restauration des terres, la d\u00e9sertification et la r\u00e9sistance \u00e0 la s\u00e9cheresse \u00bb ;<\/li>\n\n\n\n<li>\u00ab Unis pour les terres : Notre patrimoine, Notre avenir \u00bb.<\/li>\n<\/ul>\n\n\n\n<p><strong>b.&nbsp;&nbsp;&nbsp;&nbsp; des missions effectu\u00e9es dans le cadre de la lutte contre les agressions port\u00e9es sur l\u2019environnement.<\/strong><\/p>\n\n\n\n<p>La premi\u00e8re mission, effectu\u00e9e le 16 avril 2024 \u00e0 Kassela, Commune rurale de Baguin\u00e9da-camp, a constat\u00e9 une exploitation intensive et ill\u00e9gale du bois dont une partie est transform\u00e9e en charbon.<\/p>\n\n\n\n<p>La seconde mission, effectu\u00e9e le 27 avril 2024 \u00e0 Faraba, Commune rurale du Mand\u00e9, a constat\u00e9 une exploitation semi industrielle ill\u00e9gale de l\u2019or.<\/p>\n\n\n\n<p>Suite \u00e0 ces constats d\u00e9plorables, il a \u00e9t\u00e9 proc\u00e9d\u00e9 entre autres \u00e0 la saisie et confiscation des produits frauduleux et des mat\u00e9riels et \u00e9quipements de chantier et d\u2019exploitation.<\/p>\n\n\n\n<ol class=\"wp-block-list\" start=\"5\">\n<li>Le ministre de l\u2019Artisanat, de la Culture, de l\u2019Industrie h\u00f4teli\u00e8re et du Tourisme a inform\u00e9 le Conseil des Ministres\u00a0<strong>de la participation du Mali \u00e0 la 21<\/strong><strong>\u00e8me\u00a0<\/strong><strong>\u00e9dition de la Semaine nationale de la Culture \u00e0 Bobo Dioulasso au Burkina Faso.<\/strong><\/li>\n<\/ol>\n\n\n\n<p>La c\u00e9r\u00e9monie d\u2019ouverture de la 21<sup>\u00e8me<\/sup>&nbsp;\u00e9dition de la Semaine nationale de la Culture a eu lieu le 27 avril 2024 \u00e0 Bobo-Dioulasso.<\/p>\n\n\n\n<p>Plac\u00e9e sous le th\u00e8me \u00ab Culture, m\u00e9moire historique et sursaut patriotique pour un Burkina nouveau \u00bb, cette 21<sup>\u00e8me<\/sup>&nbsp;\u00e9dition avait le Niger comme pays invit\u00e9 d\u2019honneur.<\/p>\n\n\n\n<p>La Semaine nationale de la Culture est la plus grande manifestation culturelle annuelle organis\u00e9e par l\u2019Etat Burkinab\u00e8. Elle vise \u00e0 valoriser et \u00e0 promouvoir les identit\u00e9s et expressions culturelles des communaut\u00e9s au Burkina Faso.<\/p>\n\n\n\n<p>La participation du Mali \u00e0 cette semaine, fortement salu\u00e9e par les autorit\u00e9s du Burkina Faso, a \u00e9t\u00e9 marqu\u00e9e par la prestation de la troupe de danse de masques dogon.<\/p>\n\n\n\n<p>Cette \u00e9dition a \u00e9t\u00e9 un grand facteur de rapprochement des peuples du Burkina Faso et du Mali \u00e0 travers la culture et, \u00e9galement, de renforcement de la coop\u00e9ration culturelle entre nos deux pays.<\/p>\n\n\n\n<ol class=\"wp-block-list\" start=\"6\">\n<li>Le ministre de l\u2019Elevage et de la P\u00eache a inform\u00e9 le Conseil des Ministres\u00a0<strong>de la participation du Mali au Salon international \u00ab AGRISHOW \u00bb du Br\u00e9sil.<\/strong><\/li>\n<\/ol>\n\n\n\n<p>Une forte d\u00e9l\u00e9gation conduite par le ministre de l\u2019Elevage et de la P\u00eache a particip\u00e9 au Salon international \u00ab AGRISHOW \u00bb tenu du 29 avril au 03 mai 2024 \u00e0 Sao Paulo au Br\u00e9sil.<\/p>\n\n\n\n<p>Au cours de ce salon, la d\u00e9l\u00e9gation malienne a visit\u00e9 plusieurs stands recelant du mat\u00e9riel agricole de haute technologie en vue d\u2019obtenir des fabricants la possibilit\u00e9 d\u2019adaptation des gros engins agricoles aux conditions du Mali et de r\u00e9unir les conditions n\u00e9cessaires \u00e0 la poursuite des n\u00e9gociations, pour l\u2019acquisition desdits \u00e9quipements.<\/p>\n\n\n\n<p>Le ministre a saisi de cette occasion pour passer en revue les projets d\u2019accord de coop\u00e9ration dans les domaines du Coton, de l\u2019augmentation du potentiel de production de viande bovine et du poisson au Mali.<\/p>\n\n\n\n<p>La mission a \u00e9galement permis de faire des recommandations allant dans le sens du renforcement des relations de partenariat entre le Mali et le Br\u00e9sil dans le domaine de l\u2019Agriculture.<\/p>\n\n\n\n<ol class=\"wp-block-list\" start=\"7\">\n<li>Le ministre de la Sant\u00e9 et du D\u00e9veloppement social a inform\u00e9 le Conseil des Ministres\u00a0<strong>de la situation \u00e9pid\u00e9miologique du pays marqu\u00e9e, notamment :<\/strong><\/li>\n<\/ol>\n\n\n\n<p><strong>a.&nbsp;&nbsp;&nbsp;&nbsp; par une stagnation du nombre de cas test\u00e9s positifs de la maladie \u00e0 Coronavirus par rapport \u00e0 la semaine pr\u00e9c\u00e9dente.<\/strong><\/p>\n\n\n\n<ol class=\"wp-block-list\">\n<li><strong>par une diminution du nombre de cas confirm\u00e9s de dengue compar\u00e9 \u00e0 celui de la semaine \u00e9coul\u00e9e.<\/strong><\/li>\n<\/ol>\n\n\n\n<p>Le Pr\u00e9sident de la Transition, Chef de l\u2019Etat a, cependant, appel\u00e9 la population au respect strict des mesures de pr\u00e9vention et de lutte contre les maladies.<\/p>\n\n\n\n<p><strong>Bamako, le 08 mai 2024<\/strong><\/p>\n\n\n\n<p><strong>Le Secr\u00e9taire G\u00e9n\u00e9ral du Gouvernement,<\/strong><\/p>\n\n\n\n<p><strong><u>Birama COULIBALY<\/u><\/strong><\/p>\n\n\n\n<p>Maliweb<\/p>\n","protected":false},"excerpt":{"rendered":"<p>Le Conseil des Ministres s\u2019est r\u00e9uni en session ordinaire,&nbsp;le mercredi 08 mai 2024, dans sa salle de d\u00e9lib\u00e9rations au Palais de Koulouba, sous la pr\u00e9sidence du&nbsp;Colonel Assimi GOITA,&nbsp;Pr\u00e9sident de la&hellip;<\/p>\n","protected":false},"author":1,"featured_media":18486,"comment_status":"open","ping_status":"open","sticky":false,"template":"","format":"standard","meta":{"content-type":"","_lmt_disableupdate":"","_lmt_disable":"","_jetpack_memberships_contains_paid_content":false,"footnotes":"","jetpack_publicize_message":"","jetpack_publicize_feature_enabled":true,"jetpack_social_post_already_shared":true,"jetpack_social_options":{"image_generator_settings":{"template":"highway","default_image_id":0,"font":"","enabled":false},"version":2}},"categories":[28,43,23],"tags":[],"class_list":["post-18485","post","type-post","status-publish","format-standard","has-post-thumbnail","hentry","category-communique-du-conseil-des-ministres","category-nandi-info","category-politique"],"jetpack_publicize_connections":[],"featured_image_urls":{"full":["https:\/\/nandi.info\/wp-content\/uploads\/2024\/05\/Assimi-a-koulouba.jpg",2048,1494,false],"thumbnail":["https:\/\/nandi.info\/wp-content\/uploads\/2024\/05\/Assimi-a-koulouba-150x150.jpg",150,150,true],"medium":["https:\/\/nandi.info\/wp-content\/uploads\/2024\/05\/Assimi-a-koulouba-300x219.jpg",300,219,true],"medium_large":["https:\/\/nandi.info\/wp-content\/uploads\/2024\/05\/Assimi-a-koulouba-768x560.jpg",768,560,true],"large":["https:\/\/nandi.info\/wp-content\/uploads\/2024\/05\/Assimi-a-koulouba-1024x747.jpg",1024,747,true],"1536x1536":["https:\/\/nandi.info\/wp-content\/uploads\/2024\/05\/Assimi-a-koulouba-1536x1121.jpg",1536,1121,true],"2048x2048":["https:\/\/nandi.info\/wp-content\/uploads\/2024\/05\/Assimi-a-koulouba.jpg",2048,1494,false],"penci-recipe-1200x1200":["https:\/\/nandi.info\/wp-content\/uploads\/2024\/05\/Assimi-a-koulouba.jpg",1200,875,false],"penci-recipe-1200x900":["https:\/\/nandi.info\/wp-content\/uploads\/2024\/05\/Assimi-a-koulouba.jpg",1200,875,false],"penci-recipe-1200x675":["https:\/\/nandi.info\/wp-content\/uploads\/2024\/05\/Assimi-a-koulouba.jpg",925,675,false],"penci-single-full":["https:\/\/nandi.info\/wp-content\/uploads\/2024\/05\/Assimi-a-koulouba.jpg",1920,1401,false],"penci-slider-full-thumb":["https:\/\/nandi.info\/wp-content\/uploads\/2024\/05\/Assimi-a-koulouba.jpg",1097,800,false],"penci-full-thumb":["https:\/\/nandi.info\/wp-content\/uploads\/2024\/05\/Assimi-a-koulouba.jpg",1170,854,false],"penci-slider-thumb":["https:\/\/nandi.info\/wp-content\/uploads\/2024\/05\/Assimi-a-koulouba.jpg",909,663,false],"penci-magazine-slider":["https:\/\/nandi.info\/wp-content\/uploads\/2024\/05\/Assimi-a-koulouba.jpg",707,516,false],"penci-thumb":["https:\/\/nandi.info\/wp-content\/uploads\/2024\/05\/Assimi-a-koulouba.jpg",535,390,false],"penci-masonry-thumb":["https:\/\/nandi.info\/wp-content\/uploads\/2024\/05\/Assimi-a-koulouba.jpg",585,427,false],"penci-thumb-square":["https:\/\/nandi.info\/wp-content\/uploads\/2024\/05\/Assimi-a-koulouba.jpg",585,427,false],"penci-thumb-vertical":["https:\/\/nandi.info\/wp-content\/uploads\/2024\/05\/Assimi-a-koulouba.jpg",480,350,false],"penci-thumb-small":["https:\/\/nandi.info\/wp-content\/uploads\/2024\/05\/Assimi-a-koulouba.jpg",240,175,false]},"author_info":{"display_name":"Nandi","author_link":"https:\/\/nandi.info\/?author=1"},"category_info":"<a href=\"https:\/\/nandi.info\/?cat=28\" rel=\"category\">Communique du conseil des ministres<\/a> <a href=\"https:\/\/nandi.info\/?cat=43\" rel=\"category\">Nandi.info<\/a> <a href=\"https:\/\/nandi.info\/?cat=23\" rel=\"category\">Politique<\/a>","tag_info":"Politique","comment_count":"0","jetpack_featured_media_url":"https:\/\/nandi.info\/wp-content\/uploads\/2024\/05\/Assimi-a-koulouba.jpg","jetpack_sharing_enabled":true,"_links":{"self":[{"href":"https:\/\/nandi.info\/index.php?rest_route=\/wp\/v2\/posts\/18485","targetHints":{"allow":["GET"]}}],"collection":[{"href":"https:\/\/nandi.info\/index.php?rest_route=\/wp\/v2\/posts"}],"about":[{"href":"https:\/\/nandi.info\/index.php?rest_route=\/wp\/v2\/types\/post"}],"author":[{"embeddable":true,"href":"https:\/\/nandi.info\/index.php?rest_route=\/wp\/v2\/users\/1"}],"replies":[{"embeddable":true,"href":"https:\/\/nandi.info\/index.php?rest_route=%2Fwp%2Fv2%2Fcomments&post=18485"}],"version-history":[{"count":1,"href":"https:\/\/nandi.info\/index.php?rest_route=\/wp\/v2\/posts\/18485\/revisions"}],"predecessor-version":[{"id":18487,"href":"https:\/\/nandi.info\/index.php?rest_route=\/wp\/v2\/posts\/18485\/revisions\/18487"}],"wp:featuredmedia":[{"embeddable":true,"href":"https:\/\/nandi.info\/index.php?rest_route=\/wp\/v2\/media\/18486"}],"wp:attachment":[{"href":"https:\/\/nandi.info\/index.php?rest_route=%2Fwp%2Fv2%2Fmedia&parent=18485"}],"wp:term":[{"taxonomy":"category","embeddable":true,"href":"https:\/\/nandi.info\/index.php?rest_route=%2Fwp%2Fv2%2Fcategories&post=18485"},{"taxonomy":"post_tag","embeddable":true,"href":"https:\/\/nandi.info\/index.php?rest_route=%2Fwp%2Fv2%2Ftags&post=18485"}],"curies":[{"name":"wp","href":"https:\/\/api.w.org\/{rel}","templated":true}]}}