{"id":18451,"date":"2024-05-07T11:41:28","date_gmt":"2024-05-07T09:41:28","guid":{"rendered":"https:\/\/nandi.info\/?p=18451"},"modified":"2024-05-07T11:41:32","modified_gmt":"2024-05-07T09:41:32","slug":"pretendues-subventions-financieres-aux-personnes-et-aux-entrepreneurs-le-ministere-de-leconomie-et-des-finances-dement","status":"publish","type":"post","link":"https:\/\/nandi.info\/?p=18451","title":{"rendered":"Pr\u00e9tendues subventions financi\u00e8res aux personnes et aux entrepreneurs : le Minist\u00e8re de l\u2019\u00e9conomie et des Finances d\u00e9ment"},"content":{"rendered":"\n<p><strong>Dans un communiqu\u00e9, le Minist\u00e8re de l\u2019\u00e9conomie et des Finances&nbsp;a d\u00e9menti l\u2019information circulant sur les r\u00e9seaux sociaux faisant \u00e9tat de subventions financi\u00e8res accord\u00e9es aux personnes et aux entrepreneurs apr\u00e8s la r\u00e9cente visite du Mali au FMI et \u00e0 la Banque mondiale. Une occasion pour lui d\u2019appeler l\u2019opinion publique \u00e0 \u00eatre excessivement prudente envers toute autre information diffus\u00e9e en dehors de ses canaux de communication officiels.<\/strong><\/p>\n\n\n\n<p class=\"has-drop-cap\">Parall\u00e8lement aux efforts du gouvernement de trouver des solutions et soulager les maux de la population, des individus de mauvaises volont\u00e9s continuent, eux aussi, avec leurs actions de manipulations et d\u2019escroqueries contre des innocentes personnes. C\u2019est ainsi qu\u2019apr\u00e8s la visite du Mali au FMI et \u00e0 la Banque mondiale qui a permis \u00e0 notre pays de b\u00e9n\u00e9ficier d\u2019un soutien important de ces institutions financi\u00e8res internationales, de personnes mal intentionn\u00e9es \u00e0 travers un faux compte sur les r\u00e9seaux sociaux tentent de profiter de la pauvret\u00e9 et de la pr\u00e9carit\u00e9 des entrepreneurs en cette p\u00e9riode de crise \u00e9conomique.<\/p>\n\n\n\n<p>\u00ab&nbsp;Suite \u00e0 la r\u00e9cente visite et r\u00e9union au FMI et \u00e0 la Banque mondiale, le soutien au Mali pour atteindre ses objectifs \u00e9conomiques a \u00e9t\u00e9 discut\u00e9. L\u2019objectif principal est de stimuler la croissance nationale et d\u2019encourager l\u2019investissement et l\u2019entrepreneuriat locaux pour placer la nation sur la sc\u00e8ne mondiale de d\u00e9veloppement. Le minist\u00e8re apportera son soutien avec des subventions financi\u00e8res pour aider \u00e0 surmonter la crise \u00e9conomique mondiale actuelle. Les personnes et entreprises int\u00e9ress\u00e9es qui souhaitent participer \u00e0 ce programme de financement sont invit\u00e9es \u00e0 en savoir plus et \u00e0 postuler en ligne ici&nbsp;: &nbsp;\u00bb ont-ils ainsi publi\u00e9 sur un faux compte sur les r\u00e9seaux sociaux.<\/p>\n\n\n\n<p>Aussit\u00f4t, le Minist\u00e8re de l\u2019\u00e9conomie et des Finances&nbsp;a apport\u00e9 un d\u00e9menti formel \u00e0 cette information. \u00ab&nbsp;Le minist\u00e8re de l\u2019\u00c9conomie et des Finance du Mali attire l\u2019attention du public qu\u2019il n\u2019est nullement concern\u00e9 par cette activit\u00e9 et apporte un d\u00e9menti formel \u00e0 toute implication&nbsp;\u00bb a-t-il indiqu\u00e9 tout en invitant \u00e9galement l\u2019opinion publique \u00e0 \u00eatre excessivement prudente envers toute autre information diffus\u00e9e en dehors des canaux officiels de communication du Minist\u00e8re de l\u2019\u00e9conomie et des Finances du Mali.<\/p>\n\n\n\n<p><strong>Issa Djiguiba<\/strong><\/p>\n\n\n\n<h3 class=\"wp-block-heading\"><\/h3>\n","protected":false},"excerpt":{"rendered":"<p>Dans un communiqu\u00e9, le Minist\u00e8re de l\u2019\u00e9conomie et des Finances&nbsp;a d\u00e9menti l\u2019information circulant sur les r\u00e9seaux sociaux faisant \u00e9tat de subventions financi\u00e8res accord\u00e9es aux personnes et aux entrepreneurs apr\u00e8s la&hellip;<\/p>\n","protected":false},"author":1,"featured_media":16598,"comment_status":"open","ping_status":"open","sticky":false,"template":"","format":"standard","meta":{"content-type":"","_lmt_disableupdate":"","_lmt_disable":"","_jetpack_memberships_contains_paid_content":false,"footnotes":"","jetpack_publicize_message":"","jetpack_publicize_feature_enabled":true,"jetpack_social_post_already_shared":true,"jetpack_social_options":{"image_generator_settings":{"template":"highway","default_image_id":0,"font":"","enabled":false},"version":2}},"categories":[30,71],"tags":[],"class_list":["post-18451","post","type-post","status-publish","format-standard","has-post-thumbnail","hentry","category-economie","category-le-pays"],"jetpack_publicize_connections":[],"featured_image_urls":{"full":["https:\/\/nandi.info\/wp-content\/uploads\/2024\/01\/Alousseni-Sanou-ministre-de-lEconomie-et-des-Finances-Copie.jpg",1600,1066,false],"thumbnail":["https:\/\/nandi.info\/wp-content\/uploads\/2024\/01\/Alousseni-Sanou-ministre-de-lEconomie-et-des-Finances-Copie-150x150.jpg",150,150,true],"medium":["https:\/\/nandi.info\/wp-content\/uploads\/2024\/01\/Alousseni-Sanou-ministre-de-lEconomie-et-des-Finances-Copie-300x200.jpg",300,200,true],"medium_large":["https:\/\/nandi.info\/wp-content\/uploads\/2024\/01\/Alousseni-Sanou-ministre-de-lEconomie-et-des-Finances-Copie-768x512.jpg",768,512,true],"large":["https:\/\/nandi.info\/wp-content\/uploads\/2024\/01\/Alousseni-Sanou-ministre-de-lEconomie-et-des-Finances-Copie-1024x682.jpg",1024,682,true],"1536x1536":["https:\/\/nandi.info\/wp-content\/uploads\/2024\/01\/Alousseni-Sanou-ministre-de-lEconomie-et-des-Finances-Copie-1536x1023.jpg",1536,1023,true],"2048x2048":["https:\/\/nandi.info\/wp-content\/uploads\/2024\/01\/Alousseni-Sanou-ministre-de-lEconomie-et-des-Finances-Copie.jpg",1600,1066,false],"penci-recipe-1200x1200":["https:\/\/nandi.info\/wp-content\/uploads\/2024\/01\/Alousseni-Sanou-ministre-de-lEconomie-et-des-Finances-Copie.jpg",1200,800,false],"penci-recipe-1200x900":["https:\/\/nandi.info\/wp-content\/uploads\/2024\/01\/Alousseni-Sanou-ministre-de-lEconomie-et-des-Finances-Copie.jpg",1200,800,false],"penci-recipe-1200x675":["https:\/\/nandi.info\/wp-content\/uploads\/2024\/01\/Alousseni-Sanou-ministre-de-lEconomie-et-des-Finances-Copie.jpg",1013,675,false],"penci-single-full":["https:\/\/nandi.info\/wp-content\/uploads\/2024\/01\/Alousseni-Sanou-ministre-de-lEconomie-et-des-Finances-Copie.jpg",1600,1066,false],"penci-slider-full-thumb":["https:\/\/nandi.info\/wp-content\/uploads\/2024\/01\/Alousseni-Sanou-ministre-de-lEconomie-et-des-Finances-Copie.jpg",1201,800,false],"penci-full-thumb":["https:\/\/nandi.info\/wp-content\/uploads\/2024\/01\/Alousseni-Sanou-ministre-de-lEconomie-et-des-Finances-Copie.jpg",1170,780,false],"penci-slider-thumb":["https:\/\/nandi.info\/wp-content\/uploads\/2024\/01\/Alousseni-Sanou-ministre-de-lEconomie-et-des-Finances-Copie.jpg",995,663,false],"penci-magazine-slider":["https:\/\/nandi.info\/wp-content\/uploads\/2024\/01\/Alousseni-Sanou-ministre-de-lEconomie-et-des-Finances-Copie.jpg",774,516,false],"penci-thumb":["https:\/\/nandi.info\/wp-content\/uploads\/2024\/01\/Alousseni-Sanou-ministre-de-lEconomie-et-des-Finances-Copie.jpg",585,390,false],"penci-masonry-thumb":["https:\/\/nandi.info\/wp-content\/uploads\/2024\/01\/Alousseni-Sanou-ministre-de-lEconomie-et-des-Finances-Copie.jpg",585,390,false],"penci-thumb-square":["https:\/\/nandi.info\/wp-content\/uploads\/2024\/01\/Alousseni-Sanou-ministre-de-lEconomie-et-des-Finances-Copie.jpg",585,390,false],"penci-thumb-vertical":["https:\/\/nandi.info\/wp-content\/uploads\/2024\/01\/Alousseni-Sanou-ministre-de-lEconomie-et-des-Finances-Copie.jpg",480,320,false],"penci-thumb-small":["https:\/\/nandi.info\/wp-content\/uploads\/2024\/01\/Alousseni-Sanou-ministre-de-lEconomie-et-des-Finances-Copie.jpg",263,175,false]},"author_info":{"display_name":"Nandi","author_link":"https:\/\/nandi.info\/?author=1"},"category_info":"<a href=\"https:\/\/nandi.info\/?cat=30\" rel=\"category\">Economie<\/a> <a href=\"https:\/\/nandi.info\/?cat=71\" rel=\"category\">Le Pays<\/a>","tag_info":"Le Pays","comment_count":"0","jetpack_featured_media_url":"https:\/\/nandi.info\/wp-content\/uploads\/2024\/01\/Alousseni-Sanou-ministre-de-lEconomie-et-des-Finances-Copie.jpg","jetpack_sharing_enabled":true,"_links":{"self":[{"href":"https:\/\/nandi.info\/index.php?rest_route=\/wp\/v2\/posts\/18451","targetHints":{"allow":["GET"]}}],"collection":[{"href":"https:\/\/nandi.info\/index.php?rest_route=\/wp\/v2\/posts"}],"about":[{"href":"https:\/\/nandi.info\/index.php?rest_route=\/wp\/v2\/types\/post"}],"author":[{"embeddable":true,"href":"https:\/\/nandi.info\/index.php?rest_route=\/wp\/v2\/users\/1"}],"replies":[{"embeddable":true,"href":"https:\/\/nandi.info\/index.php?rest_route=%2Fwp%2Fv2%2Fcomments&post=18451"}],"version-history":[{"count":1,"href":"https:\/\/nandi.info\/index.php?rest_route=\/wp\/v2\/posts\/18451\/revisions"}],"predecessor-version":[{"id":18453,"href":"https:\/\/nandi.info\/index.php?rest_route=\/wp\/v2\/posts\/18451\/revisions\/18453"}],"wp:featuredmedia":[{"embeddable":true,"href":"https:\/\/nandi.info\/index.php?rest_route=\/wp\/v2\/media\/16598"}],"wp:attachment":[{"href":"https:\/\/nandi.info\/index.php?rest_route=%2Fwp%2Fv2%2Fmedia&parent=18451"}],"wp:term":[{"taxonomy":"category","embeddable":true,"href":"https:\/\/nandi.info\/index.php?rest_route=%2Fwp%2Fv2%2Fcategories&post=18451"},{"taxonomy":"post_tag","embeddable":true,"href":"https:\/\/nandi.info\/index.php?rest_route=%2Fwp%2Fv2%2Ftags&post=18451"}],"curies":[{"name":"wp","href":"https:\/\/api.w.org\/{rel}","templated":true}]}}