{"id":18382,"date":"2024-05-03T16:22:39","date_gmt":"2024-05-03T14:22:39","guid":{"rendered":"https:\/\/nandi.info\/?p=18382"},"modified":"2024-05-04T23:01:55","modified_gmt":"2024-05-04T21:01:55","slug":"demande-urgente-de-securite-pour-les-journalistes-bandigou-dante-president-de-la-maison-de-la-presse-sadresse-aux-autorites","status":"publish","type":"post","link":"https:\/\/nandi.info\/?p=18382","title":{"rendered":"Demande urgente de s\u00e9curit\u00e9 pour les journalistes : Bandiougou Dant\u00e9, Pr\u00e9sident de la Maison de la presse s&rsquo;adresse aux autorit\u00e9s"},"content":{"rendered":"\n<p><strong>Ce vendredi 3 mai 2024, le monde c\u00e9l\u00e8bre la Journ\u00e9e internationale de la libert\u00e9 de la presse. Au Mali, le th\u00e8me choisi est \u00ab Le r\u00f4le et  place des m\u00e9dias dans la coh\u00e9sion sociale \u00bb. Lors de son allocution, le Pr\u00e9sident de la Maison de la presse a soulign\u00e9 les d\u00e9fis persistants en mati\u00e8re de libert\u00e9 de la presse dans le pays, plus pr\u00e9cis\u00e9ment &nbsp;les assassinats et les enl\u00e8vements de journalistes, et a appel\u00e9 les autorit\u00e9s maliennes \u00e0 prendre des mesures pour garantir leur s\u00e9curit\u00e9 et soutenir le secteur des m\u00e9dias.<\/strong><\/p>\n\n\n\n<h2 class=\"wp-block-heading has-text-align-center has-medium-font-size\">Allocution du Pr\u00e9sident de la Maison de la Presse du Mali lors de la c\u00e9l\u00e9bration de la Journ\u00e9e mondiale de la Libert\u00e9 de la Presse (3 mai 2024).<\/h2>\n\n\n\n<p>Monsieur le Ministre de la Communication de l\u2019\u00c9conomie Num\u00e9rique et de la Modernisation de l\u2019Administration,<\/p>\n\n\n\n<p>&#8211; Monsieur le Pr\u00e9sident de la Haute Autorit\u00e9 de la Communication (HAC)<\/p>\n\n\n\n<p>&#8211; Mesdames et messieurs les Repr\u00e9sentants de l\u2019UNESCO , de l\u2019UNICEF, de Onufemmes, de la Fondation Friedricht Ebert,&nbsp;<\/p>\n\n\n\n<p>&#8211; Monsieur le Repr\u00e9sentant National de la Fondation Hirondelle<\/p>\n\n\n\n<p>&#8211; Mesdames et messieurs les Pr\u00e9sidents des Associations et faiti\u00e8res de la Presse<\/p>\n\n\n\n<p>&#8211; Chers \u00e9tudiants des \u00e9coles de formation de journalistes<\/p>\n\n\n\n<p>Chers Confr\u00e8res,<\/p>\n\n\n\n<p>Honorables invit\u00e9s,<\/p>\n\n\n\n<p>Avant tout propos, je voudrais exprimer une pens\u00e9e pieuse \u00e0 l\u2019illustre m\u00e9moire de tous les enfants du pays et d\u2019ailleurs qui nous ont quitt\u00e9s.<\/p>\n\n\n\n<p>Permettez-moi au nom de la Maison de la Presse et au mien propre, de vous souhaiter une belle c\u00e9l\u00e9bration de la journ\u00e9e internationale de la Libert\u00e9 de la Presse.<\/p>\n\n\n\n<p>Distingu\u00e9s invit\u00e9s,<\/p>\n\n\n\n<p>Depuis trois d\u00e9cennies, la journ\u00e9e mondiale de la libert\u00e9 de la Presse est c\u00e9l\u00e9br\u00e9e \u00e0 travers le monde.<\/p>\n\n\n\n<p>Pour cette 31\u00e8me \u00e9dition le th\u00e8me est \u00ab La Presse au service de la plan\u00e8te : crise environnementale et urgence du journalisme \u00bb.<\/p>\n\n\n\n<p>Ce th\u00e8me rappelle l\u2019importance et la n\u00e9cessit\u00e9 pour les m\u00e9dias de s\u2019engager dans la pr\u00e9servation de l\u2019environnement. En effet, le monde connait une situation d\u2019urgence environnementale qui menace l\u2019existence des g\u00e9n\u00e9rations actuelles et des g\u00e9n\u00e9rations futures. C\u2019est pourquoi les professionnels des m\u00e9dias risquent leur vie pour tenter d\u2019informer le monde sur tous les sujets, de la guerre \u00e0 la d\u00e9mocratie.&nbsp;&nbsp;<\/p>\n\n\n\n<p>Chers invit\u00e9s,<\/p>\n\n\n\n<p>La c\u00e9l\u00e9bration du 3 mai est l\u2019occasion de rappeler aux gouvernements la n\u00e9cessit\u00e9 de respecter leurs engagements en faveur de la libert\u00e9 de la Presse. Elle constitue \u00e9galement une journ\u00e9e de r\u00e9flexion pour les professionnels des m\u00e9dias sur les questions relatives \u00e0 la libert\u00e9 de la Presse et \u00e0 l\u2019\u00e9thique professionnelle.&nbsp;&nbsp;<\/p>\n\n\n\n<p>Dans ce contexte deux d\u00e9clarations du secr\u00e9taire g\u00e9n\u00e9ral des nations unies marquent les esprits et nous encouragent dans notre combat noble de lutte pour la libert\u00e9 de la Presse et la libert\u00e9 d\u2019expression. Il a d\u00e9clar\u00e9 :<\/p>\n\n\n\n<p>\u00ab Sans libert\u00e9 de la presse, nous n\u2019aurons aucune libert\u00e9 \u00bb<\/p>\n\n\n\n<p>\u00ab La libert\u00e9 de la presse n\u2019est pas un choix, c\u2019est une n\u00e9cessit\u00e9 \u00bb<\/p>\n\n\n\n<p>L\u2019ann\u00e9e qui s\u2019est \u00e9coul\u00e9e a \u00e9t\u00e9 une ann\u00e9e particuli\u00e8rement difficile pour la Presse malienne.&nbsp;&nbsp;<\/p>\n\n\n\n<p>Nous sommes au regret de revenir encore sur les cas d\u2019enl\u00e8vement, d\u2019assassinat enregistr\u00e9s.<\/p>\n\n\n\n<p>Depuis pr\u00e8s de dix ans les enqu\u00eates sur la disparition de Birama TOURE sont interminables. En septembre 2020, Hammadoun NIAILIBOULY, de son retour d\u2019un atelier de formation de journaliste a \u00e9t\u00e9 descendu du v\u00e9hicule \u00e0 Mandjo pr\u00e8s de Somadougou, non loin de Mopti et amen\u00e9 \u00e0 une destination inconnue.&nbsp;&nbsp;<\/p>\n\n\n\n<p>Le 18 avril 2021, Moussa Bana DICKO Directeur des programmes de radio Hair\u00e9 de Boni dans le cercle de Douentza a \u00e9t\u00e9 enlev\u00e9 chez lui et reste introuvable.&nbsp;&nbsp;<\/p>\n\n\n\n<p>Le 26 janvier 2023, Sory KONE, Directeur des programmes de la radio DANAYA de Souba dans la r\u00e9gion de S\u00e9gou, cercle de Farako a \u00e9t\u00e9 enlev\u00e9 chez lui et reste lui aussi, encore introuvable.<\/p>\n\n\n\n<p>Sur ce registre peu reluisant, permettez-moi de citer les assassinats de Dada Bah, animateur \u00e0 la Radio Dagn\u00e9 FM dans la nuit du 26 au&nbsp; 27 octobre 2023 \u00e0 Nara par des individus non identifi\u00e9s, de Abdoul Aziz Djibrilla, animateur \u00e0 la radio Naata de Labbezanga sur l\u2019axe routier Ansongo-Gao le 7 novembre 2023 et l\u2019enl\u00e8vement de ses compagnons de route, Saleck Ag Jiddou dit Zeidane et Moustaph Kon\u00e9 respectivement directeur et animateur de la radio Coton d\u2019Ansongo dont nous sommes encore sans nouvelles.<\/p>\n\n\n\n<p>Au m\u00eame moment, Harouna Attini de la radio Alafia d\u2019Ansongo s\u2019en est tir\u00e9 avec quelques blessures et un traumatisme psychologique profond.<\/p>\n\n\n\n<p>Plus r\u00e9cemment, le 11 d\u00e9cembre 2023, Almahady Barazy, directeur de la radio Bonferey de Taboye dans le cercle de Bourem a \u00e9t\u00e9 lui aussi \u00e9t\u00e9 enlev\u00e9 par des individus arm\u00e9s non identifi\u00e9s.<\/p>\n\n\n\n<p>Comment ne pas \u00e9voquer le cas de toutes ces cons\u0153urs, tous ces confr\u00e8res qui ont d\u00fb abandonner leur r\u00e9daction parce que ne se sentant plus en s\u00e9curit\u00e9.<\/p>\n\n\n\n<p>Nous r\u00e9it\u00e9rons nos demandes aux autorit\u00e9s de la Transition, comme nous l\u2019avons toujours fait chaque fois que l\u2019occasion se pr\u00e9sente, de tout mettre en \u0153uvre pour rechercher et retrouver nos confr\u00e8res.&nbsp;&nbsp;<\/p>\n\n\n\n<p>Mesdames et messieurs,&nbsp;&nbsp;<\/p>\n\n\n\n<p>Un autre plan sur lequel les autorit\u00e9s nationales sont fortement interpell\u00e9es est celui de l\u2019environnement des m\u00e9dias.&nbsp; Dans ce domaine, l\u2019on constate avec amertume, l\u2019immobilisme des pouvoirs publics et l\u2019espoir de refondation suscit\u00e9 par de durs et couteux labeurs d\u2019\u00e9laboration des projets de lois et des projets de d\u00e9crets est menac\u00e9.<\/p>\n\n\n\n<p>Un d\u00e9sordre encourag\u00e9 et entretenu fait planer le risque d\u2019une implosion in\u00e9luctable. Il s\u2019agit d\u2019un nombre ind\u00e9termin\u00e9 de m\u00e9dias sur les r\u00e9seaux sociaux dont certains acteurs se font appeler \u00ab journalistes \u00bb qui touchent \u00e0 tout en violation des r\u00e8gles d\u2019\u00e9thique et de d\u00e9ontologie.<\/p>\n\n\n\n<p>Ces m\u00e9dias qui sont dans l\u2019asym\u00e9trie pour rappeler un ami militaire, sont aussi les auteurs d\u2019une concurrence d\u00e9loyale si bien que les journaux se meurent, les radios et les t\u00e9l\u00e9visons agonisent.<\/p>\n\n\n\n<p>Ces m\u00e9dias d\u00e9sempar\u00e9s, sans perspectives, sans opportunit\u00e9s, frapp\u00e9s de plein fouet par la situation \u00e9conomique pr\u00e9caire doivent faire face aux obligations quotidiennes.<\/p>\n\n\n\n<p>Mesdames et Messieurs,<\/p>\n\n\n\n<p>Chers confr\u00e8res,&nbsp;&nbsp;<\/p>\n\n\n\n<p>Au-del\u00e0, de la journ\u00e9e mondiale de la Libert\u00e9 de la Presse, la Maison de la Presse a respect\u00e9 la tradition en organisant la Semaine Nationale de la Libert\u00e9 de Presse dont le th\u00e8me consensuel est : \u00ab r\u00f4le et place de la Presse dans la construction de la concorde nationale \u00bb.<\/p>\n\n\n\n<p>C\u2019est l\u2019occasion pour moi d\u2019exprimer notre amiti\u00e9 au Ministre de la Communication, de l\u2019\u00c9conomie Num\u00e9rique et de la Modernisation de l\u2019Administration pour son sens de l\u2019\u00e9coute, du respect mutuel et du partenariat.<\/p>\n\n\n\n<p>Nos remerciements et notre reconnaissance s\u2019adressent \u00e9galement au Pr\u00e9sident de la Transition, chef de l\u2019Etat, le Colonel Assimi GOITA et le Pr\u00e9sident du Comit\u00e9 de Pilotage du Dialogue inter-Maliens pour la paix et la r\u00e9conciliation nationale, Monsieur Ousmane Issoufi MAIGA pour la confiance plac\u00e9e en nous dans le but d\u2019apporter notre contribution au succ\u00e8s du Dialogue en cours.<\/p>\n\n\n\n<p>Pour terminer, je r\u00e9it\u00e8re mes remerciements \u00e0 tous les partenaires, \u00e0 toutes les organisations professionnelles de la Presse, \u00e0 tous les membres du comit\u00e9 de pilotage et du comit\u00e9 des experts de la Maison de la Presse, \u00e0 tous les conf\u00e8res et \u00e0 tout le personnel de la Maison de la Presse pour la mobilisation g\u00e9n\u00e9rale.&nbsp;&nbsp;<\/p>\n\n\n\n<p>Je vous remercie<\/p>\n\n\n\n<p>Le Pr\u00e9sident de la Maison de la Presse<\/p>\n\n\n\n<p>El Hadj Bandiougou&nbsp; &nbsp; &nbsp; &nbsp;DANTE<\/p>\n\n\n\n<p>Chevalier de l\u2019Ordre National<\/p>\n\n\n\n<p><\/p>\n\n\n\n<p><strong>Y C<\/strong><\/p>\n","protected":false},"excerpt":{"rendered":"<p>Ce vendredi 3 mai 2024, le monde c\u00e9l\u00e8bre la Journ\u00e9e internationale de la libert\u00e9 de la presse. Au Mali, le th\u00e8me choisi est \u00ab Le r\u00f4le et place des m\u00e9dias&hellip;<\/p>\n","protected":false},"author":1,"featured_media":18383,"comment_status":"open","ping_status":"open","sticky":false,"template":"","format":"standard","meta":{"content-type":"","_lmt_disableupdate":"","_lmt_disable":"","_jetpack_memberships_contains_paid_content":false,"footnotes":"","jetpack_publicize_message":"","jetpack_publicize_feature_enabled":true,"jetpack_social_post_already_shared":true,"jetpack_social_options":{"image_generator_settings":{"template":"highway","default_image_id":0,"font":"","enabled":false},"version":2}},"categories":[43,26],"tags":[],"class_list":["post-18382","post","type-post","status-publish","format-standard","has-post-thumbnail","hentry","category-nandi-info","category-presse-journalisme"],"jetpack_publicize_connections":[],"featured_image_urls":{"full":["https:\/\/nandi.info\/wp-content\/uploads\/2024\/05\/DANTE.jpg",1077,1080,false],"thumbnail":["https:\/\/nandi.info\/wp-content\/uploads\/2024\/05\/DANTE-150x150.jpg",150,150,true],"medium":["https:\/\/nandi.info\/wp-content\/uploads\/2024\/05\/DANTE-300x300.jpg",300,300,true],"medium_large":["https:\/\/nandi.info\/wp-content\/uploads\/2024\/05\/DANTE-768x770.jpg",768,770,true],"large":["https:\/\/nandi.info\/wp-content\/uploads\/2024\/05\/DANTE-1021x1024.jpg",1021,1024,true],"1536x1536":["https:\/\/nandi.info\/wp-content\/uploads\/2024\/05\/DANTE.jpg",1077,1080,false],"2048x2048":["https:\/\/nandi.info\/wp-content\/uploads\/2024\/05\/DANTE.jpg",1077,1080,false],"penci-recipe-1200x1200":["https:\/\/nandi.info\/wp-content\/uploads\/2024\/05\/DANTE.jpg",1077,1080,false],"penci-recipe-1200x900":["https:\/\/nandi.info\/wp-content\/uploads\/2024\/05\/DANTE.jpg",898,900,false],"penci-recipe-1200x675":["https:\/\/nandi.info\/wp-content\/uploads\/2024\/05\/DANTE.jpg",673,675,false],"penci-single-full":["https:\/\/nandi.info\/wp-content\/uploads\/2024\/05\/DANTE.jpg",1077,1080,false],"penci-slider-full-thumb":["https:\/\/nandi.info\/wp-content\/uploads\/2024\/05\/DANTE.jpg",798,800,false],"penci-full-thumb":["https:\/\/nandi.info\/wp-content\/uploads\/2024\/05\/DANTE.jpg",1077,1080,false],"penci-slider-thumb":["https:\/\/nandi.info\/wp-content\/uploads\/2024\/05\/DANTE.jpg",661,663,false],"penci-magazine-slider":["https:\/\/nandi.info\/wp-content\/uploads\/2024\/05\/DANTE.jpg",515,516,false],"penci-thumb":["https:\/\/nandi.info\/wp-content\/uploads\/2024\/05\/DANTE.jpg",389,390,false],"penci-masonry-thumb":["https:\/\/nandi.info\/wp-content\/uploads\/2024\/05\/DANTE.jpg",585,587,false],"penci-thumb-square":["https:\/\/nandi.info\/wp-content\/uploads\/2024\/05\/DANTE.jpg",583,585,false],"penci-thumb-vertical":["https:\/\/nandi.info\/wp-content\/uploads\/2024\/05\/DANTE.jpg",480,481,false],"penci-thumb-small":["https:\/\/nandi.info\/wp-content\/uploads\/2024\/05\/DANTE.jpg",175,175,false]},"author_info":{"display_name":"Nandi","author_link":"https:\/\/nandi.info\/?author=1"},"category_info":"<a href=\"https:\/\/nandi.info\/?cat=43\" rel=\"category\">Nandi.info<\/a> <a href=\"https:\/\/nandi.info\/?cat=26\" rel=\"category\">Presse\/Journalisme<\/a>","tag_info":"Presse\/Journalisme","comment_count":"0","jetpack_featured_media_url":"https:\/\/nandi.info\/wp-content\/uploads\/2024\/05\/DANTE.jpg","jetpack_sharing_enabled":true,"_links":{"self":[{"href":"https:\/\/nandi.info\/index.php?rest_route=\/wp\/v2\/posts\/18382","targetHints":{"allow":["GET"]}}],"collection":[{"href":"https:\/\/nandi.info\/index.php?rest_route=\/wp\/v2\/posts"}],"about":[{"href":"https:\/\/nandi.info\/index.php?rest_route=\/wp\/v2\/types\/post"}],"author":[{"embeddable":true,"href":"https:\/\/nandi.info\/index.php?rest_route=\/wp\/v2\/users\/1"}],"replies":[{"embeddable":true,"href":"https:\/\/nandi.info\/index.php?rest_route=%2Fwp%2Fv2%2Fcomments&post=18382"}],"version-history":[{"count":4,"href":"https:\/\/nandi.info\/index.php?rest_route=\/wp\/v2\/posts\/18382\/revisions"}],"predecessor-version":[{"id":18388,"href":"https:\/\/nandi.info\/index.php?rest_route=\/wp\/v2\/posts\/18382\/revisions\/18388"}],"wp:featuredmedia":[{"embeddable":true,"href":"https:\/\/nandi.info\/index.php?rest_route=\/wp\/v2\/media\/18383"}],"wp:attachment":[{"href":"https:\/\/nandi.info\/index.php?rest_route=%2Fwp%2Fv2%2Fmedia&parent=18382"}],"wp:term":[{"taxonomy":"category","embeddable":true,"href":"https:\/\/nandi.info\/index.php?rest_route=%2Fwp%2Fv2%2Fcategories&post=18382"},{"taxonomy":"post_tag","embeddable":true,"href":"https:\/\/nandi.info\/index.php?rest_route=%2Fwp%2Fv2%2Ftags&post=18382"}],"curies":[{"name":"wp","href":"https:\/\/api.w.org\/{rel}","templated":true}]}}