{"id":18379,"date":"2024-05-03T14:04:54","date_gmt":"2024-05-03T12:04:54","guid":{"rendered":"https:\/\/nandi.info\/?p=18379"},"modified":"2024-05-03T14:04:58","modified_gmt":"2024-05-03T12:04:58","slug":"communique-du-conseil-des-ministres-du-jeudi-02-mai-2024","status":"publish","type":"post","link":"https:\/\/nandi.info\/?p=18379","title":{"rendered":"Communiqu\u00e9 du conseil des ministres du jeudi 02 mai 2024"},"content":{"rendered":"\n<p>Le Conseil des Ministres s\u2019est r\u00e9uni en session ordinaire,&nbsp;<strong>le jeudi 02 mai 2024<\/strong>, dans sa salle de d\u00e9lib\u00e9rations au Palais de Koulouba, sous la pr\u00e9sidence du&nbsp;<strong>Colonel Assimi GOITA<\/strong>,&nbsp;<strong>Pr\u00e9sident de la Transition<\/strong>,&nbsp;<strong>Chef de l\u2019Etat<\/strong>.<\/p>\n\n\n\n<p>Apr\u00e8s examen des points inscrits \u00e0 l\u2019ordre du jour, le Conseil a :<\/p>\n\n\n\n<ul class=\"wp-block-list\">\n<li>adopt\u00e9 des projets de texte ;<\/li>\n\n\n\n<li>et entendu des communications.<\/li>\n<\/ul>\n\n\n\n<p><strong>AU CHAPITRE DES MESURES LEGISLATIVES ET REGLEMENTAIRES<\/strong><\/p>\n\n\n\n<p>Sur le rapport du ministre de l\u2019Economie et des Finances, le Conseil des Ministres a adopt\u00e9 :<\/p>\n\n\n\n<p><strong>a.&nbsp;&nbsp;&nbsp;&nbsp; un projet de d\u00e9cret portant approbation du march\u00e9 relatif aux travaux d\u2019am\u00e9nagement en 2\u00d72 voies de la section Bamako-Koulouba-Kati (11,481 km) de la RR9, de la bretelle d\u2019acc\u00e8s au Point G (1,7 km), de 7 km de voiries \u00e0 Kati et de la section Rond-point GMS- Sam\u00e9-Kati (9,3 km).<\/strong><\/p>\n\n\n\n<p>Le march\u00e9 relatif aux travaux d\u2019am\u00e9nagement de la section Bamako-Koulouba-Kati, de la Route R\u00e9gionale n\u00b09, de la bretelle d\u2019acc\u00e8s au Point G, de 7 km de voiries \u00e0 Kati et de la section Rond-point GMS-Sam\u00e9-Kati est conclu entre le Gouvernement de la R\u00e9publique du Mali et l\u2019entreprise COVEC- Mali pour un montant de 92 milliards 661 millions 945 mille 897 F CFA, toutes taxes comprises et un d\u00e9lai d\u2019ex\u00e9cution de trente-six (36) mois.<\/p>\n\n\n\n<p>La r\u00e9alisation de ces travaux contribuera, notamment \u00e0 am\u00e9liorer les conditions de transport des personnes et de leurs biens et \u00e0 promouvoir l\u2019\u00e9conomie nationale.<\/p>\n\n\n\n<p><strong>b.&nbsp;&nbsp;&nbsp;&nbsp; un projet de d\u00e9cret instituant le paiement des frais de dossiers de formalit\u00e9s d\u00e9claratives, de certification et d\u2019agr\u00e9ment soumis \u00e0 l\u2019Autorit\u00e9 de Protection des Donn\u00e9es \u00e0 caract\u00e8re Personnel.<\/strong><\/p>\n\n\n\n<p>L\u2019essor fulgurant du num\u00e9rique, la banalisation de l\u2019utilisation d\u2019applications num\u00e9riques de tra\u00e7age, de traitement de donn\u00e9es biom\u00e9triques et de sant\u00e9 ainsi que l\u2019amorce de la transformation digitale de l\u2019Administration et du monde des affaires ont fait accro\u00eetre les enjeux de la protection des donn\u00e9es \u00e0 caract\u00e8re personnel.<\/p>\n\n\n\n<p>Pour y faire face, le Gouvernement a cr\u00e9\u00e9 l\u2019Autorit\u00e9 de Protection des Donn\u00e9es \u00e0 caract\u00e8re Personnel (APDP) pour r\u00e9guler l\u2019utilisation desdites donn\u00e9es.<\/p>\n\n\n\n<p>Dans le cadre de l\u2019ex\u00e9cution de cette mission, elle accorde des agr\u00e9ments pour toute interconnexion de donn\u00e9es et assure la certification des entreprises ou organismes sur le niveau de respect de la protection des donn\u00e9es personnelles.<\/p>\n\n\n\n<p>Le projet de d\u00e9cret adopt\u00e9, institue le paiement des frais de dossiers de formalit\u00e9s d\u00e9claratives, de certification et d\u2019agr\u00e9ment soumis \u00e0 l\u2019Autorit\u00e9 de Protection des Donn\u00e9es \u00e0 caract\u00e8re Personnel.<\/p>\n\n\n\n<p><strong>AU CHAPITRE DES COMMUNICATIONS<\/strong><\/p>\n\n\n\n<ol class=\"wp-block-list\">\n<li>Le ministre du Travail, de la Fonction publique et du Dialogue social a inform\u00e9 le Conseil des Ministres\u00a0<strong>du d\u00e9roulement des \u00e9preuves des concours directs de recrutement dans la Fonction publique de l\u2019Etat, exercice 2023<\/strong>.<\/li>\n<\/ol>\n\n\n\n<p>La 5<sup>\u00e8me<\/sup>&nbsp;et la 6<sup>\u00e8me<\/sup>&nbsp;journ\u00e9e des concours se sont d\u00e9roul\u00e9es les 27 et 28 avril 2024, \u00e0 Bamako et dans les 6 centres r\u00e9gionaux. La 7<sup>\u00e8me<\/sup>&nbsp;et la 8<sup>\u00e8me<\/sup>&nbsp;journ\u00e9e auront lieu les 04 et 05 mai 2024.<\/p>\n\n\n\n<p>Les corps concern\u00e9s sont : Agents de Constatation des Douanes, Contr\u00f4leurs des Douanes, Contr\u00f4leurs des Imp\u00f4ts, Techniciens de Sant\u00e9, Techniciens sup\u00e9rieurs de Sant\u00e9, M\u00e9decins Pharmaciens Odontostomatologues, Ing\u00e9nieurs sanitaires et Assistants m\u00e9dicaux.<\/p>\n\n\n\n<ol class=\"wp-block-list\" start=\"2\">\n<li>Le ministre des Maliens \u00e9tablis \u00e0 l\u2019Ext\u00e9rieur et de l\u2019Int\u00e9gration africaine a inform\u00e9 le Conseil des Ministres :<\/li>\n<\/ol>\n\n\n\n<p><strong>a.&nbsp;&nbsp;&nbsp;&nbsp; de la participation des Maliens \u00e9tablis \u00e0 l\u2019Ext\u00e9rieur au Dialogue inter-maliens pour la paix et la r\u00e9conciliation nationale.<\/strong><\/p>\n\n\n\n<p>Les Maliens \u00e9tablis \u00e0 l\u2019Ext\u00e9rieur ont activement particip\u00e9 au dialogue, notamment \u00e0 l\u2019\u00e9laboration des Termes de R\u00e9f\u00e9rence, \u00e0 l\u2019atelier national de leur validation et \u00e0 la phase de concertations dans les Ambassades et Consulats du Mali.<\/p>\n\n\n\n<p>Ils ont, au-del\u00e0 des questions d\u2019ordre g\u00e9n\u00e9ral sur la gouvernance dans notre pays, \u00e9voqu\u00e9 leurs pr\u00e9occupations sp\u00e9cifiques et formul\u00e9 des recommandations pertinentes.<\/p>\n\n\n\n<p>Cette participation de la diaspora malienne est l\u2019expression de la reconnaissance \u00e0 leur endroit par les autorit\u00e9s de la Transition pour leur apport au d\u00e9veloppement du pays.<\/p>\n\n\n\n<p><strong>b.&nbsp;&nbsp;&nbsp;&nbsp; de l\u2019organisation de la Semaine nationale de l\u2019Int\u00e9gration africaine, pr\u00e9vue du 25 au 31 mai 2024.<\/strong><\/p>\n\n\n\n<p>La Semaine nationale de l\u2019Int\u00e9gration africaine a \u00e9t\u00e9 institu\u00e9e par le D\u00e9cret n\u00b02021-0243\/PT-RM du 08 avril 2021. Le th\u00e8me retenu pour cette ann\u00e9e par l\u2019Union Africaine est : \u00ab Eduquer un Africain adapt\u00e9 au 21<sup>\u00e8me<\/sup>&nbsp;si\u00e8cle \u00bb.<\/p>\n\n\n\n<p>La journ\u00e9e du 25 mai, plac\u00e9e sous la pr\u00e9sidence du Premier ministre, Chef du Gouvernement, sera l\u2019occasion de r\u00e9affirmer notre attachement aux id\u00e9aux du panafricanisme \u00e0 travers un leadership av\u00e9r\u00e9 qui s\u2019est traduit par les initiatives de cr\u00e9ation des organisations r\u00e9gionales et sous r\u00e9gionales.<\/p>\n\n\n\n<p>En plus des manifestations \u00e9ducatives, culturelles, artistiques, sportives, des conf\u00e9rences d\u00e9bats et des ateliers, il sera proc\u00e9d\u00e9 \u00e0 la Mont\u00e9e des Couleurs africaines \u00e0 la Tour de l\u2019Afrique en pr\u00e9sence des membres du Gouvernement, des membres du Corps diplomatique, des Communaut\u00e9s africaines r\u00e9sidant au Mali ainsi que de la Jeunesse de l\u2019Union africaine.<\/p>\n\n\n\n<ol class=\"wp-block-list\" start=\"3\">\n<li>Le ministre de l\u2019Agriculture a inform\u00e9 le Conseil des Ministres\u00a0<strong>de la participation du Mali, \u00e0 la 33<sup>\u00e8me<\/sup>\u00a0Session de la Conf\u00e9rence R\u00e9gionale de la FAO pour l\u2019Afrique \u00e0 Rabat au Maroc et \u00e0 la 16<sup>\u00e8me<\/sup>\u00a0\u00e9dition du Salon international de l\u2019Agriculture du Maroc \u00e0 Mekn\u00e8s.<\/strong><\/li>\n<\/ol>\n\n\n\n<p>La Conf\u00e9rence R\u00e9gionale de l\u2019Organisation des Nations Unies pour l\u2019Alimentation et l\u2019Agriculture (FAO), tenue du 18 au 20 avril 2024, sous le th\u00e8me : \u00ab Syst\u00e8mes agroalimentaires r\u00e9silients et transformation rurale inclusive \u00bb s\u2019est av\u00e9r\u00e9e un cadre d\u2019\u00e9changes d\u2019exp\u00e9riences entre les participants sur les programmes\/projets des pays visant \u00e0 acc\u00e9l\u00e9rer la transformation des syst\u00e8mes agroalimentaires et le soutien au d\u00e9veloppement rural.<\/p>\n\n\n\n<p>En marge des travaux de ladite Conf\u00e9rence, notre pays a obtenu de la FAO le soutien au programme de promotion des fili\u00e8res c\u00e9r\u00e9ali\u00e8res.<\/p>\n\n\n\n<p>En outre, le ministre de l\u2019Agriculture a particip\u00e9 \u00e0 la 16<sup>\u00e8me<\/sup>&nbsp;\u00e9dition du Salon international de l\u2019Agriculture \u00e0 Mekn\u00e8s le 22 avril 2024 et \u00e0 la Conf\u00e9rence Minist\u00e9rielle annuelle de l\u2019initiative \u00ab Adaptation de l\u2019Agriculture Africaine au changement climatique \u00bb.<\/p>\n\n\n\n<ol class=\"wp-block-list\" start=\"4\">\n<li>Le ministre de la Communication, de l\u2019Economie num\u00e9rique et de la Modernisation de l\u2019Administration a inform\u00e9 le Conseil des Ministres\u00a0<strong>de l\u2019organisation de la 2<sup>\u00e8me<\/sup>\u00a0\u00e9dition de la Semaine du num\u00e9rique, du 25 au 27 juin 2024, avec le Niger comme pays invit\u00e9 d\u2019honneur.<\/strong><\/li>\n<\/ol>\n\n\n\n<p>La \u00ab Semaine du num\u00e9rique \u00bb est un espace de rencontres et d\u2019\u00e9changes de tous les acteurs du secteur des Technologies de l\u2019Information et de la Communication. Elle offre des opportunit\u00e9s de coop\u00e9ration et de collaboration favorisant l\u2019\u00e9mergence d\u2019une v\u00e9ritable \u00e9conomie num\u00e9rique.<\/p>\n\n\n\n<p>A l\u2019instar des autres pays de l\u2019Alliance des Etats du Sahel, le Mali organisera sa 2<sup>\u00e8me<\/sup>&nbsp;Edition sous le th\u00e8me \u00ab les Technologies de l\u2019Information et de la Communication comme facteur de r\u00e9silience face \u00e0 la crise multiforme dans le sahel : opportunit\u00e9s et d\u00e9fis \u00bb.<\/p>\n\n\n\n<p>Cette \u00e9dition, qui vise de fa\u00e7on globale, \u00e0 mettre en place un cadre d\u2019\u00e9change permanent entre tous les acteurs du secteur pour favoriser la comp\u00e9titivit\u00e9, la cr\u00e9ativit\u00e9 et l\u2019exposition du savoir-faire malien, enregistrera la participation du Burkina Faso et du Niger.<\/p>\n\n\n\n<ol class=\"wp-block-list\" start=\"5\">\n<li>Le ministre des Affaires religieuses, du Culte et des Coutumes a inform\u00e9 le Conseil des Ministres\u00a0<strong>de la participation du Mali au Sommet de Consultation des Savants musulmans du monde entier.<\/strong><\/li>\n<\/ol>\n\n\n\n<p>Le Sommet de Consultation des Savants musulmans du monde entier est pr\u00e9vu du 13 au 14 mai 2024, \u00e0 Istanbul en T\u00fcrkiye. Les objectifs vis\u00e9s sont entre autres :<\/p>\n\n\n\n<ul class=\"wp-block-list\">\n<li>l\u2019\u00e9valuation des probl\u00e8mes auxquels le monde musulman est confront\u00e9 et les solutions \u00e0 y apporter ;<\/li>\n\n\n\n<li>le d\u00e9veloppement des relations institutionnelles et le renforcement de l\u2019unit\u00e9 et de la solidarit\u00e9.<\/li>\n<\/ul>\n\n\n\n<p>La participation du Mali audit Sommet permettra de partager sa vision en mati\u00e8re de tol\u00e9rance, de mod\u00e9ration, d\u2019acceptation des autres et de coexistence dans la religion islamique et de renforcer les liens de coop\u00e9ration avec la T\u00fcrkiye.<\/p>\n\n\n\n<ol class=\"wp-block-list\" start=\"6\">\n<li>Le ministre de la Sant\u00e9 et du D\u00e9veloppement social a inform\u00e9 le Conseil des Ministres :<\/li>\n<\/ol>\n\n\n\n<p><strong>6.1.&nbsp;&nbsp;&nbsp; de la participation du Mali \u00e0 la 27<sup>\u00e8me<\/sup>&nbsp;R\u00e9union internationale d\u2019examen des gestionnaires de programme d\u2019\u00e9radication du Ver de Guin\u00e9e \u00e0 Atlanta du 17 au 19 avril 2024.<\/strong><\/p>\n\n\n\n<p>L\u2019objectif g\u00e9n\u00e9ral de cette r\u00e9union \u00e9tait de rassembler les coordinateurs des programmes, les repr\u00e9sentants de Gouvernements, les partenaires et les donateurs pour \u00e9valuer la mise en \u0153uvre 2023 des Programmes d\u2019\u00e9radication du Ver de Guin\u00e9e.<\/p>\n\n\n\n<p>Il s\u2019agissait sp\u00e9cifiquement de pr\u00e9senter les r\u00e9alisations et les d\u00e9fis rencontr\u00e9s dans la mise en \u0153uvre des Programmes d\u2019\u00e9radication de la maladie du Ver de Guin\u00e9e en 2023 au Tchad, au Cameroun, au Mali, en R\u00e9publique Centrafricaine, au Soudan du Sud, en Ethiopie, en Angola et les priorit\u00e9s pour 2024.<\/p>\n\n\n\n<p><strong>6.2.&nbsp;&nbsp;&nbsp;&nbsp;&nbsp; de la situation \u00e9pid\u00e9miologique du pays marqu\u00e9e, notamment :<\/strong><\/p>\n\n\n\n<ol class=\"wp-block-list\">\n<li>par une stagnation du nombre de cas test\u00e9s positifs de la maladie \u00e0 Coronavirus par rapport \u00e0 la semaine pr\u00e9c\u00e9dente ;<\/li>\n\n\n\n<li>par une diminution du nombre de cas confirm\u00e9s de dengue compar\u00e9 \u00e0 celui de la semaine \u00e9coul\u00e9e.<\/li>\n<\/ol>\n\n\n\n<p>Le Pr\u00e9sident de la Transition, Chef de l\u2019Etat a, cependant, appel\u00e9 la population au respect strict des mesures de pr\u00e9vention et de lutte contre les maladies.<\/p>\n\n\n\n<p>Bamako, le 02 mai 2024<\/p>\n\n\n\n<p>Le Secr\u00e9taire G\u00e9n\u00e9ral du Gouvernement,<\/p>\n\n\n\n<p><strong><u>Birama COULIBALY<\/u><\/strong><\/p>\n\n\n\n<p>Maliweb<\/p>\n","protected":false},"excerpt":{"rendered":"<p>Le Conseil des Ministres s\u2019est r\u00e9uni en session ordinaire,&nbsp;le jeudi 02 mai 2024, dans sa salle de d\u00e9lib\u00e9rations au Palais de Koulouba, sous la pr\u00e9sidence du&nbsp;Colonel Assimi GOITA,&nbsp;Pr\u00e9sident de la&hellip;<\/p>\n","protected":false},"author":1,"featured_media":18380,"comment_status":"open","ping_status":"open","sticky":false,"template":"","format":"standard","meta":{"content-type":"","_lmt_disableupdate":"","_lmt_disable":"","_jetpack_memberships_contains_paid_content":false,"footnotes":"","jetpack_publicize_message":"","jetpack_publicize_feature_enabled":true,"jetpack_social_post_already_shared":true,"jetpack_social_options":{"image_generator_settings":{"template":"highway","default_image_id":0,"font":"","enabled":false},"version":2}},"categories":[28,43],"tags":[],"class_list":["post-18379","post","type-post","status-publish","format-standard","has-post-thumbnail","hentry","category-communique-du-conseil-des-ministres","category-nandi-info"],"jetpack_publicize_connections":[],"featured_image_urls":{"full":["https:\/\/nandi.info\/wp-content\/uploads\/2024\/05\/Assimi-Conseil-des-Mintr.jpg",2048,1366,false],"thumbnail":["https:\/\/nandi.info\/wp-content\/uploads\/2024\/05\/Assimi-Conseil-des-Mintr-150x150.jpg",150,150,true],"medium":["https:\/\/nandi.info\/wp-content\/uploads\/2024\/05\/Assimi-Conseil-des-Mintr-300x200.jpg",300,200,true],"medium_large":["https:\/\/nandi.info\/wp-content\/uploads\/2024\/05\/Assimi-Conseil-des-Mintr-768x512.jpg",768,512,true],"large":["https:\/\/nandi.info\/wp-content\/uploads\/2024\/05\/Assimi-Conseil-des-Mintr-1024x683.jpg",1024,683,true],"1536x1536":["https:\/\/nandi.info\/wp-content\/uploads\/2024\/05\/Assimi-Conseil-des-Mintr-1536x1025.jpg",1536,1025,true],"2048x2048":["https:\/\/nandi.info\/wp-content\/uploads\/2024\/05\/Assimi-Conseil-des-Mintr.jpg",2048,1366,false],"penci-recipe-1200x1200":["https:\/\/nandi.info\/wp-content\/uploads\/2024\/05\/Assimi-Conseil-des-Mintr.jpg",1200,800,false],"penci-recipe-1200x900":["https:\/\/nandi.info\/wp-content\/uploads\/2024\/05\/Assimi-Conseil-des-Mintr.jpg",1200,800,false],"penci-recipe-1200x675":["https:\/\/nandi.info\/wp-content\/uploads\/2024\/05\/Assimi-Conseil-des-Mintr.jpg",1012,675,false],"penci-single-full":["https:\/\/nandi.info\/wp-content\/uploads\/2024\/05\/Assimi-Conseil-des-Mintr.jpg",1920,1281,false],"penci-slider-full-thumb":["https:\/\/nandi.info\/wp-content\/uploads\/2024\/05\/Assimi-Conseil-des-Mintr.jpg",1199,800,false],"penci-full-thumb":["https:\/\/nandi.info\/wp-content\/uploads\/2024\/05\/Assimi-Conseil-des-Mintr.jpg",1170,780,false],"penci-slider-thumb":["https:\/\/nandi.info\/wp-content\/uploads\/2024\/05\/Assimi-Conseil-des-Mintr.jpg",994,663,false],"penci-magazine-slider":["https:\/\/nandi.info\/wp-content\/uploads\/2024\/05\/Assimi-Conseil-des-Mintr.jpg",774,516,false],"penci-thumb":["https:\/\/nandi.info\/wp-content\/uploads\/2024\/05\/Assimi-Conseil-des-Mintr.jpg",585,390,false],"penci-masonry-thumb":["https:\/\/nandi.info\/wp-content\/uploads\/2024\/05\/Assimi-Conseil-des-Mintr.jpg",585,390,false],"penci-thumb-square":["https:\/\/nandi.info\/wp-content\/uploads\/2024\/05\/Assimi-Conseil-des-Mintr.jpg",585,390,false],"penci-thumb-vertical":["https:\/\/nandi.info\/wp-content\/uploads\/2024\/05\/Assimi-Conseil-des-Mintr.jpg",480,320,false],"penci-thumb-small":["https:\/\/nandi.info\/wp-content\/uploads\/2024\/05\/Assimi-Conseil-des-Mintr.jpg",263,175,false]},"author_info":{"display_name":"Nandi","author_link":"https:\/\/nandi.info\/?author=1"},"category_info":"<a href=\"https:\/\/nandi.info\/?cat=28\" rel=\"category\">Communique du conseil des ministres<\/a> <a href=\"https:\/\/nandi.info\/?cat=43\" rel=\"category\">Nandi.info<\/a>","tag_info":"Nandi.info","comment_count":"0","jetpack_featured_media_url":"https:\/\/nandi.info\/wp-content\/uploads\/2024\/05\/Assimi-Conseil-des-Mintr.jpg","jetpack_sharing_enabled":true,"_links":{"self":[{"href":"https:\/\/nandi.info\/index.php?rest_route=\/wp\/v2\/posts\/18379","targetHints":{"allow":["GET"]}}],"collection":[{"href":"https:\/\/nandi.info\/index.php?rest_route=\/wp\/v2\/posts"}],"about":[{"href":"https:\/\/nandi.info\/index.php?rest_route=\/wp\/v2\/types\/post"}],"author":[{"embeddable":true,"href":"https:\/\/nandi.info\/index.php?rest_route=\/wp\/v2\/users\/1"}],"replies":[{"embeddable":true,"href":"https:\/\/nandi.info\/index.php?rest_route=%2Fwp%2Fv2%2Fcomments&post=18379"}],"version-history":[{"count":1,"href":"https:\/\/nandi.info\/index.php?rest_route=\/wp\/v2\/posts\/18379\/revisions"}],"predecessor-version":[{"id":18381,"href":"https:\/\/nandi.info\/index.php?rest_route=\/wp\/v2\/posts\/18379\/revisions\/18381"}],"wp:featuredmedia":[{"embeddable":true,"href":"https:\/\/nandi.info\/index.php?rest_route=\/wp\/v2\/media\/18380"}],"wp:attachment":[{"href":"https:\/\/nandi.info\/index.php?rest_route=%2Fwp%2Fv2%2Fmedia&parent=18379"}],"wp:term":[{"taxonomy":"category","embeddable":true,"href":"https:\/\/nandi.info\/index.php?rest_route=%2Fwp%2Fv2%2Fcategories&post=18379"},{"taxonomy":"post_tag","embeddable":true,"href":"https:\/\/nandi.info\/index.php?rest_route=%2Fwp%2Fv2%2Ftags&post=18379"}],"curies":[{"name":"wp","href":"https:\/\/api.w.org\/{rel}","templated":true}]}}