{"id":18347,"date":"2024-05-01T13:47:30","date_gmt":"2024-05-01T11:47:30","guid":{"rendered":"https:\/\/nandi.info\/?p=18347"},"modified":"2024-05-01T13:47:32","modified_gmt":"2024-05-01T11:47:32","slug":"dialogue-inter-maliens-apres-les-phases-communale-et-regionale-les-masques-semblent-tomber","status":"publish","type":"post","link":"https:\/\/nandi.info\/?p=18347","title":{"rendered":"Dialogue inter maliens apr\u00e8s les phases communale et r\u00e9gionale : Les masques semblent tomber"},"content":{"rendered":"\n<p><strong><em>Alors que l\u2019on pensait trouver un cadre idoine et id\u00e9al pour discuter, palabrer entre maliens sans t\u00e9moins, afin d\u2019aboutir \u00e0 des solutions durables et p\u00e9rennes aux maux qui ruinent notre pays, c\u2019\u00e9tait sans compter sur les ambitions&nbsp; des autorit\u00e9s qui gouvernent le Mali. En effet, les deux premi\u00e8res phases, \u00e0 savoir la phase communale et celle des r\u00e9gions ont prouv\u00e9 \u00e0 suffisance que l\u2019objectif recherch\u00e9 par les autorit\u00e9s, en organisant ce forum \u00e9tait loin d\u2019amener la paix, le vivre ensemble et surtout la r\u00e9conciliation, mais plut\u00f4t se donner une nouvelle virginit\u00e9 politique adoub\u00e9e par une l\u00e9gitimit\u00e9 populaire afin de continuer all\u00e8grement leur marche vers des horizons incertains. L\u2019accord d\u2019Alger qui \u00e9tait la seule boussole ou encore le trait d\u2019union entre les ex rebelles et l\u2019Etat malien a \u00e9t\u00e9 rompu au pr\u00e9texte qu\u2019il a \u00e9t\u00e9 \u00e9labor\u00e9 dans les conditions d\u00e9favorables pour le Mali. Le dialogue inter maliens &amp;tait l\u2019une des alternatives pour pallier le d\u00e9ficit d\u2019accord pour la paix et la r\u00e9conciliation.&nbsp; Apr\u00e8s les deux premi\u00e8res phases les masquent seraient v\u00e9ritablement tomb\u00e9s, car le th\u00e8me relatif \u00e0 la paix et la r\u00e9conciliation a \u00e9t\u00e9&nbsp; rel\u00e9gu\u00e9 au second &nbsp;&nbsp;pour laisser place &nbsp;&nbsp;\u00e0 la prolongation de la transition assortie de la candidature du Pr\u00e9sident Assimi Goita. &nbsp;Les masques de la prolongation et de la candidature du Colonel Assimi Goita sont-ils enfin tomb\u00e9s ?<\/em><\/strong><\/p>\n\n\n\n<p class=\"has-drop-cap\">Le Mali ne fait que s\u2019enfoncer davantage dans la crise socio\u00e9conomique ce qui ne favorise gu\u00e8re la paix sociale, la coh\u00e9sion et le d\u00e9veloppement. Les autorit\u00e9s qui ont en charge la gestion du pays devraient \u00eatre consciente de cet \u00e9tat de fait et l\u2019int\u00e9grer dans toutes leurs d\u00e9marches et prises de d\u00e9cision. Le dialogue \u00e9tait cette rare opportunit\u00e9 pour que les maliens se retrouvent et discutent de leur devenir. Mais h\u00e9las, le dialogue tant souhait\u00e9 par les maliens et initi\u00e9 par les autorit\u00e9s sera le \u00e9ni\u00e8me rendez-vous manqu\u00e9 pour le Mali. Pour preuve deux acteurs majeurs brilleront par leur absence \u00e0 la phase nationale comme ils ont manqu\u00e9 au rendez-vous des phases communale et r\u00e9gionale. Les partis politiques et les ex rebelles seront des abonn\u00e9s absents \u00e0 ce forum malien tant attendu, d\u2019o\u00f9 le soup\u00e7on sur l\u2019objectif recherch\u00e9 par les autorit\u00e9s. Si pour les partisans de la transition ainsi que les nombreux supporteurs des autorit\u00e9s, le dialogue inter maliens sera une v\u00e9ritable aubaine pour les maliens conscients des enjeux du moment pour exposer leurs difficult\u00e9s afin de recueillir des propositions de solutions. Tandis que pour les opposants dont le rang ne cesse aujourd\u2019hui de s\u2019\u00e9largir, ce dialogue n\u2019est ni plus ni moins qu\u2019un forum de trop pour chercher une pr\u00e9tendue l\u00e9gitimit\u00e9 apr\u00e8s l\u2019expiration du d\u00e9lai de la transition. C\u2019est pourquoi les parties signataires de la d\u00e9claration du 31 mars 2024 se disent stup\u00e9faites de voir que les acteurs majeurs qui auraient d\u00fb jouer les premiers r\u00f4les au cours de ce dialogue soient&nbsp; absents. Elles doutent non seulement de la sinc\u00e9rit\u00e9 des autorit\u00e9s et craignent un pl\u00e9biscite des autorit\u00e9s par les participants \u00e0 ce dialogue \u00e0 poursuivre leur marche \u00e0 la t\u00eate de la R\u00e9publique. Les conclusions des concertations communales et r\u00e9gionales laissent pr\u00e9sager un tel sc\u00e9nario ubuesque au grand dam du Mali.<\/p>\n\n\n\n<p><strong><em>Les masques de la prolongation et de la candidature du Colonel Assimi Goita sont-ils enfin tomb\u00e9s&nbsp;?<\/em><\/strong><\/p>\n\n\n\n<p>Il serait t\u00f4t d\u2019affirmer avec certitude la probabilit\u00e9 d\u2019un tel sc\u00e9nario, mais les pr\u00e9mices d\u2019une telle \u00e9ventualit\u00e9 sont visibles. Rien qu\u2019\u00e0 en juger par les r\u00e9solutions issues des phases communales et r\u00e9gionales du dialogue inter maliens, il ne fait plus l\u2019ombre d\u2019aucun doute que la th\u00e9matique relative \u00e0 la prolongation de la transition et certainement \u00e0 la candidature du Colonel Assimi Goita dominera les d\u00e9bats. Pour rappel cette th\u00e9matique ne figurait m\u00eame pas dans la s\u00e9rie des th\u00e9matiques retenues par le comit\u00e9 de pilotage du dialogue, mais elle semble \u00eatre suscit\u00e9e \u00e0 la base. Toutes les autres th\u00e9matiques seront rel\u00e9gu\u00e9es au second plan. D\u2019ailleurs qu\u2019il soit dit en passant la plupart des th\u00e8mes abord\u00e9s au cours de ce dialogue l\u2018ont \u00e9t\u00e9 au dialogue national inclusif DNI, aux concertations nationales et aux assises nationales de la refondation, ANR. Donc tout porte \u00e0 croire que le dialogue,&nbsp; loin de faire la promotion de la paix et de la r\u00e9conciliation est tout simplement une nouvelle concertation d\u2019une frange importante du peuple afin de donner un nouveau bail aux autorit\u00e9s de la transition.<\/p>\n\n\n\n<p><strong><em>Les deux r\u00e9solutions relatives \u00e0 la prolongation et \u00e0 la candidature du Colonel Assimi Goita vont-elles prosp\u00e9rer ?<\/em><\/strong><\/p>\n\n\n\n<p>Fortes de leur soutien populaire et disposant des armes, les autorit\u00e9s ne craignent absolument rien pour l\u2019instant, mais pour combien de temps encore ? La crise sociale aidant la fronde risque de s\u2019amplifier, car la liste des m\u00e9contents ne fait que s\u2019allonger tous les jours. Hier c\u2019\u00e9tait seulement les hommes politiques, mais aujourd\u2019hui toutes les couches socioprofessionnelles sont touch\u00e9es par la crise. Le Mali semble toucher le fond il ne lui reste plus qu\u2019\u00e0 remonter et cette remont\u00e9e risque d\u2019\u00eatre p\u00e9nible . En effet, &nbsp;aucune solution \u00e0 court et moyen terme n\u2019est envisageable, alors que la col\u00e8re monte. Face \u00e0 la grogne sociopolitique voire \u00e9conomique aucune machine ne pourra arr\u00eater une foule d\u00e9chain\u00e9e et en col\u00e8re. Une pr\u00e9vention est n\u00e9cessaire pour \u00e9viter un sc\u00e9nario catastrophe. Pour ce faire il serait n\u00e9cessaire, d\u00e8s la fin des travaux du dialogue inter maliens&nbsp; d\u2019engager sans d\u00e9lai des concertations avec toutes les forces vives de la nation afin de parvenir \u00e0 un compromis dynamique pour \u00e9viter le chaos. Tout autre discours ou pratique est non seulement &nbsp;contreproductif, mais suicidaire, car rien ne pourra arr\u00eater une foule en col\u00e8re.<\/p>\n\n\n\n<p><strong>Youssouf Sissoko<\/strong><\/p>\n","protected":false},"excerpt":{"rendered":"<p>Alors que l\u2019on pensait trouver un cadre idoine et id\u00e9al pour discuter, palabrer entre maliens sans t\u00e9moins, afin d\u2019aboutir \u00e0 des solutions durables et p\u00e9rennes aux maux qui ruinent notre&hellip;<\/p>\n","protected":false},"author":1,"featured_media":18350,"comment_status":"open","ping_status":"open","sticky":false,"template":"","format":"standard","meta":{"content-type":"","_lmt_disableupdate":"","_lmt_disable":"","_jetpack_memberships_contains_paid_content":false,"footnotes":"","jetpack_publicize_message":"","jetpack_publicize_feature_enabled":true,"jetpack_social_post_already_shared":true,"jetpack_social_options":{"image_generator_settings":{"template":"highway","default_image_id":0,"font":"","enabled":false},"version":2}},"categories":[68,21],"tags":[],"class_list":["post-18347","post","type-post","status-publish","format-standard","has-post-thumbnail","hentry","category-lalternance","category-societe"],"jetpack_publicize_connections":[],"featured_image_urls":{"full":["https:\/\/nandi.info\/wp-content\/uploads\/2024\/05\/Dialogue-inter-malien.jpg",680,510,false],"thumbnail":["https:\/\/nandi.info\/wp-content\/uploads\/2024\/05\/Dialogue-inter-malien-150x150.jpg",150,150,true],"medium":["https:\/\/nandi.info\/wp-content\/uploads\/2024\/05\/Dialogue-inter-malien-300x225.jpg",300,225,true],"medium_large":["https:\/\/nandi.info\/wp-content\/uploads\/2024\/05\/Dialogue-inter-malien.jpg",680,510,false],"large":["https:\/\/nandi.info\/wp-content\/uploads\/2024\/05\/Dialogue-inter-malien.jpg",680,510,false],"1536x1536":["https:\/\/nandi.info\/wp-content\/uploads\/2024\/05\/Dialogue-inter-malien.jpg",680,510,false],"2048x2048":["https:\/\/nandi.info\/wp-content\/uploads\/2024\/05\/Dialogue-inter-malien.jpg",680,510,false],"penci-recipe-1200x1200":["https:\/\/nandi.info\/wp-content\/uploads\/2024\/05\/Dialogue-inter-malien.jpg",680,510,false],"penci-recipe-1200x900":["https:\/\/nandi.info\/wp-content\/uploads\/2024\/05\/Dialogue-inter-malien.jpg",680,510,false],"penci-recipe-1200x675":["https:\/\/nandi.info\/wp-content\/uploads\/2024\/05\/Dialogue-inter-malien.jpg",680,510,false],"penci-single-full":["https:\/\/nandi.info\/wp-content\/uploads\/2024\/05\/Dialogue-inter-malien.jpg",680,510,false],"penci-slider-full-thumb":["https:\/\/nandi.info\/wp-content\/uploads\/2024\/05\/Dialogue-inter-malien.jpg",680,510,false],"penci-full-thumb":["https:\/\/nandi.info\/wp-content\/uploads\/2024\/05\/Dialogue-inter-malien.jpg",680,510,false],"penci-slider-thumb":["https:\/\/nandi.info\/wp-content\/uploads\/2024\/05\/Dialogue-inter-malien.jpg",680,510,false],"penci-magazine-slider":["https:\/\/nandi.info\/wp-content\/uploads\/2024\/05\/Dialogue-inter-malien.jpg",680,510,false],"penci-thumb":["https:\/\/nandi.info\/wp-content\/uploads\/2024\/05\/Dialogue-inter-malien.jpg",520,390,false],"penci-masonry-thumb":["https:\/\/nandi.info\/wp-content\/uploads\/2024\/05\/Dialogue-inter-malien.jpg",585,439,false],"penci-thumb-square":["https:\/\/nandi.info\/wp-content\/uploads\/2024\/05\/Dialogue-inter-malien.jpg",585,439,false],"penci-thumb-vertical":["https:\/\/nandi.info\/wp-content\/uploads\/2024\/05\/Dialogue-inter-malien.jpg",480,360,false],"penci-thumb-small":["https:\/\/nandi.info\/wp-content\/uploads\/2024\/05\/Dialogue-inter-malien.jpg",233,175,false]},"author_info":{"display_name":"Nandi","author_link":"https:\/\/nandi.info\/?author=1"},"category_info":"<a href=\"https:\/\/nandi.info\/?cat=68\" rel=\"category\">L'alternance<\/a> <a href=\"https:\/\/nandi.info\/?cat=21\" rel=\"category\">Soci\u00e9t\u00e9<\/a>","tag_info":"Soci\u00e9t\u00e9","comment_count":"0","jetpack_featured_media_url":"https:\/\/nandi.info\/wp-content\/uploads\/2024\/05\/Dialogue-inter-malien.jpg","jetpack_sharing_enabled":true,"_links":{"self":[{"href":"https:\/\/nandi.info\/index.php?rest_route=\/wp\/v2\/posts\/18347","targetHints":{"allow":["GET"]}}],"collection":[{"href":"https:\/\/nandi.info\/index.php?rest_route=\/wp\/v2\/posts"}],"about":[{"href":"https:\/\/nandi.info\/index.php?rest_route=\/wp\/v2\/types\/post"}],"author":[{"embeddable":true,"href":"https:\/\/nandi.info\/index.php?rest_route=\/wp\/v2\/users\/1"}],"replies":[{"embeddable":true,"href":"https:\/\/nandi.info\/index.php?rest_route=%2Fwp%2Fv2%2Fcomments&post=18347"}],"version-history":[{"count":1,"href":"https:\/\/nandi.info\/index.php?rest_route=\/wp\/v2\/posts\/18347\/revisions"}],"predecessor-version":[{"id":18351,"href":"https:\/\/nandi.info\/index.php?rest_route=\/wp\/v2\/posts\/18347\/revisions\/18351"}],"wp:featuredmedia":[{"embeddable":true,"href":"https:\/\/nandi.info\/index.php?rest_route=\/wp\/v2\/media\/18350"}],"wp:attachment":[{"href":"https:\/\/nandi.info\/index.php?rest_route=%2Fwp%2Fv2%2Fmedia&parent=18347"}],"wp:term":[{"taxonomy":"category","embeddable":true,"href":"https:\/\/nandi.info\/index.php?rest_route=%2Fwp%2Fv2%2Fcategories&post=18347"},{"taxonomy":"post_tag","embeddable":true,"href":"https:\/\/nandi.info\/index.php?rest_route=%2Fwp%2Fv2%2Ftags&post=18347"}],"curies":[{"name":"wp","href":"https:\/\/api.w.org\/{rel}","templated":true}]}}