{"id":18322,"date":"2024-04-30T14:47:57","date_gmt":"2024-04-30T12:47:57","guid":{"rendered":"https:\/\/nandi.info\/?p=18322"},"modified":"2024-05-01T12:45:26","modified_gmt":"2024-05-01T10:45:26","slug":"suspension-des-activites-des-partis-politiques-et-des-associations-au-mali-la-cour-constitutionnelle-se-declare-incompetente-pour-connaitre-de-linconstitutionnalite-du-decret-n","status":"publish","type":"post","link":"https:\/\/nandi.info\/?p=18322","title":{"rendered":"Suspension des activit\u00e9s des partis politiques et des associations au Mali : La Cour Constitutionnelle se d\u00e9clare incomp\u00e9tente pour conna\u00eetre \u00ab de l\u2019inconstitutionnalit\u00e9 du D\u00e9cret n\u00b02024-0230\/PT-RM du 10 avril 2024 \u00bb"},"content":{"rendered":"\n<p class=\"has-drop-cap\">Dans un arr\u00eat rendu public, le 25 avril 2024, la Cour constitutionnelle du Mali s\u2019est d\u00e9clar\u00e9e incomp\u00e9tente pour conna\u00eetre de l\u2019inconstitutionnalit\u00e9 du D\u00e9cret n\u00b02024-0230\/PT-RM en date du 10 avril 2024 portant suspension des activit\u00e9s des partis politiques et des activit\u00e9s \u00e0 caract\u00e8re politique des associations. Une requ\u00eate avait \u00e9t\u00e9 d\u00e9pos\u00e9e \u00e0 la Cour constitutionnelle du Mali, le 15 avril 2024, par Abdoulaye Idrissa MA\u00cfGA, Pr\u00e9sident de la Convention pour la R\u00e9publique (Cre) aux fins de d\u00e9clarer inconstitutionnel le d\u00e9cret ci-dessus cit\u00e9<strong>.<\/strong><\/p>\n\n\n\n<p>\u00abPar requ\u00eate en date du 15 avril 2024, enregistr\u00e9e au courrier arriv\u00e9e de la Cour constitutionnelle le m\u00eame jour sous le n\u00b00144 et au greffe le 16 avril 2024 sous le n\u00b0013, Abdoulaye Idrissa MA\u00cfGA agissant au nom et pour le compte du Parti Convention pour la R\u00e9publique (CRe) dont le si\u00e8ge est \u00e0 Bamako, Hamdallaye ACI 2000, Rue 395 Porte 359 saisissait la Cour de c\u00e9ans, d\u2019un recours aux fins de d\u00e9clarer inconstitutionnel le D\u00e9cret n\u00b02024-0230\/PT-RM en date du 10 avril 2024 portant suspension des activit\u00e9s des partis politiques et des activit\u00e9s \u00e0 caract\u00e8re politique des associations\u00bb, r\u00e9v\u00e8le l\u2019ARRET N\u00b02024-03\/CC DU 25 AVRIL 2024 de la Cour Constitutionnelle du Mali. Au soutien de sa demande, ajoute la Cour, le requ\u00e9rant indique que la Constitution du 22 juillet 2023 pr\u00e9voit \u00e0 son article 39 le r\u00f4le et le cadre d\u2019intervention des partis politiques dans l\u2019espace public ; que la charte des partis politiques pr\u00e9voit \u00e0 son article 47 les conditions de leur sanction et de leur suspension. Selon le requ\u00e9rant, conform\u00e9ment aux dispositions de l\u2019article 47 de la charte des partis politiques, la Convention pour la R\u00e9publique (CRe) \u00e0 l\u2019instar de nombre de partis politiques n\u2019a commis aucune violation portant atteinte \u00e0 l\u2019ordre public ou qui aurait tendance \u00e0 porter atteinte \u00e0 la s\u00e9curit\u00e9 publique. En tant que parti politique, le requ\u00e9rant indique qu\u2019il a \u00e9t\u00e9 surpris de la suspension de leurs activit\u00e9s suivant le d\u00e9cret pr\u00e9cit\u00e9. Ainsi, le Directoire de la Convention pour la R\u00e9publique (CRe) r\u00e9uni les 11 et 13 avril 2024 a d\u00e9cid\u00e9 de soumettre la pr\u00e9sente requ\u00eate \u00e0 la Cour de c\u00e9ans, aux fins de prononcer l\u2019inconstitutionnalit\u00e9 dudit d\u00e9cret qui tend \u00e0 faire dispara\u00eetre la libert\u00e9 d\u2019agir et de penser. Le requ\u00e9rant pr\u00e9cise que la Constitution garantit au citoyen libre, la qualit\u00e9 de juger de l\u2019emploi qu\u2019il fait, sans abus de sa libert\u00e9 ; que depuis pr\u00e8s de trois ans d\u2019activit\u00e9s, la Convention pour la R\u00e9publique (CRe) s\u2019emploie contin\u00fbment avec patience et souffle \u00e0 promouvoir les meilleures conditions d\u2019une vie politique et sociale dans un Mali d\u2019avenir. Ainsi, les 9 sages de la Cour ont affirm\u00e9 que la constitution et la loi organique relative \u00e0 l\u2019organisation et au fonctionnement de la cour constitutionnelle ont strictement limit\u00e9 les comp\u00e9tences de ladite Cour tant en mati\u00e8re de contr\u00f4le de constitutionnalit\u00e9 qu\u2019en mati\u00e8re de contentieux relatif aux \u00e9lections pr\u00e9sidentielles, l\u00e9gislatives et aux op\u00e9rations r\u00e9f\u00e9rendaires. La Cour informe qu\u2019elle est exceptionnellement comp\u00e9tente pour conna\u00eetre la r\u00e9gularit\u00e9 du d\u00e9cret de convocation du coll\u00e8ge \u00e9lectoral, sur le fondement des articles 149 et 150 de la Constitution du 22 juillet 2023, compl\u00e9t\u00e9s par l\u2019article 31 l\u2019alin\u00e9a 1 de la loi organique sur la Cour constitutionnelle : \u00abTout le contentieux relatif \u00e0 l\u2019\u00e9lection du Pr\u00e9sident de la R\u00e9publique et des D\u00e9put\u00e9s \u00e0 l\u2019Assembl\u00e9e Nationale rel\u00e8ve de la comp\u00e9tence de la Cour constitutionnelle\u2026\u00bb. En dehors de ce seul cas, la Cour \u00e9voque que tout le contentieux des actes r\u00e9glementaires, tels les d\u00e9crets, rel\u00e8ve de la comp\u00e9tence attributive de la Section Administrative de la Cour supr\u00eame. \u00ab De plus, l\u2019article 111 de la Loi n\u00b02016-046 du 23 septembre 2016 portant loi organique fixant l\u2019organisation, les r\u00e8gles de fonctionnement de la Cour Supr\u00eame et la Proc\u00e9dure suivie devant elle dispose : \u2018\u2019La Section Administrative est comp\u00e9tente pour conna\u00eetre en premier et dernier ressorts : des recours pour exc\u00e8s de pouvoir dirig\u00e9s contre les d\u00e9crets ; arr\u00eat\u00e9s minist\u00e9riels ou interminist\u00e9riels et les actes des autorit\u00e9s administratives nationales ou ind\u00e9pendantes ; des recours dirig\u00e9s contre les d\u00e9cisions rendues par les organismes administratifs \u00e0 caract\u00e8re juridictionnel\u2026\u2019\u2019. En cons\u00e9quence, il y a lieu de se d\u00e9clarer incomp\u00e9tente et de renvoyer le requ\u00e9rant \u00e0 mieux se pourvoir \u00bb, indique la Cour Constitutionnelle pr\u00e9sid\u00e9e par Amadou Ousmane Tour\u00e9. Par ces motifs, la Cour se d\u00e9clare incomp\u00e9tente pour conna\u00eetre de l\u2019inconstitutionnalit\u00e9 du D\u00e9cret n\u00b02024-0230\/PT-RM en date du 10 avril 2024 portant suspension des activit\u00e9s des partis politiques et des activit\u00e9s \u00e0 caract\u00e8re politique des associations.<\/p>\n\n\n\n<p><strong>Aguibou Sogodogo<\/strong><\/p>\n\n\n\n<p><a href=\"https:\/\/www.orangemali.com\/\" target=\"_blank\" rel=\"noreferrer noopener\"><\/a><\/p>\n","protected":false},"excerpt":{"rendered":"<p>Dans un arr\u00eat rendu public, le 25 avril 2024, la Cour constitutionnelle du Mali s\u2019est d\u00e9clar\u00e9e incomp\u00e9tente pour conna\u00eetre de l\u2019inconstitutionnalit\u00e9 du D\u00e9cret n\u00b02024-0230\/PT-RM en date du 10 avril 2024&hellip;<\/p>\n","protected":false},"author":1,"featured_media":17916,"comment_status":"open","ping_status":"open","sticky":false,"template":"","format":"standard","meta":{"content-type":"","_lmt_disableupdate":"","_lmt_disable":"","_jetpack_memberships_contains_paid_content":false,"footnotes":"","jetpack_publicize_message":"","jetpack_publicize_feature_enabled":true,"jetpack_social_post_already_shared":true,"jetpack_social_options":{"image_generator_settings":{"template":"highway","default_image_id":0,"font":"","enabled":false},"version":2}},"categories":[69,23],"tags":[],"class_list":["post-18322","post","type-post","status-publish","format-standard","has-post-thumbnail","hentry","category-le-republicain-mali","category-politique"],"jetpack_publicize_connections":[],"featured_image_urls":{"full":["https:\/\/nandi.info\/wp-content\/uploads\/2024\/04\/Classe-Politique.webp",1920,1280,false],"thumbnail":["https:\/\/nandi.info\/wp-content\/uploads\/2024\/04\/Classe-Politique-150x150.webp",150,150,true],"medium":["https:\/\/nandi.info\/wp-content\/uploads\/2024\/04\/Classe-Politique-300x200.webp",300,200,true],"medium_large":["https:\/\/nandi.info\/wp-content\/uploads\/2024\/04\/Classe-Politique-768x512.webp",768,512,true],"large":["https:\/\/nandi.info\/wp-content\/uploads\/2024\/04\/Classe-Politique-1024x683.webp",1024,683,true],"1536x1536":["https:\/\/nandi.info\/wp-content\/uploads\/2024\/04\/Classe-Politique-1536x1024.webp",1536,1024,true],"2048x2048":["https:\/\/nandi.info\/wp-content\/uploads\/2024\/04\/Classe-Politique.webp",1920,1280,false],"penci-recipe-1200x1200":["https:\/\/nandi.info\/wp-content\/uploads\/2024\/04\/Classe-Politique.webp",1200,800,false],"penci-recipe-1200x900":["https:\/\/nandi.info\/wp-content\/uploads\/2024\/04\/Classe-Politique.webp",1200,800,false],"penci-recipe-1200x675":["https:\/\/nandi.info\/wp-content\/uploads\/2024\/04\/Classe-Politique.webp",1013,675,false],"penci-single-full":["https:\/\/nandi.info\/wp-content\/uploads\/2024\/04\/Classe-Politique.webp",1920,1280,false],"penci-slider-full-thumb":["https:\/\/nandi.info\/wp-content\/uploads\/2024\/04\/Classe-Politique.webp",1200,800,false],"penci-full-thumb":["https:\/\/nandi.info\/wp-content\/uploads\/2024\/04\/Classe-Politique.webp",1170,780,false],"penci-slider-thumb":["https:\/\/nandi.info\/wp-content\/uploads\/2024\/04\/Classe-Politique.webp",995,663,false],"penci-magazine-slider":["https:\/\/nandi.info\/wp-content\/uploads\/2024\/04\/Classe-Politique.webp",774,516,false],"penci-thumb":["https:\/\/nandi.info\/wp-content\/uploads\/2024\/04\/Classe-Politique.webp",585,390,false],"penci-masonry-thumb":["https:\/\/nandi.info\/wp-content\/uploads\/2024\/04\/Classe-Politique.webp",585,390,false],"penci-thumb-square":["https:\/\/nandi.info\/wp-content\/uploads\/2024\/04\/Classe-Politique.webp",585,390,false],"penci-thumb-vertical":["https:\/\/nandi.info\/wp-content\/uploads\/2024\/04\/Classe-Politique.webp",480,320,false],"penci-thumb-small":["https:\/\/nandi.info\/wp-content\/uploads\/2024\/04\/Classe-Politique.webp",263,175,false]},"author_info":{"display_name":"Nandi","author_link":"https:\/\/nandi.info\/?author=1"},"category_info":"<a href=\"https:\/\/nandi.info\/?cat=69\" rel=\"category\">Le R\u00e9publicain Mali<\/a> <a href=\"https:\/\/nandi.info\/?cat=23\" rel=\"category\">Politique<\/a>","tag_info":"Politique","comment_count":"0","jetpack_featured_media_url":"https:\/\/nandi.info\/wp-content\/uploads\/2024\/04\/Classe-Politique.webp","jetpack_sharing_enabled":true,"_links":{"self":[{"href":"https:\/\/nandi.info\/index.php?rest_route=\/wp\/v2\/posts\/18322","targetHints":{"allow":["GET"]}}],"collection":[{"href":"https:\/\/nandi.info\/index.php?rest_route=\/wp\/v2\/posts"}],"about":[{"href":"https:\/\/nandi.info\/index.php?rest_route=\/wp\/v2\/types\/post"}],"author":[{"embeddable":true,"href":"https:\/\/nandi.info\/index.php?rest_route=\/wp\/v2\/users\/1"}],"replies":[{"embeddable":true,"href":"https:\/\/nandi.info\/index.php?rest_route=%2Fwp%2Fv2%2Fcomments&post=18322"}],"version-history":[{"count":1,"href":"https:\/\/nandi.info\/index.php?rest_route=\/wp\/v2\/posts\/18322\/revisions"}],"predecessor-version":[{"id":18324,"href":"https:\/\/nandi.info\/index.php?rest_route=\/wp\/v2\/posts\/18322\/revisions\/18324"}],"wp:featuredmedia":[{"embeddable":true,"href":"https:\/\/nandi.info\/index.php?rest_route=\/wp\/v2\/media\/17916"}],"wp:attachment":[{"href":"https:\/\/nandi.info\/index.php?rest_route=%2Fwp%2Fv2%2Fmedia&parent=18322"}],"wp:term":[{"taxonomy":"category","embeddable":true,"href":"https:\/\/nandi.info\/index.php?rest_route=%2Fwp%2Fv2%2Fcategories&post=18322"},{"taxonomy":"post_tag","embeddable":true,"href":"https:\/\/nandi.info\/index.php?rest_route=%2Fwp%2Fv2%2Ftags&post=18322"}],"curies":[{"name":"wp","href":"https:\/\/api.w.org\/{rel}","templated":true}]}}