{"id":18250,"date":"2024-04-24T11:45:42","date_gmt":"2024-04-24T09:45:42","guid":{"rendered":"https:\/\/nandi.info\/?p=18250"},"modified":"2024-04-24T11:45:46","modified_gmt":"2024-04-24T09:45:46","slug":"le-president-de-la-transition-preside-le-lancement-du-programme-national-deducation-aux-valeurs-visant-a-revitaliser-les-traditions-maliennes","status":"publish","type":"post","link":"https:\/\/nandi.info\/?p=18250","title":{"rendered":"Le Pr\u00e9sident de la Transition pr\u00e9side le lancement du Programme national d\u2019\u00c9ducation aux Valeurs, visant \u00e0 revitaliser les traditions maliennes"},"content":{"rendered":"\n<p><strong>La c\u00e9r\u00e9monie officielle de lancement du Programme national d\u2019\u00e9ducation aux valeurs (PNEV), pr\u00e9sid\u00e9e par Son Excellence le Colonel Assimi GO\u00cfTA, Chef de l\u2019\u00c9tat, s\u2019est d\u00e9roul\u00e9e ce mardi 23 avril 2024 au Palais de Koulouba. Cet \u00e9v\u00e9nement solennel a vu la participation du Premier ministre, du ministre d\u2019\u00c9tat, ministre de l\u2019Administration territoriale et de la D\u00e9centralisation, ainsi que de nombreux autres membres du Gouvernement et du Comit\u00e9 d\u2019experts.<\/strong><\/p>\n\n\n\n<p class=\"has-drop-cap\">Dans un \u00e9lan de refondation nationale, le Mali lance un Programme national d\u2019\u00c9ducation aux Valeurs, sous le leadership du Colonel Assimi GO\u00cfTA, pour r\u00e9affirmer les richesses culturelles et les traditions ancestrales au c\u0153ur du d\u00e9veloppement du pays. \u00ab Ce programme est un pilier fondamental pour la refondation de notre nation, se basant sur nos valeurs intrins\u00e8ques qui sont le fondement de notre identit\u00e9 \u00bb, a d\u00e9clar\u00e9 le Pr\u00e9sident de la Transition lors de son discours. Il a exprim\u00e9 son optimisme quant \u00e0 l\u2019impact du PNEV sur la soci\u00e9t\u00e9 malienne, en le d\u00e9crivant comme un moyen pour comprendre les enjeux du moment et mieux concevoir l\u2019avenir du Mali.<\/p>\n\n\n\n<p>L\u2019initiative de ce programme refl\u00e8te une volont\u00e9 de renouer avec les valeurs soci\u00e9tales traditionnelles du Mali en r\u00e9ponse \u00e0 la crise multidimensionnelle que traverse le pays. Le Chef de l\u2019\u00c9tat a insist\u00e9 sur l\u2019importance de l\u2019\u00e9ducation aux valeurs comme moteur de connaissance et d\u2019ouverture. \u00ab C\u2019est cette ambition qui ne cesse de fa\u00e7onner notre vision pour le Mali, car le destin de chaque peuple se forge \u00e0 l\u2019image des id\u00e9aux de ses leaders et de ses citoyens \u00bb, a-t-il soulign\u00e9, en d\u00e9peignant le programme comme un retour aux sources culturelles et un moyen de renforcer la souverainet\u00e9 nationale.<\/p>\n\n\n\n<p>Le ministre de la Refondation de l\u2019\u00c9tat, Charg\u00e9 des relations avec les Institutions, Dr Ibrahim Ikassa MA\u00cfGA, voit dans ce programme une r\u00e9ponse essentielle aux d\u00e9fis contemporains. \u00ab Par cette initiative, vous donnez la preuve de votre attachement \u00e0 nos valeurs fondamentales, qui restent la parfaite illustration du g\u00e9nie de notre peuple \u00bb, a-t-il affirm\u00e9, mettant en avant le r\u00f4le du PNEV dans la pr\u00e9servation de l\u2019identit\u00e9 malienne face aux influences ext\u00e9rieures.<\/p>\n\n\n\n<p>Le ministre MA\u00cfGA a \u00e9galement mis l\u2019accent sur l\u2019approche m\u00e9thodologique adopt\u00e9e pour \u00e9laborer le PNEV, la qualifiant d\u2019inclusive et de participative. \u00ab Cette d\u00e9marche a permis de toucher le Mali dans ses diverses composantes, pour la r\u00e9alisation de ce document qui demeure l\u2019une des meilleures expressions de l\u2019intelligence collective malienne \u00bb, a-t-il expliqu\u00e9, indiquant que le programme a le potentiel de r\u00e9unifier le pays et de renforcer son tissu social.<\/p>\n\n\n\n<p>\u00c0 long terme, l\u2019efficacit\u00e9 du Programme national d\u2019\u00c9ducation aux Valeurs sera mesur\u00e9e par sa capacit\u00e9 \u00e0 int\u00e9grer ces valeurs dans la vie quotidienne des Maliens et \u00e0 influencer positivement les comportements. Comme l\u2019a soulign\u00e9 le Pr\u00e9sident de la Transition, \u00ab le destin de notre nation est intimement li\u00e9 \u00e0 l\u2019importance que nous accorderons \u00e0 nos valeurs soci\u00e9tales, humaines et culturelles. \u00bb<\/p>\n\n\n\n<p>La mise en \u0153uvre du PNEV commence donc maintenant, avec des attentes \u00e9lev\u00e9es et des sceptiques \u00e0 convaincre. Il posera les fondements d\u2019un Mali renouvel\u00e9 et r\u00e9silient, pr\u00eat \u00e0 affronter les d\u00e9fis de demain avec ses valeurs traditionnelles comme guide.<\/p>\n\n\n\n<p>La c\u00e9r\u00e9monie de lancement a \u00e9t\u00e9 marqu\u00e9e par un hommage \u00e0 deux membres d\u00e9c\u00e9d\u00e9s du Comit\u00e9 d\u2019experts, Adama SAMASSEKOU et Dr Abdoulaye SALL, dont l\u2019engagement envers le projet a \u00e9t\u00e9 salu\u00e9 \u00e0 titre posthume.<\/p>\n\n\n\n<p><strong><a href=\"https:\/\/web.facebook.com\/Presidence.Mali\" data-type=\"link\" data-id=\"https:\/\/web.facebook.com\/Presidence.Mali\">Ce Programme national d\u2019\u00c9ducation aux Valeurs est l\u2019une des recommandations des Assises nationales de la Refondation (ANR).<\/a><\/strong><\/p>\n\n\n\n<p><strong>Source :<\/strong> <strong>Pr\u00e9sidence de la R\u00e9publique du Mali<\/strong><\/p>\n","protected":false},"excerpt":{"rendered":"<p>La c\u00e9r\u00e9monie officielle de lancement du Programme national d\u2019\u00e9ducation aux valeurs (PNEV), pr\u00e9sid\u00e9e par Son Excellence le Colonel Assimi GO\u00cfTA, Chef de l\u2019\u00c9tat, s\u2019est d\u00e9roul\u00e9e ce mardi 23 avril 2024&hellip;<\/p>\n","protected":false},"author":1,"featured_media":18257,"comment_status":"open","ping_status":"open","sticky":false,"template":"","format":"standard","meta":{"content-type":"","_lmt_disableupdate":"","_lmt_disable":"","_jetpack_memberships_contains_paid_content":false,"footnotes":"","jetpack_publicize_message":"","jetpack_publicize_feature_enabled":true,"jetpack_social_post_already_shared":true,"jetpack_social_options":{"image_generator_settings":{"template":"highway","default_image_id":0,"font":"","enabled":false},"version":2}},"categories":[125,43,21],"tags":[],"class_list":["post-18250","post","type-post","status-publish","format-standard","has-post-thumbnail","hentry","category-actualite","category-nandi-info","category-societe"],"jetpack_publicize_connections":[],"featured_image_urls":{"full":["https:\/\/nandi.info\/wp-content\/uploads\/2024\/04\/assimi-et-mintre-de-la-reconciliation.jpg",2048,1366,false],"thumbnail":["https:\/\/nandi.info\/wp-content\/uploads\/2024\/04\/assimi-et-mintre-de-la-reconciliation-150x150.jpg",150,150,true],"medium":["https:\/\/nandi.info\/wp-content\/uploads\/2024\/04\/assimi-et-mintre-de-la-reconciliation-300x200.jpg",300,200,true],"medium_large":["https:\/\/nandi.info\/wp-content\/uploads\/2024\/04\/assimi-et-mintre-de-la-reconciliation-768x512.jpg",768,512,true],"large":["https:\/\/nandi.info\/wp-content\/uploads\/2024\/04\/assimi-et-mintre-de-la-reconciliation-1024x683.jpg",1024,683,true],"1536x1536":["https:\/\/nandi.info\/wp-content\/uploads\/2024\/04\/assimi-et-mintre-de-la-reconciliation-1536x1025.jpg",1536,1025,true],"2048x2048":["https:\/\/nandi.info\/wp-content\/uploads\/2024\/04\/assimi-et-mintre-de-la-reconciliation.jpg",2048,1366,false],"penci-recipe-1200x1200":["https:\/\/nandi.info\/wp-content\/uploads\/2024\/04\/assimi-et-mintre-de-la-reconciliation.jpg",1200,800,false],"penci-recipe-1200x900":["https:\/\/nandi.info\/wp-content\/uploads\/2024\/04\/assimi-et-mintre-de-la-reconciliation.jpg",1200,800,false],"penci-recipe-1200x675":["https:\/\/nandi.info\/wp-content\/uploads\/2024\/04\/assimi-et-mintre-de-la-reconciliation.jpg",1012,675,false],"penci-single-full":["https:\/\/nandi.info\/wp-content\/uploads\/2024\/04\/assimi-et-mintre-de-la-reconciliation.jpg",1920,1281,false],"penci-slider-full-thumb":["https:\/\/nandi.info\/wp-content\/uploads\/2024\/04\/assimi-et-mintre-de-la-reconciliation.jpg",1199,800,false],"penci-full-thumb":["https:\/\/nandi.info\/wp-content\/uploads\/2024\/04\/assimi-et-mintre-de-la-reconciliation.jpg",1170,780,false],"penci-slider-thumb":["https:\/\/nandi.info\/wp-content\/uploads\/2024\/04\/assimi-et-mintre-de-la-reconciliation.jpg",994,663,false],"penci-magazine-slider":["https:\/\/nandi.info\/wp-content\/uploads\/2024\/04\/assimi-et-mintre-de-la-reconciliation.jpg",774,516,false],"penci-thumb":["https:\/\/nandi.info\/wp-content\/uploads\/2024\/04\/assimi-et-mintre-de-la-reconciliation.jpg",585,390,false],"penci-masonry-thumb":["https:\/\/nandi.info\/wp-content\/uploads\/2024\/04\/assimi-et-mintre-de-la-reconciliation.jpg",585,390,false],"penci-thumb-square":["https:\/\/nandi.info\/wp-content\/uploads\/2024\/04\/assimi-et-mintre-de-la-reconciliation.jpg",585,390,false],"penci-thumb-vertical":["https:\/\/nandi.info\/wp-content\/uploads\/2024\/04\/assimi-et-mintre-de-la-reconciliation.jpg",480,320,false],"penci-thumb-small":["https:\/\/nandi.info\/wp-content\/uploads\/2024\/04\/assimi-et-mintre-de-la-reconciliation.jpg",263,175,false]},"author_info":{"display_name":"Nandi","author_link":"https:\/\/nandi.info\/?author=1"},"category_info":"<a href=\"https:\/\/nandi.info\/?cat=125\" rel=\"category\">Actualit\u00e9<\/a> <a href=\"https:\/\/nandi.info\/?cat=43\" rel=\"category\">Nandi.info<\/a> <a href=\"https:\/\/nandi.info\/?cat=21\" rel=\"category\">Soci\u00e9t\u00e9<\/a>","tag_info":"Soci\u00e9t\u00e9","comment_count":"0","jetpack_featured_media_url":"https:\/\/nandi.info\/wp-content\/uploads\/2024\/04\/assimi-et-mintre-de-la-reconciliation.jpg","jetpack_sharing_enabled":true,"_links":{"self":[{"href":"https:\/\/nandi.info\/index.php?rest_route=\/wp\/v2\/posts\/18250","targetHints":{"allow":["GET"]}}],"collection":[{"href":"https:\/\/nandi.info\/index.php?rest_route=\/wp\/v2\/posts"}],"about":[{"href":"https:\/\/nandi.info\/index.php?rest_route=\/wp\/v2\/types\/post"}],"author":[{"embeddable":true,"href":"https:\/\/nandi.info\/index.php?rest_route=\/wp\/v2\/users\/1"}],"replies":[{"embeddable":true,"href":"https:\/\/nandi.info\/index.php?rest_route=%2Fwp%2Fv2%2Fcomments&post=18250"}],"version-history":[{"count":1,"href":"https:\/\/nandi.info\/index.php?rest_route=\/wp\/v2\/posts\/18250\/revisions"}],"predecessor-version":[{"id":18258,"href":"https:\/\/nandi.info\/index.php?rest_route=\/wp\/v2\/posts\/18250\/revisions\/18258"}],"wp:featuredmedia":[{"embeddable":true,"href":"https:\/\/nandi.info\/index.php?rest_route=\/wp\/v2\/media\/18257"}],"wp:attachment":[{"href":"https:\/\/nandi.info\/index.php?rest_route=%2Fwp%2Fv2%2Fmedia&parent=18250"}],"wp:term":[{"taxonomy":"category","embeddable":true,"href":"https:\/\/nandi.info\/index.php?rest_route=%2Fwp%2Fv2%2Fcategories&post=18250"},{"taxonomy":"post_tag","embeddable":true,"href":"https:\/\/nandi.info\/index.php?rest_route=%2Fwp%2Fv2%2Ftags&post=18250"}],"curies":[{"name":"wp","href":"https:\/\/api.w.org\/{rel}","templated":true}]}}