{"id":18249,"date":"2024-04-24T11:30:33","date_gmt":"2024-04-24T09:30:33","guid":{"rendered":"https:\/\/nandi.info\/?p=18249"},"modified":"2024-04-24T11:33:00","modified_gmt":"2024-04-24T09:33:00","slug":"lutte-contre-la-traite-des-personnes-plus-de-5-milles-cas-enregistres-en-2023","status":"publish","type":"post","link":"https:\/\/nandi.info\/?p=18249","title":{"rendered":"Lutte contre la traite des personnes : Plus de 5 milles cas enregistr\u00e9s en 2023"},"content":{"rendered":"\n<p><strong>Plus de 5 milles maliens ont \u00e9t\u00e9 victimes de la traite de personnes. Une soixantaine de personnes condamn\u00e9es \u00e0 cause de la pratique, selon les chiffres r\u00e9v\u00e9l\u00e9s dans le rapport 2023 du Comit\u00e9 national de coordination de lutte contre la traite de personnes<\/strong>.<\/p>\n\n\n\n<p class=\"has-drop-cap\">Alors que les efforts restent toujours en cours, de nombreux maliens ont \u00e9t\u00e9 victimes de la traite des personnes en 2023. Ils sont au total plus de 5000 citoyens touch\u00e9s l\u2019ann\u00e9e derni\u00e8re. Dans le rapport du comit\u00e9 national de coordination de lutte contre la traite des personnes, l\u2019accent a \u00e9t\u00e9 mis sur toutes les activit\u00e9s men\u00e9es en 2023. Le document permet, indique-t-on, de mesurer les efforts fournis dans la lutte contre le fl\u00e9au. Il met \u00e9galement l\u2019accent sur les d\u00e9fis qui se posent dans le secteur. Ainsi, ajoute-t-on, les activit\u00e9s de formation et de sensibilisation ont concern\u00e9 13 813 personnes, dont 5792 femmes. Se fiant aux chiffres relay\u00e9s par le comit\u00e9, 5481 personnes victimes de la traite des personnes et autres pratiques assimil\u00e9es ont \u00e9t\u00e9 identifi\u00e9es, assist\u00e9es et prot\u00e9g\u00e9es en 2023. A cela s\u2019ajoute le jugement de 16 dossiers impliquant 116 personnes qui ont \u00e9t\u00e9 jug\u00e9es par la cour d\u2019assises sp\u00e9ciale de Kayes et le tribunal de grande instance de Bafoulabe, une des localit\u00e9s du Mali. M\u00eame si ces r\u00e9sultats demeurent satisfaisants, tout porte \u00e0 croire que l\u2019enraiement de la pratique est une lutte de longue haleine.<\/p>\n\n\n\n<p><strong>La r\u00e9gion de Kayes au centre de l\u2019esclavage par ascendance<\/strong><\/p>\n\n\n\n<p>Dans la premi\u00e8re r\u00e9gion administrative du pays, la violence due \u00e0 l\u2019esclavage par ascendance avait atteint son summum. Sur les faits recens\u00e9s en 2022, figure celui d\u2019une personne de troisi\u00e8me \u00e2ge, br\u00fbl\u00e9e avant sa mort. Le 29 juillet 2022, le cadavre br\u00fbl\u00e9 et mutil\u00e9 de Diogou Sidib\u00e9, \u00e2g\u00e9e de 71 ans avait \u00e9t\u00e9, faudra-t-il le rappeler, d\u00e9couvert pr\u00e8s de son champ non loin de Lany Mody, un village situ\u00e9 dans le cercle de Kayes. Comme d\u00e9taill\u00e9 par plusieurs organisations de lutte contre l\u2019esclavage \u00e0 l\u2019\u00e9poque, ledit acte \u00e9tait d\u00fb au refus de la vieille dame de se soumettre au statut d\u2019esclave. Sur la toile, le fils de la d\u00e9funte t\u00e9moignait qu\u2019elle a \u00e9t\u00e9 tu\u00e9e pour avoir refus\u00e9 de retirer sa plainte contre une autre femme qui l\u2019avait battue le 10 juin 2022. Lequel retrait allait permettre \u00e0 la pr\u00e9sum\u00e9e coupable de b\u00e9n\u00e9ficier d\u2019une libert\u00e9 provisoire. Le 6 juillet 2022, sur le chemin du champ, la vieille femme \u00ab&nbsp;toute joyeuse&nbsp;\u00bb, \u00e9coutait une chanson \u00e0 la gloire d\u2019Ousmane, un riche commer\u00e7ant de la localit\u00e9 qui venait d\u2019offrir un forage au village, raconte-t-on. Sur la m\u00eame route, elle croise le septuag\u00e9naire Samba, un membre de la famille royale du village qui lui interdit d\u2019\u00e9couter cette musique non destin\u00e9e \u00ab&nbsp;\u00e0 un esclave indigne \u00bb comme la dame. Face \u00e0 son refus, la vielle personne a \u00e9t\u00e9 battue. Le bras avec lequel elle tentait de se prot\u00e9ger a \u00e9t\u00e9 fractur\u00e9 par son assaillant membre d\u2019une famille dite royale, alors que sa t\u00eate coulait d\u00e9j\u00e0 du sang \u00e0 cause de la blessure. Le m\u00eame int\u00e9ress\u00e9 aurait appel\u00e9 des membres de sa famille pour tabasser ceux de la famille de la d\u00e9funte, a-t-on appris \u00e0 l\u2019\u00e9poque. Rappelons qu\u2019en date du 21 novembre 2019, 110 personnes, en majorit\u00e9 des femmes et des enfants ont fui le village Kh\u00e9rouan\u00e9 pour Di\u00e9ma apr\u00e8s avoir refus\u00e9 le statut d\u2019esclaves. Le 4 juillet 2021, des habitants du village de Makhadougou, consid\u00e9r\u00e9s comme des \u00ab&nbsp;esclaves&nbsp;\u00bb ont \u00e9t\u00e9 emp\u00each\u00e9s de travailler dans leurs champs en raison du m\u00eame probl\u00e8me. 12 personnes ont \u00e9t\u00e9 bless\u00e9es par des machettes et des coups de fusil. Le 28 septembre 2021, une vid\u00e9o montrant des jeunes ligot\u00e9s et tortur\u00e9s avec des armes blanches a fait le tour des r\u00e9seaux sociaux. La sc\u00e8ne film\u00e9e \u00e0 Oussoubidiagna aurait fait 1 mort, 77 bless\u00e9s et 3000 \u00ab&nbsp;esclaves&nbsp;\u00bb d\u00e9plac\u00e9s, suivant les donn\u00e9es fournies \u00e0 l\u2019\u00e9poque.<\/p>\n\n\n\n<p><strong>Mamadou Diarra<\/strong><\/p>\n","protected":false},"excerpt":{"rendered":"<p>Plus de 5 milles maliens ont \u00e9t\u00e9 victimes de la traite de personnes. Une soixantaine de personnes condamn\u00e9es \u00e0 cause de la pratique, selon les chiffres r\u00e9v\u00e9l\u00e9s dans le rapport&hellip;<\/p>\n","protected":false},"author":1,"featured_media":18252,"comment_status":"open","ping_status":"open","sticky":false,"template":"","format":"standard","meta":{"content-type":"","_lmt_disableupdate":"","_lmt_disable":"","_jetpack_memberships_contains_paid_content":false,"footnotes":"","jetpack_publicize_message":"","jetpack_publicize_feature_enabled":true,"jetpack_social_post_already_shared":true,"jetpack_social_options":{"image_generator_settings":{"template":"highway","default_image_id":0,"font":"","enabled":false},"version":2}},"categories":[56,71,21],"tags":[],"class_list":["post-18249","post","type-post","status-publish","format-standard","has-post-thumbnail","hentry","category-justice","category-le-pays","category-societe"],"jetpack_publicize_connections":[],"featured_image_urls":{"full":["https:\/\/nandi.info\/wp-content\/uploads\/2024\/04\/prison-162885_1920.jpg",1920,1440,false],"thumbnail":["https:\/\/nandi.info\/wp-content\/uploads\/2024\/04\/prison-162885_1920-150x150.jpg",150,150,true],"medium":["https:\/\/nandi.info\/wp-content\/uploads\/2024\/04\/prison-162885_1920-300x225.jpg",300,225,true],"medium_large":["https:\/\/nandi.info\/wp-content\/uploads\/2024\/04\/prison-162885_1920-768x576.jpg",768,576,true],"large":["https:\/\/nandi.info\/wp-content\/uploads\/2024\/04\/prison-162885_1920-1024x768.jpg",1024,768,true],"1536x1536":["https:\/\/nandi.info\/wp-content\/uploads\/2024\/04\/prison-162885_1920-1536x1152.jpg",1536,1152,true],"2048x2048":["https:\/\/nandi.info\/wp-content\/uploads\/2024\/04\/prison-162885_1920.jpg",1920,1440,false],"penci-recipe-1200x1200":["https:\/\/nandi.info\/wp-content\/uploads\/2024\/04\/prison-162885_1920.jpg",1200,900,false],"penci-recipe-1200x900":["https:\/\/nandi.info\/wp-content\/uploads\/2024\/04\/prison-162885_1920.jpg",1200,900,false],"penci-recipe-1200x675":["https:\/\/nandi.info\/wp-content\/uploads\/2024\/04\/prison-162885_1920.jpg",900,675,false],"penci-single-full":["https:\/\/nandi.info\/wp-content\/uploads\/2024\/04\/prison-162885_1920.jpg",1920,1440,false],"penci-slider-full-thumb":["https:\/\/nandi.info\/wp-content\/uploads\/2024\/04\/prison-162885_1920.jpg",1067,800,false],"penci-full-thumb":["https:\/\/nandi.info\/wp-content\/uploads\/2024\/04\/prison-162885_1920.jpg",1170,878,false],"penci-slider-thumb":["https:\/\/nandi.info\/wp-content\/uploads\/2024\/04\/prison-162885_1920.jpg",884,663,false],"penci-magazine-slider":["https:\/\/nandi.info\/wp-content\/uploads\/2024\/04\/prison-162885_1920.jpg",688,516,false],"penci-thumb":["https:\/\/nandi.info\/wp-content\/uploads\/2024\/04\/prison-162885_1920.jpg",520,390,false],"penci-masonry-thumb":["https:\/\/nandi.info\/wp-content\/uploads\/2024\/04\/prison-162885_1920.jpg",585,439,false],"penci-thumb-square":["https:\/\/nandi.info\/wp-content\/uploads\/2024\/04\/prison-162885_1920.jpg",585,439,false],"penci-thumb-vertical":["https:\/\/nandi.info\/wp-content\/uploads\/2024\/04\/prison-162885_1920.jpg",480,360,false],"penci-thumb-small":["https:\/\/nandi.info\/wp-content\/uploads\/2024\/04\/prison-162885_1920.jpg",233,175,false]},"author_info":{"display_name":"Nandi","author_link":"https:\/\/nandi.info\/?author=1"},"category_info":"<a href=\"https:\/\/nandi.info\/?cat=56\" rel=\"category\">Justice<\/a> <a href=\"https:\/\/nandi.info\/?cat=71\" rel=\"category\">Le Pays<\/a> <a href=\"https:\/\/nandi.info\/?cat=21\" rel=\"category\">Soci\u00e9t\u00e9<\/a>","tag_info":"Soci\u00e9t\u00e9","comment_count":"0","jetpack_featured_media_url":"https:\/\/nandi.info\/wp-content\/uploads\/2024\/04\/prison-162885_1920.jpg","jetpack_sharing_enabled":true,"_links":{"self":[{"href":"https:\/\/nandi.info\/index.php?rest_route=\/wp\/v2\/posts\/18249","targetHints":{"allow":["GET"]}}],"collection":[{"href":"https:\/\/nandi.info\/index.php?rest_route=\/wp\/v2\/posts"}],"about":[{"href":"https:\/\/nandi.info\/index.php?rest_route=\/wp\/v2\/types\/post"}],"author":[{"embeddable":true,"href":"https:\/\/nandi.info\/index.php?rest_route=\/wp\/v2\/users\/1"}],"replies":[{"embeddable":true,"href":"https:\/\/nandi.info\/index.php?rest_route=%2Fwp%2Fv2%2Fcomments&post=18249"}],"version-history":[{"count":1,"href":"https:\/\/nandi.info\/index.php?rest_route=\/wp\/v2\/posts\/18249\/revisions"}],"predecessor-version":[{"id":18253,"href":"https:\/\/nandi.info\/index.php?rest_route=\/wp\/v2\/posts\/18249\/revisions\/18253"}],"wp:featuredmedia":[{"embeddable":true,"href":"https:\/\/nandi.info\/index.php?rest_route=\/wp\/v2\/media\/18252"}],"wp:attachment":[{"href":"https:\/\/nandi.info\/index.php?rest_route=%2Fwp%2Fv2%2Fmedia&parent=18249"}],"wp:term":[{"taxonomy":"category","embeddable":true,"href":"https:\/\/nandi.info\/index.php?rest_route=%2Fwp%2Fv2%2Fcategories&post=18249"},{"taxonomy":"post_tag","embeddable":true,"href":"https:\/\/nandi.info\/index.php?rest_route=%2Fwp%2Fv2%2Ftags&post=18249"}],"curies":[{"name":"wp","href":"https:\/\/api.w.org\/{rel}","templated":true}]}}