{"id":18216,"date":"2024-04-23T00:12:20","date_gmt":"2024-04-22T22:12:20","guid":{"rendered":"https:\/\/nandi.info\/?p=18216"},"modified":"2024-04-23T00:12:26","modified_gmt":"2024-04-22T22:12:26","slug":"complainte-dune-dame-qui-a-perdu-son-enfant-par-negligence-medicale-le-ministere-de-la-sante-joue-au-medecin-apres-la-mort","status":"publish","type":"post","link":"https:\/\/nandi.info\/?p=18216","title":{"rendered":"Complainte d\u2019une dame qui a perdu son enfant par n\u00e9gligence m\u00e9dicale\u00a0: Le Minist\u00e8re de la Sant\u00e9 joue au \u2018\u2019 M\u00e9decin apr\u00e8s la mort\u2019\u2019!"},"content":{"rendered":"\n<p><strong><em>L\u2019une des plaies des services de sant\u00e9 au Mali reste le manque de professionnalisme dans les conditions d\u2019accueil des patients dans les structures sanitaires du pays. Faire vivre le calvaire aux patients et \u00e0 leurs accompagnateurs semble devenir le nouveau serment d\u2019Hippocrate du personnel m\u00e9dical exer\u00e7ant dans nos centres de sant\u00e9. Le cas le plus r\u00e9cent a \u00e9t\u00e9 celui v\u00e9cu par une jeune dame, qui a eu le courage de raconter \u00e0 travers une vid\u00e9o sa triste aventure. Celle de la perte de&nbsp; son enfant qui avait une maladie respiratoire, par n\u00e9gligence dans sa prise en charge ad\u00e9quate. En lieu et place de sanctions, le minist\u00e8re en charge de la Sant\u00e9 s\u2019est fendu derri\u00e8re un communiqu\u00e9 laconique d\u2019avertissement. Du \u00ab&nbsp;M\u00e9decin apr\u00e8s la mort&nbsp;\u00bb&nbsp;!<\/em><\/strong><\/p>\n\n\n\n<p class=\"has-drop-cap\">C\u2019est devenu monnaie courante de&nbsp; voir d\u00e9crier les comportements d\u00e9cevants de nos agents de sant\u00e9 au sein des H\u00f4pitaux par les citoyens. En effet, le personnel de sant\u00e9 a la mission de soigner les patients, les consoler voire les soulager. Ils doivent \u00eatre l\u2019espoir des malades dans le but de leur faire recouvrer la sant\u00e9. Au Mali, de jour en jour, on assiste au contraire. Les plaintes pleuvent de partout surtout avec l\u2019av\u00e8nement des r\u00e9seaux sociaux. La derni\u00e8re date de la semaine \u00e9coul\u00e9e et qui a fait du toll\u00e9 sur la toile. Il s\u2019agit d\u2019une m\u00e8re qui a r\u00e9cemment perdu son enfant qui avait un souci respiratoire. Elle demande des comptes au personnel de Sant\u00e9 malien. Selon elle, son enfant a \u00e9t\u00e9 tardivement pris en charge (n\u2019eut-\u00e9t\u00e9 l\u2019intervention d\u2019un bras long par t\u00e9l\u00e9phone). Une histoire qui a jet\u00e9 du froid dans le dos de plus d\u2019un.<\/p>\n\n\n\n<p><strong>Le communiqu\u00e9 \u2018\u2019M\u00e9decin apr\u00e8s la mort\u2019\u2019 du Minist\u00e8re de la Sant\u00e9 et du D\u00e9veloppement Social<\/strong><\/p>\n\n\n\n<p>Suite \u00e0 la publication de cette vid\u00e9o, le Secr\u00e9tariat G\u00e9n\u00e9ral du Minist\u00e8re de la Sant\u00e9 et du D\u00e9veloppement Social a r\u00e9agi en ces termes&nbsp;:&nbsp;\u00ab Il m\u2019est revenu de constater des plaintes r\u00e9currentes de la part des usagers li\u00e9es \u00e0 la qualit\u00e9 de l\u2019accueil et de la prise en charge des patients dans les structures de soins notamment pendant les p\u00e9riodes de garde. Face \u00e0 cette situation, je vous invite, chacun en ce qui le concerne, \u00e0 prendre toutes les dispositions n\u00e9cessaires pour offrir des services et soins de qualit\u00e9 aux usagers. J\u2019attache du prix \u00e0 l\u2019ex\u00e9cution correcte de la pr\u00e9sente instruction\u00bb.<\/p>\n\n\n\n<p>Un communiqu\u00e9&nbsp; vide de sens devant l\u2019\u00e9moi suscit\u00e9 de mani\u00e8re g\u00e9n\u00e9rale suite \u00e0 la publication de la vid\u00e9o de la jeune Dame. Toute \u00e9vidence qui indique que la solution \u00e0 ce probl\u00e8me n\u2019est pas pour demain. Sans quoi, une enqu\u00eate \u00e0 l\u2019interne \u00e0 travers l\u2019Inspection de la Sant\u00e9 devrait \u00eatre ouverte afin d\u2019\u00e9tablir toutes les responsabilit\u00e9s dans cette affaire. Ce qui allait donner espoir \u00e0 la population que le D\u00e9partement veille \u00e0 ses int\u00e9r\u00eats. Au lieu de cela, le d\u00e9partement g\u00e9r\u00e9 par le Colonel Diawara Badiallo Tour\u00e9 n\u2019a trouv\u00e9 mieux que de tirer la couverture sur soi \u00e0 travers un communiqu\u00e9 laconique.<\/p>\n\n\n\n<p>En somme, les maliens ont toujours \u00e9t\u00e9 confront\u00e9s \u00e0 ces probl\u00e8mes de la part des agents de sant\u00e9, qui s\u2019en foutent de la d\u00e9ontologie m\u00e9dicale surtout en mati\u00e8re d\u2019accueil. Et les Autorit\u00e9s sanitaires se murent toujours dans un silence de cimeti\u00e8re. Peut-\u00eatre, qu\u2019elles pr\u00e9servent leurs bonnes relations avec les sections syndicales des personnels des h\u00f4pitaux. Tout cela au d\u00e9triment du droit \u00e0 la sant\u00e9 de la population. Si cela n\u2019est pas endigu\u00e9 \u00e0 temps, les morgues ne pourront plus contenir les corps. Si cela n\u2019est pas d\u00e9j\u00e0 le cas.<\/p>\n\n\n\n<p><strong>Mariam Sissoko<\/strong><\/p>\n","protected":false},"excerpt":{"rendered":"<p>L\u2019une des plaies des services de sant\u00e9 au Mali reste le manque de professionnalisme dans les conditions d\u2019accueil des patients dans les structures sanitaires du pays. Faire vivre le calvaire&hellip;<\/p>\n","protected":false},"author":1,"featured_media":18217,"comment_status":"open","ping_status":"open","sticky":false,"template":"","format":"standard","meta":{"content-type":"","_lmt_disableupdate":"","_lmt_disable":"","_jetpack_memberships_contains_paid_content":false,"footnotes":"","jetpack_publicize_message":"","jetpack_publicize_feature_enabled":true,"jetpack_social_post_already_shared":true,"jetpack_social_options":{"image_generator_settings":{"template":"highway","default_image_id":0,"font":"","enabled":false},"version":2}},"categories":[125,67,24],"tags":[],"class_list":["post-18216","post","type-post","status-publish","format-standard","has-post-thumbnail","hentry","category-actualite","category-le-sursaut","category-sante"],"jetpack_publicize_connections":[],"featured_image_urls":{"full":["https:\/\/nandi.info\/wp-content\/uploads\/2024\/04\/Colonel-Assa-Badiallo-Toure-ministre-de-la-Sante-et-du-Developpement-social.jpg",2048,1366,false],"thumbnail":["https:\/\/nandi.info\/wp-content\/uploads\/2024\/04\/Colonel-Assa-Badiallo-Toure-ministre-de-la-Sante-et-du-Developpement-social-150x150.jpg",150,150,true],"medium":["https:\/\/nandi.info\/wp-content\/uploads\/2024\/04\/Colonel-Assa-Badiallo-Toure-ministre-de-la-Sante-et-du-Developpement-social-300x200.jpg",300,200,true],"medium_large":["https:\/\/nandi.info\/wp-content\/uploads\/2024\/04\/Colonel-Assa-Badiallo-Toure-ministre-de-la-Sante-et-du-Developpement-social-768x512.jpg",768,512,true],"large":["https:\/\/nandi.info\/wp-content\/uploads\/2024\/04\/Colonel-Assa-Badiallo-Toure-ministre-de-la-Sante-et-du-Developpement-social-1024x683.jpg",1024,683,true],"1536x1536":["https:\/\/nandi.info\/wp-content\/uploads\/2024\/04\/Colonel-Assa-Badiallo-Toure-ministre-de-la-Sante-et-du-Developpement-social-1536x1025.jpg",1536,1025,true],"2048x2048":["https:\/\/nandi.info\/wp-content\/uploads\/2024\/04\/Colonel-Assa-Badiallo-Toure-ministre-de-la-Sante-et-du-Developpement-social.jpg",2048,1366,false],"penci-recipe-1200x1200":["https:\/\/nandi.info\/wp-content\/uploads\/2024\/04\/Colonel-Assa-Badiallo-Toure-ministre-de-la-Sante-et-du-Developpement-social.jpg",1200,800,false],"penci-recipe-1200x900":["https:\/\/nandi.info\/wp-content\/uploads\/2024\/04\/Colonel-Assa-Badiallo-Toure-ministre-de-la-Sante-et-du-Developpement-social.jpg",1200,800,false],"penci-recipe-1200x675":["https:\/\/nandi.info\/wp-content\/uploads\/2024\/04\/Colonel-Assa-Badiallo-Toure-ministre-de-la-Sante-et-du-Developpement-social.jpg",1012,675,false],"penci-single-full":["https:\/\/nandi.info\/wp-content\/uploads\/2024\/04\/Colonel-Assa-Badiallo-Toure-ministre-de-la-Sante-et-du-Developpement-social.jpg",1920,1281,false],"penci-slider-full-thumb":["https:\/\/nandi.info\/wp-content\/uploads\/2024\/04\/Colonel-Assa-Badiallo-Toure-ministre-de-la-Sante-et-du-Developpement-social.jpg",1199,800,false],"penci-full-thumb":["https:\/\/nandi.info\/wp-content\/uploads\/2024\/04\/Colonel-Assa-Badiallo-Toure-ministre-de-la-Sante-et-du-Developpement-social.jpg",1170,780,false],"penci-slider-thumb":["https:\/\/nandi.info\/wp-content\/uploads\/2024\/04\/Colonel-Assa-Badiallo-Toure-ministre-de-la-Sante-et-du-Developpement-social.jpg",994,663,false],"penci-magazine-slider":["https:\/\/nandi.info\/wp-content\/uploads\/2024\/04\/Colonel-Assa-Badiallo-Toure-ministre-de-la-Sante-et-du-Developpement-social.jpg",774,516,false],"penci-thumb":["https:\/\/nandi.info\/wp-content\/uploads\/2024\/04\/Colonel-Assa-Badiallo-Toure-ministre-de-la-Sante-et-du-Developpement-social.jpg",585,390,false],"penci-masonry-thumb":["https:\/\/nandi.info\/wp-content\/uploads\/2024\/04\/Colonel-Assa-Badiallo-Toure-ministre-de-la-Sante-et-du-Developpement-social.jpg",585,390,false],"penci-thumb-square":["https:\/\/nandi.info\/wp-content\/uploads\/2024\/04\/Colonel-Assa-Badiallo-Toure-ministre-de-la-Sante-et-du-Developpement-social.jpg",585,390,false],"penci-thumb-vertical":["https:\/\/nandi.info\/wp-content\/uploads\/2024\/04\/Colonel-Assa-Badiallo-Toure-ministre-de-la-Sante-et-du-Developpement-social.jpg",480,320,false],"penci-thumb-small":["https:\/\/nandi.info\/wp-content\/uploads\/2024\/04\/Colonel-Assa-Badiallo-Toure-ministre-de-la-Sante-et-du-Developpement-social.jpg",263,175,false]},"author_info":{"display_name":"Nandi","author_link":"https:\/\/nandi.info\/?author=1"},"category_info":"<a href=\"https:\/\/nandi.info\/?cat=125\" rel=\"category\">Actualit\u00e9<\/a> <a href=\"https:\/\/nandi.info\/?cat=67\" rel=\"category\">Le Sursaut<\/a> <a href=\"https:\/\/nandi.info\/?cat=24\" rel=\"category\">Sant\u00e9<\/a>","tag_info":"Sant\u00e9","comment_count":"0","jetpack_featured_media_url":"https:\/\/nandi.info\/wp-content\/uploads\/2024\/04\/Colonel-Assa-Badiallo-Toure-ministre-de-la-Sante-et-du-Developpement-social.jpg","jetpack_sharing_enabled":true,"_links":{"self":[{"href":"https:\/\/nandi.info\/index.php?rest_route=\/wp\/v2\/posts\/18216","targetHints":{"allow":["GET"]}}],"collection":[{"href":"https:\/\/nandi.info\/index.php?rest_route=\/wp\/v2\/posts"}],"about":[{"href":"https:\/\/nandi.info\/index.php?rest_route=\/wp\/v2\/types\/post"}],"author":[{"embeddable":true,"href":"https:\/\/nandi.info\/index.php?rest_route=\/wp\/v2\/users\/1"}],"replies":[{"embeddable":true,"href":"https:\/\/nandi.info\/index.php?rest_route=%2Fwp%2Fv2%2Fcomments&post=18216"}],"version-history":[{"count":1,"href":"https:\/\/nandi.info\/index.php?rest_route=\/wp\/v2\/posts\/18216\/revisions"}],"predecessor-version":[{"id":18218,"href":"https:\/\/nandi.info\/index.php?rest_route=\/wp\/v2\/posts\/18216\/revisions\/18218"}],"wp:featuredmedia":[{"embeddable":true,"href":"https:\/\/nandi.info\/index.php?rest_route=\/wp\/v2\/media\/18217"}],"wp:attachment":[{"href":"https:\/\/nandi.info\/index.php?rest_route=%2Fwp%2Fv2%2Fmedia&parent=18216"}],"wp:term":[{"taxonomy":"category","embeddable":true,"href":"https:\/\/nandi.info\/index.php?rest_route=%2Fwp%2Fv2%2Fcategories&post=18216"},{"taxonomy":"post_tag","embeddable":true,"href":"https:\/\/nandi.info\/index.php?rest_route=%2Fwp%2Fv2%2Ftags&post=18216"}],"curies":[{"name":"wp","href":"https:\/\/api.w.org\/{rel}","templated":true}]}}