{"id":18208,"date":"2024-04-22T23:44:52","date_gmt":"2024-04-22T21:44:52","guid":{"rendered":"https:\/\/nandi.info\/?p=18208"},"modified":"2024-04-22T23:44:58","modified_gmt":"2024-04-22T21:44:58","slug":"kalfa-sanogo-actuel-maire-de-sikasso-jette-la-pierre-dans-le-jardin-des-politiques-jai-honte-pour-les-politiciens-maliens","status":"publish","type":"post","link":"https:\/\/nandi.info\/?p=18208","title":{"rendered":"Kalfa SANOGO, actuel maire de Sikasso, jette la pierre dans le jardin des politiques\u00a0: \u00ab\u00a0J&rsquo;ai honte pour les politiciens maliens\u00a0\u00bb"},"content":{"rendered":"\n<p><strong><em>Au moment o\u00f9 les d\u00e9bats sont centr\u00e9s sur la d\u00e9cision de suspension des activit\u00e9s des partis politiques et des associations \u00e0 caract\u00e8re politique, le Maire de la r\u00e9gion de Sikasso, ancien cadre de l\u2019ADEMA-PASJ, Kalfa Sanogo, a d\u00e9cid\u00e9 de lancer un pav\u00e9 dans la mare politique nationale. Il a d\u00e9peint en noir le tableau des 30 ans de pratique d\u00e9mocratique, avant de conclure en ces termes&nbsp;: \u00abJ&rsquo;ai honte pour les politiciens maliens. J&rsquo;ai honte pour le Mouvement D\u00e9mocratique.&nbsp;\u00bb&nbsp;<\/em><\/strong><em><\/em><\/p>\n\n\n\n<p class=\"has-drop-cap\">Durant tout le weekend, cette note attribu\u00e9e \u00e0 l\u2019actuel Maire de Sikasso a suscit\u00e9 des r\u00e9actions sur les r\u00e9seaux sociaux. Ce, entre ceux qui soutiennent la d\u00e9cision de la transition \u00e0 mettre entre parenth\u00e8ses les activit\u00e9s des partis et activit\u00e9s politiques jusqu\u2019\u00e0 nouvel ordre et ceux qui s\u2019y opposent. Pourquoi, l\u2019\u00e9lu Kalfa Sanogo, ancien PDG de la CMDT et homme politique tr\u00e8s respect\u00e9 par les r\u00e9cents dirigeants du pays a choisi de faire cette sortie maintenant&nbsp;? Il sera-t-il d\u00e9menti par un protagoniste, ancien camarade politique&nbsp;?<\/p>\n\n\n\n<p>Telles sont entre autres questions pos\u00e9es par les uns et les autres. En attendant, nous vous livrons en int\u00e9gralit\u00e9 ladite note ci-dessous.&nbsp;&nbsp;&nbsp;&nbsp;&nbsp;<\/p>\n\n\n\n<p>\u00ab&nbsp;D\u00e9sol\u00e9 de le dire mais la classe politique actuelle s&rsquo;est d\u00e9voy\u00e9e de longue date et je n&rsquo;ai eu cesse de le d\u00e9noncer et par \u00e9crit depuis 1993 \u00e0 l&rsquo;organe dirigeant de mon parti l&rsquo;ADEMA et au Pr\u00e9sident Alpha Oumar Konar\u00e9. La majorit\u00e9 de mes camarades de lutte dans la clandestinit\u00e9 sous Moussa Traor\u00e9 ont trahi les id\u00e9aux pour lesquels nous nous battions. Tous les maux dont on parle aujourd&rsquo;hui, nous les avons amplifi\u00e9s quand nous sommes arriv\u00e9s au pouvoir en 1992. Comme se plaisait \u00e0 dire mon camarade et ami Ousmane Sy, nous avons d\u00e9mocratis\u00e9 la corruption. C&rsquo;est nous qui avons affaibli l&rsquo;arm\u00e9e. Je suis encore amer et dubitatif sur notre pratique de la d\u00e9mocratie avec des \u00e9lections b\u00e2cl\u00e9es et souvent truqu\u00e9es avec le fichier \u00e9lectoral galvaud\u00e9 en1997 par Madiassa Maguiraga, la crise qui a vu na\u00eetre le COPPO la m\u00eame ann\u00e9e avec l&rsquo;arrestation et l&#8217;emprisonnement de tous les leaders de ces partis politiques Me Mountaga Tall, Almamy Sylla, Choguel, etc. La scandaleuse candidature du G\u00e9n\u00e9ral ATT en 2022 qui n&rsquo;avait jamais d\u00e9missionn\u00e9 de l&rsquo;arm\u00e9e malienne comme l&rsquo;exigeait le code \u00e9lectoral sans compter SA tout aussi scandaleuse \u00e9lection avec l&rsquo;implication personnelle du pr\u00e9sident Alpha \u00e0 l&rsquo;\u00e9poque au vu et au su de tout le monde. Comme je l&rsquo;ai dit, j&rsquo;ai d\u00e9cri\u00e9 tout \u00e7a par \u00e9crit en son temps et j&rsquo;en ai gard\u00e9 copies pour l&rsquo;histoire. Le&nbsp; n\u00e9potisme, la gabegie, les march\u00e9s, etc ne datent pas d&rsquo;aujourd&rsquo;hui. On a vite oubli\u00e9 la grave crise \u00e9nerg\u00e9tique de 1999 qui nous a fait importer des turbines \u00e0 gaz de l&rsquo;Allemagne \u00e0 l&rsquo;\u00e9poque.<\/p>\n\n\n\n<p>Je peux faire un livre sur les 30 ans pass\u00e9s en d\u00e9mocratie \u00e0 la malienne avec pr\u00e8s de 300 partis pour une population de 22 millions de personnes. Les massacres de Ogossagou, Sobane da etc sous IBK sans compter le sous armement de&nbsp; d\u00e9fense \u00e0 l&rsquo;\u00e9poque. En tant qu&rsquo;acteur de la lutte pour la d\u00e9mocratie, j&rsquo;ai d\u00e9chant\u00e9 d\u00e8s le 26 mars 91 au matin quand nous nous sommes retrouv\u00e9s devant la Bourse du travail. Je l&rsquo;ai dit imm\u00e9diatement \u00e0 3 de mes compagnons avant de quitter de suite les lieux ; ils sont encore vivants et peuvent le t\u00e9moigner: Boubacar Monzon Traor\u00e9, Alpha Sow et Abdoul Aziz Diallo. Je leur ai dit s\u00e9ance tenante que nous avons \u00e9chou\u00e9 et que notre lutte a \u00e9t\u00e9 infiltr\u00e9e et r\u00e9cup\u00e9r\u00e9e par la France. Bref, je ne suis pas press\u00e9 de voir les jeunes colonels remettre les choses \u00e0&nbsp; ceux que je crois conna\u00eetre suffisamment.<\/p>\n\n\n\n<p>J&rsquo;ai honte pour les politiciens maliens. J&rsquo;ai honte pour le Mouvement D\u00e9mocratique&nbsp;\u00bb.<\/p>\n\n\n\n<p><strong>M. Diawara<\/strong><\/p>\n","protected":false},"excerpt":{"rendered":"<p>Au moment o\u00f9 les d\u00e9bats sont centr\u00e9s sur la d\u00e9cision de suspension des activit\u00e9s des partis politiques et des associations \u00e0 caract\u00e8re politique, le Maire de la r\u00e9gion de Sikasso,&hellip;<\/p>\n","protected":false},"author":1,"featured_media":18211,"comment_status":"open","ping_status":"open","sticky":false,"template":"","format":"standard","meta":{"content-type":"","_lmt_disableupdate":"","_lmt_disable":"","_jetpack_memberships_contains_paid_content":false,"footnotes":"","jetpack_publicize_message":"","jetpack_publicize_feature_enabled":true,"jetpack_social_post_already_shared":true,"jetpack_social_options":{"image_generator_settings":{"template":"highway","default_image_id":0,"font":"","enabled":false},"version":2}},"categories":[67,23],"tags":[],"class_list":["post-18208","post","type-post","status-publish","format-standard","has-post-thumbnail","hentry","category-le-sursaut","category-politique"],"jetpack_publicize_connections":[],"featured_image_urls":{"full":["https:\/\/nandi.info\/wp-content\/uploads\/2024\/04\/Kalifa-Sanogo.jpg",680,377,false],"thumbnail":["https:\/\/nandi.info\/wp-content\/uploads\/2024\/04\/Kalifa-Sanogo-150x150.jpg",150,150,true],"medium":["https:\/\/nandi.info\/wp-content\/uploads\/2024\/04\/Kalifa-Sanogo-300x166.jpg",300,166,true],"medium_large":["https:\/\/nandi.info\/wp-content\/uploads\/2024\/04\/Kalifa-Sanogo.jpg",680,377,false],"large":["https:\/\/nandi.info\/wp-content\/uploads\/2024\/04\/Kalifa-Sanogo.jpg",680,377,false],"1536x1536":["https:\/\/nandi.info\/wp-content\/uploads\/2024\/04\/Kalifa-Sanogo.jpg",680,377,false],"2048x2048":["https:\/\/nandi.info\/wp-content\/uploads\/2024\/04\/Kalifa-Sanogo.jpg",680,377,false],"penci-recipe-1200x1200":["https:\/\/nandi.info\/wp-content\/uploads\/2024\/04\/Kalifa-Sanogo.jpg",680,377,false],"penci-recipe-1200x900":["https:\/\/nandi.info\/wp-content\/uploads\/2024\/04\/Kalifa-Sanogo.jpg",680,377,false],"penci-recipe-1200x675":["https:\/\/nandi.info\/wp-content\/uploads\/2024\/04\/Kalifa-Sanogo.jpg",680,377,false],"penci-single-full":["https:\/\/nandi.info\/wp-content\/uploads\/2024\/04\/Kalifa-Sanogo.jpg",680,377,false],"penci-slider-full-thumb":["https:\/\/nandi.info\/wp-content\/uploads\/2024\/04\/Kalifa-Sanogo.jpg",680,377,false],"penci-full-thumb":["https:\/\/nandi.info\/wp-content\/uploads\/2024\/04\/Kalifa-Sanogo.jpg",680,377,false],"penci-slider-thumb":["https:\/\/nandi.info\/wp-content\/uploads\/2024\/04\/Kalifa-Sanogo.jpg",680,377,false],"penci-magazine-slider":["https:\/\/nandi.info\/wp-content\/uploads\/2024\/04\/Kalifa-Sanogo.jpg",680,377,false],"penci-thumb":["https:\/\/nandi.info\/wp-content\/uploads\/2024\/04\/Kalifa-Sanogo.jpg",585,324,false],"penci-masonry-thumb":["https:\/\/nandi.info\/wp-content\/uploads\/2024\/04\/Kalifa-Sanogo.jpg",585,324,false],"penci-thumb-square":["https:\/\/nandi.info\/wp-content\/uploads\/2024\/04\/Kalifa-Sanogo.jpg",585,324,false],"penci-thumb-vertical":["https:\/\/nandi.info\/wp-content\/uploads\/2024\/04\/Kalifa-Sanogo.jpg",480,266,false],"penci-thumb-small":["https:\/\/nandi.info\/wp-content\/uploads\/2024\/04\/Kalifa-Sanogo.jpg",263,146,false]},"author_info":{"display_name":"Nandi","author_link":"https:\/\/nandi.info\/?author=1"},"category_info":"<a href=\"https:\/\/nandi.info\/?cat=67\" rel=\"category\">Le Sursaut<\/a> <a href=\"https:\/\/nandi.info\/?cat=23\" rel=\"category\">Politique<\/a>","tag_info":"Politique","comment_count":"0","jetpack_featured_media_url":"https:\/\/nandi.info\/wp-content\/uploads\/2024\/04\/Kalifa-Sanogo.jpg","jetpack_sharing_enabled":true,"_links":{"self":[{"href":"https:\/\/nandi.info\/index.php?rest_route=\/wp\/v2\/posts\/18208","targetHints":{"allow":["GET"]}}],"collection":[{"href":"https:\/\/nandi.info\/index.php?rest_route=\/wp\/v2\/posts"}],"about":[{"href":"https:\/\/nandi.info\/index.php?rest_route=\/wp\/v2\/types\/post"}],"author":[{"embeddable":true,"href":"https:\/\/nandi.info\/index.php?rest_route=\/wp\/v2\/users\/1"}],"replies":[{"embeddable":true,"href":"https:\/\/nandi.info\/index.php?rest_route=%2Fwp%2Fv2%2Fcomments&post=18208"}],"version-history":[{"count":1,"href":"https:\/\/nandi.info\/index.php?rest_route=\/wp\/v2\/posts\/18208\/revisions"}],"predecessor-version":[{"id":18212,"href":"https:\/\/nandi.info\/index.php?rest_route=\/wp\/v2\/posts\/18208\/revisions\/18212"}],"wp:featuredmedia":[{"embeddable":true,"href":"https:\/\/nandi.info\/index.php?rest_route=\/wp\/v2\/media\/18211"}],"wp:attachment":[{"href":"https:\/\/nandi.info\/index.php?rest_route=%2Fwp%2Fv2%2Fmedia&parent=18208"}],"wp:term":[{"taxonomy":"category","embeddable":true,"href":"https:\/\/nandi.info\/index.php?rest_route=%2Fwp%2Fv2%2Fcategories&post=18208"},{"taxonomy":"post_tag","embeddable":true,"href":"https:\/\/nandi.info\/index.php?rest_route=%2Fwp%2Fv2%2Ftags&post=18208"}],"curies":[{"name":"wp","href":"https:\/\/api.w.org\/{rel}","templated":true}]}}