{"id":18185,"date":"2024-04-21T14:44:43","date_gmt":"2024-04-21T12:44:43","guid":{"rendered":"https:\/\/nandi.info\/?p=18185"},"modified":"2024-04-21T14:44:45","modified_gmt":"2024-04-21T12:44:45","slug":"affaires-etrangeres-les-decrets-de-9-ambassadeurs-abroges","status":"publish","type":"post","link":"https:\/\/nandi.info\/?p=18185","title":{"rendered":"Affaires \u00e9trang\u00e8res : Les d\u00e9crets de 9 ambassadeurs abrog\u00e9s"},"content":{"rendered":"\n<p><strong>Neuf ambassadeurs et deux conseillers diplomatiques viennent d\u2019\u00eatre rappel\u00e9s. Leurs d\u00e9crets de nomination ont \u00e9t\u00e9 abrog\u00e9s par le pr\u00e9sident de la Transition, le colonel Assimi Go\u00efta, le 5 avril 2024. Il s\u2019agit des ambassadeurs du Mali \u00e0 Rome, Conakry, Nouakchott, Ottawa, La Havane, Doha, Dakar, Abu Dhabi, Kigali.Alors que plusieurs nominations des ambassadeurs et des conseillers diplomatiques annonc\u00e9es depuis des moissemblent \u00eatre bloqu\u00e9es. On ne sait pas pourquoi ?<\/strong><\/p>\n\n\n\n<p>Au moment o\u00f9 tout le monde s\u2019attendait \u00e0 la nomination de nouveaux ambassadeurs au niveau des missions diplomatiques, le pr\u00e9sident de la Transition, le colonel Assimi Go\u00efta a abrog\u00e9 les d\u00e9crets de nominations de 9 ambassadeurs et 2 conseillers. Cela par d\u00e9cret n\u00b00223 en date du 5 avril 2024.<\/p>\n\n\n\n<p>Il s\u2019agit de l\u2019inspecteur des douanes, Aly Coulibaly en qualit\u00e9 d\u2019ambassadeur du Mali \u00e0 Rome, en Italie. Cet ancien directeur g\u00e9n\u00e9ral des douanes avait \u00e9t\u00e9 nomm\u00e9 \u00e0 ce poste par d\u00e9cret n\u00b0005-P-RM du 7 f\u00e9vrier 2019 par feu Ibrahim Boubacar K\u00e9ita. C\u2019est le 23 mai 2019 qu\u2019il a officiellement pr\u00e9sent\u00e9 ses lettres de cr\u00e9ance au pr\u00e9sident de la R\u00e9publique italienne puis au pr\u00e9sident de la Roumanie, au pr\u00e9sident de la R\u00e9publique tch\u00e8que, au pr\u00e9sident de la R\u00e9publique de Serbie, au pr\u00e9sident de Bulgarie. Sans oublier le directeur g\u00e9n\u00e9ral du Programme alimentaire mondial, le directeur g\u00e9n\u00e9ral de l\u2019Organisation des Nations unies pour l\u2019alimentation et l\u2019agriculture et au pr\u00e9sident du Fonds international de d\u00e9veloppement agricole.<\/p>\n\n\n\n<p>Nomm\u00e9 par d\u00e9cret 0202-P-RM du 8 mars 2019 en qualit\u00e9 d\u2019ambassadeur du Mali \u00e0 Conakry, Modibo Traor\u00e9, conseiller des affaires \u00e9trang\u00e8res, a \u00e9t\u00e9 aussi rappel\u00e9. Tout comme Mohamed Dibassy, Economiste de son \u00e9tat, en qualit\u00e9 d\u2019Ambassadeur du Mali \u00e0 Nouakchott, en Mauritanie (Il avait \u00e9t\u00e9 nomm\u00e9 par d\u00e9cret n\u00b00299 du 17 avril 2019).<\/p>\n\n\n\n<p>Mme Fatima Braoul\u00e9 M\u00e9\u00eft\u00e9, l\u2019une des filles d\u2019Aminata Dramane Traor\u00e9, n\u2019est plus ambassadeur du Mali au Canada et aupr\u00e8s de l\u2019Organisation de l\u2019aviation civile internationale (OACI) avec r\u00e9sidence \u00e0 Ottawa. Elle avait \u00e9t\u00e9 nomm\u00e9e par feu Ibrahim Boubacar K\u00e9ita par d\u00e9cret n\u00b00972-P-RM du 19 d\u00e9cembre 2019.<\/p>\n\n\n\n<p>Le d\u00e9cret n\u00b00973 du 19 d\u00e9cembre 2019 de l\u2019inspecteur g\u00e9n\u00e9ral de&nbsp; police, Mahamadou Diagouraga en qualit\u00e9 d\u2019ambassadeur du Mali \u00e0 Cuba, en Ha\u00efti, en Jama\u00efque, au Nicaragua, en R\u00e9publique dominicaine, au Guatemala, au San Salvador, au Belize, au Costa Rica, au Panama et en R\u00e9publique de Honduras, avec r\u00e9sidence \u00e0 La Havane, a \u00e9t\u00e9 \u00e9galement abrog\u00e9.<\/p>\n\n\n\n<p>L\u2019administrateur Amadou Dem et l\u2019ancien ministre Mohamed El Moctar ne sont plus ambassadeurs du Mali \u00e0 Doha (Qatar) et \u00e0 Dakar (S\u00e9n\u00e9gal) suite \u00e0 l\u2019abrogation de leurs d\u00e9crets de nomination par le colonel Assimi Go\u00efta, apr\u00e8s seulement 2 ans de service. Ils ont \u00e9t\u00e9 nomm\u00e9s par d\u00e9cret n\u00b00755-PT-RM du 29 octobre 2021.<\/p>\n\n\n\n<p>Nomm\u00e9 le 29 octobre 2021, Dianguina dit Yaya Doucour\u00e9 a \u00e9t\u00e9 rappel\u00e9 en qualit\u00e9 d\u2019ambassadeur du Mali \u00e0 Kigali, au Rwanda.<\/p>\n\n\n\n<p>Nomm\u00e9 par d\u00e9cret n\u00b00916 du pr\u00e9sident de la Transition du 21 d\u00e9cembre 2021 au poste d\u2019ambassadeur du Mali \u00e0 Abu Dhabi, Mamary Camara n\u2019a pas \u00e9t\u00e9 apparemment \u00e0 la hauteur pour remplacer Boukary Sidib\u00e9 dit Kolon. La coop\u00e9ration entre Bamako et Abu Dhabi \u00e9tait devenue inexistante depuis sa prise de fonction. Alors que les deux pays avaient de tr\u00e8s bons rapports en termes de coop\u00e9ration bilat\u00e9rale.<\/p>\n\n\n\n<p>Les deux conseillers relev\u00e9s ont pour noms : Youssouf Dramane Kon\u00e9 en qualit\u00e9 de 1er conseiller \u00e0 l\u2019ambassade du Mali \u00e0 Moscou et Mme Nientao Simone Loiseau Tah Philipe, traductrice-interpr\u00e8te, en qualit\u00e9 de charg\u00e9 de mission du d\u00e9partement des Affaires \u00e9trang\u00e8res et de la Coop\u00e9ration internationale. Elle avait \u00e9t\u00e9 nomm\u00e9e au cabinet par d\u00e9cret n\u00b00557-PT-RM du 27 ao\u00fbt 2021.<\/p>\n\n\n\n<p>On se rappelle que plusieurs cadres attendent avec impatience leurs nominations au niveau des ambassades et des consulats. Depuis des mois, les dossiers se trouvaient sur la table du ministre des Affaires \u00e9trang\u00e8res et de la Coop\u00e9ration internationale, Abdoulaye Diop. Finalement, selon nos informations, Koulouba a pris en main cette affaire de nominations.<\/p>\n\n\n\n<p>Certaines sources estiment que l\u2019une des raisons serait aussi du manque de \u201cmoyens financiers\u201d. Puisque les nominations au niveau des ambassades consomment d\u2019\u00e9normes ressources financi\u00e8res.<\/p>\n\n\n\n<p><strong>&nbsp;&nbsp;&nbsp;&nbsp;&nbsp; El Hadj A.B. HAIDARA<\/strong><\/p>\n","protected":false},"excerpt":{"rendered":"<p>Neuf ambassadeurs et deux conseillers diplomatiques viennent d\u2019\u00eatre rappel\u00e9s. Leurs d\u00e9crets de nomination ont \u00e9t\u00e9 abrog\u00e9s par le pr\u00e9sident de la Transition, le colonel Assimi Go\u00efta, le 5 avril 2024.&hellip;<\/p>\n","protected":false},"author":1,"featured_media":18188,"comment_status":"open","ping_status":"open","sticky":false,"template":"","format":"standard","meta":{"content-type":"","_lmt_disableupdate":"","_lmt_disable":"","_jetpack_memberships_contains_paid_content":false,"footnotes":"","jetpack_publicize_message":"","jetpack_publicize_feature_enabled":true,"jetpack_social_post_already_shared":true,"jetpack_social_options":{"image_generator_settings":{"template":"highway","default_image_id":0,"font":"","enabled":false},"version":2}},"categories":[19,105,23],"tags":[],"class_list":["post-18185","post","type-post","status-publish","format-standard","has-post-thumbnail","hentry","category-aujourdhui-mali","category-diplomatie","category-politique"],"jetpack_publicize_connections":[],"featured_image_urls":{"full":["https:\/\/nandi.info\/wp-content\/uploads\/2024\/04\/Abdoulaye-Diop8-696x464-1.jpg",696,464,false],"thumbnail":["https:\/\/nandi.info\/wp-content\/uploads\/2024\/04\/Abdoulaye-Diop8-696x464-1-150x150.jpg",150,150,true],"medium":["https:\/\/nandi.info\/wp-content\/uploads\/2024\/04\/Abdoulaye-Diop8-696x464-1-300x200.jpg",300,200,true],"medium_large":["https:\/\/nandi.info\/wp-content\/uploads\/2024\/04\/Abdoulaye-Diop8-696x464-1.jpg",696,464,false],"large":["https:\/\/nandi.info\/wp-content\/uploads\/2024\/04\/Abdoulaye-Diop8-696x464-1.jpg",696,464,false],"1536x1536":["https:\/\/nandi.info\/wp-content\/uploads\/2024\/04\/Abdoulaye-Diop8-696x464-1.jpg",696,464,false],"2048x2048":["https:\/\/nandi.info\/wp-content\/uploads\/2024\/04\/Abdoulaye-Diop8-696x464-1.jpg",696,464,false],"penci-recipe-1200x1200":["https:\/\/nandi.info\/wp-content\/uploads\/2024\/04\/Abdoulaye-Diop8-696x464-1.jpg",696,464,false],"penci-recipe-1200x900":["https:\/\/nandi.info\/wp-content\/uploads\/2024\/04\/Abdoulaye-Diop8-696x464-1.jpg",696,464,false],"penci-recipe-1200x675":["https:\/\/nandi.info\/wp-content\/uploads\/2024\/04\/Abdoulaye-Diop8-696x464-1.jpg",696,464,false],"penci-single-full":["https:\/\/nandi.info\/wp-content\/uploads\/2024\/04\/Abdoulaye-Diop8-696x464-1.jpg",696,464,false],"penci-slider-full-thumb":["https:\/\/nandi.info\/wp-content\/uploads\/2024\/04\/Abdoulaye-Diop8-696x464-1.jpg",696,464,false],"penci-full-thumb":["https:\/\/nandi.info\/wp-content\/uploads\/2024\/04\/Abdoulaye-Diop8-696x464-1.jpg",696,464,false],"penci-slider-thumb":["https:\/\/nandi.info\/wp-content\/uploads\/2024\/04\/Abdoulaye-Diop8-696x464-1.jpg",696,464,false],"penci-magazine-slider":["https:\/\/nandi.info\/wp-content\/uploads\/2024\/04\/Abdoulaye-Diop8-696x464-1.jpg",696,464,false],"penci-thumb":["https:\/\/nandi.info\/wp-content\/uploads\/2024\/04\/Abdoulaye-Diop8-696x464-1.jpg",585,390,false],"penci-masonry-thumb":["https:\/\/nandi.info\/wp-content\/uploads\/2024\/04\/Abdoulaye-Diop8-696x464-1.jpg",585,390,false],"penci-thumb-square":["https:\/\/nandi.info\/wp-content\/uploads\/2024\/04\/Abdoulaye-Diop8-696x464-1.jpg",585,390,false],"penci-thumb-vertical":["https:\/\/nandi.info\/wp-content\/uploads\/2024\/04\/Abdoulaye-Diop8-696x464-1.jpg",480,320,false],"penci-thumb-small":["https:\/\/nandi.info\/wp-content\/uploads\/2024\/04\/Abdoulaye-Diop8-696x464-1.jpg",263,175,false]},"author_info":{"display_name":"Nandi","author_link":"https:\/\/nandi.info\/?author=1"},"category_info":"<a href=\"https:\/\/nandi.info\/?cat=19\" rel=\"category\">Aujourd\u2019hui Mali<\/a> <a href=\"https:\/\/nandi.info\/?cat=105\" rel=\"category\">Diplomatie<\/a> <a href=\"https:\/\/nandi.info\/?cat=23\" rel=\"category\">Politique<\/a>","tag_info":"Politique","comment_count":"0","jetpack_featured_media_url":"https:\/\/nandi.info\/wp-content\/uploads\/2024\/04\/Abdoulaye-Diop8-696x464-1.jpg","jetpack_sharing_enabled":true,"_links":{"self":[{"href":"https:\/\/nandi.info\/index.php?rest_route=\/wp\/v2\/posts\/18185","targetHints":{"allow":["GET"]}}],"collection":[{"href":"https:\/\/nandi.info\/index.php?rest_route=\/wp\/v2\/posts"}],"about":[{"href":"https:\/\/nandi.info\/index.php?rest_route=\/wp\/v2\/types\/post"}],"author":[{"embeddable":true,"href":"https:\/\/nandi.info\/index.php?rest_route=\/wp\/v2\/users\/1"}],"replies":[{"embeddable":true,"href":"https:\/\/nandi.info\/index.php?rest_route=%2Fwp%2Fv2%2Fcomments&post=18185"}],"version-history":[{"count":1,"href":"https:\/\/nandi.info\/index.php?rest_route=\/wp\/v2\/posts\/18185\/revisions"}],"predecessor-version":[{"id":18189,"href":"https:\/\/nandi.info\/index.php?rest_route=\/wp\/v2\/posts\/18185\/revisions\/18189"}],"wp:featuredmedia":[{"embeddable":true,"href":"https:\/\/nandi.info\/index.php?rest_route=\/wp\/v2\/media\/18188"}],"wp:attachment":[{"href":"https:\/\/nandi.info\/index.php?rest_route=%2Fwp%2Fv2%2Fmedia&parent=18185"}],"wp:term":[{"taxonomy":"category","embeddable":true,"href":"https:\/\/nandi.info\/index.php?rest_route=%2Fwp%2Fv2%2Fcategories&post=18185"},{"taxonomy":"post_tag","embeddable":true,"href":"https:\/\/nandi.info\/index.php?rest_route=%2Fwp%2Fv2%2Ftags&post=18185"}],"curies":[{"name":"wp","href":"https:\/\/api.w.org\/{rel}","templated":true}]}}