{"id":18181,"date":"2024-04-21T01:48:15","date_gmt":"2024-04-20T23:48:15","guid":{"rendered":"https:\/\/nandi.info\/?p=18181"},"modified":"2024-04-21T01:48:19","modified_gmt":"2024-04-20T23:48:19","slug":"rencontre-professionnelle-du-conseil-national-du-patronat-du-mali-cnpm-le-potentiel-fiscal-de-lagriculture-evalue-a-plus-de-90-milliards-fcfa","status":"publish","type":"post","link":"https:\/\/nandi.info\/?p=18181","title":{"rendered":"Rencontre professionnelle du Conseil national du patronat du mali (CNPM) : Le potentiel fiscal de l\u2019agriculture \u00e9valu\u00e9 \u00e0 plus de 90 milliards FCFA"},"content":{"rendered":"\n<p><strong><em>Le ministre de l\u2019Agriculture, Lassine Demb\u00e9l\u00e9, \u00e9tait l\u2019invit\u00e9 de la Rencontre professionnelle du Conseil national du patronat du Mali (CNPM) qui s\u2019est tenue le jeudi 4 avril 2024 dans les locaux de l\u2019organisation ax\u00e9e sur \u201cLes entreprises agricoles au Mali : cadre l\u00e9gal, centre d\u2019int\u00e9r\u00eat et mode d\u2019emploi ?\u201d C\u2019\u00e9tait en pr\u00e9sence du pr\u00e9sident du CNPM, Mossadeck Bally, et les responsables des diff\u00e9rents secteurs professionnels de notre pays.<\/em><\/strong><\/p>\n\n\n\n<p class=\"has-drop-cap\">Apr\u00e8s les mots de bienvenue du pr\u00e9sident du Patronat, le ministre de l\u2019Agriculture, Lassine Demb\u00e9l\u00e9, a expliqu\u00e9 l\u2019\u00e9cosyst\u00e8me institutionnel et normatif de l\u2019agriculture au Mali. Et d\u2019ajouter que le cadre r\u00e9glementaire est compos\u00e9, entre autres, de : la loi n\u00b006-045 portant Loi d\u2019orientation agricole, la loi n\u00b0008 relative au contr\u00f4le de qualit\u00e9 des engrais, la loi n\u00b010-031 portant cr\u00e9ation du Fonds national d\u2019appui \u00e0 l\u2019agriculture (Fnaa), la loi n\u00b02011-040 portant statut des exploitations et des exploitants agricoles, la loi n\u00b02017-001 portant sur le foncier agricole.<\/p>\n\n\n\n<p>Evoquant la fiscalisation du secteur agricole notamment, \u00e0 travers l\u2019imp\u00f4t sur les b\u00e9n\u00e9fices agricoles (IBA), il dira que celle-ci est pr\u00e9vue par l\u2019article 99 (et suivants) du Code g\u00e9n\u00e9ral des imp\u00f4ts. Cependant, pr\u00e9cisera-t-il, cet imp\u00f4t ne frappe que les b\u00e9n\u00e9fices des exploitations non traditionnelles (immatricul\u00e9es). Cette application conditionn\u00e9e, selon lui, fait perdre plus de 90 milliards de nos francs \u00e0 l\u2019Etat parce que, selon les statistiques, sur plus 5710 entreprises agricoles seulement moins de 5 % sont immatricul\u00e9es.<\/p>\n\n\n\n<p>Pour inverser cette tendance, il a propos\u00e9 de faire une liste exhaustive<\/p>\n\n\n\n<p>de toutes les entreprises agricoles qui favorisera l\u2019implication de l\u2019Etat, car une entreprise doit \u00eatre immatricul\u00e9e pour pr\u00e9tendre b\u00e9n\u00e9ficier l\u2019appui de l\u2019Etat. Il a aussi relev\u00e9 la n\u00e9cessit\u00e9 d\u2019adopter un arr\u00eat\u00e9 interminist\u00e9riel pr\u00e9cisant les conditions d\u2019application de l\u2019IBA. Et de poursuivre que le projet de cet arr\u00eat\u00e9 interminist\u00e9riel n\u2019est pas encore \u00e9labor\u00e9 par le minist\u00e8re de l\u2019Economie et des Finances.<\/p>\n\n\n\n<p><strong>Faire du Mali un moteur de l\u2019\u00e9conomie agricole de la sous-r\u00e9gion<\/strong><\/p>\n\n\n\n<p>Selon le ministre de l\u2019Agriculture, faire du Mali un moteur de l\u2019\u00e9conomie agricole de la sous-r\u00e9gion, passe par la modernisation de l\u2019agriculture pour assurer l\u2019autosuffisance alimentaire, la valorisation de notre cha\u00eene de valeur afin de livrer des produits de qualit\u00e9 aux consommateurs parce que les agriculteurs doivent se conformer aux exigences des consommateurs ; l\u2019intensification des projets d\u2019am\u00e9nagement des terres pour en \u00e9lever le niveau d\u2019utilisation de ceux-ci qui est tr\u00e8s faible ; la s\u00e9curisation des espaces agricoles afin que les gens puissent avoir acc\u00e8s aux ressources financi\u00e8res et mettre en place des m\u00e9canismes pour les investisseurs dans le secteur agricole ; la pr\u00e9servationdes espaces agricoles \u00e0 travers des textes r\u00e9glementaires.<\/p>\n\n\n\n<p>En termes d\u2019actions prioritaires, il a laiss\u00e9 entendre que les actions prioritaires de son d\u00e9partement, pour l\u2019ann\u00e9e en cours, portent sur l\u2019am\u00e9lioration du Conseil agricole \u00e0 travers l\u2019adoption de la Politique nationale de conseil agricole et l\u2019institution du Syst\u00e8me national du conseil agricole ; l\u2019adoption de la Loi de programmation des investissements dans le secteur agricole ; le Recensement g\u00e9n\u00e9ral agricole (RGA) ; l\u2019intensification de l\u2019irrigation de proximit\u00e9 \u00e0 travers l\u2019adoption et la mise en \u0153uvre du PNIP2 ; le d\u00e9veloppement des Agropoles pour promouvoir l\u2019entrepreneuriat agricole ; le maintien et l\u2019am\u00e9lioration de la fertilit\u00e9 des sols \u00e0 travers la promotion de l\u2019agro\u00e9cologie et l\u2019\u00e9laboration d\u2019une carte de fertilit\u00e9 de nos sols.&nbsp;&nbsp;<em>\u201cLes actions mises en \u0153uvre par l\u2019\u00e9cosyst\u00e8me institutionnel de l\u2019agriculture visent \u00e0 faire du Mali une puissance agricole sous-r\u00e9gionale, o\u00f9 le secteur agricole sera un moteur de l\u2019\u00e9conomie nationale, assurant la s\u00e9curit\u00e9 alimentaire des populations urbaines et rurales et g\u00e9n\u00e9rant des emplois et des revenus significatifs dans une logique de d\u00e9veloppement durable, respectueux de l\u2019environnement\u201d,<\/em>&nbsp;a-t-il rench\u00e9ri.<\/p>\n\n\n\n<p>En perspectives, le d\u00e9partement de l\u2019Agriculture entend entre autres : d\u00e9velopper et la promouvoir l\u2019irrigation de proximit\u00e9 ; am\u00e9nager 5800 ha \u00e0 M\u2019B\u00e9wani \u00e0 travers le Projet d\u2019am\u00e9nagement commercial ; \u00e9quiper les exploitants agricoles avec un focus sur l\u2019acquisition des technologies adaptatives ; promouvoir l\u2019acc\u00e8s aux march\u00e9s \u00e0 travers l\u2019agro-industrie, exiger le respect des normes sanitaires et phytosanitaires ; s\u00e9curiser les exploitants agricoles ; s\u00e9curiser les terres d\u2019exp\u00e9rimentation et de recherche agricoles ; introduire les technologies climato-intelligentes dans les syst\u00e8mes de productions (agriculture, \u00e9levage, p\u00eache et aquaculture) ; adapter la m\u00e9canisation du secteur agricole et la promotion d\u2019une agriculture de transformation.<\/p>\n\n\n\n<p><strong>Mettre de l\u2019ordre dans le secteur de la distribution d\u2019engrais<\/strong><\/p>\n\n\n\n<p>A la suite du ministre, un intervenant a exprim\u00e9 ses inqui\u00e9tudes sur les diff\u00e9rents litiges fonciers qui menacent le secteur agricole. Avant de pr\u00e9ciser que la justice vers laquelle les parties se dirigent les d\u00e9partage, mais n\u2019\u00e9teint pas malheureusement les conflits. Donc, selon lui, il est n\u00e9cessaire d\u2019envisager d\u2019autres moyens de r\u00e8glement des conflits. Un autre a r\u00e9v\u00e9l\u00e9 qu\u2019il est impossible de booster l\u2019agriculture sans d\u00e9velopper le secteur semencier. Et d\u2019ajouter la n\u00e9cessit\u00e9 de mettre en place un syst\u00e8me de production des semences.<\/p>\n\n\n\n<p>Pour sa part, le pr\u00e9sident du CNPM, Mossadeck Bally, a laiss\u00e9 entendre qu\u2019il faut mettre de l\u2019ordre dans le secteur de la distribution d\u2019engrais qui est aujourd\u2019hui tr\u00e8s mal en point. Car, d\u00e9plorera-t-il, lors des campagnes, les vrais acteurs ayant une expertise tr\u00e8s pointue dans le domaine de la distribution des engrais sont \u00e9cart\u00e9s dans l\u2019octroi des march\u00e9s au profit d\u2019autres non sp\u00e9cialis\u00e9s. Il a aussi d\u00e9plor\u00e9 le manque de visibilit\u00e9 dans le secteur agricole. Avant d\u2019ajouter qu\u2019il faut identifier les fili\u00e8res porteuses pour attirer beaucoup d\u2019investisseurs, car le Mali est une puissance agricoles endormie.&nbsp;&nbsp;&nbsp;<strong>&nbsp;&nbsp;&nbsp;<\/strong><\/p>\n\n\n\n<p><strong>&nbsp; Boubacar Pa\u00eftao<\/strong><\/p>\n","protected":false},"excerpt":{"rendered":"<p>Le ministre de l\u2019Agriculture, Lassine Demb\u00e9l\u00e9, \u00e9tait l\u2019invit\u00e9 de la Rencontre professionnelle du Conseil national du patronat du Mali (CNPM) qui s\u2019est tenue le jeudi 4 avril 2024 dans les&hellip;<\/p>\n","protected":false},"author":1,"featured_media":18182,"comment_status":"open","ping_status":"open","sticky":false,"template":"","format":"standard","meta":{"content-type":"","_lmt_disableupdate":"","_lmt_disable":"","_jetpack_memberships_contains_paid_content":false,"footnotes":"","jetpack_publicize_message":"","jetpack_publicize_feature_enabled":true,"jetpack_social_post_already_shared":true,"jetpack_social_options":{"image_generator_settings":{"template":"highway","default_image_id":0,"font":"","enabled":false},"version":2}},"categories":[19,21],"tags":[],"class_list":["post-18181","post","type-post","status-publish","format-standard","has-post-thumbnail","hentry","category-aujourdhui-mali","category-societe"],"jetpack_publicize_connections":[],"featured_image_urls":{"full":["https:\/\/nandi.info\/wp-content\/uploads\/2024\/04\/CNPM.jpg",650,439,false],"thumbnail":["https:\/\/nandi.info\/wp-content\/uploads\/2024\/04\/CNPM-150x150.jpg",150,150,true],"medium":["https:\/\/nandi.info\/wp-content\/uploads\/2024\/04\/CNPM-300x203.jpg",300,203,true],"medium_large":["https:\/\/nandi.info\/wp-content\/uploads\/2024\/04\/CNPM.jpg",650,439,false],"large":["https:\/\/nandi.info\/wp-content\/uploads\/2024\/04\/CNPM.jpg",650,439,false],"1536x1536":["https:\/\/nandi.info\/wp-content\/uploads\/2024\/04\/CNPM.jpg",650,439,false],"2048x2048":["https:\/\/nandi.info\/wp-content\/uploads\/2024\/04\/CNPM.jpg",650,439,false],"penci-recipe-1200x1200":["https:\/\/nandi.info\/wp-content\/uploads\/2024\/04\/CNPM.jpg",650,439,false],"penci-recipe-1200x900":["https:\/\/nandi.info\/wp-content\/uploads\/2024\/04\/CNPM.jpg",650,439,false],"penci-recipe-1200x675":["https:\/\/nandi.info\/wp-content\/uploads\/2024\/04\/CNPM.jpg",650,439,false],"penci-single-full":["https:\/\/nandi.info\/wp-content\/uploads\/2024\/04\/CNPM.jpg",650,439,false],"penci-slider-full-thumb":["https:\/\/nandi.info\/wp-content\/uploads\/2024\/04\/CNPM.jpg",650,439,false],"penci-full-thumb":["https:\/\/nandi.info\/wp-content\/uploads\/2024\/04\/CNPM.jpg",650,439,false],"penci-slider-thumb":["https:\/\/nandi.info\/wp-content\/uploads\/2024\/04\/CNPM.jpg",650,439,false],"penci-magazine-slider":["https:\/\/nandi.info\/wp-content\/uploads\/2024\/04\/CNPM.jpg",650,439,false],"penci-thumb":["https:\/\/nandi.info\/wp-content\/uploads\/2024\/04\/CNPM.jpg",577,390,false],"penci-masonry-thumb":["https:\/\/nandi.info\/wp-content\/uploads\/2024\/04\/CNPM.jpg",585,395,false],"penci-thumb-square":["https:\/\/nandi.info\/wp-content\/uploads\/2024\/04\/CNPM.jpg",585,395,false],"penci-thumb-vertical":["https:\/\/nandi.info\/wp-content\/uploads\/2024\/04\/CNPM.jpg",480,324,false],"penci-thumb-small":["https:\/\/nandi.info\/wp-content\/uploads\/2024\/04\/CNPM.jpg",259,175,false]},"author_info":{"display_name":"Nandi","author_link":"https:\/\/nandi.info\/?author=1"},"category_info":"<a href=\"https:\/\/nandi.info\/?cat=19\" rel=\"category\">Aujourd\u2019hui Mali<\/a> <a href=\"https:\/\/nandi.info\/?cat=21\" rel=\"category\">Soci\u00e9t\u00e9<\/a>","tag_info":"Soci\u00e9t\u00e9","comment_count":"0","jetpack_featured_media_url":"https:\/\/nandi.info\/wp-content\/uploads\/2024\/04\/CNPM.jpg","jetpack_sharing_enabled":true,"_links":{"self":[{"href":"https:\/\/nandi.info\/index.php?rest_route=\/wp\/v2\/posts\/18181","targetHints":{"allow":["GET"]}}],"collection":[{"href":"https:\/\/nandi.info\/index.php?rest_route=\/wp\/v2\/posts"}],"about":[{"href":"https:\/\/nandi.info\/index.php?rest_route=\/wp\/v2\/types\/post"}],"author":[{"embeddable":true,"href":"https:\/\/nandi.info\/index.php?rest_route=\/wp\/v2\/users\/1"}],"replies":[{"embeddable":true,"href":"https:\/\/nandi.info\/index.php?rest_route=%2Fwp%2Fv2%2Fcomments&post=18181"}],"version-history":[{"count":1,"href":"https:\/\/nandi.info\/index.php?rest_route=\/wp\/v2\/posts\/18181\/revisions"}],"predecessor-version":[{"id":18183,"href":"https:\/\/nandi.info\/index.php?rest_route=\/wp\/v2\/posts\/18181\/revisions\/18183"}],"wp:featuredmedia":[{"embeddable":true,"href":"https:\/\/nandi.info\/index.php?rest_route=\/wp\/v2\/media\/18182"}],"wp:attachment":[{"href":"https:\/\/nandi.info\/index.php?rest_route=%2Fwp%2Fv2%2Fmedia&parent=18181"}],"wp:term":[{"taxonomy":"category","embeddable":true,"href":"https:\/\/nandi.info\/index.php?rest_route=%2Fwp%2Fv2%2Fcategories&post=18181"},{"taxonomy":"post_tag","embeddable":true,"href":"https:\/\/nandi.info\/index.php?rest_route=%2Fwp%2Fv2%2Ftags&post=18181"}],"curies":[{"name":"wp","href":"https:\/\/api.w.org\/{rel}","templated":true}]}}