{"id":18174,"date":"2024-04-21T01:08:21","date_gmt":"2024-04-20T23:08:21","guid":{"rendered":"https:\/\/nandi.info\/?p=18174"},"modified":"2024-04-21T01:15:42","modified_gmt":"2024-04-20T23:15:42","slug":"nouveau-gouvernement-du-senegal-la-rebellion-casamancaise-premiere-patate-chaude","status":"publish","type":"post","link":"https:\/\/nandi.info\/?p=18174","title":{"rendered":"Nouveau gouvernement du S\u00e9n\u00e9gal : La r\u00e9bellion casaman\u00e7aise, premi\u00e8re patate chaude !"},"content":{"rendered":"\n<p><strong><em>Au S\u00e9n\u00e9gal, \u00e0 peine le nouveau gouvernement install\u00e9, des rebelles casaman\u00e7ais, parlant au nom du Mouvement des Forces d\u00e9mocratiques de la Casamance (MFDC) multiplient les sorties m\u00e9diatiques pour interpeller le nouveau gouvernement sur ce dossier qui n\u2019a pas \u00e9t\u00e9 cit\u00e9 parmi les priorit\u00e9s cit\u00e9es par le pr\u00e9sident Bassirou Diomaye Faye. La r\u00e9solution de la crise casaman\u00e7aise est ce<\/em><\/strong><strong><em>rtes une priorit\u00e9, mais d\u2019ores et d\u00e9j\u00e0, en mettent l\u2019accent sur le caract\u00e8re non n\u00e9gociable de leur d\u00e9sir \u201cd\u2019ind\u00e9pendance\u201d, les porte-paroles font monter les ench\u00e8res.<\/em><\/strong><\/p>\n\n\n\n<p class=\"has-drop-cap\">Au S\u00e9n\u00e9gal, la premi\u00e8re patate chaude est d\u00e9j\u00e0 entre les mains du Premier ministre, Ousmane Sonko. Reste \u00e0 savoir comment il s\u2019y prendra pour ne pas se br\u00fbler les doigts. Il s\u2019agit du dossier de la r\u00e9bellion casaman\u00e7aise. Non contents de ne pas voir ce dossier mentionn\u00e9 parmi les priorit\u00e9s dans les premiers discours du nouveau pr\u00e9sident de la R\u00e9publique, des gens se r\u00e9clamant du Mouvement des forces d\u00e9mocratiques de la Casamance, ce mouvement de r\u00e9bellion qui lutte pour l\u2019ind\u00e9pendance de cette partie sud du S\u00e9n\u00e9gal, ont cru bon de se faire entendre \u00e0 travers plusieurs vid\u00e9os et des sorties m\u00e9diatiques, au micro de radios locales. Ils rappellent que le dossier de la Casamance doit \u00eatre une priorit\u00e9. Ce qui est un secret de polichinelle, m\u00eame si le nouveau pr\u00e9sident de la R\u00e9publique, Bassirou Diomaye Faye, ne l\u2019a pas sp\u00e9cifi\u00e9. C\u2019est une question nationale \u00e0 laquelle il faudra apporter une r\u00e9ponse appropri\u00e9e.<\/p>\n\n\n\n<p>Mais quand, d\u00e9j\u00e0, les porte-paroles (vrais ou improvis\u00e9s) du MFDC tentent de faire monter les ench\u00e8res, l\u2019affaire prend une autre tournure. Ils rappellent que&nbsp;<strong>\u201cl\u2019ind\u00e9pendance n\u2019est pas n\u00e9gociable\u201d<\/strong>. C\u2019est donc une menace qu\u2019ils font peser sur l\u2019int\u00e9grit\u00e9 territoriale du S\u00e9n\u00e9gal.<\/p>\n\n\n\n<p>La situation n\u2019est donc pas du tout confortable pour le duo au pouvoir, notamment le Premier ministre Ousmane Sonko et le pr\u00e9sident de la R\u00e9publique, Bassirou Diomaye Faye, m\u00eame si un des ministres de ce nouveau gouvernement, notamment celui en charge de la Fonction publique et de la r\u00e9forme du service public, Olivier Boucal, est un des dirigeants reconnus du MFDC.<\/p>\n\n\n\n<p>A quel titre est-il venu alors si\u00e9ger dans le gouvernement \u00e9tant connu comme un donneur de mot d\u2019ordre attitr\u00e9 de ce mouvement de r\u00e9bellion ? Va-t-il user de sa posture actuelle pour convaincre ses ouailles de renoncer \u00e0 leur folle demande d\u2019ind\u00e9pendance de la Casamance ? Rien n\u2019est moins s\u00fbr, si nous savons que le chef supr\u00eame du MFDC, le radical N\u2019krumah San\u00e9, ne pipe mot jusqu\u2019\u00e0 pr\u00e9sent. D\u2019ailleurs, c\u2019est son habitude de ne pas commenter le changement de r\u00e9gime ou de gouvernement au S\u00e9n\u00e9gal, estimant, selon ses proches, que ce genre d\u2019affaires ne concerne pas le MFDC.<\/p>\n\n\n\n<p>Rappelons que le jeune Premier ministre du S\u00e9n\u00e9gal, Ousmane Sonko, pers\u00e9cut\u00e9 en son temps par le r\u00e9gime de Macky Sall, s\u2019est souvenu brusquement de ses racines casaman\u00e7aises pour aller jeter son ancre politique \u00e0 Ziguinchor, la capitale d\u2019une des plus grandes r\u00e9gions de la r\u00e9gion naturelle de la verte Casamance, zone que convoite la r\u00e9bellion pour y asseoir son influence. Il y a b\u00e9n\u00e9fici\u00e9 d\u2019un soutien s\u00fbr. Ainsi, il a \u00e9t\u00e9 propuls\u00e9 \u00e0 la t\u00eate de la mairie de Ziguinchor. Mais quel type de relations l\u2019actuel Premier ministre entretenait-il avec la r\u00e9bellion casaman\u00e7aise, au point que des&nbsp;<strong><em>\u201cchefs-rebelles\u201d<\/em><\/strong>, \u00e0 l\u2019instar de celui nomm\u00e9 actuellement ministre, Olivier Boucal, aient os\u00e9 tancer directement le r\u00e9gime de Macky Sall pour prendre la d\u00e9fense du maire ? Si les manifestations pro Sonko les plus violentes ont \u00e9t\u00e9 not\u00e9es \u00e0 Ziguinchor, ce ne fut donc pas un hasard. Ceci, expliquant cela.<\/p>\n\n\n\n<p>Cependant, compromission ou simple accompagnement du MFDC ? Les jours \u00e0 venir nous en diront plus parce que, par leur fa\u00e7on de s\u2019exprimer, certains orateurs se r\u00e9clamant du MFDC semblent croire que, Sonko \u00e9tant devenu Premier ministre et ayant permis l\u2019\u00e9lection de Bassirou Diomaye Faye qualifi\u00e9 m\u00eame de&nbsp;<strong>\u201cb\u00e9b\u00e9\u201d<\/strong>&nbsp;au passage, le probl\u00e8me casaman\u00e7ais sera r\u00e9solu. Soit ! Mais lorsqu\u2019ils pr\u00e9tendent que l\u2019ind\u00e9pendance est&nbsp;<strong>\u201cnon n\u00e9gociable\u201d<\/strong>, cela risque d\u2019\u00eatre la source de la rupture avec Ousmane Sonko qui devra d\u2019ailleurs, par respect \u00e0 ses engagements, d\u00e9missionner de son poste de maire de Ziguinchor pour ne pas \u00eatre dans un cumul de fonction rejet\u00e9 par les principes e gouvernance de rupture tant pr\u00f4n\u00e9s devant les S\u00e9n\u00e9galais par son parti, le PASTEF. La perte de son fauteuil de maire de Ziguinchor est-elle donc une bonne option avec ce qui se dessine d\u00e9j\u00e0 ?<\/p>\n\n\n\n<p><strong>Amadou Bamba NIANG<\/strong><\/p>\n\n\n\n<p><strong>Journaliste et Consultant<\/strong><\/p>\n","protected":false},"excerpt":{"rendered":"<p>Au S\u00e9n\u00e9gal, \u00e0 peine le nouveau gouvernement install\u00e9, des rebelles casaman\u00e7ais, parlant au nom du Mouvement des Forces d\u00e9mocratiques de la Casamance (MFDC) multiplient les sorties m\u00e9diatiques pour interpeller le&hellip;<\/p>\n","protected":false},"author":1,"featured_media":18175,"comment_status":"open","ping_status":"open","sticky":false,"template":"","format":"standard","meta":{"content-type":"","_lmt_disableupdate":"","_lmt_disable":"","_jetpack_memberships_contains_paid_content":false,"footnotes":"","jetpack_publicize_message":"","jetpack_publicize_feature_enabled":true,"jetpack_social_post_already_shared":true,"jetpack_social_options":{"image_generator_settings":{"template":"highway","default_image_id":0,"font":"","enabled":false},"version":2}},"categories":[19,57],"tags":[],"class_list":["post-18174","post","type-post","status-publish","format-standard","has-post-thumbnail","hentry","category-aujourdhui-mali","category-international"],"jetpack_publicize_connections":[],"featured_image_urls":{"full":["https:\/\/nandi.info\/wp-content\/uploads\/2024\/04\/Songo-Bassuriou.jpg",680,425,false],"thumbnail":["https:\/\/nandi.info\/wp-content\/uploads\/2024\/04\/Songo-Bassuriou-150x150.jpg",150,150,true],"medium":["https:\/\/nandi.info\/wp-content\/uploads\/2024\/04\/Songo-Bassuriou-300x188.jpg",300,188,true],"medium_large":["https:\/\/nandi.info\/wp-content\/uploads\/2024\/04\/Songo-Bassuriou.jpg",680,425,false],"large":["https:\/\/nandi.info\/wp-content\/uploads\/2024\/04\/Songo-Bassuriou.jpg",680,425,false],"1536x1536":["https:\/\/nandi.info\/wp-content\/uploads\/2024\/04\/Songo-Bassuriou.jpg",680,425,false],"2048x2048":["https:\/\/nandi.info\/wp-content\/uploads\/2024\/04\/Songo-Bassuriou.jpg",680,425,false],"penci-recipe-1200x1200":["https:\/\/nandi.info\/wp-content\/uploads\/2024\/04\/Songo-Bassuriou.jpg",680,425,false],"penci-recipe-1200x900":["https:\/\/nandi.info\/wp-content\/uploads\/2024\/04\/Songo-Bassuriou.jpg",680,425,false],"penci-recipe-1200x675":["https:\/\/nandi.info\/wp-content\/uploads\/2024\/04\/Songo-Bassuriou.jpg",680,425,false],"penci-single-full":["https:\/\/nandi.info\/wp-content\/uploads\/2024\/04\/Songo-Bassuriou.jpg",680,425,false],"penci-slider-full-thumb":["https:\/\/nandi.info\/wp-content\/uploads\/2024\/04\/Songo-Bassuriou.jpg",680,425,false],"penci-full-thumb":["https:\/\/nandi.info\/wp-content\/uploads\/2024\/04\/Songo-Bassuriou.jpg",680,425,false],"penci-slider-thumb":["https:\/\/nandi.info\/wp-content\/uploads\/2024\/04\/Songo-Bassuriou.jpg",680,425,false],"penci-magazine-slider":["https:\/\/nandi.info\/wp-content\/uploads\/2024\/04\/Songo-Bassuriou.jpg",680,425,false],"penci-thumb":["https:\/\/nandi.info\/wp-content\/uploads\/2024\/04\/Songo-Bassuriou.jpg",585,366,false],"penci-masonry-thumb":["https:\/\/nandi.info\/wp-content\/uploads\/2024\/04\/Songo-Bassuriou.jpg",585,366,false],"penci-thumb-square":["https:\/\/nandi.info\/wp-content\/uploads\/2024\/04\/Songo-Bassuriou.jpg",585,366,false],"penci-thumb-vertical":["https:\/\/nandi.info\/wp-content\/uploads\/2024\/04\/Songo-Bassuriou.jpg",480,300,false],"penci-thumb-small":["https:\/\/nandi.info\/wp-content\/uploads\/2024\/04\/Songo-Bassuriou.jpg",263,164,false]},"author_info":{"display_name":"Nandi","author_link":"https:\/\/nandi.info\/?author=1"},"category_info":"<a href=\"https:\/\/nandi.info\/?cat=19\" rel=\"category\">Aujourd\u2019hui Mali<\/a> <a href=\"https:\/\/nandi.info\/?cat=57\" rel=\"category\">International<\/a>","tag_info":"International","comment_count":"0","jetpack_featured_media_url":"https:\/\/nandi.info\/wp-content\/uploads\/2024\/04\/Songo-Bassuriou.jpg","jetpack_sharing_enabled":true,"_links":{"self":[{"href":"https:\/\/nandi.info\/index.php?rest_route=\/wp\/v2\/posts\/18174","targetHints":{"allow":["GET"]}}],"collection":[{"href":"https:\/\/nandi.info\/index.php?rest_route=\/wp\/v2\/posts"}],"about":[{"href":"https:\/\/nandi.info\/index.php?rest_route=\/wp\/v2\/types\/post"}],"author":[{"embeddable":true,"href":"https:\/\/nandi.info\/index.php?rest_route=\/wp\/v2\/users\/1"}],"replies":[{"embeddable":true,"href":"https:\/\/nandi.info\/index.php?rest_route=%2Fwp%2Fv2%2Fcomments&post=18174"}],"version-history":[{"count":2,"href":"https:\/\/nandi.info\/index.php?rest_route=\/wp\/v2\/posts\/18174\/revisions"}],"predecessor-version":[{"id":18179,"href":"https:\/\/nandi.info\/index.php?rest_route=\/wp\/v2\/posts\/18174\/revisions\/18179"}],"wp:featuredmedia":[{"embeddable":true,"href":"https:\/\/nandi.info\/index.php?rest_route=\/wp\/v2\/media\/18175"}],"wp:attachment":[{"href":"https:\/\/nandi.info\/index.php?rest_route=%2Fwp%2Fv2%2Fmedia&parent=18174"}],"wp:term":[{"taxonomy":"category","embeddable":true,"href":"https:\/\/nandi.info\/index.php?rest_route=%2Fwp%2Fv2%2Fcategories&post=18174"},{"taxonomy":"post_tag","embeddable":true,"href":"https:\/\/nandi.info\/index.php?rest_route=%2Fwp%2Fv2%2Ftags&post=18174"}],"curies":[{"name":"wp","href":"https:\/\/api.w.org\/{rel}","templated":true}]}}