{"id":18155,"date":"2024-04-19T10:54:43","date_gmt":"2024-04-19T08:54:43","guid":{"rendered":"https:\/\/nandi.info\/?p=18155"},"modified":"2024-04-19T10:54:47","modified_gmt":"2024-04-19T08:54:47","slug":"le-mali-a-la-croisee-des-chemins-les-maliens-seduits-par-la-methode-kagame-pour-pallier-lechec-des-democrates-a-impulser-lemergence-du-pays","status":"publish","type":"post","link":"https:\/\/nandi.info\/?p=18155","title":{"rendered":"Le Mali \u00e0 la crois\u00e9e des chemins : Les Maliens s\u00e9duits par la m\u00e9thode Kagame pour pallier l\u2019\u00e9chec des d\u00e9mocrates \u00e0 impulser l\u2019\u00e9mergence du pays ?"},"content":{"rendered":"\n<p><strong>Le 26 mars 1991, la d\u00e9mocratie est officiellement n\u00e9e au Mali du sang des Martyrs d\u2019une r\u00e9pression sanglante visant \u00e0 l\u2019\u00e9touffer dans l\u2019\u0153uf. Le 4 juillet 1994, le Rwanda est entr\u00e9 dans une \u00e8re marqu\u00e9e par la lib\u00e9ration du pays apr\u00e8s des \u00abd\u00e9cennies de division, de discrimination, de d\u00e9possession d\u2019une partie de la population et de pogroms p\u00e9riodiques\u00bb. Si 30 ans apr\u00e8s le g\u00e9nocide qui a fait (selon les Nations unies), plus de 800 000 morts (en majorit\u00e9 des Tutsis), le Rwanda&nbsp; affiche un niveau de d\u00e9veloppement envi\u00e9 sur le continent, la d\u00e9mocratie ne semble accoucher que de crises et de d\u00e9sillusion au Mali 33 ans apr\u00e8s son av\u00e8nement. Faut-il alors continuer \u00e0 perp\u00e9tuer ce syst\u00e8me politique multipartite sans tenir compte de nos r\u00e9alit\u00e9s socioculturelles et des aspirations r\u00e9elles des populations ? Les avis sont naturellement partag\u00e9s. Mais, pour de nombreux Maliens, le Rwanda nous montre la voie \u00e0 suivre \u00e0 bien des \u00e9gards.<\/strong><\/p>\n\n\n\n<p><strong>&nbsp;<\/strong>\u00ab<em>J\u2019ai perdu connaissance. Lorsque je me suis r\u00e9veill\u00e9e, tout le monde \u00e9tait mort et ils \u00e9taient en train de nous recouvrir de terre comme si de rien n\u2019\u00e9tait<\/em>\u00bb, se rappelle Frida Umuhoza. Vivant aujourd\u2019hui en Australie, elle est l\u2019un des t\u00e9moins vivants du \u00ab<em>pire \u00e9v\u00e9nement de la fin du 21e si\u00e8cle<\/em>\u00bb&nbsp;: le g\u00e9nocide rwandais&nbsp;! un effroyable massacre de sang froid qui a commenc\u00e9 au lendemain de la mort du pr\u00e9sident Habyarimana dont l\u2019avion a \u00e9t\u00e9 abattu alors qu\u2019il revenait d\u2019un sommet \u00e0 Arusha (Tanzanie), o\u00f9 se n\u00e9gociaient les accords visant \u00e0 mettre fin \u00e0 la guerre civile rwandaise commenc\u00e9e en 1990.<\/p>\n\n\n\n<p>\u00ab<em>D\u00e8s le lendemain, la machine de mort des extr\u00e9mistes hutu se met en marche. Jusqu\u2019en juillet, les Tutsi sont extermin\u00e9s \u00e0 coups de machette, br\u00fbl\u00e9s vifs ou mitraill\u00e9s<\/em>\u00bb, peut-on lire dans une synth\u00e8se d\u2019article publi\u00e9e par \u00ab<em>Courrier international<\/em>\u00bb (N\u00b01744 du 4 au 10 avril 2024) \u00e0 l\u2019occasion des 30 ans du g\u00e9nocide. Durant une centaine de jours, des hordes de Hutu (population majoritaire) ont massacr\u00e9 des centaines de milliers de leurs compatriotes, essentiellement des Tutsis. Selon les chiffres des Nations unies, ce g\u00e9nocide a fait pr\u00e8s de 800 000 victimes. Mais, 30 ans apr\u00e8s, ce pays meurtri a su panser ses plaies pour rena\u00eetre des cendres du g\u00e9nocide. Aujourd\u2019hui, il est beaucoup plus question de \u00ab<em>miracle rwandais<\/em>\u00bb m\u00eame si les terribles souvenirs resteront longtemps fig\u00e9s dans la m\u00e9moire collective.<\/p>\n\n\n\n<p>Pays \u00e9mergent, le Rwanda a connu un d\u00e9veloppement rapide avec des r\u00e9sultats \u00e9conomiques enviables partout sur le continent et lou\u00e9s dans le monde. Ainsi, le PIB a progress\u00e9 de plus de 8 % par an en moyenne de 1995 \u00e0 2022. L\u2019esp\u00e9rance de vie a augment\u00e9 de 49 \u00e0 66 ans entre 2001 et 2021 avec une forte baisse de la mortalit\u00e9 infantile. En trois d\u00e9cennies, le Rwanda s\u2019est \u00e9galement impos\u00e9 comme \u00ab<em>un acteur s\u00e9curitaire incontournable en Afrique<\/em>\u00bb selon le magazine am\u00e9ricain, \u00ab<em>Foreign Policy<\/em>\u00bb. Aujourd\u2019hui, le pays joue \u00e0 merveille le r\u00f4le de \u00ab<em>Gendarme de l\u2019Afrique<\/em>\u00bb (intervention en Centrafrique et au Mozambique).<\/p>\n\n\n\n<p><strong>\u00abUn phare de progr\u00e8s allum\u00e9 sur les braises du g\u00e9nocide\u00bb&nbsp;!<\/strong><\/p>\n\n\n\n<p>\u00ab<em>Le Rwanda est aujourd\u2019hui un miracle o\u00f9 r\u00e8gnent la paix, l\u2019unit\u00e9 et la prosp\u00e9rit\u00e9&nbsp;; un phare de progr\u00e8s allum\u00e9 sur les braises du g\u00e9nocide<\/em>\u00bb, reconnaissent de nombreux observateurs. \u00ab<em>Trente ans, c\u2019est une courte p\u00e9riode, mais il n\u2019est pas exag\u00e9r\u00e9 de dire que, pendant ce temps, le Rwanda semble avoir accompli l\u2019\u0153uvre d\u2019un si\u00e8cle<\/em>\u00bb, a r\u00e9cemment comment\u00e9 un \u00e9ditorialiste du \u00ab<em>New Times<\/em>\u00bb (Rwanda). En rappelant que le g\u00e9nocide a \u00e9t\u00e9 stopp\u00e9 par \u00ab<em>les Rwandais<\/em>\u00bb, il n\u2019a pas cach\u00e9 son admiration pour \u00ab<em>le courage et l\u2019altruisme de ceux qui l\u2019ont fait&nbsp;; le d\u00e9fi, le refus d\u2019\u00eatre an\u00e9anti ou bris\u00e9&nbsp;; et la d\u00e9termination \u00e0 vivre \u00e0 reconstruire et m\u00eame \u00e0 prosp\u00e9rer<\/em>\u00bb.<\/p>\n\n\n\n<p>Mais, qu\u2019\u00e0 cela ne tienne&nbsp;! Les d\u00e9tracteurs du pr\u00e9sident rwandais font fi de son sens du \u00ab<em>realpolitik<\/em>\u00bb pour s\u2019attarder sur \u00ab<em>la r\u00e9pression de la contestation<\/em>\u00bb. Succ\u00e8s contrast\u00e9 dit-on dans des m\u00e9dias occidentaux o\u00f9 on parle plut\u00f4t de&nbsp; \u00ab<em>trompe-l\u2019\u0153il<\/em>\u00bb. Et cela d\u2019autant plus que, soulignent-ils souvent, \u00ab<em>la pauvret\u00e9 serait largement sous-\u00e9valu\u00e9e et les in\u00e9galit\u00e9s de revenus plus importantes qu\u2019ailleurs dans la r\u00e9gion<\/em>\u00bb. Ils passent sous silence son niveau de d\u00e9veloppement pour s\u2019attarder sur ce Rwanda o\u00f9 il n\u2019y a pas \u00ab<em>de place pour la dissidence ou les voix discordantes<\/em>\u00bb \u00e0 cause de \u00ab<em>la nette d\u00e9rive autoritaire<\/em>\u00bb de son pr\u00e9sident candidat pour un 4e mandat.<\/p>\n\n\n\n<p>Ainsi, pour les d\u00e9tracteurs du syst\u00e8me rwandais, \u00ab<em>le pays s\u2019est reconstruit \u00e0 marche forc\u00e9e<\/em>\u00bb et \u00ab<em>l\u2019autoritarisme<\/em>\u00bb de son pr\u00e9sident est le revers du miracle dont il est le principal planificateur. Ne dit-on pas que la fin justifie le plus souvent les moyens&nbsp;? Le changement s\u2019op\u00e8re \u00e9galement au prix de sacrifices \u00e9normes. Toujours est-il que cette dictature assure aux Rwandais une stabilit\u00e9 et un niveau de d\u00e9veloppement sans pr\u00e9c\u00e9dent et que la d\u00e9mocratie n\u2019a pas su apporter aux Maliens en 33 ans. Le Mali est aujourd\u2019hui tout le contraire du Rwanda parce que l\u2019ouverture politique a plus profit\u00e9 \u00e0 des groupes organis\u00e9s pour confisquer le pouvoir et gouverner le pays selon leurs propres int\u00e9r\u00eats et ceux des clans alli\u00e9s. Pis, le pays est permanemment en crise \u00e0 cause essentiellement de la mauvaise gouvernance politique des pr\u00e9sum\u00e9s d\u00e9mocrates.<\/p>\n\n\n\n<p><strong>Ombre d\u2019elle-m\u00eame, la d\u00e9mocratie est pour le moment l\u2019une des pires d\u00e9sillusions de l\u2019histoire politique du Mali<\/strong><\/p>\n\n\n\n<p>Il est vrai que le syst\u00e8me n\u2019est pas forc\u00e9ment en cause, mais la d\u00e9faillance de ses animateurs. Sinon en 12 ans (2 avril 2012-2 avril 2024), Macky Sall a fait plus pour son pays que nos d\u00e9mocrates en trois d\u00e9cennies de gestion. Et cela gr\u00e2ce en partie \u00e0 sa vision politique d\u00e9clin\u00e9e en \u00ab<em>Plan S\u00e9n\u00e9gal Emergent&nbsp;2035<\/em>\u00bb (PSE). Il s\u2019agit d\u2019une strat\u00e9gie d\u00e9cennale (une vraie) sur la p\u00e9riode 2014-2023 adoss\u00e9e \u00e0 la vision d\u2019un S\u00e9n\u00e9gal \u00e9mergent \u00e0 l\u2019horizon 2035 \u00e0 travers trois axes strat\u00e9giques qui sont la transformation structurelle de l\u2019\u00e9conomique et de la croissance&nbsp;; le capital humain, la protection sociale et le d\u00e9veloppement durable&nbsp;; et la gouvernance, les institutions, la paix et la s\u00e9curit\u00e9. Le r\u00e9sultat est palpable au moment de passer le t\u00e9moin \u00e0 Bassirou Diomaye Faye le 2 avril dernier.<\/p>\n\n\n\n<p>\u00ab<em>Annonc\u00e9e comme une panac\u00e9e en mars 1991, apr\u00e8s la chute du G\u00e9n\u00e9ral Moussa Traor\u00e9, la d\u00e9mocratie malienne a \u00e9t\u00e9 l\u2019ombre d\u2019elle-m\u00eame. Elle n\u2019a profit\u00e9 qu\u2019aux d\u00e9mocrates pr\u00e9dateurs qui en ont fait un instrument d\u2019enrichissement personnel en r\u00e9duisant les Maliens en mendiants et en cassant tout espoir de changement souhait\u00e9, il y a trente ans. Quel g\u00e2chis<\/em>\u00bb, d\u00e9plorait notre confr\u00e8re Yoro Sow (Inter de Bamako) en mars 2021. Et 33 ans apr\u00e8s, c\u2019est le m\u00eame constat avec le m\u00eame sentiment de d\u00e9sillusion qui pr\u00e9domine chez la majorit\u00e9 des personnes interrog\u00e9es (des Maliens lambda) sur le sujet.<\/p>\n\n\n\n<p>La m\u00e9fiance est r\u00e9elle. Tout comme l\u2019est le d\u00e9pit. C\u2019est pourquoi la classe politique malienne doit savoir raison garder. Il est clair que la transition ne peut pas \u00e9ternellement jouer \u00e0 la prolongation et qu\u2019il est temps que les autorit\u00e9s transitoires s\u2019asseyent avec les forces vives du pays pour parvenir \u00e0 un chronogramme consensuel pour le retour \u00e0 ce fameux ordre constitutionnel. Tout comme on ne saurait gober les propos simplistes voire cette fuite en avant du Premier ministre consistant \u00e0 dire \u00ab<em>on ne tient pas nos promesses parce qu\u2019elles \u00e9taient li\u00e9es \u00e0 une entente avec la&nbsp; C\u00e9d\u00e9ao, une organisation que nous avons quitt\u00e9e<\/em>\u00bb. Des propos d\u2019une irresponsabilit\u00e9 inou\u00efe qui ne peuvent que jeter l\u2019huile sur le feu de la contestation en gestation.<\/p>\n\n\n\n<p>Mais, nos politiciens doivent aussi comprendre que l\u2019\u00e9lection pr\u00e9sidentielle n\u2019est pas aujourd\u2019hui une priorit\u00e9 pour les Maliens tant que cela ne leur garantie pas que le pays ne va plus rechuter \u00e0 la case-d\u00e9part pour \u00eatre une nouvelle fois livr\u00e9 \u00e0 la merci des pr\u00e9dateurs politique alli\u00e9s \u00e0 des vautours \u00e9conomiques. De 1997 (2e mandat du pr\u00e9sident Alpha Oumar Konar\u00e9) \u00e0 nos jours, les Maliens ont la terrible impression que les \u00e9lections ne sont qu\u2019un leurre budg\u00e9tivore.<\/p>\n\n\n\n<p>En tout cas, elles n\u2019ont jamais ouvert la voie de l\u2019\u00e9mergence \u00e0 ce pays plum\u00e9 par des cols blancs. Ils sont nombreux nos compatriotes qui se demandent aujourd\u2019hui ce qui se cache encore derri\u00e8re l\u2019insistance de cette m\u00eame classe politique \u00e0 aller co\u00fbte que co\u00fbte \u00e0 la pr\u00e9sidentielle comme si celle-ci \u00e9tait une panac\u00e9e. \u00c9tant nombreux \u00e0 tirer le diable par la queue (la politique est un m\u00e9tier pour beaucoup d\u2019entre eux), parce que sevr\u00e9s du luxe du pouvoir et de la manne financi\u00e8re de l\u2019aide publique aux partis politiques, ne sont-ils pas press\u00e9s de faire main basse sur le pays afin de se refaire une sant\u00e9 financi\u00e8re&nbsp;?<\/p>\n\n\n\n<p>Qu\u2019est-ce qui prouve que le prochain politicien \u00e0 se faire \u00e9lire \u00e0 Koulouba ne va pas se pr\u00e9cipiter pour remettre en cause les r\u00e9formes engag\u00e9es dans le cadre de la refondation de l\u2019Etat&nbsp;et au prix d\u2019une incroyable r\u00e9silience des Maliens ? Une chose est claire, si celles-ci (r\u00e9formes) doivent permettre au Mali d\u2019amorcer enfin l\u2019\u00e9mergence socio-\u00e9conomique, ils sont pr\u00eats \u00e0 faire le deuil de la pr\u00e9sidentielle le temps qu\u2019elles soient parachev\u00e9es&nbsp;!<\/p>\n\n\n\n<p><strong>Moussa Bolly<\/strong><\/p>\n","protected":false},"excerpt":{"rendered":"<p>Le 26 mars 1991, la d\u00e9mocratie est officiellement n\u00e9e au Mali du sang des Martyrs d\u2019une r\u00e9pression sanglante visant \u00e0 l\u2019\u00e9touffer dans l\u2019\u0153uf. Le 4 juillet 1994, le Rwanda est&hellip;<\/p>\n","protected":false},"author":1,"featured_media":18156,"comment_status":"open","ping_status":"open","sticky":false,"template":"","format":"standard","meta":{"content-type":"","_lmt_disableupdate":"","_lmt_disable":"","_jetpack_memberships_contains_paid_content":false,"footnotes":"","jetpack_publicize_message":"","jetpack_publicize_feature_enabled":true,"jetpack_social_post_already_shared":true,"jetpack_social_options":{"image_generator_settings":{"template":"highway","default_image_id":0,"font":"","enabled":false},"version":2}},"categories":[53,21],"tags":[],"class_list":["post-18155","post","type-post","status-publish","format-standard","has-post-thumbnail","hentry","category-le-matin","category-societe"],"jetpack_publicize_connections":[],"featured_image_urls":{"full":["https:\/\/nandi.info\/wp-content\/uploads\/2024\/04\/Tutsi-u-CICB.jpg",650,433,false],"thumbnail":["https:\/\/nandi.info\/wp-content\/uploads\/2024\/04\/Tutsi-u-CICB-150x150.jpg",150,150,true],"medium":["https:\/\/nandi.info\/wp-content\/uploads\/2024\/04\/Tutsi-u-CICB-300x200.jpg",300,200,true],"medium_large":["https:\/\/nandi.info\/wp-content\/uploads\/2024\/04\/Tutsi-u-CICB.jpg",650,433,false],"large":["https:\/\/nandi.info\/wp-content\/uploads\/2024\/04\/Tutsi-u-CICB.jpg",650,433,false],"1536x1536":["https:\/\/nandi.info\/wp-content\/uploads\/2024\/04\/Tutsi-u-CICB.jpg",650,433,false],"2048x2048":["https:\/\/nandi.info\/wp-content\/uploads\/2024\/04\/Tutsi-u-CICB.jpg",650,433,false],"penci-recipe-1200x1200":["https:\/\/nandi.info\/wp-content\/uploads\/2024\/04\/Tutsi-u-CICB.jpg",650,433,false],"penci-recipe-1200x900":["https:\/\/nandi.info\/wp-content\/uploads\/2024\/04\/Tutsi-u-CICB.jpg",650,433,false],"penci-recipe-1200x675":["https:\/\/nandi.info\/wp-content\/uploads\/2024\/04\/Tutsi-u-CICB.jpg",650,433,false],"penci-single-full":["https:\/\/nandi.info\/wp-content\/uploads\/2024\/04\/Tutsi-u-CICB.jpg",650,433,false],"penci-slider-full-thumb":["https:\/\/nandi.info\/wp-content\/uploads\/2024\/04\/Tutsi-u-CICB.jpg",650,433,false],"penci-full-thumb":["https:\/\/nandi.info\/wp-content\/uploads\/2024\/04\/Tutsi-u-CICB.jpg",650,433,false],"penci-slider-thumb":["https:\/\/nandi.info\/wp-content\/uploads\/2024\/04\/Tutsi-u-CICB.jpg",650,433,false],"penci-magazine-slider":["https:\/\/nandi.info\/wp-content\/uploads\/2024\/04\/Tutsi-u-CICB.jpg",650,433,false],"penci-thumb":["https:\/\/nandi.info\/wp-content\/uploads\/2024\/04\/Tutsi-u-CICB.jpg",585,390,false],"penci-masonry-thumb":["https:\/\/nandi.info\/wp-content\/uploads\/2024\/04\/Tutsi-u-CICB.jpg",585,390,false],"penci-thumb-square":["https:\/\/nandi.info\/wp-content\/uploads\/2024\/04\/Tutsi-u-CICB.jpg",585,390,false],"penci-thumb-vertical":["https:\/\/nandi.info\/wp-content\/uploads\/2024\/04\/Tutsi-u-CICB.jpg",480,320,false],"penci-thumb-small":["https:\/\/nandi.info\/wp-content\/uploads\/2024\/04\/Tutsi-u-CICB.jpg",263,175,false]},"author_info":{"display_name":"Nandi","author_link":"https:\/\/nandi.info\/?author=1"},"category_info":"<a href=\"https:\/\/nandi.info\/?cat=53\" rel=\"category\">Le Matin<\/a> <a href=\"https:\/\/nandi.info\/?cat=21\" rel=\"category\">Soci\u00e9t\u00e9<\/a>","tag_info":"Soci\u00e9t\u00e9","comment_count":"0","jetpack_featured_media_url":"https:\/\/nandi.info\/wp-content\/uploads\/2024\/04\/Tutsi-u-CICB.jpg","jetpack_sharing_enabled":true,"_links":{"self":[{"href":"https:\/\/nandi.info\/index.php?rest_route=\/wp\/v2\/posts\/18155","targetHints":{"allow":["GET"]}}],"collection":[{"href":"https:\/\/nandi.info\/index.php?rest_route=\/wp\/v2\/posts"}],"about":[{"href":"https:\/\/nandi.info\/index.php?rest_route=\/wp\/v2\/types\/post"}],"author":[{"embeddable":true,"href":"https:\/\/nandi.info\/index.php?rest_route=\/wp\/v2\/users\/1"}],"replies":[{"embeddable":true,"href":"https:\/\/nandi.info\/index.php?rest_route=%2Fwp%2Fv2%2Fcomments&post=18155"}],"version-history":[{"count":1,"href":"https:\/\/nandi.info\/index.php?rest_route=\/wp\/v2\/posts\/18155\/revisions"}],"predecessor-version":[{"id":18157,"href":"https:\/\/nandi.info\/index.php?rest_route=\/wp\/v2\/posts\/18155\/revisions\/18157"}],"wp:featuredmedia":[{"embeddable":true,"href":"https:\/\/nandi.info\/index.php?rest_route=\/wp\/v2\/media\/18156"}],"wp:attachment":[{"href":"https:\/\/nandi.info\/index.php?rest_route=%2Fwp%2Fv2%2Fmedia&parent=18155"}],"wp:term":[{"taxonomy":"category","embeddable":true,"href":"https:\/\/nandi.info\/index.php?rest_route=%2Fwp%2Fv2%2Fcategories&post=18155"},{"taxonomy":"post_tag","embeddable":true,"href":"https:\/\/nandi.info\/index.php?rest_route=%2Fwp%2Fv2%2Ftags&post=18155"}],"curies":[{"name":"wp","href":"https:\/\/api.w.org\/{rel}","templated":true}]}}