{"id":17943,"date":"2024-04-05T00:47:56","date_gmt":"2024-04-04T22:47:56","guid":{"rendered":"https:\/\/nandi.info\/?p=17943"},"modified":"2024-04-05T00:56:33","modified_gmt":"2024-04-04T22:56:33","slug":"mali-metre-depites-les-maliens-ne-font-plus-des-elections-une-priorite","status":"publish","type":"post","link":"https:\/\/nandi.info\/?p=17943","title":{"rendered":"Mali-M\u00e8tre : D\u00e9pit\u00e9s, les Maliens ne font plus des \u00e9lections une priorit\u00e9"},"content":{"rendered":"\n<p><strong>Au moment o\u00f9 des acteurs politiques (associations et partis) et des organisations de d\u00e9fense des droits humains craignent une \u00abd\u00e9rive dictatoriale\u00bb de la transition au Mali, les citoyens disent se retrouver dans la gestion de leurs autorit\u00e9s \u00e0 travers l\u2019enqu\u00eate d\u2019opinion \u00abMali-M\u00e8tre 2024\u00bb de la Fondation Friedrich Ebert (FES) rendue publique le 23 mars 2024.&nbsp;Autrement, la d\u00e9fiance des Maliens vis-\u00e0-vis de la classe politique demeure toujours.<\/strong><\/p>\n\n\n\n<p class=\"has-drop-cap\">Neuf Maliens (tous sexes confondus) sur dix sont satisfaits de la gestion de la transition&nbsp;! Tel est le niveau de satisfaction de la gestion de la transition exprim\u00e9 dans \u00ab<em>Mali-M\u00e8tre 2024<\/em>\u00bb, l\u2019enqu\u00eate d\u2019opinion de la Fondation Friedrich Ebert (FES) rendue publique le 23 mars 2024. Dans ce lot, plus de 71 % se disent tr\u00e8s satisfaits contre 25 % plut\u00f4t satisfaits. Rien de surprenant puisque cela traduit aussi la satisfaction par rapport \u00e0 l\u2019\u00e9volution de la situation g\u00e9n\u00e9rale du pays. En effet, pour quatre 4\/5 (81 %), \u00ab<em>la situation g\u00e9n\u00e9rale du pays s\u2019est am\u00e9lior\u00e9e au cours des douze derniers mois<\/em>\u00bb. Ils sont seulement 8 % \u00e0 d\u00e9fendre qu\u2019elle se soit d\u00e9t\u00e9rior\u00e9e au cours de la m\u00eame p\u00e9riode.<\/p>\n\n\n\n<p>Plus surprenant, le retour rapide \u00e0 l\u2019ordre constitutionnel ne figure pas parmi les \u00ab<em>d\u00e9fis et priorit\u00e9s<\/em>\u00bb \u00e9num\u00e9r\u00e9s par les personnes sond\u00e9es. La lutte contre l\u2019ins\u00e9curit\u00e9 (60 %), la lutte contre l\u2019ins\u00e9curit\u00e9 alimentaire (52 %), la lutte contre le ch\u00f4mage des jeunes (42 %) et la lutte contre les d\u00e9lestages (39 %) sont les d\u00e9fis majeurs cit\u00e9s. La lutte contre l\u2019ins\u00e9curit\u00e9 (61 %), la cr\u00e9ation d\u2019emploi (43 %), la lutte contre l\u2019ins\u00e9curit\u00e9 alimentaire (38 %), la lutte contre la pauvret\u00e9 (24 %), l\u2019am\u00e9lioration du syst\u00e8me \u00e9ducatif (21 %)\u2026 sont donc les actions prioritaires \u00e0 mettre en \u0153uvre par le gouvernement de transition.<\/p>\n\n\n\n<p>N\u2019emp\u00eache que les Maliens font aujourd\u2019hui plus confiance au pr\u00e9sident de la Transition qu\u2019\u00e0 son gouvernement. En effet, selon cette enqu\u00eate d\u2019opinions, 4\/5 Maliens (86 %) reconnaissent faire plus confiance au pr\u00e9sident de la transition, contre seulement 6 % pour le gouvernement et 1 % pour le Conseil national de transition (CNT). Ils son ainsi 9\/10 citoyens \u00e0 \u00eatre satisfaits du pr\u00e9sident de la transition, avec 83 % tr\u00e8s satisfaits et 15 % plut\u00f4t satisfaits. Et 4 Maliens sur 5 font confiance \u00e0 la transition (62% beaucoup confiance et 21 % assez confiance) pour \u00ab<em>conduire le pays vers une d\u00e9mocratie plus stable et \u00e0 un renforcement de la bonne gouvernance<\/em>\u00bb.<\/p>\n\n\n\n<p>Les r\u00e9sultats de cette enqu\u00eate (qui ne souffre d\u2019aucune partialit\u00e9) sont publi\u00e9s (23 mars 2024) au moment o\u00f9 des acteurs politiques (associations et partis) et des organisations de d\u00e9fense des droits humains craignent une \u00ab<em>d\u00e9rive dictatoriale<\/em>\u00bb de la transition au Mali. Selon eux, la dissolution de partis et d\u2019associations vont au-del\u00e0 de la raison d\u2019Etat pour \u00eatre une menace aux acquis de la d\u00e9mocratie. Tout comme la multiplication des interpellations au nom de la loi sur la cybercriminalit\u00e9 qui, dans la pratique, est plus liberticide que pr\u00e9ventive. Pour de nombreux acteurs politiques, \u00ab<em>on ne peut pas aujourd\u2019hui s\u2019exprimer librement sur la situation du pays sans risque de retrouver derri\u00e8re les barreaux<\/em>\u00bb.<\/p>\n\n\n\n<p>Mais, \u00ab<em>Mali-M\u00e8tre 2024<\/em>\u00bb prouve que les acteurs politique, surtout ceux du Mouvement d\u00e9mocratique, ne sont pas toujours sur la m\u00eame longueur d\u2019ondes que la population malienne. Cette enqu\u00eate d\u00e9montre que la d\u00e9fiance des Maliens vis-\u00e0-vis de la classe politique est loin de s\u2019estomp\u00e9e. Convaincus que la classe politique est en partie responsable des maux qui ont plong\u00e9 le pays dans la l\u00e9thargie actuelle, les Maliens accorde plus de priorit\u00e9 \u00e0 la refondation de l\u2019Etat afin de r\u00e9instaurer \u00e0 la politique les valeurs d\u2019une gouvernance&nbsp; vertueuse. C\u2019est pourquoi ils ne sont pas press\u00e9s d\u2019aller aux \u00e9lections, notamment \u00e0 pr\u00e9sidentielle.<\/p>\n\n\n\n<p>\u00ab<em>Le Mali est un pays presque plong\u00e9 dans le coma par la gestion des politiciens. Ce n\u2019est pas une th\u00e9rapie de choc dont il a besoin, mais de soins m\u00e9ticuleux sur une certaine p\u00e9riode pour le d\u00e9barrasser des&nbsp;<\/em>m\u00e9tastases<em>&nbsp;de la mauvaise gouvernance source de tous les p\u00e9rils, de tous les maux et de toutes les crises<\/em>\u00bb, pense un enseignant \u00e0 la retraite. Ils sont tr\u00e8s nombreux nos interlocuteurs qui sont de son avis. \u00ab<em>Il faut soigner le pays, le relever avant de penser aux \u00e9lections. Si les \u00e9lections pouvaient sauver un pays, le n\u00f4tre n\u2019en serait pas l\u00e0 aujourd\u2019hui<\/em>\u00bb, r\u00e9plique-t-il<\/p>\n\n\n\n<p>On comprend alors ais\u00e9ment que plus de quatre Maliens sur dix (87 %) approuvent la d\u00e9cision de reporter les \u00e9lections contre 8 % qui estiment qu\u2019il s\u2019agit d\u2019une mauvaise d\u00e9cision\u2026 En tout cas, m\u00eame si \u00ab<em>Mali-M\u00e8tre<\/em>\u00bb n\u2019est qu\u2019une \u00ab<em>cartographie des perceptions des populations maliennes au moment de la collecte des donn\u00e9es<\/em>&nbsp;(du 5 au 17 janvier 2024)\u00bb, pas donc une \u00ab<em>une v\u00e9rit\u00e9s absolue<\/em>\u00bb, ses r\u00e9sultats sont n\u00e9anmoins des bons indicateurs pour l\u2019opinion nationale et internationale, pour les acteurs politiques, pour les analystes politiques\u2026<\/p>\n\n\n\n<p>Visiblement, les Maliens ne veulent plus de cette \u00ab<em>d\u00e9mocratie de fa\u00e7ade<\/em>\u00bb qui a conduit leur pays dans le p\u00e9trin qu\u2019ils vivent aujourd\u2019hui.<\/p>\n\n\n\n<p><strong>Moussa Bolly<\/strong><\/p>\n","protected":false},"excerpt":{"rendered":"<p>Au moment o\u00f9 des acteurs politiques (associations et partis) et des organisations de d\u00e9fense des droits humains craignent une \u00abd\u00e9rive dictatoriale\u00bb de la transition au Mali, les citoyens disent se&hellip;<\/p>\n","protected":false},"author":1,"featured_media":17944,"comment_status":"open","ping_status":"open","sticky":false,"template":"","format":"standard","meta":{"content-type":"","_lmt_disableupdate":"","_lmt_disable":"","_jetpack_memberships_contains_paid_content":false,"footnotes":"","jetpack_publicize_message":"","jetpack_publicize_feature_enabled":true,"jetpack_social_post_already_shared":false,"jetpack_social_options":{"image_generator_settings":{"template":"highway","default_image_id":0,"font":"","enabled":false},"version":2}},"categories":[53,21],"tags":[],"class_list":["post-17943","post","type-post","status-publish","format-standard","has-post-thumbnail","hentry","category-le-matin","category-societe"],"jetpack_publicize_connections":[],"featured_image_urls":{"full":["https:\/\/nandi.info\/wp-content\/uploads\/2024\/04\/cover-r4x3w1200-6511927ec0a44-manifestation-organisee-par-un-mouvement-politique.jpg",1200,900,false],"thumbnail":["https:\/\/nandi.info\/wp-content\/uploads\/2024\/04\/cover-r4x3w1200-6511927ec0a44-manifestation-organisee-par-un-mouvement-politique-150x150.jpg",150,150,true],"medium":["https:\/\/nandi.info\/wp-content\/uploads\/2024\/04\/cover-r4x3w1200-6511927ec0a44-manifestation-organisee-par-un-mouvement-politique-300x225.jpg",300,225,true],"medium_large":["https:\/\/nandi.info\/wp-content\/uploads\/2024\/04\/cover-r4x3w1200-6511927ec0a44-manifestation-organisee-par-un-mouvement-politique-768x576.jpg",768,576,true],"large":["https:\/\/nandi.info\/wp-content\/uploads\/2024\/04\/cover-r4x3w1200-6511927ec0a44-manifestation-organisee-par-un-mouvement-politique-1024x768.jpg",1024,768,true],"1536x1536":["https:\/\/nandi.info\/wp-content\/uploads\/2024\/04\/cover-r4x3w1200-6511927ec0a44-manifestation-organisee-par-un-mouvement-politique.jpg",1200,900,false],"2048x2048":["https:\/\/nandi.info\/wp-content\/uploads\/2024\/04\/cover-r4x3w1200-6511927ec0a44-manifestation-organisee-par-un-mouvement-politique.jpg",1200,900,false],"penci-recipe-1200x1200":["https:\/\/nandi.info\/wp-content\/uploads\/2024\/04\/cover-r4x3w1200-6511927ec0a44-manifestation-organisee-par-un-mouvement-politique.jpg",1200,900,false],"penci-recipe-1200x900":["https:\/\/nandi.info\/wp-content\/uploads\/2024\/04\/cover-r4x3w1200-6511927ec0a44-manifestation-organisee-par-un-mouvement-politique.jpg",1200,900,false],"penci-recipe-1200x675":["https:\/\/nandi.info\/wp-content\/uploads\/2024\/04\/cover-r4x3w1200-6511927ec0a44-manifestation-organisee-par-un-mouvement-politique.jpg",900,675,false],"penci-single-full":["https:\/\/nandi.info\/wp-content\/uploads\/2024\/04\/cover-r4x3w1200-6511927ec0a44-manifestation-organisee-par-un-mouvement-politique.jpg",1200,900,false],"penci-slider-full-thumb":["https:\/\/nandi.info\/wp-content\/uploads\/2024\/04\/cover-r4x3w1200-6511927ec0a44-manifestation-organisee-par-un-mouvement-politique.jpg",1067,800,false],"penci-full-thumb":["https:\/\/nandi.info\/wp-content\/uploads\/2024\/04\/cover-r4x3w1200-6511927ec0a44-manifestation-organisee-par-un-mouvement-politique.jpg",1170,878,false],"penci-slider-thumb":["https:\/\/nandi.info\/wp-content\/uploads\/2024\/04\/cover-r4x3w1200-6511927ec0a44-manifestation-organisee-par-un-mouvement-politique.jpg",884,663,false],"penci-magazine-slider":["https:\/\/nandi.info\/wp-content\/uploads\/2024\/04\/cover-r4x3w1200-6511927ec0a44-manifestation-organisee-par-un-mouvement-politique.jpg",688,516,false],"penci-thumb":["https:\/\/nandi.info\/wp-content\/uploads\/2024\/04\/cover-r4x3w1200-6511927ec0a44-manifestation-organisee-par-un-mouvement-politique.jpg",520,390,false],"penci-masonry-thumb":["https:\/\/nandi.info\/wp-content\/uploads\/2024\/04\/cover-r4x3w1200-6511927ec0a44-manifestation-organisee-par-un-mouvement-politique.jpg",585,439,false],"penci-thumb-square":["https:\/\/nandi.info\/wp-content\/uploads\/2024\/04\/cover-r4x3w1200-6511927ec0a44-manifestation-organisee-par-un-mouvement-politique.jpg",585,439,false],"penci-thumb-vertical":["https:\/\/nandi.info\/wp-content\/uploads\/2024\/04\/cover-r4x3w1200-6511927ec0a44-manifestation-organisee-par-un-mouvement-politique.jpg",480,360,false],"penci-thumb-small":["https:\/\/nandi.info\/wp-content\/uploads\/2024\/04\/cover-r4x3w1200-6511927ec0a44-manifestation-organisee-par-un-mouvement-politique.jpg",233,175,false]},"author_info":{"display_name":"Nandi","author_link":"https:\/\/nandi.info\/?author=1"},"category_info":"<a href=\"https:\/\/nandi.info\/?cat=53\" rel=\"category\">Le Matin<\/a> <a href=\"https:\/\/nandi.info\/?cat=21\" rel=\"category\">Soci\u00e9t\u00e9<\/a>","tag_info":"Soci\u00e9t\u00e9","comment_count":"0","jetpack_featured_media_url":"https:\/\/nandi.info\/wp-content\/uploads\/2024\/04\/cover-r4x3w1200-6511927ec0a44-manifestation-organisee-par-un-mouvement-politique.jpg","jetpack_sharing_enabled":true,"_links":{"self":[{"href":"https:\/\/nandi.info\/index.php?rest_route=\/wp\/v2\/posts\/17943","targetHints":{"allow":["GET"]}}],"collection":[{"href":"https:\/\/nandi.info\/index.php?rest_route=\/wp\/v2\/posts"}],"about":[{"href":"https:\/\/nandi.info\/index.php?rest_route=\/wp\/v2\/types\/post"}],"author":[{"embeddable":true,"href":"https:\/\/nandi.info\/index.php?rest_route=\/wp\/v2\/users\/1"}],"replies":[{"embeddable":true,"href":"https:\/\/nandi.info\/index.php?rest_route=%2Fwp%2Fv2%2Fcomments&post=17943"}],"version-history":[{"count":1,"href":"https:\/\/nandi.info\/index.php?rest_route=\/wp\/v2\/posts\/17943\/revisions"}],"predecessor-version":[{"id":17945,"href":"https:\/\/nandi.info\/index.php?rest_route=\/wp\/v2\/posts\/17943\/revisions\/17945"}],"wp:featuredmedia":[{"embeddable":true,"href":"https:\/\/nandi.info\/index.php?rest_route=\/wp\/v2\/media\/17944"}],"wp:attachment":[{"href":"https:\/\/nandi.info\/index.php?rest_route=%2Fwp%2Fv2%2Fmedia&parent=17943"}],"wp:term":[{"taxonomy":"category","embeddable":true,"href":"https:\/\/nandi.info\/index.php?rest_route=%2Fwp%2Fv2%2Fcategories&post=17943"},{"taxonomy":"post_tag","embeddable":true,"href":"https:\/\/nandi.info\/index.php?rest_route=%2Fwp%2Fv2%2Ftags&post=17943"}],"curies":[{"name":"wp","href":"https:\/\/api.w.org\/{rel}","templated":true}]}}