{"id":17896,"date":"2024-03-31T11:00:52","date_gmt":"2024-03-31T09:00:52","guid":{"rendered":"https:\/\/nandi.info\/?p=17896"},"modified":"2024-03-31T11:00:55","modified_gmt":"2024-03-31T09:00:55","slug":"afrique-du-sud-le-vehicule-de-lex-president-jacob-zuma-a-ete-percute-par-un-chauffard-ivre","status":"publish","type":"post","link":"https:\/\/nandi.info\/?p=17896","title":{"rendered":"Afrique du Sud : le v\u00e9hicule de l&rsquo;ex-pr\u00e9sident Jacob Zuma a \u00e9t\u00e9 percut\u00e9 par un chauffard ivre"},"content":{"rendered":"\n<p><strong>L&rsquo;accident a eu lieu quelques heures apr\u00e8s que les autorit\u00e9s \u00e9lectorales ont interdit \u00e0 l\u2019ex-pr\u00e9sident de participer aux \u00e9lections g\u00e9n\u00e9rales du 29 mai, ce qui a raviv\u00e9 les tensions \u00e0 l&rsquo;approche du scrutin.<\/strong><\/p>\n\n\n\n<p><a href=\"http:\/\/www.lefigaro.fr\/flash-actu\/afrique-du-sud-jacob-zuma-coupable-d-outrage-a-la-justice-20210629\">L&rsquo;ancien pr\u00e9sident sud-africain Jacob Zuma<\/a>&nbsp;est sorti indemne d&rsquo;un accident de voiture dans la nuit de jeudi \u00e0 vendredi, percut\u00e9 par un chauffard ivre, a annonc\u00e9 la police. L&rsquo;accident a eu lieu quelques heures apr\u00e8s que les autorit\u00e9s \u00e9lectorales ont interdit \u00e0 Zuma de participer aux&nbsp;<a href=\"http:\/\/www.lefigaro.fr\/flash-actu\/afrique-du-sud-les-elections-generales-fixees-au-29-mai-20240220\">\u00e9lections g\u00e9n\u00e9rales du 29 mai<\/a>, ce qui a raviv\u00e9 les tensions \u00e0 l&rsquo;approche du scrutin. La voiture du conducteur&nbsp;<em>\u00abest entr\u00e9e en collision avec le v\u00e9hicule blind\u00e9 officiel de l&rsquo;ancien pr\u00e9sident Jacob Zuma\u00bb<\/em>, a d\u00e9clar\u00e9 la police sud-africaine (SAPS) dans un communiqu\u00e9.<\/p>\n\n\n\n<p>L&rsquo;homme de 51 ans a \u00e9t\u00e9 arr\u00eat\u00e9 dans la province de KwaZulu Natal\u00a0<em>\u00abpour conduite en \u00e9tat d&rsquo;ivresse ainsi que pour conduite imprudente et n\u00e9gligente\u00bb<\/em>, a pr\u00e9cis\u00e9 la SAPS. Ni Zuma ni ses gardes du corps n&rsquo;ont \u00e9t\u00e9 bless\u00e9s et l&rsquo;ancien dirigeant, \u00e2g\u00e9 de 81 ans, a \u00e9t\u00e9 ramen\u00e9 chez lui.<\/p>\n\n\n\n<h2 class=\"wp-block-heading\" id=\"subhead-5036b416-9eb6-4650-8798-636704e3a51d\">Tentative de relancer sa carri\u00e8re<\/h2>\n\n\n\n<p>Le v\u00e9t\u00e9ran du Congr\u00e8s national africain (ANC) au pouvoir avait \u00e9t\u00e9 contraint de quitter ses fonctions en 2018 apr\u00e8s avoir \u00e9t\u00e9 accus\u00e9 de corruption, mais il reste influent. En d\u00e9cembre, il a annonc\u00e9 qu&rsquo;il ferait campagne pour le parti d&rsquo;opposition Umkhonto We Sizwe (MK) r\u00e9cemment cr\u00e9\u00e9, une tentative de relancer sa carri\u00e8re qui a port\u00e9 un coup dur \u00e0 l&rsquo;ANC. Mercredi, l&rsquo;ANC a <strong><a href=\"https:\/\/www.lefigaro.fr\/flash-actu\/afrique-du-sud-l-ex-president-jacob-zuma-a-ete-percute-par-un-chauffard-ivre-20240329\" data-type=\"link\" data-id=\"https:\/\/www.lefigaro.fr\/flash-actu\/afrique-du-sud-l-ex-president-jacob-zuma-a-ete-percute-par-un-chauffard-ivre-20240329\">d\u00e9pos\u00e9 une nouvelle requ\u00eate aupr\u00e8s du tribunal contre le parti MK, apr\u00e8s avoir \u00e9t\u00e9 d\u00e9bout\u00e9 \u00e0 l&rsquo;issue d&rsquo;une premi\u00e8re requ\u00eate, affirmant que son nom et son logo \u00e9taient similaires \u00e0 ceux de la branche militaire de l&rsquo;ANC, aujourd&rsquo;hui dissoute, et que cela pouvait tromper ou nourrir la confusion chez les \u00e9lecteurs&#8230;. A lire la suite sur <\/a><\/strong><\/p>\n\n\n\n<p><strong>Source : lefigaro.fr<\/strong><\/p>\n\n\n\n<p><\/p>\n","protected":false},"excerpt":{"rendered":"<p>L&rsquo;accident a eu lieu quelques heures apr\u00e8s que les autorit\u00e9s \u00e9lectorales ont interdit \u00e0 l\u2019ex-pr\u00e9sident de participer aux \u00e9lections g\u00e9n\u00e9rales du 29 mai, ce qui a raviv\u00e9 les tensions \u00e0&hellip;<\/p>\n","protected":false},"author":1,"featured_media":17897,"comment_status":"open","ping_status":"open","sticky":false,"template":"","format":"standard","meta":{"content-type":"","_lmt_disableupdate":"","_lmt_disable":"","_jetpack_memberships_contains_paid_content":false,"footnotes":"","jetpack_publicize_message":"","jetpack_publicize_feature_enabled":true,"jetpack_social_post_already_shared":true,"jetpack_social_options":{"image_generator_settings":{"template":"highway","default_image_id":0,"font":"","enabled":false},"version":2}},"categories":[125,57,43],"tags":[],"class_list":["post-17896","post","type-post","status-publish","format-standard","has-post-thumbnail","hentry","category-actualite","category-international","category-nandi-info"],"jetpack_publicize_connections":[],"featured_image_urls":{"full":["https:\/\/nandi.info\/wp-content\/uploads\/2024\/03\/Jacob-Zuma-arrive-pour-soutenir-son-parti-uMkhonto-weSizwe-a-la-Haute-Cour-de-Durban-en-Afrique-du-Sud-le-27-mars-2024.-Rogan-Ward-REUTERS.webp",616,347,false],"thumbnail":["https:\/\/nandi.info\/wp-content\/uploads\/2024\/03\/Jacob-Zuma-arrive-pour-soutenir-son-parti-uMkhonto-weSizwe-a-la-Haute-Cour-de-Durban-en-Afrique-du-Sud-le-27-mars-2024.-Rogan-Ward-REUTERS-150x150.webp",150,150,true],"medium":["https:\/\/nandi.info\/wp-content\/uploads\/2024\/03\/Jacob-Zuma-arrive-pour-soutenir-son-parti-uMkhonto-weSizwe-a-la-Haute-Cour-de-Durban-en-Afrique-du-Sud-le-27-mars-2024.-Rogan-Ward-REUTERS-300x169.webp",300,169,true],"medium_large":["https:\/\/nandi.info\/wp-content\/uploads\/2024\/03\/Jacob-Zuma-arrive-pour-soutenir-son-parti-uMkhonto-weSizwe-a-la-Haute-Cour-de-Durban-en-Afrique-du-Sud-le-27-mars-2024.-Rogan-Ward-REUTERS.webp",616,347,false],"large":["https:\/\/nandi.info\/wp-content\/uploads\/2024\/03\/Jacob-Zuma-arrive-pour-soutenir-son-parti-uMkhonto-weSizwe-a-la-Haute-Cour-de-Durban-en-Afrique-du-Sud-le-27-mars-2024.-Rogan-Ward-REUTERS.webp",616,347,false],"1536x1536":["https:\/\/nandi.info\/wp-content\/uploads\/2024\/03\/Jacob-Zuma-arrive-pour-soutenir-son-parti-uMkhonto-weSizwe-a-la-Haute-Cour-de-Durban-en-Afrique-du-Sud-le-27-mars-2024.-Rogan-Ward-REUTERS.webp",616,347,false],"2048x2048":["https:\/\/nandi.info\/wp-content\/uploads\/2024\/03\/Jacob-Zuma-arrive-pour-soutenir-son-parti-uMkhonto-weSizwe-a-la-Haute-Cour-de-Durban-en-Afrique-du-Sud-le-27-mars-2024.-Rogan-Ward-REUTERS.webp",616,347,false],"penci-recipe-1200x1200":["https:\/\/nandi.info\/wp-content\/uploads\/2024\/03\/Jacob-Zuma-arrive-pour-soutenir-son-parti-uMkhonto-weSizwe-a-la-Haute-Cour-de-Durban-en-Afrique-du-Sud-le-27-mars-2024.-Rogan-Ward-REUTERS.webp",616,347,false],"penci-recipe-1200x900":["https:\/\/nandi.info\/wp-content\/uploads\/2024\/03\/Jacob-Zuma-arrive-pour-soutenir-son-parti-uMkhonto-weSizwe-a-la-Haute-Cour-de-Durban-en-Afrique-du-Sud-le-27-mars-2024.-Rogan-Ward-REUTERS.webp",616,347,false],"penci-recipe-1200x675":["https:\/\/nandi.info\/wp-content\/uploads\/2024\/03\/Jacob-Zuma-arrive-pour-soutenir-son-parti-uMkhonto-weSizwe-a-la-Haute-Cour-de-Durban-en-Afrique-du-Sud-le-27-mars-2024.-Rogan-Ward-REUTERS.webp",616,347,false],"penci-single-full":["https:\/\/nandi.info\/wp-content\/uploads\/2024\/03\/Jacob-Zuma-arrive-pour-soutenir-son-parti-uMkhonto-weSizwe-a-la-Haute-Cour-de-Durban-en-Afrique-du-Sud-le-27-mars-2024.-Rogan-Ward-REUTERS.webp",616,347,false],"penci-slider-full-thumb":["https:\/\/nandi.info\/wp-content\/uploads\/2024\/03\/Jacob-Zuma-arrive-pour-soutenir-son-parti-uMkhonto-weSizwe-a-la-Haute-Cour-de-Durban-en-Afrique-du-Sud-le-27-mars-2024.-Rogan-Ward-REUTERS.webp",616,347,false],"penci-full-thumb":["https:\/\/nandi.info\/wp-content\/uploads\/2024\/03\/Jacob-Zuma-arrive-pour-soutenir-son-parti-uMkhonto-weSizwe-a-la-Haute-Cour-de-Durban-en-Afrique-du-Sud-le-27-mars-2024.-Rogan-Ward-REUTERS.webp",616,347,false],"penci-slider-thumb":["https:\/\/nandi.info\/wp-content\/uploads\/2024\/03\/Jacob-Zuma-arrive-pour-soutenir-son-parti-uMkhonto-weSizwe-a-la-Haute-Cour-de-Durban-en-Afrique-du-Sud-le-27-mars-2024.-Rogan-Ward-REUTERS.webp",616,347,false],"penci-magazine-slider":["https:\/\/nandi.info\/wp-content\/uploads\/2024\/03\/Jacob-Zuma-arrive-pour-soutenir-son-parti-uMkhonto-weSizwe-a-la-Haute-Cour-de-Durban-en-Afrique-du-Sud-le-27-mars-2024.-Rogan-Ward-REUTERS.webp",616,347,false],"penci-thumb":["https:\/\/nandi.info\/wp-content\/uploads\/2024\/03\/Jacob-Zuma-arrive-pour-soutenir-son-parti-uMkhonto-weSizwe-a-la-Haute-Cour-de-Durban-en-Afrique-du-Sud-le-27-mars-2024.-Rogan-Ward-REUTERS.webp",585,330,false],"penci-masonry-thumb":["https:\/\/nandi.info\/wp-content\/uploads\/2024\/03\/Jacob-Zuma-arrive-pour-soutenir-son-parti-uMkhonto-weSizwe-a-la-Haute-Cour-de-Durban-en-Afrique-du-Sud-le-27-mars-2024.-Rogan-Ward-REUTERS.webp",585,330,false],"penci-thumb-square":["https:\/\/nandi.info\/wp-content\/uploads\/2024\/03\/Jacob-Zuma-arrive-pour-soutenir-son-parti-uMkhonto-weSizwe-a-la-Haute-Cour-de-Durban-en-Afrique-du-Sud-le-27-mars-2024.-Rogan-Ward-REUTERS.webp",585,330,false],"penci-thumb-vertical":["https:\/\/nandi.info\/wp-content\/uploads\/2024\/03\/Jacob-Zuma-arrive-pour-soutenir-son-parti-uMkhonto-weSizwe-a-la-Haute-Cour-de-Durban-en-Afrique-du-Sud-le-27-mars-2024.-Rogan-Ward-REUTERS.webp",480,270,false],"penci-thumb-small":["https:\/\/nandi.info\/wp-content\/uploads\/2024\/03\/Jacob-Zuma-arrive-pour-soutenir-son-parti-uMkhonto-weSizwe-a-la-Haute-Cour-de-Durban-en-Afrique-du-Sud-le-27-mars-2024.-Rogan-Ward-REUTERS.webp",263,148,false]},"author_info":{"display_name":"Nandi","author_link":"https:\/\/nandi.info\/?author=1"},"category_info":"<a href=\"https:\/\/nandi.info\/?cat=125\" rel=\"category\">Actualit\u00e9<\/a> <a href=\"https:\/\/nandi.info\/?cat=57\" rel=\"category\">International<\/a> <a href=\"https:\/\/nandi.info\/?cat=43\" rel=\"category\">Nandi.info<\/a>","tag_info":"Nandi.info","comment_count":"0","jetpack_featured_media_url":"https:\/\/nandi.info\/wp-content\/uploads\/2024\/03\/Jacob-Zuma-arrive-pour-soutenir-son-parti-uMkhonto-weSizwe-a-la-Haute-Cour-de-Durban-en-Afrique-du-Sud-le-27-mars-2024.-Rogan-Ward-REUTERS.webp","jetpack_sharing_enabled":true,"_links":{"self":[{"href":"https:\/\/nandi.info\/index.php?rest_route=\/wp\/v2\/posts\/17896","targetHints":{"allow":["GET"]}}],"collection":[{"href":"https:\/\/nandi.info\/index.php?rest_route=\/wp\/v2\/posts"}],"about":[{"href":"https:\/\/nandi.info\/index.php?rest_route=\/wp\/v2\/types\/post"}],"author":[{"embeddable":true,"href":"https:\/\/nandi.info\/index.php?rest_route=\/wp\/v2\/users\/1"}],"replies":[{"embeddable":true,"href":"https:\/\/nandi.info\/index.php?rest_route=%2Fwp%2Fv2%2Fcomments&post=17896"}],"version-history":[{"count":1,"href":"https:\/\/nandi.info\/index.php?rest_route=\/wp\/v2\/posts\/17896\/revisions"}],"predecessor-version":[{"id":17898,"href":"https:\/\/nandi.info\/index.php?rest_route=\/wp\/v2\/posts\/17896\/revisions\/17898"}],"wp:featuredmedia":[{"embeddable":true,"href":"https:\/\/nandi.info\/index.php?rest_route=\/wp\/v2\/media\/17897"}],"wp:attachment":[{"href":"https:\/\/nandi.info\/index.php?rest_route=%2Fwp%2Fv2%2Fmedia&parent=17896"}],"wp:term":[{"taxonomy":"category","embeddable":true,"href":"https:\/\/nandi.info\/index.php?rest_route=%2Fwp%2Fv2%2Fcategories&post=17896"},{"taxonomy":"post_tag","embeddable":true,"href":"https:\/\/nandi.info\/index.php?rest_route=%2Fwp%2Fv2%2Ftags&post=17896"}],"curies":[{"name":"wp","href":"https:\/\/api.w.org\/{rel}","templated":true}]}}