{"id":17822,"date":"2024-03-27T23:44:45","date_gmt":"2024-03-27T22:44:45","guid":{"rendered":"https:\/\/nandi.info\/?p=17822"},"modified":"2024-03-27T23:48:28","modified_gmt":"2024-03-27T22:48:28","slug":"gouvernance-au-mali-le-rpm-invite-le-president-de-la-transition-a-mettre-en-place","status":"publish","type":"post","link":"https:\/\/nandi.info\/?p=17822","title":{"rendered":"Gouvernance au Mali : Le RPM invite le Pr\u00e9sident de la transition \u00e0 mettre en place"},"content":{"rendered":"\n<h2 class=\"wp-block-heading\">\u00abUn nouveau m\u00e9canisme pour un retour \u00e0 l\u2019ordre constitutionnel dans un d\u00e9lai de 6 mois \u00bb<\/h2>\n\n\n\n<p><strong>Dans une d\u00e9claration rendue publique, le 25 mars 2024, le Rassemblement pour le Mali (RPM), pr\u00e9sid\u00e9 par le Dr. Bokary Tr\u00e9ta, pr\u00e9cise que le 26 mars 2024 marque juridiquement la fin de la transition politique au Mali. Le RPM estime que la transition politique a l\u2019obligation de s\u2019achever. Le parti de l\u2019ancien Pr\u00e9sident de la R\u00e9publique, feu Ibrahim Boubacar Ke\u00efta (IBK) invite les autorit\u00e9s de la transition au respect des engagements. \u00abAinsi, le RPM en appelle \u00e0 la responsabilit\u00e9 du Pr\u00e9sident de la Transition pour mettre en place de toute urgence un nouveau m\u00e9canisme transitionnel pour un retour \u00e0 l\u2019ordre constitutionnel dans un d\u00e9lai de six mois \u00bb, r\u00e9v\u00e8le la d\u00e9claration du RPM.<\/strong><\/p>\n\n\n\n<p class=\"has-drop-cap\">Selon le parti des tisserands, le 26 mars 2024 marque juridiquement la fin de la transition politique au Mali, instaur\u00e9e \u00e0 la suite de l\u2019arrestation du Pr\u00e9sident d\u00e9mocratiquement \u00e9lu, feu Ibrahim Boubacar Keita, et la d\u00e9mission de celui-ci de toutes ses responsabilit\u00e9s. C\u2019\u00e9tait le 18 Ao\u00fbt 2020. Pour le RPM, ce coup d\u2019Etat militaire a ouvert la voie \u00e0 une transition politique dont la dur\u00e9e avait \u00e9t\u00e9 initialement fix\u00e9e \u00e0 dix-huit mois. \u00ab Il faut noter que le non-respect de cette \u00e9ch\u00e9ance nous avait valu des sanctions \u00e9conomiques et financi\u00e8res de la CEDEAO et de l\u2019UEMOA. Une deuxi\u00e8me phase avait \u00e9t\u00e9 fix\u00e9e \u00e0 24 mois pour compter du 25 mars 2022 par D\u00e9cret N\u00b0 2022- 0335\/PT RM du 06 juin 2022. Le 25 septembre 2023, le Gouvernement annon\u00e7a sa d\u00e9cision d\u2019organiser exclusivement l\u2019\u00e9lection pr\u00e9sidentielle pour sortir de la Transition, avec \u00ab un l\u00e9ger report \u00bb pour des raisons techniques. Aujourd\u2019hui, six mois apr\u00e8s cette annonce et \u00e0 la veille de l\u2019\u00e9ch\u00e9ance juridiquement act\u00e9e, le RPM estime que les contraintes techniques pr\u00e9c\u00e9demment \u00e9voqu\u00e9es par les autorit\u00e9s de la transition ont toutes \u00e9t\u00e9 lev\u00e9es \u00bb, souligne le RPM dans sa d\u00e9claration. Nonobstant la grande r\u00e9silience dont le peuple malien a su faire preuve, le RPM estime que la transition politique a l\u2019obligation de s\u2019achever. Selon le RPM, la situation socio-\u00e9conomique et financi\u00e8re du pays le commande. Aussi, indique le RPM, la transition sera d\u2019autant plus r\u00e9ussie qu\u2019elle va s\u2019achever par un processus politique transparent, participatif et inclusif. \u00ab Le RPM, fid\u00e8le aux principes de la R\u00e9publique et aux valeurs d\u00e9mocratiques ch\u00e8rement acquises depuis la r\u00e9volution de mars 91, appelle les autorit\u00e9s de la transition au respect des engagements souverainement pris devant la communaut\u00e9 nationale et internationale. Ainsi, le RPM en appelle \u00e0 la responsabilit\u00e9 du Pr\u00e9sident de la Transition pour mettre en place de toute urgence un nouveau m\u00e9canisme transitionnel pour un retour \u00e0 l\u2019ordre constitutionnel dans un d\u00e9lai de six mois. Cet appel \u00e0 la responsabilit\u00e9 lui permettra de r\u00e9habiliter, devant les Maliens, les d\u00e9clarations de bonne foi annonc\u00e9es dans son discours d\u2019investiture du 07 juin 2021. Le RPM reste ouvert \u00e0 un dialogue franc et constructif pour relever ce d\u00e9fi. Que Dieu b\u00e9nisse le Mali, les Maliennes et les Maliens \u00bb, r\u00e9v\u00e8le la d\u00e9claration du RPM sous la plume de son pr\u00e9sident, Dr. Bokary Tr\u00e9ta.<\/p>\n\n\n\n<p><strong>&nbsp;A&nbsp;<\/strong><strong>Sogodogo<\/strong><\/p>\n","protected":false},"excerpt":{"rendered":"<p>\u00abUn nouveau m\u00e9canisme pour un retour \u00e0 l\u2019ordre constitutionnel dans un d\u00e9lai de 6 mois \u00bb Dans une d\u00e9claration rendue publique, le 25 mars 2024, le Rassemblement pour le Mali&hellip;<\/p>\n","protected":false},"author":1,"featured_media":17827,"comment_status":"open","ping_status":"open","sticky":false,"template":"","format":"standard","meta":{"content-type":"","_lmt_disableupdate":"","_lmt_disable":"","_jetpack_memberships_contains_paid_content":false,"footnotes":"","jetpack_publicize_message":"","jetpack_publicize_feature_enabled":true,"jetpack_social_post_already_shared":true,"jetpack_social_options":{"image_generator_settings":{"template":"highway","default_image_id":0,"font":"","enabled":false},"version":2}},"categories":[69,23],"tags":[],"class_list":["post-17822","post","type-post","status-publish","format-standard","has-post-thumbnail","hentry","category-le-republicain-mali","category-politique"],"jetpack_publicize_connections":[],"featured_image_urls":{"full":["https:\/\/nandi.info\/wp-content\/uploads\/2024\/03\/Bokary-TRETA-1.jpg",850,501,false],"thumbnail":["https:\/\/nandi.info\/wp-content\/uploads\/2024\/03\/Bokary-TRETA-1-150x150.jpg",150,150,true],"medium":["https:\/\/nandi.info\/wp-content\/uploads\/2024\/03\/Bokary-TRETA-1-300x177.jpg",300,177,true],"medium_large":["https:\/\/nandi.info\/wp-content\/uploads\/2024\/03\/Bokary-TRETA-1-768x453.jpg",768,453,true],"large":["https:\/\/nandi.info\/wp-content\/uploads\/2024\/03\/Bokary-TRETA-1.jpg",850,501,false],"1536x1536":["https:\/\/nandi.info\/wp-content\/uploads\/2024\/03\/Bokary-TRETA-1.jpg",850,501,false],"2048x2048":["https:\/\/nandi.info\/wp-content\/uploads\/2024\/03\/Bokary-TRETA-1.jpg",850,501,false],"penci-recipe-1200x1200":["https:\/\/nandi.info\/wp-content\/uploads\/2024\/03\/Bokary-TRETA-1.jpg",850,501,false],"penci-recipe-1200x900":["https:\/\/nandi.info\/wp-content\/uploads\/2024\/03\/Bokary-TRETA-1.jpg",850,501,false],"penci-recipe-1200x675":["https:\/\/nandi.info\/wp-content\/uploads\/2024\/03\/Bokary-TRETA-1.jpg",850,501,false],"penci-single-full":["https:\/\/nandi.info\/wp-content\/uploads\/2024\/03\/Bokary-TRETA-1.jpg",850,501,false],"penci-slider-full-thumb":["https:\/\/nandi.info\/wp-content\/uploads\/2024\/03\/Bokary-TRETA-1.jpg",850,501,false],"penci-full-thumb":["https:\/\/nandi.info\/wp-content\/uploads\/2024\/03\/Bokary-TRETA-1.jpg",850,501,false],"penci-slider-thumb":["https:\/\/nandi.info\/wp-content\/uploads\/2024\/03\/Bokary-TRETA-1.jpg",850,501,false],"penci-magazine-slider":["https:\/\/nandi.info\/wp-content\/uploads\/2024\/03\/Bokary-TRETA-1.jpg",780,460,false],"penci-thumb":["https:\/\/nandi.info\/wp-content\/uploads\/2024\/03\/Bokary-TRETA-1.jpg",585,345,false],"penci-masonry-thumb":["https:\/\/nandi.info\/wp-content\/uploads\/2024\/03\/Bokary-TRETA-1.jpg",585,345,false],"penci-thumb-square":["https:\/\/nandi.info\/wp-content\/uploads\/2024\/03\/Bokary-TRETA-1.jpg",585,345,false],"penci-thumb-vertical":["https:\/\/nandi.info\/wp-content\/uploads\/2024\/03\/Bokary-TRETA-1.jpg",480,283,false],"penci-thumb-small":["https:\/\/nandi.info\/wp-content\/uploads\/2024\/03\/Bokary-TRETA-1.jpg",263,155,false]},"author_info":{"display_name":"Nandi","author_link":"https:\/\/nandi.info\/?author=1"},"category_info":"<a href=\"https:\/\/nandi.info\/?cat=69\" rel=\"category\">Le R\u00e9publicain Mali<\/a> <a href=\"https:\/\/nandi.info\/?cat=23\" rel=\"category\">Politique<\/a>","tag_info":"Politique","comment_count":"0","jetpack_featured_media_url":"https:\/\/nandi.info\/wp-content\/uploads\/2024\/03\/Bokary-TRETA-1.jpg","jetpack_sharing_enabled":true,"_links":{"self":[{"href":"https:\/\/nandi.info\/index.php?rest_route=\/wp\/v2\/posts\/17822","targetHints":{"allow":["GET"]}}],"collection":[{"href":"https:\/\/nandi.info\/index.php?rest_route=\/wp\/v2\/posts"}],"about":[{"href":"https:\/\/nandi.info\/index.php?rest_route=\/wp\/v2\/types\/post"}],"author":[{"embeddable":true,"href":"https:\/\/nandi.info\/index.php?rest_route=\/wp\/v2\/users\/1"}],"replies":[{"embeddable":true,"href":"https:\/\/nandi.info\/index.php?rest_route=%2Fwp%2Fv2%2Fcomments&post=17822"}],"version-history":[{"count":1,"href":"https:\/\/nandi.info\/index.php?rest_route=\/wp\/v2\/posts\/17822\/revisions"}],"predecessor-version":[{"id":17826,"href":"https:\/\/nandi.info\/index.php?rest_route=\/wp\/v2\/posts\/17822\/revisions\/17826"}],"wp:featuredmedia":[{"embeddable":true,"href":"https:\/\/nandi.info\/index.php?rest_route=\/wp\/v2\/media\/17827"}],"wp:attachment":[{"href":"https:\/\/nandi.info\/index.php?rest_route=%2Fwp%2Fv2%2Fmedia&parent=17822"}],"wp:term":[{"taxonomy":"category","embeddable":true,"href":"https:\/\/nandi.info\/index.php?rest_route=%2Fwp%2Fv2%2Fcategories&post=17822"},{"taxonomy":"post_tag","embeddable":true,"href":"https:\/\/nandi.info\/index.php?rest_route=%2Fwp%2Fv2%2Ftags&post=17822"}],"curies":[{"name":"wp","href":"https:\/\/api.w.org\/{rel}","templated":true}]}}