{"id":17763,"date":"2024-03-25T13:35:39","date_gmt":"2024-03-25T12:35:39","guid":{"rendered":"https:\/\/nandi.info\/?p=17763"},"modified":"2024-03-25T13:35:41","modified_gmt":"2024-03-25T12:35:41","slug":"33-ans-apres-le-26-mars-1991-les-acquis-en-cause-les-acteurs-en-disgrace","status":"publish","type":"post","link":"https:\/\/nandi.info\/?p=17763","title":{"rendered":"33 ans apr\u00e8s le 26 mars 1991 : Les acquis en cause, les acteurs en disgr\u00e2ce"},"content":{"rendered":"\n<p class=\"has-drop-cap\">Le Mali c\u00e9l\u00e8bre, ce mardi, le 26 Mars, dans un contexte toujours marqu\u00e9 par l\u2019ins\u00e9curit\u00e9, la vie ch\u00e8re, le pilotage \u00e0 vue des affaires publiques. Et l\u2019\u00e9l\u00e9ment majeur de cet anniversaire est la dissolution de l\u2019Association des \u00e9l\u00e8ves et \u00e9tudiants du Mali (AEEM), une des associations du Mouvement d\u00e9mocratique, fer de lance de la lutte h\u00e9ro\u00efque du peuple malien contre la dictature du g\u00e9n\u00e9ral Moussa Traor\u00e9. <\/p>\n\n\n\n<p>Trente-trois (33) ans apr\u00e8s la chute du g\u00e9n\u00e9ral Moussa Traor\u00e9 par une insurrection populaire, le 26 mars 1991, l\u2019enthousiasme de voir un Mali r\u00e9concili\u00e9 avec ses valeurs pour rompre avec les pratiques mafieuses c\u00e8de sa place aux d\u00e9ceptions. Les nouveaux venus se sont montr\u00e9s plus royalistes que le roi. Ils passent \u00e0 la vitesse sup\u00e9rieure en confisquant tout ce qui appartient au peuple \u00e0 leur seul profit. Quelques ann\u00e9es de leur gestion ont largement suffi pour que les hommes avertis comprennent qu\u2019il y a eu tromperie sur la marchandise. Ils ont appliqu\u00e9 \u00e0 la lettre ce proverbe: \u201d\u00d4te-toi de l\u00e0 que je m\u2019y mette\u201d.<\/p>\n\n\n\n<p>Les m\u00e9thodes qu\u2019ils ont d\u00e9nonc\u00e9es dans la clandestinit\u00e9 et \u00e0 visage d\u00e9couvert et qui ont ruin\u00e9 notre pays durant le r\u00e8gne du g\u00e9n\u00e9ral Moussa Traor\u00e9 ont \u00e9t\u00e9 une aubaine pour les soi-disant d\u00e9mocrates. Ils les ont industrialis\u00e9es pour se donner une cure de sant\u00e9 financi\u00e8re: enrichissement personnel, insolent, m\u00e9prisant et arrogant. Le march\u00e9 de gr\u00e9 \u00e0 gr\u00e9 passe de 10 millions de F CFA \u00e0 250 millions de F CFA. Ainsi, ils ouvrent la porte \u00e0 une corruption g\u00e9n\u00e9ralis\u00e9e et \u00e0 la course effr\u00e9n\u00e9e \u00e0 l\u2019argent public. C\u2019est ce tableau du d\u00e9shonneur que les d\u00e9mocrates sinc\u00e8res et patriotes convaincus affichent d\u00e8s leur prise de pouvoir le 8 juin 1992.<\/p>\n\n\n\n<p>Ainsi, commence le tripatouillage des textes pour qu\u2019une minorit\u00e9 s\u2019accapare et profite des richesses nationales. Des avantages et privil\u00e8ges faramineux sont accord\u00e9s \u00e0 des politiciens de profession. Des nominations fantaisistes sont faites pour que des parents et des militants acc\u00e8dent sans peine aux biens publics. Et les r\u00e9sultats n\u2019ont pas tard\u00e9 \u00e0 tomber. En 1999, une liste de vingt et un (21) milliardaires, dont seize (16) fonctionnaires et cinq (05) op\u00e9rateurs \u00e9conomiques, tombe comme un couperet sur la t\u00eate de ceux qui consid\u00e9raient encore les d\u00e9mocrates pr\u00e9dateurs comme des messies. Et bien avant cette date, les scandales politico- financiers \u00e9clataient partout et impliquaient les \u00abhommes propres d\u2019hier\u00bb, dit-on, venus laver les larmes du peuple malien de la punition du long r\u00e8gne du g\u00e9n\u00e9ral Moussa Traor\u00e9. Ainsi, commen\u00e7a la remise en cause des acquis du peuple malien. <\/p>\n\n\n\n<p>Erig\u00e9s sur le sang des martyrs des \u00e9v\u00e9nements douloureux qui ont conduit \u00e0 chasser le g\u00e9n\u00e9ral Moussa Traor\u00e9 et son parti unique du pouvoir, le 26 mars 1991, les acquis et les attentes sont rest\u00e9s au stade de slogan pour le peuple. Alors qu\u2019au m\u00eame moment, les d\u00e9mocrates pr\u00e9dateurs se la coulent douce. Ils viennent de r\u00e9aliser leur r\u00eave. Celui d\u2019acc\u00e9der au pouvoir \u00e0 tout prix. Et ce qui importe pour eux maintenant, c\u2019est de faire main basse sur le Tr\u00e9sor public pour que la minorit\u00e9 d\u00e9mocratique rattrape son retard financier et de prestige sur le dos des Maliens qui ont blanchi sous le harnais depuis la dictature impos\u00e9e \u00e0 la suite du coup d\u2019\u00c9tat de 1968. Ils aspiraient au Kokadj\u00e8 (assainissement de la vie publique), gage d\u2019un d\u00e9veloppement durable. Peine perdue. La victoire du peuple a \u00e9t\u00e9 confisqu\u00e9e par une horde de voleurs et de pr\u00e9dateurs \u00e0 la solde de l\u2019imp\u00e9rialisme qui se satisfait de la victoire de ses valets. Peu importe le d\u00e9roulement des \u00e9lections. <\/p>\n\n\n\n<p><strong>Choguel Kokalla emboite le pas aux acteurs du Mouvement d\u00e9mocratique<\/strong> <\/p>\n\n\n\n<p>Ironie du sort. Les acteurs du Mouvement d\u00e9mocratique accusent les autres de remettre en cause les acquis du 26- Mars, alors qu\u2019ils ont \u00e9t\u00e9 les premiers \u00e0 les pi\u00e9tiner. Ils n\u2019ont jamais su incarner le changement pour que le peuple profite des acquis qu\u2019il a obtenus dans la douleur. Et l\u2019\u00c9tat de droit sur lequel tous les acquis devraient s\u2019appuyer pour l\u2019\u00e9mergence d\u2019un Mali nouveau n\u2019ont jamais vu le jour. Au contraire, les d\u00e9mocrates ont contribu\u00e9 \u00e0 affaiblir l\u2019\u00c9tat par une gestion d\u00e9sastreuse des ressources humaines. Et l\u2019homme \u00e0 la place qu\u2019il faut, un des slogans phares du 26- Mars, a \u00e9t\u00e9 remplac\u00e9 par le militantisme, le n\u00e9potisme, le copinage\u2026 Par la suite, ceux qui ont b\u00e9n\u00e9fici\u00e9 de ce raccourci se sont constitu\u00e9s en bandes organis\u00e9es pour piller de fond en comble les richesses nationales.<\/p>\n\n\n\n<p>Ainsi, la bonne gestion, la lutte contre la corruption, la restauration de l\u2019autorit\u00e9 de l\u2019\u00c9tat sont renvoy\u00e9es aux calendes grecques. Ce qui a contribu\u00e9 \u00e0 cr\u00e9er un d\u00e9sordre \u00e0 tous les niveaux de l\u2019administration publique. Bonjour les d\u00e9g\u00e2ts ! L\u2019incivisme, l\u2019indiscipline, l\u2019insouciance, l\u2019impunit\u00e9 sont \u00e9rig\u00e9s au rang des valeurs. R\u00e9sultat: le Malien est devenu qui se moque des lois. <\/p>\n\n\n\n<p>Si aujourd\u2019hui, le Premier ministre Choguel Kokalla Ma\u00efga met son pied dans le plat de la remise en cause des acquis de soul\u00e8vement populaire de 1991, c\u2019est qu\u2019il emboite le pas aux acteurs de mars 1991. Sinon, s\u2019ils avaient pr\u00e9serv\u00e9 les acquis, personne n\u2019oserait les remettre en cause, \u00e0 plus forte raison Choguel Kokalla Ma\u00efga, le premier b\u00e9n\u00e9ficiaire des acquis de l\u2019insurrection populaire qui a eu raison de son mentor le 26 mars 1991.S\u2019il y avait un acquis \u00e0 pr\u00e9server, c\u2019\u00e9tait de tout faire pour que le Mali ne tombe plus dans les mains des militaires. Malheureusement, les d\u00e9mocrates ont travaill\u00e9 pour cela. Deux (02) coups d\u2019\u00c9tat en pleine d\u00e9mocratie. Et apr\u00e8s avoir pris acte de ces crimes contre le peuple malien, ils accompagnent les militaires dans la gestion de la transition. Ils sont les premiers \u00e0 occuper les postes \u00e0 responsabilit\u00e9 ou se mettre \u00e0 genou devant les principes du jour pour qu\u2019on ne rel\u00e8ve pas leurs cadres. La m\u00e8che \u00e9tant dite. Le peuple n\u2019a que ses yeux pour pleurer. <\/p>\n\n\n\n<p>Ce complot \u00e9ventr\u00e9 fait qu\u2019aujourd\u2019hui les acteurs du Mouvement d\u00e9mocratique sont en disgr\u00e2ce. Et apr\u00e8s chaque coup de force, ils sont sur le banc des accus\u00e9s. Il ne reste plus qu\u2019\u00e0 faire leur proc\u00e8s. Depuis le coup d\u2019\u00c9tat de 2020, leurs voix sont inaudibles. Ils sont accus\u00e9s d\u2019\u00eatre les responsables de la d\u00e9ch\u00e9ance du Mali. Ils se cherchent d\u00e9sesp\u00e9r\u00e9ment aujourd\u2019hui. \u00c0 qui la faute ? Leur gestion chaotique. <\/p>\n\n\n\n<p>Cette c\u00e9l\u00e9bration intervient \u00e0 un moment o\u00f9 l\u2019ins\u00e9curit\u00e9, la vie ch\u00e8re et le pilotage \u00e0 vue des affaires publiques demeurent encore une pr\u00e9occupation pour les autorit\u00e9s de la transition. Cette situation d\u2019incertitude, doubl\u00e9e de la dissolution de l\u2019Association des \u00e9l\u00e8ves et \u00e9tudiants du Mali (AEEM), le fer de lance de la lutte h\u00e9ro\u00efque contre la dictature du g\u00e9n\u00e9ral Moussa Traor\u00e9, se transforme peu \u00e0 peu en grogne sociale. Il est du devoir de la transition de maintenir le contact avec le peuple pour d\u00e9samorcer le cocktail explosif qui n\u2019est pas loin d\u2019exploser et dont les ingr\u00e9dients ont \u00e9t\u00e9 remis par un Premier ministre, anim\u00e9 de la haine, de la vengeance, de la division et qui a su b\u00e2tir sa popularit\u00e9 pr\u00e9caire sur les contre-v\u00e9rit\u00e9s, la falsification et la d\u00e9formation de l\u2019histoire politique de notre pays. <\/p>\n\n\n\n<p>\u00c0 beau mentir qui vint de loin. La roue de l\u2019histoire tourne.<\/p>\n\n\n\n<p><strong>Yoro SOW<\/strong><\/p>\n\n\n\n<p><strong>Source : Inter de Bamako<\/strong><\/p>\n\n\n\n<p><\/p>\n","protected":false},"excerpt":{"rendered":"<p>Le Mali c\u00e9l\u00e8bre, ce mardi, le 26 Mars, dans un contexte toujours marqu\u00e9 par l\u2019ins\u00e9curit\u00e9, la vie ch\u00e8re, le pilotage \u00e0 vue des affaires publiques. Et l\u2019\u00e9l\u00e9ment majeur de cet&hellip;<\/p>\n","protected":false},"author":1,"featured_media":17764,"comment_status":"open","ping_status":"open","sticky":false,"template":"","format":"standard","meta":{"content-type":"","_lmt_disableupdate":"","_lmt_disable":"","_jetpack_memberships_contains_paid_content":false,"footnotes":"","jetpack_publicize_message":"","jetpack_publicize_feature_enabled":true,"jetpack_social_post_already_shared":true,"jetpack_social_options":{"image_generator_settings":{"template":"highway","default_image_id":0,"font":"","enabled":false},"version":2}},"categories":[125,43],"tags":[],"class_list":["post-17763","post","type-post","status-publish","format-standard","has-post-thumbnail","hentry","category-actualite","category-nandi-info"],"jetpack_publicize_connections":[],"featured_image_urls":{"full":["https:\/\/nandi.info\/wp-content\/uploads\/2024\/03\/Marthyrs-26-mars.jpg",696,464,false],"thumbnail":["https:\/\/nandi.info\/wp-content\/uploads\/2024\/03\/Marthyrs-26-mars-150x150.jpg",150,150,true],"medium":["https:\/\/nandi.info\/wp-content\/uploads\/2024\/03\/Marthyrs-26-mars-300x200.jpg",300,200,true],"medium_large":["https:\/\/nandi.info\/wp-content\/uploads\/2024\/03\/Marthyrs-26-mars.jpg",696,464,false],"large":["https:\/\/nandi.info\/wp-content\/uploads\/2024\/03\/Marthyrs-26-mars.jpg",696,464,false],"1536x1536":["https:\/\/nandi.info\/wp-content\/uploads\/2024\/03\/Marthyrs-26-mars.jpg",696,464,false],"2048x2048":["https:\/\/nandi.info\/wp-content\/uploads\/2024\/03\/Marthyrs-26-mars.jpg",696,464,false],"penci-recipe-1200x1200":["https:\/\/nandi.info\/wp-content\/uploads\/2024\/03\/Marthyrs-26-mars.jpg",696,464,false],"penci-recipe-1200x900":["https:\/\/nandi.info\/wp-content\/uploads\/2024\/03\/Marthyrs-26-mars.jpg",696,464,false],"penci-recipe-1200x675":["https:\/\/nandi.info\/wp-content\/uploads\/2024\/03\/Marthyrs-26-mars.jpg",696,464,false],"penci-single-full":["https:\/\/nandi.info\/wp-content\/uploads\/2024\/03\/Marthyrs-26-mars.jpg",696,464,false],"penci-slider-full-thumb":["https:\/\/nandi.info\/wp-content\/uploads\/2024\/03\/Marthyrs-26-mars.jpg",696,464,false],"penci-full-thumb":["https:\/\/nandi.info\/wp-content\/uploads\/2024\/03\/Marthyrs-26-mars.jpg",696,464,false],"penci-slider-thumb":["https:\/\/nandi.info\/wp-content\/uploads\/2024\/03\/Marthyrs-26-mars.jpg",696,464,false],"penci-magazine-slider":["https:\/\/nandi.info\/wp-content\/uploads\/2024\/03\/Marthyrs-26-mars.jpg",696,464,false],"penci-thumb":["https:\/\/nandi.info\/wp-content\/uploads\/2024\/03\/Marthyrs-26-mars.jpg",585,390,false],"penci-masonry-thumb":["https:\/\/nandi.info\/wp-content\/uploads\/2024\/03\/Marthyrs-26-mars.jpg",585,390,false],"penci-thumb-square":["https:\/\/nandi.info\/wp-content\/uploads\/2024\/03\/Marthyrs-26-mars.jpg",585,390,false],"penci-thumb-vertical":["https:\/\/nandi.info\/wp-content\/uploads\/2024\/03\/Marthyrs-26-mars.jpg",480,320,false],"penci-thumb-small":["https:\/\/nandi.info\/wp-content\/uploads\/2024\/03\/Marthyrs-26-mars.jpg",263,175,false]},"author_info":{"display_name":"Nandi","author_link":"https:\/\/nandi.info\/?author=1"},"category_info":"<a href=\"https:\/\/nandi.info\/?cat=125\" rel=\"category\">Actualit\u00e9<\/a> <a href=\"https:\/\/nandi.info\/?cat=43\" rel=\"category\">Nandi.info<\/a>","tag_info":"Nandi.info","comment_count":"0","jetpack_featured_media_url":"https:\/\/nandi.info\/wp-content\/uploads\/2024\/03\/Marthyrs-26-mars.jpg","jetpack_sharing_enabled":true,"_links":{"self":[{"href":"https:\/\/nandi.info\/index.php?rest_route=\/wp\/v2\/posts\/17763","targetHints":{"allow":["GET"]}}],"collection":[{"href":"https:\/\/nandi.info\/index.php?rest_route=\/wp\/v2\/posts"}],"about":[{"href":"https:\/\/nandi.info\/index.php?rest_route=\/wp\/v2\/types\/post"}],"author":[{"embeddable":true,"href":"https:\/\/nandi.info\/index.php?rest_route=\/wp\/v2\/users\/1"}],"replies":[{"embeddable":true,"href":"https:\/\/nandi.info\/index.php?rest_route=%2Fwp%2Fv2%2Fcomments&post=17763"}],"version-history":[{"count":1,"href":"https:\/\/nandi.info\/index.php?rest_route=\/wp\/v2\/posts\/17763\/revisions"}],"predecessor-version":[{"id":17765,"href":"https:\/\/nandi.info\/index.php?rest_route=\/wp\/v2\/posts\/17763\/revisions\/17765"}],"wp:featuredmedia":[{"embeddable":true,"href":"https:\/\/nandi.info\/index.php?rest_route=\/wp\/v2\/media\/17764"}],"wp:attachment":[{"href":"https:\/\/nandi.info\/index.php?rest_route=%2Fwp%2Fv2%2Fmedia&parent=17763"}],"wp:term":[{"taxonomy":"category","embeddable":true,"href":"https:\/\/nandi.info\/index.php?rest_route=%2Fwp%2Fv2%2Fcategories&post=17763"},{"taxonomy":"post_tag","embeddable":true,"href":"https:\/\/nandi.info\/index.php?rest_route=%2Fwp%2Fv2%2Ftags&post=17763"}],"curies":[{"name":"wp","href":"https:\/\/api.w.org\/{rel}","templated":true}]}}