{"id":17722,"date":"2024-03-24T13:35:23","date_gmt":"2024-03-24T12:35:23","guid":{"rendered":"https:\/\/nandi.info\/?p=17722"},"modified":"2024-03-24T13:35:26","modified_gmt":"2024-03-24T12:35:26","slug":"harmonisation-et-utilisation-des-symboles-de-letat-le-gouvernement-de-transition-consacre-une-semaine-a-la-thematique","status":"publish","type":"post","link":"https:\/\/nandi.info\/?p=17722","title":{"rendered":"Harmonisation et utilisation des symboles de l\u2019\u00e9tat : Le gouvernement de Transition consacre une semaine \u00e0 la th\u00e9matique"},"content":{"rendered":"\n<p><strong><em>Le Premier ministre Dr. Choguel Kokalla Ma\u00efga a pr\u00e9sid\u00e9, le lundi 11 mars 2024, au M\u00e9morial Modibo K\u00e9ita, la Semaine nationale pour l\u2019harmonisation et l\u2019utilisation des symboles de l\u2019Etat. C\u2019\u00e9tait en pr\u00e9sence de plusieurs membres du gouvernement autour de la question de la mise \u00e0 jour du mode d\u2019utilisation des symboles de l\u2019Etat.<\/em><\/strong><\/p>\n\n\n\n<p class=\"has-drop-cap\">La Semaine nationale pour l\u2019harmonisation et l\u2019utilisation des symboles de l\u2019Etat vise \u00e0 informer, \u00e9duquer et sensibiliser divers publics sur le sens, la port\u00e9e et l\u2019inviolabilit\u00e9 desdits symboles.<\/p>\n\n\n\n<p>Pilot\u00e9e par le ministre de la Justice et des Droits de l\u2019Homme, garde des Sceaux, Mamoudou Kassogu\u00e9, cette Semaine nationale est le fruit d\u2019une ann\u00e9e de travail de la commission d\u2019organisation mise en place \u00e0 cet effet. Ainsi, les cinq symboles retenus de la gamme vari\u00e9e des repr\u00e9sentations de l\u2019Etat sont : le drapeau, l\u2019hymne national, les armoiries, la devise et le sceau.<\/p>\n\n\n\n<p>Selon les indiscr\u00e9tions, sous l\u2019impulsion du pr\u00e9sident de la Transition, le colonel Assimi Go\u00efta, la commission d\u2019organisation s\u2019est r\u00e9unie apr\u00e8s le constat malheureux de l\u2019utilisation incoh\u00e9rente des repr\u00e9sentations visuelles et le traitement d\u00e9gradant des symboles de l\u2019Etat. Cela, pour analyser les enjeux et apporter une mise \u00e0 jour \u00e0 la mani\u00e8re d\u2019appropriation. La marque de l\u2019Etat \u00e9tant une valeur multis\u00e9culaire, le drapeau ne peut \u00eatre d\u00e9tourn\u00e9 \u00e0 d\u2019autres fins.<\/p>\n\n\n\n<p>Mohamed Coulibaly, membre de la Commission d\u2019organisation, a entretenu l\u2019assistance sur les symboles de l\u2019Etat, source d\u2019inspiration civile et catalyseur du sentiment patriotique. Il est revenu sur le d\u00e9sordre total au sein des imprimeurs d\u2019occasion, nationaux et graveurs \u00e9trangers, des cachets utilis\u00e9s par les agents de l\u2019Etat et des collectivit\u00e9s et le non-respect des formes, dimensions, couleurs et dispositions, pourtant fix\u00e9es par la loi, ajoutant que la marque de l\u2019Etat sert de caution dans toutes les situations. Il a incit\u00e9 \u00e0 la bonne utilisation des symboles.<\/p>\n\n\n\n<p>Pour le Premier ministre, ces valeurs et symboles jettent les bases de la construction de la nation et indiquent la voie \u00e0 suivre pour le Mali Kura. Il a pr\u00e9cis\u00e9 qu\u2019il nous appartient de prot\u00e9ger les symboles de l\u2019Etat. Ainsi, il n\u2019a pas manqu\u00e9 de donner des consignes fermes.&nbsp;<em>\u201cIl est inadmissible que les symboles de l\u2019Etat puissent \u00eatre utilis\u00e9s diff\u00e9remment par les agents de l\u2019Etat et leurs d\u00e9membrements\u201d.<\/em>&nbsp;Il s\u2019agit \u00e0 travers ces symboles de l\u2019Etat, de ma\u00eetriser davantage les significations et les valeurs dont ils sont porteurs, et de veiller \u00e0 leur utilisation dans des conditions conformes \u00e0 la loi.<\/p>\n\n\n\n<p>Il ajoutera que les diff\u00e9rents responsables et agents de l\u2019Etat et de ses d\u00e9membrements contribuent \u00e0 une utilisation harmonis\u00e9e des symboles quelles que soient les circonstances de lieu, de temps et d\u2019espace.<\/p>\n\n\n\n<p>Pour les citoyens maliens, cette Semaine nationale est une belle opportunit\u00e9 d\u2019aller \u00e0 la d\u00e9couverte ou \u00e0 la red\u00e9couverte des symboles de l\u2019Etat, fondements de notre identit\u00e9 nationale. L\u2019administration, de son c\u00f4t\u00e9, est dans le besoin imp\u00e9ratif de disposer d\u2019outils formels de d\u00e9termination, de r\u00e9gularisation et de contr\u00f4le de la marque de l\u2019Etat. Il y a lieu de recadrer l\u2019usage des signes d\u2019identit\u00e9 de la nation et, gr\u00e2ce aux langues nationales, amener les populations maliennes \u00e0 se les approprier.<\/p>\n\n\n\n<p>Avant de terminer le chef du gouvernement a salu\u00e9 l\u2019engagement et l\u2019expertise de la commission. Il l\u2019a invit\u00e9e \u00e0 prendre toutes les dispositions pour donner une suite \u00e0 toutes les recommandations qui seront formul\u00e9es \u00e0 l\u2019occasion des diff\u00e9rentes sessions de cette semaine.&nbsp;&nbsp;&nbsp;&nbsp;&nbsp;&nbsp;&nbsp;&nbsp;&nbsp;&nbsp;&nbsp;&nbsp;&nbsp;&nbsp;&nbsp;&nbsp;&nbsp;&nbsp;&nbsp;&nbsp;&nbsp;&nbsp;&nbsp;&nbsp;&nbsp;&nbsp;&nbsp;&nbsp;&nbsp;<strong>&nbsp;&nbsp;&nbsp;&nbsp;&nbsp;&nbsp;&nbsp;&nbsp;&nbsp;&nbsp;&nbsp;&nbsp;&nbsp;&nbsp;&nbsp;&nbsp;&nbsp;&nbsp;&nbsp;&nbsp;&nbsp;&nbsp;&nbsp;&nbsp;&nbsp;&nbsp;&nbsp;&nbsp;&nbsp;&nbsp;&nbsp;&nbsp;&nbsp;&nbsp;&nbsp;&nbsp;&nbsp;&nbsp;&nbsp;&nbsp;&nbsp;&nbsp;&nbsp;&nbsp;&nbsp;&nbsp;&nbsp;&nbsp;&nbsp;&nbsp;&nbsp;&nbsp;&nbsp;&nbsp;&nbsp;&nbsp;&nbsp;&nbsp;&nbsp;&nbsp;&nbsp;&nbsp;&nbsp;&nbsp;&nbsp;&nbsp;&nbsp;&nbsp;&nbsp;&nbsp;&nbsp;&nbsp;&nbsp;&nbsp;&nbsp;&nbsp;&nbsp;&nbsp;&nbsp;&nbsp;&nbsp;&nbsp;&nbsp;&nbsp;&nbsp;&nbsp;&nbsp;&nbsp;&nbsp;&nbsp;&nbsp;&nbsp;&nbsp;&nbsp;&nbsp;&nbsp;&nbsp;&nbsp;&nbsp;&nbsp;&nbsp;&nbsp;&nbsp;&nbsp;&nbsp;&nbsp;&nbsp;&nbsp;&nbsp;&nbsp;&nbsp;&nbsp;&nbsp;&nbsp;&nbsp;&nbsp;&nbsp;&nbsp;&nbsp;&nbsp;&nbsp;&nbsp;<\/strong><\/p>\n\n\n\n<p><strong>&nbsp;&nbsp;Boubacar Pa\u00eftao<\/strong><\/p>\n","protected":false},"excerpt":{"rendered":"<p>Le Premier ministre Dr. Choguel Kokalla Ma\u00efga a pr\u00e9sid\u00e9, le lundi 11 mars 2024, au M\u00e9morial Modibo K\u00e9ita, la Semaine nationale pour l\u2019harmonisation et l\u2019utilisation des symboles de l\u2019Etat. C\u2019\u00e9tait&hellip;<\/p>\n","protected":false},"author":1,"featured_media":17723,"comment_status":"open","ping_status":"open","sticky":false,"template":"","format":"standard","meta":{"content-type":"","_lmt_disableupdate":"","_lmt_disable":"","_jetpack_memberships_contains_paid_content":false,"footnotes":"","jetpack_publicize_message":"","jetpack_publicize_feature_enabled":true,"jetpack_social_post_already_shared":true,"jetpack_social_options":{"image_generator_settings":{"template":"highway","default_image_id":0,"font":"","enabled":false},"version":2}},"categories":[19,74],"tags":[],"class_list":["post-17722","post","type-post","status-publish","format-standard","has-post-thumbnail","hentry","category-aujourdhui-mali","category-nation"],"jetpack_publicize_connections":[],"featured_image_urls":{"full":["https:\/\/nandi.info\/wp-content\/uploads\/2024\/03\/Choguel-Abdoulaye-Maiga-1.jpg",650,372,false],"thumbnail":["https:\/\/nandi.info\/wp-content\/uploads\/2024\/03\/Choguel-Abdoulaye-Maiga-1-150x150.jpg",150,150,true],"medium":["https:\/\/nandi.info\/wp-content\/uploads\/2024\/03\/Choguel-Abdoulaye-Maiga-1-300x172.jpg",300,172,true],"medium_large":["https:\/\/nandi.info\/wp-content\/uploads\/2024\/03\/Choguel-Abdoulaye-Maiga-1.jpg",650,372,false],"large":["https:\/\/nandi.info\/wp-content\/uploads\/2024\/03\/Choguel-Abdoulaye-Maiga-1.jpg",650,372,false],"1536x1536":["https:\/\/nandi.info\/wp-content\/uploads\/2024\/03\/Choguel-Abdoulaye-Maiga-1.jpg",650,372,false],"2048x2048":["https:\/\/nandi.info\/wp-content\/uploads\/2024\/03\/Choguel-Abdoulaye-Maiga-1.jpg",650,372,false],"penci-recipe-1200x1200":["https:\/\/nandi.info\/wp-content\/uploads\/2024\/03\/Choguel-Abdoulaye-Maiga-1.jpg",650,372,false],"penci-recipe-1200x900":["https:\/\/nandi.info\/wp-content\/uploads\/2024\/03\/Choguel-Abdoulaye-Maiga-1.jpg",650,372,false],"penci-recipe-1200x675":["https:\/\/nandi.info\/wp-content\/uploads\/2024\/03\/Choguel-Abdoulaye-Maiga-1.jpg",650,372,false],"penci-single-full":["https:\/\/nandi.info\/wp-content\/uploads\/2024\/03\/Choguel-Abdoulaye-Maiga-1.jpg",650,372,false],"penci-slider-full-thumb":["https:\/\/nandi.info\/wp-content\/uploads\/2024\/03\/Choguel-Abdoulaye-Maiga-1.jpg",650,372,false],"penci-full-thumb":["https:\/\/nandi.info\/wp-content\/uploads\/2024\/03\/Choguel-Abdoulaye-Maiga-1.jpg",650,372,false],"penci-slider-thumb":["https:\/\/nandi.info\/wp-content\/uploads\/2024\/03\/Choguel-Abdoulaye-Maiga-1.jpg",650,372,false],"penci-magazine-slider":["https:\/\/nandi.info\/wp-content\/uploads\/2024\/03\/Choguel-Abdoulaye-Maiga-1.jpg",650,372,false],"penci-thumb":["https:\/\/nandi.info\/wp-content\/uploads\/2024\/03\/Choguel-Abdoulaye-Maiga-1.jpg",585,335,false],"penci-masonry-thumb":["https:\/\/nandi.info\/wp-content\/uploads\/2024\/03\/Choguel-Abdoulaye-Maiga-1.jpg",585,335,false],"penci-thumb-square":["https:\/\/nandi.info\/wp-content\/uploads\/2024\/03\/Choguel-Abdoulaye-Maiga-1.jpg",585,335,false],"penci-thumb-vertical":["https:\/\/nandi.info\/wp-content\/uploads\/2024\/03\/Choguel-Abdoulaye-Maiga-1.jpg",480,275,false],"penci-thumb-small":["https:\/\/nandi.info\/wp-content\/uploads\/2024\/03\/Choguel-Abdoulaye-Maiga-1.jpg",263,151,false]},"author_info":{"display_name":"Nandi","author_link":"https:\/\/nandi.info\/?author=1"},"category_info":"<a href=\"https:\/\/nandi.info\/?cat=19\" rel=\"category\">Aujourd\u2019hui Mali<\/a> <a href=\"https:\/\/nandi.info\/?cat=74\" rel=\"category\">Nation<\/a>","tag_info":"Nation","comment_count":"0","jetpack_featured_media_url":"https:\/\/nandi.info\/wp-content\/uploads\/2024\/03\/Choguel-Abdoulaye-Maiga-1.jpg","jetpack_sharing_enabled":true,"_links":{"self":[{"href":"https:\/\/nandi.info\/index.php?rest_route=\/wp\/v2\/posts\/17722","targetHints":{"allow":["GET"]}}],"collection":[{"href":"https:\/\/nandi.info\/index.php?rest_route=\/wp\/v2\/posts"}],"about":[{"href":"https:\/\/nandi.info\/index.php?rest_route=\/wp\/v2\/types\/post"}],"author":[{"embeddable":true,"href":"https:\/\/nandi.info\/index.php?rest_route=\/wp\/v2\/users\/1"}],"replies":[{"embeddable":true,"href":"https:\/\/nandi.info\/index.php?rest_route=%2Fwp%2Fv2%2Fcomments&post=17722"}],"version-history":[{"count":1,"href":"https:\/\/nandi.info\/index.php?rest_route=\/wp\/v2\/posts\/17722\/revisions"}],"predecessor-version":[{"id":17724,"href":"https:\/\/nandi.info\/index.php?rest_route=\/wp\/v2\/posts\/17722\/revisions\/17724"}],"wp:featuredmedia":[{"embeddable":true,"href":"https:\/\/nandi.info\/index.php?rest_route=\/wp\/v2\/media\/17723"}],"wp:attachment":[{"href":"https:\/\/nandi.info\/index.php?rest_route=%2Fwp%2Fv2%2Fmedia&parent=17722"}],"wp:term":[{"taxonomy":"category","embeddable":true,"href":"https:\/\/nandi.info\/index.php?rest_route=%2Fwp%2Fv2%2Fcategories&post=17722"},{"taxonomy":"post_tag","embeddable":true,"href":"https:\/\/nandi.info\/index.php?rest_route=%2Fwp%2Fv2%2Ftags&post=17722"}],"curies":[{"name":"wp","href":"https:\/\/api.w.org\/{rel}","templated":true}]}}