{"id":17709,"date":"2024-03-23T00:13:34","date_gmt":"2024-03-22T23:13:34","guid":{"rendered":"https:\/\/nandi.info\/?p=17709"},"modified":"2024-03-23T00:13:39","modified_gmt":"2024-03-22T23:13:39","slug":"communique-du-conseil-des-ministres-du-mercredi-20-mars-2024","status":"publish","type":"post","link":"https:\/\/nandi.info\/?p=17709","title":{"rendered":"Communiqu\u00e9 du conseil des ministres du mercredi 20 mars 2024"},"content":{"rendered":"\n<p><strong>Le Conseil des Ministres s\u2019est r\u00e9uni en session ordinaire, le mercredi 20 mars 2024, dans sa salle de d\u00e9lib\u00e9rations au Palais de Koulouba, sous la pr\u00e9sidence du Colonel Assimi GOITA, Pr\u00e9sident de la Transition, Chef de l\u2019Etat.<\/strong><br>Apr\u00e8s examen des points inscrits \u00e0 l\u2019ordre du jour, le Conseil a :<br>\u2013 adopt\u00e9 des projets de texte ;<br>\u2013 proc\u00e9d\u00e9 \u00e0 une nomination ;<br>\u2013 et entendu des communications.<br>AU CHAPITRE DES MESURES LEGISLATIVES ET REGLEMENTAIRES<br>Sur le rapport du ministre des Affaires \u00e9trang\u00e8res et de la Coop\u00e9ration internationale, le Conseil des<br>Ministres a adopt\u00e9 :<br>a. des projets de texte relatifs \u00e0 la ratification de la convention sur l\u2019entraide judiciaire en<br>mati\u00e8re civile et commerciale, sign\u00e9e \u00e0 Conakry, le 17 novembre 2022, entre le<br>Gouvernement de la R\u00e9publique du Mali et le Gouvernement de la R\u00e9publique de<br>Guin\u00e9e ;<br>b. des projets de texte relatifs \u00e0 la ratification de la convention sur l\u2019entraide judiciaire en<br>mati\u00e8re p\u00e9nale, sign\u00e9e \u00e0 Conakry, le 17 novembre 2022, entre le Gouvernement de la<br>R\u00e9publique du Mali et le Gouvernement de la R\u00e9publique de Guin\u00e9e ;<br>c. des projets de texte relatifs \u00e0 la ratification de la convention sur l\u2019extradition, sign\u00e9e \u00e0<br>Conakry, le 17 novembre 2022, entre le Gouvernement de la R\u00e9publique du Mali et le<br>Gouvernement de la R\u00e9publique de Guin\u00e9e ;<br>d. des projets de texte relatifs \u00e0 la ratification de la convention sur le transf\u00e8rement des<br>personnes condamn\u00e9es, sign\u00e9e \u00e0 Conakry, le 17 novembre 2022, entre le<br>Gouvernement de la R\u00e9publique du Mali et le Gouvernement de la R\u00e9publique de<br>Guin\u00e9e.<br>La coop\u00e9ration judiciaire entre la R\u00e9publique du Mali et la R\u00e9publique de Guin\u00e9e est fond\u00e9e sur la<br>Convention g\u00e9n\u00e9rale de coop\u00e9ration en mati\u00e8re de Justice, sign\u00e9e \u00e0 Bamako le 20 mai 1964. Face<br>aux nouveaux d\u00e9fis li\u00e9s au terrorisme et \u00e0 la criminalit\u00e9 transfrontali\u00e8re, il est devenu n\u00e9cessaire<br>d\u2019adapter les instruments juridiques au contexte actuel.<br>C\u2019est dans ce cadre que le Gouvernement de la R\u00e9publique du Mali et le Gouvernement de la<br>R\u00e9publique de Guin\u00e9e ont proc\u00e9d\u00e9, le 17 novembre 2022, \u00e0 la signature :<br>\u2013 de la convention sur l\u2019entraide judiciaire en mati\u00e8re civile et commerciale ;<br>\u2013 de la convention sur l\u2019entraide judiciaire en mati\u00e8re p\u00e9nale ;<br>\u2013 de la convention sur l\u2019extradition ;<br>\u2013 de la convention sur le transf\u00e8rement des personnes condamn\u00e9es.<br>La signature de ces conventions vise \u00e0 favoriser une gestion concert\u00e9e des questions relatives \u00e0<br>l\u2019entraide judiciaire, notamment \u00e0 travers la remise des actes et pi\u00e8ces judiciaires et extra-<br>judiciaires, la transmission et l\u2019ex\u00e9cution des commissions rogatoires, l\u2019exequatur en mati\u00e8re civile,<br>commerciale et sociale, la comparution des t\u00e9moins et des experts en mati\u00e8re p\u00e9nale.<br>Les projets de texte adopt\u00e9s autorisent la ratification desdites conventions.<br>Leur mise en \u0153uvre permettra de consolider les relations judiciaires entre les parties, de contribuer \u00e0<br>une bonne distribution de la justice, de renforcer l\u2019Etat de droit et de pr\u00e9server les droits des<br>citoyens des deux pays.<br>AU CHAPITRE DES MESURES INDIVIDUELLES<br>Le Conseil des Ministres a proc\u00e9d\u00e9 \u00e0 la nomination suivante :<br>3<br>AU TITRE DU MINISTERE DE L\u2019INDUSTRIE ET DU COMMERCE<br>\u2013 Directeur G\u00e9n\u00e9ral de l\u2019Usine Malienne des Produits Pharmaceutiques :<br>M\u00e9decin Lieutenant-colonel Abdoul Aziz BAH.<br>AU CHAPITRE DES COMMUNICATIONS<br>1. Le ministre de la Refondation de l\u2019Etat, charg\u00e9 des Relations avec les Institutions a inform\u00e9 le<br>Conseil des Ministres de l\u2019\u00e9tat d\u2019avancement de la mise en \u0153uvre du Projet de Syst\u00e8me<br>Int\u00e9gr\u00e9 de Gestion des Ressources Humaines de l\u2019Etat et des Collectivit\u00e9s territoriales.<br>Dans le cadre du suivi de l\u2019op\u00e9ration d\u2019identification physique des agents de l\u2019Etat et des<br>Collectivit\u00e9s territoriales, le Comit\u00e9 de pilotage du Projet a statu\u00e9 sur les difficult\u00e9s li\u00e9es au<br>d\u00e9ploiement des missions d\u2019identification physique des agents dans les r\u00e9gions et zones non encore<br>couvertes et valid\u00e9 les propositions de solutions et le chronogramme revu pour l\u2019ex\u00e9cution des<br>activit\u00e9s de finalisation.<br>Le Projet SIGRH est prorog\u00e9 au 30 juin 2024 pour permettre :<br>\u2013 la prise en charge des activit\u00e9s li\u00e9es, notamment \u00e0 l\u2019identification physique des agents dans<br>les r\u00e9gions et zones d\u2019acc\u00e8s difficile ;<br>\u2013 la r\u00e9alisation des op\u00e9rations d\u2019identification du personnel des Missions diplomatiques et<br>consulaires ;<br>\u2013 le d\u00e9ploiement et l\u2019interconnexion de la base des donn\u00e9es SIGRH ;<br>\u2013 la production des fichiers provisoires ;<br>\u2013 la gestion des r\u00e9clamations ;<br>\u2013 la production du rapport final ;<br>\u2013 la mise \u00e0 disposition du nouveau Syst\u00e8me Int\u00e9gr\u00e9 de Gestion des Ressources Humaines de<br>l\u2019Etat et des Collectivit\u00e9s territoriales.<br>2. Le ministre des Affaires \u00e9trang\u00e8res et de la Coop\u00e9ration internationale a inform\u00e9 le Conseil des<br>Ministres des conclusions de la Conf\u00e9rence r\u00e9gionale de l\u2019Afrique de l\u2019Ouest en pr\u00e9lude au<br>9\u00e8me Congr\u00e8s panafricain.<br>Dans le cadre des activit\u00e9s pr\u00e9paratoires du 9\u00e8me Congr\u00e8s panafricain, pr\u00e9vu \u00e0 Lom\u00e9 du 29 octobre<br>au 02 novembre 2024, la R\u00e9publique du Mali, \u00e0 la demande des autorit\u00e9s de la R\u00e9publique<br>togolaise, a abrit\u00e9 les 14 et 15 mars 2024, la \u00ab Conf\u00e9rence r\u00e9gionale pour l\u2019Afrique de l\u2019Ouest, sous<br>le th\u00e8me \u00ab Diasporas, Afro-descendants et D\u00e9veloppement \u00bb.<br>Cette rencontre a r\u00e9uni une centaine de participants, notamment des Ministres et chefs de d\u00e9l\u00e9gation<br>de pays de l\u2019Afrique de l\u2019Ouest, des repr\u00e9sentants gouvernementaux d\u2019Etats membres du Haut<br>Comit\u00e9 de l\u2019Union Africaine en charge de l\u2019Agenda 2021-2031, des membres du Comit\u00e9<br>scientifique du 9\u00e8me Congr\u00e8s, des personnalit\u00e9s des diasporas africaines et des communaut\u00e9s Afro-<br>descendantes, des op\u00e9rateurs \u00e9conomiques et des investisseurs \u00e9voluant dans divers secteurs<br>d\u2019activit\u00e9s, des experts nationaux et internationaux et des activistes panafricains.<br>Au terme des travaux, les participants ont adopt\u00e9 la \u00ab D\u00e9claration de la Conf\u00e9rence r\u00e9gionale de<br>l\u2019Afrique de l\u2019Ouest \u00bb dont les conclusions seront pr\u00e9sent\u00e9es par le Ministre des Affaires \u00e9trang\u00e8res<br>et de la Coop\u00e9ration internationale au 9\u00e8me Congr\u00e8s panafricain qui se tiendra \u00e0 Lom\u00e9 au Togo.<br>En marge de la Conf\u00e9rence r\u00e9gionale, le Ministre des Affaires \u00e9trang\u00e8res et de la Coop\u00e9ration<br>internationale a pr\u00e9sid\u00e9 la r\u00e9union minist\u00e9rielle de l\u2019Alliance politique africaine.<br>4<br>3. Le ministre de la Jeunesse et des Sports, Charg\u00e9 de l\u2019Instruction civique et de la Construction<br>citoyenne a inform\u00e9 le Conseil des Ministres de l\u2019organisation d\u2019un Tournoi International de<br>l\u2019Amiti\u00e9 U-18 en basketball.<br>Le Tournoi international de l\u2019Amiti\u00e9 U-18, filles et gar\u00e7ons, en basketball est une initiative de la<br>F\u00e9d\u00e9ration malienne de Basketball soutenue par le d\u00e9partement en raison des impacts positifs qu\u2019il<br>rev\u00eat en termes de redynamisation des relations de coop\u00e9rations par le sport et de la mise \u00e0 niveau<br>de nos s\u00e9lections nationales.<br>Ledit Tournoi qui regroupera, outre le Mali, la C\u00f4te d\u2019Ivoire, la Guin\u00e9e, le S\u00e9n\u00e9gal et la Tunisie se<br>d\u00e9roulera du 23 mars au 1er avril 2024 \u00e0 Bamako.<br>L\u2019objectif est d\u2019offrir un cadre de pr\u00e9paration aux s\u00e9lections nationales U-18 filles et gar\u00e7ons<br>qualifi\u00e9es respectivement pour la Coupe du monde et l\u2019Afro-basket de leur cat\u00e9gorie et de<br>redynamiser les relations d\u2019amiti\u00e9s entre les pays participants par le sport.<br>4. Le ministre de l\u2019Industrie et du Commerce a inform\u00e9 le Conseil des Ministres de la tenue de la<br>1\u00e8re Session ordinaire du Conseil des Ministres de l\u2019Union Mon\u00e9taire Ouest Africaine, au<br>titre de l\u2019exercice 2024.<br>La 1\u00e8re Session ordinaire du Conseil des Ministres de l\u2019Union Mon\u00e9taire Ouest Africaine, pr\u00e9vue \u00e0<br>Dakar au S\u00e9n\u00e9gal, le 28 mars 2024, sera essentiellement consacr\u00e9e \u00e0 :<br>\u2013 l\u2019examen et l\u2019approbation de la situation \u00e9conomique et mon\u00e9taire de l\u2019UEMOA au 31<br>d\u00e9cembre 2023 ;<br>\u2013 l\u2019approbation des comptes de la BCEAO pour l\u2019exercice clos le 31 d\u00e9cembre 2023 ;<br>\u2013 l\u2019affectation du r\u00e9sultat financier de la BCEAO pour l\u2019exercice clos le 31 d\u00e9cembre 2023.<br>\u2013 l\u2019adoption de la convention r\u00e9vis\u00e9e r\u00e9gissant la Commission Bancaire.<br>\u2013 l\u2019approbation des comptes annuels de la BOAD pour l\u2019exercice clos le 31 d\u00e9cembre 2023 ;<br>\u2013 l\u2019adoption du rapport annuel 2023 ;<br>\u2013 l\u2019examen et l\u2019approbation de la r\u00e9forme institutionnelle et organisationnelle ;<br>\u2013 l\u2019examen et l\u2019approbation du projet de budget, au titre de l\u2019exercice 2024.<br>Au cours de cette session, le Mali mettra l\u2019accent sur les points suivants :<br>\u2013 la gouvernance globale de la BCEAO et son impartialit\u00e9 dans le traitement des Etats<br>membres ;<br>\u2013 le financement de l\u2019\u00e9conomie des Etats membres ;<br>\u2013 le refinancement des banques et la situation de liquidit\u00e9 ;<br>\u2013 les activit\u00e9s de supervision de la Commission Bancaire ;<br>\u2013 le renforcement des engagements de la BOAD dans le financement des projets structurants<br>pour une croissance \u00e9conomique soutenue et durable, notamment dans les secteurs<br>strat\u00e9giques : Agriculture, Energie, Infrastructures.<br>5. Le ministre de l\u2019Urbanisme, de l\u2019Habitat, des Domaines, de l\u2019Am\u00e9nagement du Territoire et de<br>la Population a inform\u00e9 le Conseil des Ministres de l\u2019organisation de la Semaine de l\u2019Ordre<br>des G\u00e9om\u00e8tres-Experts du Mali.<br>L\u2019Ordre des G\u00e9om\u00e8tres-Experts a pour mission de veiller \u00e0 la stricte observation par ses membres<br>de leurs devoirs professionnels et du code de d\u00e9ontologie et d\u2019assister les pouvoirs publics et les<br>populations en cas de n\u00e9cessit\u00e9.<br>L\u2019Ordre des G\u00e9om\u00e8tres-Experts, en partenariat avec l\u2019Agence de Cessions Immobili\u00e8res, organise<br>la Semaine de l\u2019Ordre des G\u00e9om\u00e8tres-Experts du 18 au 20 avril 2024 avec pour th\u00e8me \u00ab la<br>5<br>s\u00e9curisation des droits fonciers est essentielle pour stimuler l\u2019investissement et la croissance<br>\u00e9conomique \u00bb.<br>Elle vise \u00e0 promouvoir les dispositifs de s\u00e9curisation fonci\u00e8re respectant la diversit\u00e9 des droits et<br>des sources de l\u00e9gitimit\u00e9 au service d\u2019un d\u00e9veloppement \u00e9quitable.<br>La tenue de cette semaine permettra entre autres :<br>\u2013 de sensibiliser les acteurs de la gouvernance fonci\u00e8re et les usagers pour une bonne gestion<br>fonci\u00e8re ;<br>\u2013 d\u2019adopter une approche int\u00e9gr\u00e9e pour stimuler l\u2019investissement et la croissance<br>\u00e9conomique ;<br>\u2013 de contribuer au renforcement des capacit\u00e9s des G\u00e9om\u00e8tres-Experts.<br>La Semaine enregistrera la participation des acteurs publics et priv\u00e9s du secteur du foncier du<br>Burkina Faso, de la C\u00f4te d\u2019Ivoire, de la Guin\u00e9e, du B\u00e9nin, du Niger, du S\u00e9n\u00e9gal, du Togo et du<br>Royaume du Maroc en qualit\u00e9 de pays invit\u00e9 d\u2019honneur.<br>6. Le ministre de la Communication, de l\u2019Economie num\u00e9rique et de la Modernisation de<br>l\u2019Administration a inform\u00e9 le Conseil des Ministres de la commercialisation incontr\u00f4l\u00e9e et<br>illicite des \u00e9quipements de transmission et de communication d\u00e9nomm\u00e9s KIT STARLINK<br>par certains op\u00e9rateurs \u00e9conomiques et fournisseurs d\u2019Acc\u00e8s Internet.<br>Le KIT STARLINK est un moyen d\u2019acc\u00e8s \u00e0 internet par Satellite dont la commercialisation et<br>l\u2019installation au niveau des ONG et des particuliers ont \u00e9t\u00e9 constat\u00e9es suite \u00e0 des investigations de<br>l\u2019Autorit\u00e9 Malienne de R\u00e9gulation des T\u00e9l\u00e9communications, des Technologies de l\u2019Information et<br>de la Communication et des Postes, \u00e0 Bamako, et dans les zones du nord, zones de conflits dont<br>L\u00e9r\u00e9, Gao, Tombouctou, M\u00e9naka et Kidal.<br>Face aux attaques terroristes, l\u2019introduction sur le territoire national sans autorisation ainsi que<br>l\u2019utilisation incontr\u00f4l\u00e9e et illicite de cette technologie, n\u2019ayant pas fait l\u2019objet d\u2019homologation au<br>Mali, peuvent favoriser la prosp\u00e9rit\u00e9 des actions des Groupes Arm\u00e9s Terroristes et constituent une<br>entorse aux r\u00e8gles du march\u00e9.<br>Il est indispensable que l\u2019importation, la vente et l\u2019utilisation de la technologie Starlink respectent le<br>cadre juridique national am\u00e9nag\u00e9 pour se rassurer qu\u2019elle soit s\u00fbre, s\u00e9curis\u00e9e et utilis\u00e9e<br>conform\u00e9ment aux normes nationales et internationales.<br>Pour cela, le Gouvernement prendra les mesures n\u00e9cessaires pour :<br>\u2013 d\u00e9manteler et interdire les terminaux Starlink sur toute l\u2019\u00e9tendue du territoire national ;<br>\u2013 examiner la faisabilit\u00e9 de l\u2019utilisation l\u00e9gale dudit mat\u00e9riel avec des interlocuteurs officiels ;<br>\u2013 renforcer l\u2019acc\u00e8s des populations \u00e0 Internet.<br>7. Le ministre de la Sant\u00e9 et du D\u00e9veloppement social a inform\u00e9 le Conseil des Ministres de la<br>situation \u00e9pid\u00e9miologique du pays marqu\u00e9e, notamment :<br>a. par une stagnation du nombre de cas test\u00e9s positifs de la maladie \u00e0 Coronavirus<br>par rapport \u00e0 la semaine pr\u00e9c\u00e9dente.<br>b. par une augmentation du nombre de cas confirm\u00e9s de dengue compar\u00e9 \u00e0 celui de la<br>semaine \u00e9coul\u00e9e.Le Pr\u00e9sident de la Transition, Chef de l\u2019Etat a appel\u00e9 la population au respect strict des mesures de pr\u00e9vention et de lutte contre les maladies.<br><strong><a href=\"https:\/\/koulouba.ml\/communique-du-conseil-des-ministres-du-mercredi-20-mars-2024\/\" data-type=\"link\" data-id=\"https:\/\/koulouba.ml\/communique-du-conseil-des-ministres-du-mercredi-20-mars-2024\/\">Bamako, le 20 mars 2024<br>Le Secr\u00e9taire G\u00e9n\u00e9ral du Gouvernement,<br>Birama COULIBALY<\/a><\/strong><\/p>\n\n\n\n<p><strong>Source : Koulouba.ml<\/strong><\/p>\n","protected":false},"excerpt":{"rendered":"<p>Le Conseil des Ministres s\u2019est r\u00e9uni en session ordinaire, le mercredi 20 mars 2024, dans sa salle de d\u00e9lib\u00e9rations au Palais de Koulouba, sous la pr\u00e9sidence du Colonel Assimi GOITA,&hellip;<\/p>\n","protected":false},"author":1,"featured_media":17710,"comment_status":"open","ping_status":"open","sticky":false,"template":"","format":"standard","meta":{"content-type":"","_lmt_disableupdate":"","_lmt_disable":"","_jetpack_memberships_contains_paid_content":false,"footnotes":"","jetpack_publicize_message":"","jetpack_publicize_feature_enabled":true,"jetpack_social_post_already_shared":true,"jetpack_social_options":{"image_generator_settings":{"template":"highway","default_image_id":0,"font":"","enabled":false},"version":2}},"categories":[28,43],"tags":[],"class_list":["post-17709","post","type-post","status-publish","format-standard","has-post-thumbnail","hentry","category-communique-du-conseil-des-ministres","category-nandi-info"],"jetpack_publicize_connections":[],"featured_image_urls":{"full":["https:\/\/nandi.info\/wp-content\/uploads\/2024\/03\/assimi-conseil.jpg",1536,1025,false],"thumbnail":["https:\/\/nandi.info\/wp-content\/uploads\/2024\/03\/assimi-conseil-150x150.jpg",150,150,true],"medium":["https:\/\/nandi.info\/wp-content\/uploads\/2024\/03\/assimi-conseil-300x200.jpg",300,200,true],"medium_large":["https:\/\/nandi.info\/wp-content\/uploads\/2024\/03\/assimi-conseil-768x513.jpg",768,513,true],"large":["https:\/\/nandi.info\/wp-content\/uploads\/2024\/03\/assimi-conseil-1024x683.jpg",1024,683,true],"1536x1536":["https:\/\/nandi.info\/wp-content\/uploads\/2024\/03\/assimi-conseil.jpg",1536,1025,false],"2048x2048":["https:\/\/nandi.info\/wp-content\/uploads\/2024\/03\/assimi-conseil.jpg",1536,1025,false],"penci-recipe-1200x1200":["https:\/\/nandi.info\/wp-content\/uploads\/2024\/03\/assimi-conseil.jpg",1200,801,false],"penci-recipe-1200x900":["https:\/\/nandi.info\/wp-content\/uploads\/2024\/03\/assimi-conseil.jpg",1200,801,false],"penci-recipe-1200x675":["https:\/\/nandi.info\/wp-content\/uploads\/2024\/03\/assimi-conseil.jpg",1012,675,false],"penci-single-full":["https:\/\/nandi.info\/wp-content\/uploads\/2024\/03\/assimi-conseil.jpg",1536,1025,false],"penci-slider-full-thumb":["https:\/\/nandi.info\/wp-content\/uploads\/2024\/03\/assimi-conseil.jpg",1199,800,false],"penci-full-thumb":["https:\/\/nandi.info\/wp-content\/uploads\/2024\/03\/assimi-conseil.jpg",1170,781,false],"penci-slider-thumb":["https:\/\/nandi.info\/wp-content\/uploads\/2024\/03\/assimi-conseil.jpg",994,663,false],"penci-magazine-slider":["https:\/\/nandi.info\/wp-content\/uploads\/2024\/03\/assimi-conseil.jpg",773,516,false],"penci-thumb":["https:\/\/nandi.info\/wp-content\/uploads\/2024\/03\/assimi-conseil.jpg",585,390,false],"penci-masonry-thumb":["https:\/\/nandi.info\/wp-content\/uploads\/2024\/03\/assimi-conseil.jpg",585,390,false],"penci-thumb-square":["https:\/\/nandi.info\/wp-content\/uploads\/2024\/03\/assimi-conseil.jpg",585,390,false],"penci-thumb-vertical":["https:\/\/nandi.info\/wp-content\/uploads\/2024\/03\/assimi-conseil.jpg",480,320,false],"penci-thumb-small":["https:\/\/nandi.info\/wp-content\/uploads\/2024\/03\/assimi-conseil.jpg",263,175,false]},"author_info":{"display_name":"Nandi","author_link":"https:\/\/nandi.info\/?author=1"},"category_info":"<a href=\"https:\/\/nandi.info\/?cat=28\" rel=\"category\">Communique du conseil des ministres<\/a> <a href=\"https:\/\/nandi.info\/?cat=43\" rel=\"category\">Nandi.info<\/a>","tag_info":"Nandi.info","comment_count":"0","jetpack_featured_media_url":"https:\/\/nandi.info\/wp-content\/uploads\/2024\/03\/assimi-conseil.jpg","jetpack_sharing_enabled":true,"_links":{"self":[{"href":"https:\/\/nandi.info\/index.php?rest_route=\/wp\/v2\/posts\/17709","targetHints":{"allow":["GET"]}}],"collection":[{"href":"https:\/\/nandi.info\/index.php?rest_route=\/wp\/v2\/posts"}],"about":[{"href":"https:\/\/nandi.info\/index.php?rest_route=\/wp\/v2\/types\/post"}],"author":[{"embeddable":true,"href":"https:\/\/nandi.info\/index.php?rest_route=\/wp\/v2\/users\/1"}],"replies":[{"embeddable":true,"href":"https:\/\/nandi.info\/index.php?rest_route=%2Fwp%2Fv2%2Fcomments&post=17709"}],"version-history":[{"count":1,"href":"https:\/\/nandi.info\/index.php?rest_route=\/wp\/v2\/posts\/17709\/revisions"}],"predecessor-version":[{"id":17711,"href":"https:\/\/nandi.info\/index.php?rest_route=\/wp\/v2\/posts\/17709\/revisions\/17711"}],"wp:featuredmedia":[{"embeddable":true,"href":"https:\/\/nandi.info\/index.php?rest_route=\/wp\/v2\/media\/17710"}],"wp:attachment":[{"href":"https:\/\/nandi.info\/index.php?rest_route=%2Fwp%2Fv2%2Fmedia&parent=17709"}],"wp:term":[{"taxonomy":"category","embeddable":true,"href":"https:\/\/nandi.info\/index.php?rest_route=%2Fwp%2Fv2%2Fcategories&post=17709"},{"taxonomy":"post_tag","embeddable":true,"href":"https:\/\/nandi.info\/index.php?rest_route=%2Fwp%2Fv2%2Ftags&post=17709"}],"curies":[{"name":"wp","href":"https:\/\/api.w.org\/{rel}","templated":true}]}}