{"id":17587,"date":"2024-03-13T14:53:32","date_gmt":"2024-03-13T13:53:32","guid":{"rendered":"https:\/\/nandi.info\/?p=17587"},"modified":"2024-03-13T14:53:35","modified_gmt":"2024-03-13T13:53:35","slug":"celebration-du-8-mars-2024-aiche-baba-keita-a-coeur-ouvert-nous-sommes-fieres-du-parcours-jusque-la-elogieux-de-cette-transition-dans-lequel-nous-prenons-sans-complexe-toute-notr","status":"publish","type":"post","link":"https:\/\/nandi.info\/?p=17587","title":{"rendered":"C\u00e9l\u00e9bration du 8 Mars 2024, A\u00efch\u00e9 Baba K\u00e9ita \u00e0 c\u0153ur ouvert\u00a0: \u00ab\u00a0Nous sommes fi\u00e8res du parcours jusque-l\u00e0 \u00e9logieux de cette Transition dans lequel nous prenons, sans complexe, toute notre part\u2026\u00a0\u00bb"},"content":{"rendered":"\n<p><strong><em>Pr\u00e9sidente de la Coordination des Femmes Solidaires et Autonomes du Mali qui est membre de la FORSAT Civile, notre cons\u0153ur A\u00efch\u00e9 Baba K\u00e9ita de l\u2019ORTM n\u2019est plus une femme \u00e0 pr\u00e9senter au Mali. Son engagement sans faille n\u2019a d\u2019\u00e9gale que sa d\u00e9termination \u00e0 pouvoir apporter sa pierre \u00e0 l\u2019\u00e9difice du Malikoura au nom de toutes les femmes du Mali. La c\u00e9l\u00e9bration du 8 Mars, journ\u00e9e internationale des droits de la femme nous a offerte l\u2019occasion de pouvoir s\u2019entretenir avec elle. Au d\u00e9tour d\u2019une interview \u00e0 b\u00e2tons rompus, elle a d\u00e9taill\u00e9 les missions de leur coordination et ses aspirations les plus profondes pour l\u2019atteinte des droits des femmes au Mali. Lisez plut\u00f4t.<\/em><\/strong><strong><u><\/u><\/strong><\/p>\n\n\n\n<p><strong><u>Le Sursaut<\/u><\/strong><strong>&nbsp;: <em>Vous \u00eates Pr\u00e9sidente de la Coordination des Femmes Solidaires et Autonomes du Mali qui est membre de la FORSAT Civile. Pouvez-vous nous dire deux mots sur cette importante Coordination des femmes du Mali ?<\/em><\/strong><\/p>\n\n\n\n<p>&nbsp;<strong><u>A\u00efch\u00e9 Baba K\u00e9it<\/u>a&nbsp;: <\/strong>Je vous remercie pour l\u2019int\u00e9r\u00eat que le Journal Sursaut accorde \u00e0 notre organisation. En fait, la Coordination des Femmes Solidaires et Autonomes est une f\u00e9d\u00e9ration de plusieurs dizaines d\u2019associations et d\u2019organisations f\u00e9minines. Celles-ci regroupent des milliers de femmes maliennes, sur pratiquement toute l\u2019\u00e9tendue du territoire national, sans aucune exclusive r\u00e9gionale ou de conditions. Ces diff\u00e9rents regroupements de femmes sont organis\u00e9s le plus souvent autour d\u2019activit\u00e9s ou de secteurs d\u2019int\u00e9r\u00eats, etc. Toutefois, toutes ces organisations ont en commun des identit\u00e9s d\u2019objectifs avec au centre une commune pr\u00e9occupation qui est la Femme Malienne et, in fine la Famille malienne,&nbsp; pour sa promotion socio-\u00e9conomique, en un mot l\u2019\u00e9panouissement de la Femme malienne.<\/p>\n\n\n\n<p>Avec mes s\u0153urs et a\u00een\u00e9es des diff\u00e9rentes associations, nous avons d\u00e9cid\u00e9 de f\u00e9d\u00e9rer nos diff\u00e9rents regroupements, de mutualiser nos efforts afin de pouvoir mieux atteindre nos objectifs. C&rsquo;est \u00e0 cet effet que nous avons cr\u00e9\u00e9 cette Coordination pour organiser cet ensemble disparate en une structure plus dynamique et mieux \u00e0 m\u00eame de r\u00e9pondre aux attentes des Femmes du Mali,&nbsp; devenues plus Solidaires afin d\u2019atteindre l\u2019autonomisation. Nous souhaitons ainsi faire jouer pleinement \u00e0 la Femme malienne tout son r\u00f4le de pivot de l\u2019\u00e9ducation et v\u00e9ritable socle de la Famille,&nbsp; voire de la soci\u00e9t\u00e9 malienne.<\/p>\n\n\n\n<p>Bien \u00e9videmment, en ma qualit\u00e9 de Pr\u00e9sidente de la FORSAT Civile, il allait de soi que les Femmes Solidaires soient aux avant-postes lorsque nous avons cr\u00e9\u00e9 cette autre f\u00e9d\u00e9ration des structures de la soci\u00e9t\u00e9 civile soutenant les actions de la Transition.<\/p>\n\n\n\n<p>Nous avons estim\u00e9 que le Malikoura ne saurait \u00eatre b\u00e2ti sans les Femmes maliennes, en tant qu\u2019actrices de premier plan de l\u2019\u00e9dification de la nouvelle soci\u00e9t\u00e9 malienne plus juste et plus \u00e9galitaire sur les fondements solides de nos valeurs culturelles et morales, mais aussi d\u2019union et de solidarit\u00e9 entre les communaut\u00e9s nationales et de rep\u00e8res entre les g\u00e9n\u00e9rations.<\/p>\n\n\n\n<p><strong><em>Au regard du contexte particulier de notre pays, les hautes autorit\u00e9s invitent chaque Malien \u00e0 jouer sa partition. Que pouvez-vous nous dire par rapport \u00e0 certaines actions phares men\u00e9es d&rsquo;abord par la FORSAT Civile particuli\u00e8rement et de mani\u00e8re g\u00e9n\u00e9rale par la Coordination des Femmes Solidaires et Autonomes du Mali, dans cette optique ou dynamique ?<\/em><\/strong><\/p>\n\n\n\n<p><strong><u>ABK<\/u><\/strong><strong>&nbsp;: <\/strong>Comme je viens de le souligner,&nbsp; la FORSAT Civile est, tout comme la Coordination des Femmes Solidaires, une f\u00e9d\u00e9ration de regroupements et associations de la soci\u00e9t\u00e9 civile, r\u00e9solument d\u00e9di\u00e9e et engag\u00e9e au soutien de la Transition, en appui aux efforts et actions entrepris par les plus hautes autorit\u00e9s du pays.<\/p>\n\n\n\n<p>L\u00e0 aussi, nous avons une identit\u00e9 commune d\u2019objectifs qui est d\u2019apporter notre contribution \u00e0 l\u2019\u00e9dification du Malikoura. Pour cela, nous entreprenons, et ce depuis les premi\u00e8res heures, des actions de sensibilisation, d\u2019informations aupr\u00e8s de nos membres et vers l\u2019ensemble des communaut\u00e9s nationales. Nous portons en relais les messages des responsables du pays pour amener le peuple \u00e0 comprendre, adh\u00e9rer et surtout accompagner les efforts engag\u00e9s pour remettre le pays sur la voie de la souverainet\u00e9 retrouv\u00e9e, la restauration de la s\u00e9curit\u00e9 afin de renouer avec le vivre ensemble qui a toujours \u00e9t\u00e9 le ciment et la force de la Nation malienne.<\/p>\n\n\n\n<p>Vous comprendrez donc que cela ne saurait se faire sans les Femmes maliennes, et donc sans les Femmes Solidaires dont la vocation est justement d\u2019\u0153uvrer \u00e0 l\u2019av\u00e8nement de l\u2019am\u00e9lioration des conditions de vie et \u00e0 la promotion de la Famille malienne dans un cadre de paix et de concorde pour davantage d\u2019\u00e9panouissement social. Nous croyons fermement que c\u2019est l\u2019objectif de cette Transition, et donc celui de notre Coordination et la raison d\u2019\u00eatre de notre F\u00e9d\u00e9ration.<\/p>\n\n\n\n<p><strong><em>Depuis l&rsquo;av\u00e8nement de la Transition, vous avez fait preuve d&rsquo;une pr\u00e9sence active sur plusieurs fronts. Si l&rsquo;on vous demande de faire un bilan de votre engagement personnel, \u00eates-vous satisfaite ? Pensez vous que le chantier est vaste ? Ou le chemin reste encore long ?<\/em><\/strong><\/p>\n\n\n\n<p><strong><u>ABK<\/u><\/strong><strong>&nbsp;: <\/strong>Tout engagement comporte son lot d\u2019\u00e9preuves et de sacrifices. Ces \u00e9preuves, ce sont celles de tous les maliens, sans exception. A l\u2019unisson de nos autorit\u00e9s, nous estimons que la r\u00e9appropriation de notre destin national,&nbsp; jusque-l\u00e0 extraverti, la prise en charge de nos pr\u00e9occupations et l\u2019impl\u00e9mentation de solutions d\u00e9sormais endog\u00e8nes, ne sauraient aller sans payer le prix fort. La nouvelle d\u00e9marche pour le plein exercice de notre ind\u00e9pendance de pens\u00e9es et d\u2019actions, en un mot la jouissance de notre souverainet\u00e9 pleine et enti\u00e8re ne peut manquer de susciter des r\u00e9flexes pour endiguer une orientation qui peut \u00eatre per\u00e7ue comme une menace \u00e0 certaines pratiques \u00e9tablies. C\u2019est tout l\u2019enjeu de cette p\u00e9riode d\u00e9terminante pour notre Nation et sa survie dans un environnement qui ne peut \u00eatre que quelque peu hostile.<\/p>\n\n\n\n<p>Le contexte ne pr\u00eate donc pas \u00e0 l\u2019autosatisfaction. Le Mali et son peuple sont engag\u00e9s dans un challenge de longue haleine qui exige davantage d\u2019efforts et de vigilance pour consolider les acquis et poursuivre les chantiers difficiles de la reconstruction du tissu national effiloch\u00e9 et de l\u2019environnement \u00e9conomique d\u00e9sagr\u00e9g\u00e9.<\/p>\n\n\n\n<p>Non, nous ne saurons nous satisfaire en l\u2019\u00e9tat de la situation, bien que&nbsp; nous ne reniions gu\u00e8re ce que nous avons, FORSAT Civile et Femmes Solidaires, accompli jusqu\u2019ici en soutien aux actions de la Transition. Mieux, nous sommes fi\u00e8res du parcours jusque-l\u00e0 \u00e9logieux de cette Transition dans lequel nous prenons sans complexe toute notre part.<\/p>\n\n\n\n<p>Mais pour nous, les mots d\u2019ordre restent toujours Vigilance et Pers\u00e9v\u00e9rance. Il y a encore du chemin \u00e0 faire et nous comptons aller le plus loin possible. Au moins jusqu\u2019\u00e0 l\u2019\u00e9dification du Malikoura auquel aspire tant le peuple malien.<\/p>\n\n\n\n<p>&nbsp;<strong><em>Toujours parlant de votre dynamisme, comment arrivez vous \u00e0 concilier la vie professionnelle avec celle associative ? Y\u2019a-t-il des difficult\u00e9s ? D&rsquo;o\u00f9 puisez-vous cette \u00e9nergie qui vous caract\u00e9rise ?<\/em><\/strong><\/p>\n\n\n\n<p><strong><u>ABK<\/u><\/strong><strong>&nbsp;: <\/strong>Je viens de le dire&nbsp;: tout engagement comporte des sacrifices indispensables. Le militantisme associatif a ses exigences et ne manque pas d\u2019impacter sur le reste. Toutefois, on apprend \u00e0 s\u2019organiser, \u00e0 \u00e9viter de s\u2019\u00e9parpiller et \u00e0 concilier l\u2019\u00e9nergie d\u00e9ploy\u00e9e pour plus de coh\u00e9rence entre les diff\u00e9rentes activit\u00e9s, qui sont parfois aux antipodes les unes des autres.<\/p>\n\n\n\n<p>C\u2019est la foi en ce que nous accomplissons aux services de la collectivit\u00e9 et de notre Nation qui fournit la force n\u00e9cessaire de surmonter les multiples difficult\u00e9s et d\u2019avancer. La cause du Mali nouveau, vaut tous les sacrifices, car c\u2019est pour nous, surtout en tant que Femmes Maliennes, que nous nous sommes engag\u00e9es, pour nos enfants et pour nos familles.<\/p>\n\n\n\n<p><strong><em>Le weekend dernier le Mali \u00e0 l&rsquo;instar des autres pays du monde entier a c\u00e9l\u00e9br\u00e9 la journ\u00e9e mondiale de la femme. Dans quel contexte, placez-vous la c\u00e9l\u00e9bration de cette date?<\/em><\/strong><\/p>\n\n\n\n<p><strong><u>ABK<\/u><\/strong><strong>&nbsp;: <\/strong>En tant que Femmes Solidaires et Autonomes, nous avons c\u00e9l\u00e9br\u00e9 cette journ\u00e9e mondiale d\u00e9di\u00e9e \u00e0 la Femme,&nbsp; comme les autres femmes partout ailleurs dans le monde.&nbsp; Dans mon adresse \u00e0 mes s\u0153urs de notre Coordination ainsi qu\u2019\u00e0 toutes les femmes d\u2019ici et d\u2019ailleurs,&nbsp; j\u2019ai tenu \u00e0 insister sur l\u2019imp\u00e9ratif de pers\u00e9v\u00e9rer et la n\u00e9cessit\u00e9 de \u00ab&nbsp;<strong><em>mutualiser nos efforts afin de relever ensemble les nombreux d\u00e9fis et surmonter les obstacles \u00e0 l\u2019\u00e9panouissement de la femme<\/em><\/strong>\u2026&nbsp;\u00bb.<\/p>\n\n\n\n<p>Plus particuli\u00e8rement pour nous les femmes du Mali, nous avons estim\u00e9 qu\u2019autant cette journ\u00e9e c\u00e9l\u00e8bre la Femme,&nbsp; autant en d\u00e9diant une journ\u00e9e comm\u00e9morative \u00e0 la Femme, la communaut\u00e9 internationale nous mettait au d\u00e9fi de nous assumer pour nous approprier notre destin de femme dans les efforts collectifs d\u2019\u00e9dification d\u2019une soci\u00e9t\u00e9 \u00e9galitaire, plus juste, de paix et de solidarit\u00e9.<\/p>\n\n\n\n<p>La Femme Malienne est appel\u00e9e \u00e0 relever le challenge de son \u00e9mancipation \u00e9conomique et sociale, \u00e0 l\u2019instar de toutes les autres femmes du monde et peut-\u00eatre davantage compte tenu de la situation particuli\u00e8re de notre pays qui est confront\u00e9 \u00e0 des d\u00e9fis multiples.<\/p>\n\n\n\n<p><strong><em>Avez-vous un aper\u00e7u personnel sur les deux th\u00e8mes choisis cette ann\u00e9e, \u00e0 savoir : Le th\u00e8me&nbsp; international : \u00ab Investir en faveur des femmes : acc\u00e9l\u00e9rer le rythme \u00bb&nbsp; et le th\u00e8me national : \u00ab le d\u00e9fi de la repr\u00e9sentativit\u00e9 des femmes \u00e0 la vie publique \u00bb ?<\/em><\/strong><\/p>\n\n\n\n<p><strong><u>ABK<\/u><\/strong><strong>&nbsp;: <\/strong>Loin d\u2019\u00eatre antinomiques, nous estimons au contraire que les deux th\u00e9matiques sont compl\u00e9mentaires. L\u2019imp\u00e9ratif d\u2019acc\u00e9l\u00e9rer les investissements en faveur des femmes est une pr\u00e9occupation au plan international o\u00f9 visiblement on pense que les efforts de transformation en ce sens ne vont ni assez vite, ni assez loin. C\u2019est le signe que les objectifs fix\u00e9s, au cours des diff\u00e9rentes rencontres et foras consacr\u00e9s \u00e0 ce sujet, tardent \u00e0 produire les effets escompt\u00e9s. Il est donc encourageant que la communaut\u00e9 internationale prenne conscience des enjeux et insiste aupr\u00e8s des \u00c9tats pour davantage d\u2019engagements, \u00e0 la fois dans l\u2019\u00e9laboration des cadres institutionnels que des politiques publiques en termes d\u2019actions concr\u00e8tes mises en \u0153uvre ou \u00e0 \u00eatre engag\u00e9es en faveur de l\u2019autre moiti\u00e9 du monde,&nbsp; qu\u2019est la Femme, consid\u00e9r\u00e9e&nbsp; un peu trop souvent comme la cinqui\u00e8me roue du carrosse, c\u2019est-\u00e0-dire comme quantit\u00e9 n\u00e9gligeable.<\/p>\n\n\n\n<p>Pour ce qui concerne le th\u00e8me national,&nbsp; je voudrais rappeler que c\u2019est une invitation \u00e0 l\u2019application et au renforcement de la Loi n\u00b02015-052 du 18 d\u00e9cembre 2015, instituant des mesures pour promouvoir le genre. Il reste certes des obstacles quelque peu ataviques, r\u00e9sidus de quelques consid\u00e9rations culturelles. Cependant, loin de constituer une atteinte aux valeurs soci\u00e9tales profond\u00e9ment ancr\u00e9es et qui font la sp\u00e9cificit\u00e9 et la richesse de notre civilisation,&nbsp; la loi de promotion du genre a consacr\u00e9 une \u00e9tape importante dans la participation de la femme malienne dans les instances et les processus de d\u00e9cision. Ce qui est une valeur ajout\u00e9e \u00e0 la qualit\u00e9 des actions engag\u00e9es dans le cadre du d\u00e9veloppement sur tous les plans et singuli\u00e8rement dans l\u2019am\u00e9lioration de la gouvernance.<\/p>\n\n\n\n<p>Noter comme d\u00e9fi la question de la repr\u00e9sentativit\u00e9 des femmes \u00e0 la gestion de la vie publique, comme l\u2019ont fait cette ann\u00e9e les pouvoirs publics, c\u2019est consid\u00e9rer que l\u2019application de la loi 052 et voir prosp\u00e9rer ses effets, est un challenge auquel s\u2019att\u00e8lent les autorit\u00e9s comme un enjeu national majeur. C\u2019est \u00e0 la fois r\u00e9confortant et encourageant pour les femmes et les organisations d\u00e9di\u00e9es \u00e0 leur promotion.<\/p>\n\n\n\n<p><strong><em>Un appel aux femmes du Mali ?<\/em><\/strong><\/p>\n\n\n\n<p><strong><u>ABK<\/u><\/strong><strong>&nbsp;: <\/strong>Insister encore et toujours sur l\u2019union dans l\u2019effort collectif. Mettre en commun nos forces est le gage de pouvoir relever les d\u00e9fis et atteindre nos objectifs d\u2019\u00e9mancipation et d\u2019\u00e9panouissement pour nous et surtout nos familles respectives. Car les femmes sont des m\u00e8res et des compagnes. Enfin, je voudrais inviter mes m\u00e8res, mes a\u00een\u00e9es et mes s\u0153urs \u00e0 toujours pers\u00e9v\u00e9rer dans l\u2019abn\u00e9gation et l\u2019esprit de sacrifice. C\u2019est le prix de l\u2019\u00e9mancipation et de l\u2019\u00e9panouissement collectifs. C\u2019est ce que je pourrais lancer comme message \u00e0 l\u2019endroit des femmes maliennes !<\/p>\n\n\n\n<p><strong>Entretien r\u00e9alis\u00e9 par Fatoumata Coulibaly<\/strong><\/p>\n","protected":false},"excerpt":{"rendered":"<p>Pr\u00e9sidente de la Coordination des Femmes Solidaires et Autonomes du Mali qui est membre de la FORSAT Civile, notre cons\u0153ur A\u00efch\u00e9 Baba K\u00e9ita de l\u2019ORTM n\u2019est plus une femme \u00e0&hellip;<\/p>\n","protected":false},"author":1,"featured_media":17593,"comment_status":"open","ping_status":"open","sticky":false,"template":"","format":"standard","meta":{"content-type":"","_lmt_disableupdate":"","_lmt_disable":"","_jetpack_memberships_contains_paid_content":false,"footnotes":"","jetpack_publicize_message":"","jetpack_publicize_feature_enabled":true,"jetpack_social_post_already_shared":true,"jetpack_social_options":{"image_generator_settings":{"template":"highway","default_image_id":0,"font":"","enabled":false},"version":2}},"categories":[27,67],"tags":[],"class_list":["post-17587","post","type-post","status-publish","format-standard","has-post-thumbnail","hentry","category-femmes","category-le-sursaut"],"jetpack_publicize_connections":[],"featured_image_urls":{"full":["https:\/\/nandi.info\/wp-content\/uploads\/2024\/03\/Aiche-Baba-1.jpg",480,640,false],"thumbnail":["https:\/\/nandi.info\/wp-content\/uploads\/2024\/03\/Aiche-Baba-1-150x150.jpg",150,150,true],"medium":["https:\/\/nandi.info\/wp-content\/uploads\/2024\/03\/Aiche-Baba-1-225x300.jpg",225,300,true],"medium_large":["https:\/\/nandi.info\/wp-content\/uploads\/2024\/03\/Aiche-Baba-1.jpg",480,640,false],"large":["https:\/\/nandi.info\/wp-content\/uploads\/2024\/03\/Aiche-Baba-1.jpg",480,640,false],"1536x1536":["https:\/\/nandi.info\/wp-content\/uploads\/2024\/03\/Aiche-Baba-1.jpg",480,640,false],"2048x2048":["https:\/\/nandi.info\/wp-content\/uploads\/2024\/03\/Aiche-Baba-1.jpg",480,640,false],"penci-recipe-1200x1200":["https:\/\/nandi.info\/wp-content\/uploads\/2024\/03\/Aiche-Baba-1.jpg",480,640,false],"penci-recipe-1200x900":["https:\/\/nandi.info\/wp-content\/uploads\/2024\/03\/Aiche-Baba-1.jpg",480,640,false],"penci-recipe-1200x675":["https:\/\/nandi.info\/wp-content\/uploads\/2024\/03\/Aiche-Baba-1.jpg",480,640,false],"penci-single-full":["https:\/\/nandi.info\/wp-content\/uploads\/2024\/03\/Aiche-Baba-1.jpg",480,640,false],"penci-slider-full-thumb":["https:\/\/nandi.info\/wp-content\/uploads\/2024\/03\/Aiche-Baba-1.jpg",480,640,false],"penci-full-thumb":["https:\/\/nandi.info\/wp-content\/uploads\/2024\/03\/Aiche-Baba-1.jpg",480,640,false],"penci-slider-thumb":["https:\/\/nandi.info\/wp-content\/uploads\/2024\/03\/Aiche-Baba-1.jpg",480,640,false],"penci-magazine-slider":["https:\/\/nandi.info\/wp-content\/uploads\/2024\/03\/Aiche-Baba-1.jpg",387,516,false],"penci-thumb":["https:\/\/nandi.info\/wp-content\/uploads\/2024\/03\/Aiche-Baba-1.jpg",293,390,false],"penci-masonry-thumb":["https:\/\/nandi.info\/wp-content\/uploads\/2024\/03\/Aiche-Baba-1.jpg",480,640,false],"penci-thumb-square":["https:\/\/nandi.info\/wp-content\/uploads\/2024\/03\/Aiche-Baba-1.jpg",439,585,false],"penci-thumb-vertical":["https:\/\/nandi.info\/wp-content\/uploads\/2024\/03\/Aiche-Baba-1.jpg",480,640,false],"penci-thumb-small":["https:\/\/nandi.info\/wp-content\/uploads\/2024\/03\/Aiche-Baba-1.jpg",131,175,false]},"author_info":{"display_name":"Nandi","author_link":"https:\/\/nandi.info\/?author=1"},"category_info":"<a href=\"https:\/\/nandi.info\/?cat=27\" rel=\"category\">Femmes<\/a> <a href=\"https:\/\/nandi.info\/?cat=67\" rel=\"category\">Le Sursaut<\/a>","tag_info":"Le Sursaut","comment_count":"0","jetpack_featured_media_url":"https:\/\/nandi.info\/wp-content\/uploads\/2024\/03\/Aiche-Baba-1.jpg","jetpack_sharing_enabled":true,"_links":{"self":[{"href":"https:\/\/nandi.info\/index.php?rest_route=\/wp\/v2\/posts\/17587","targetHints":{"allow":["GET"]}}],"collection":[{"href":"https:\/\/nandi.info\/index.php?rest_route=\/wp\/v2\/posts"}],"about":[{"href":"https:\/\/nandi.info\/index.php?rest_route=\/wp\/v2\/types\/post"}],"author":[{"embeddable":true,"href":"https:\/\/nandi.info\/index.php?rest_route=\/wp\/v2\/users\/1"}],"replies":[{"embeddable":true,"href":"https:\/\/nandi.info\/index.php?rest_route=%2Fwp%2Fv2%2Fcomments&post=17587"}],"version-history":[{"count":1,"href":"https:\/\/nandi.info\/index.php?rest_route=\/wp\/v2\/posts\/17587\/revisions"}],"predecessor-version":[{"id":17594,"href":"https:\/\/nandi.info\/index.php?rest_route=\/wp\/v2\/posts\/17587\/revisions\/17594"}],"wp:featuredmedia":[{"embeddable":true,"href":"https:\/\/nandi.info\/index.php?rest_route=\/wp\/v2\/media\/17593"}],"wp:attachment":[{"href":"https:\/\/nandi.info\/index.php?rest_route=%2Fwp%2Fv2%2Fmedia&parent=17587"}],"wp:term":[{"taxonomy":"category","embeddable":true,"href":"https:\/\/nandi.info\/index.php?rest_route=%2Fwp%2Fv2%2Fcategories&post=17587"},{"taxonomy":"post_tag","embeddable":true,"href":"https:\/\/nandi.info\/index.php?rest_route=%2Fwp%2Fv2%2Ftags&post=17587"}],"curies":[{"name":"wp","href":"https:\/\/api.w.org\/{rel}","templated":true}]}}