{"id":17552,"date":"2024-03-09T12:46:26","date_gmt":"2024-03-09T11:46:26","guid":{"rendered":"https:\/\/nandi.info\/?p=17552"},"modified":"2024-03-09T12:46:28","modified_gmt":"2024-03-09T11:46:28","slug":"le-colonel-assimi-goita-lors-de-la-presentation-de-voeux-des-fama-ma-satisfaction-est-dautant-plus-grande-que-vous-avez-reussi-sans-incident-majeur-le-retrait-des-forces-etranger","status":"publish","type":"post","link":"https:\/\/nandi.info\/?p=17552","title":{"rendered":"Le Colonel Assimi Go\u00efta lors de la pr\u00e9sentation de v\u0153ux des FAMA : \u201cMa satisfaction est d\u2019autant plus grande que vous avez r\u00e9ussi, sans incident majeur, le retrait des forces \u00e9trang\u00e8res du Mali\u201d"},"content":{"rendered":"\n<p><em>La c\u00e9r\u00e9monie de pr\u00e9sentation des v\u0153ux de Nouvel an au pr\u00e9sident de la Transition, chef de l\u2019Etat et chef supr\u00eame des Arm\u00e9es, le colonel Assimi Go\u00efta, par les Forces de d\u00e9fense, de s\u00e9curit\u00e9 et les paramilitaires, s\u2019est d\u00e9roul\u00e9e le vendredi 1er mars 2024 \u00e0 Koulouba.<\/em><\/p>\n\n\n\n<p class=\"has-drop-cap\">C\u2018\u00e9tait l\u2019occasion pour le g\u00e9n\u00e9ral de division Oumar Diarra, chef d\u2019Etat-major g\u00e9n\u00e9ral des Arm\u00e9es, de remercier et saluer le pr\u00e9sident de la Transition pour tous ses efforts et son soutien en faveur de notre outil de d\u00e9fense et de souverainet\u00e9. Il a dress\u00e9 une r\u00e9trospective des activit\u00e9s militaires et des missions assign\u00e9es aux Forces de d\u00e9fense et de s\u00e9curit\u00e9 au cours de l\u2019ann\u00e9e 2023. Selon le g\u00e9n\u00e9ral de division Oumar Diarra, sous le leadership du colonel Assimi Go\u00efta, les Forces arm\u00e9es de d\u00e9fense, de s\u00e9curit\u00e9 et les paramilitaires ont b\u00e9n\u00e9fici\u00e9 d\u2019un soutien constant des hautes autorit\u00e9s politiques et du peuple malien en vue du renforcement de leurs capacit\u00e9s et des r\u00e9formes entreprises. Il a particuli\u00e8rement soulign\u00e9 l\u2019am\u00e9lioration des conditions de vie et de travail des FAMa, leur renforcement en capacit\u00e9s op\u00e9rationnelles, ainsi que l\u2019excellente coh\u00e9rence entre les niveaux politique, op\u00e9rationnel et tactique. \u00c0 cela s\u2019ajoutent les progr\u00e8s r\u00e9alis\u00e9s dans le projet de r\u00e9vision de la loi relative \u00e0 l\u2019organisation g\u00e9n\u00e9rale de la d\u00e9fense nationale, la militarisation de la police nationale et de la protection civile, l\u2019adoption de l\u2019ordonnance n\u00b02023-015\/PT-RM du 21 mars 2023 portant Statut g\u00e9n\u00e9ral des militaires, assortie d\u2019avantages accord\u00e9s aux militaires en activit\u00e9, aux bless\u00e9s, aux ayants-droits des d\u00e9c\u00e9d\u00e9s, et l\u2019am\u00e9lioration de la valeur indiciaire. Il a \u00e9galement mentionn\u00e9 le recrutement massif dans tous les corps des forces, la mise \u00e0 jour du paiement de l\u2019indemnit\u00e9 d\u00e9cennale aux familles des militaires morts au combat, l\u2019acquisition de nombreux \u00e9quipements a\u00e9riens et terrestres, l\u2019extension de l\u2019autorit\u00e9 de l\u2019Etat dans les r\u00e9gions de Kidal, Tombouctou et Gao, l\u2019occupation des zones lib\u00e9r\u00e9es par la Minusma, ainsi que la bonne collaboration avec les voisins de l\u2019Alliance des Etats du Sahel (AES).<\/p>\n\n\n\n<figure class=\"wp-block-image aligncenter\"><img decoding=\"async\" src=\"https:\/\/www.maliweb.net\/wp-content\/news\/images\/2024\/03\/Gl-Oumar-Diarra.jpg\" alt=\"\" class=\"wp-image-3056403\"\/><\/figure>\n\n\n\n<p>Le chef d\u2019Etat-major g\u00e9n\u00e9ral des Arm\u00e9es a r\u00e9affirm\u00e9 le d\u00e9vouement et l\u2019engagement des Forces arm\u00e9es maliennes (FAMa) \u00e0 d\u00e9fendre l\u2019honneur du Mali au prix de leur sang dans toutes les circonstances. Avant de conclure, il a soulign\u00e9 que les succ\u00e8s de 2023 ne distrairont pas les FAMa, car les d\u00e9fis \u00e0 relever restent importants.<\/p>\n\n\n\n<p>Selon lui, la mission demeure inchang\u00e9e car les terroristes conservent des capacit\u00e9s de nuisance, se manifestant par des poses d\u2019engins explosifs improvis\u00e9s, des vols de b\u00e9tail, des attaques de cibles civiles, et des pressions sur les populations avec une exacerbation des tensions communautaires.<\/p>\n\n\n\n<p>Le pr\u00e9sident de la Transition, apr\u00e8s avoir f\u00e9licit\u00e9 les FAMa pour leur engagement et leur professionnalisme, a indiqu\u00e9 que les diff\u00e9rents r\u00e9sultats obtenus en 2023 pr\u00e9sagent d\u2019un avenir plus s\u00fbr pour la s\u00e9curisation des personnes et des biens sur l\u2019ensemble du territoire national. Il a ajout\u00e9 :&nbsp;<em>\u201cMa satisfaction est d\u2019autant plus grande que vous avez r\u00e9ussi, sans incident majeur, le retrait des forces \u00e9trang\u00e8res du Mali apr\u00e8s une d\u00e9cennie de pr\u00e9sence inefficace\u201d.<\/em><\/p>\n\n\n\n<p>Rappelant le contexte g\u00e9opolitique sous-r\u00e9gional, r\u00e9gional et international, le chef supr\u00eame des Arm\u00e9es a r\u00e9it\u00e9r\u00e9 son ambition de tout mettre en \u0153uvre pour maintenir notre outil de d\u00e9fense \u00e0 un niveau de performance op\u00e9rationnelle jamais atteint. Il a conclu en indiquant que l\u2019av\u00e8nement de l\u2019AES est une v\u00e9ritable opportunit\u00e9 pour nos trois pays qui entendent d\u00e9sormais faire face aux enjeux de s\u00e9curit\u00e9 collective et de d\u00e9veloppement dans l\u2019espace du Liptako-Gourma, au seul profit des populations.&nbsp;<em>\u201cPour jouer pleinement le r\u00f4le crucial qui nous revient, \u00e0 l\u2019instar de nos fr\u00e8res d\u2019armes du Burkina Faso et du Niger, nous devons sans cesse am\u00e9liorer nos capacit\u00e9s afin de mener avec succ\u00e8s les op\u00e9rations conjointes actuelles et futures\u201d<\/em>, a-t-il instruit.<\/p>\n","protected":false},"excerpt":{"rendered":"<p>La c\u00e9r\u00e9monie de pr\u00e9sentation des v\u0153ux de Nouvel an au pr\u00e9sident de la Transition, chef de l\u2019Etat et chef supr\u00eame des Arm\u00e9es, le colonel Assimi Go\u00efta, par les Forces de&hellip;<\/p>\n","protected":false},"author":1,"featured_media":17555,"comment_status":"open","ping_status":"open","sticky":false,"template":"","format":"standard","meta":{"content-type":"","_lmt_disableupdate":"","_lmt_disable":"","_jetpack_memberships_contains_paid_content":false,"footnotes":"","jetpack_publicize_message":"","jetpack_publicize_feature_enabled":true,"jetpack_social_post_already_shared":true,"jetpack_social_options":{"image_generator_settings":{"template":"highway","default_image_id":0,"font":"","enabled":false},"version":2}},"categories":[65,19],"tags":[],"class_list":["post-17552","post","type-post","status-publish","format-standard","has-post-thumbnail","hentry","category-armee","category-aujourdhui-mali"],"jetpack_publicize_connections":[],"featured_image_urls":{"full":["https:\/\/nandi.info\/wp-content\/uploads\/2024\/03\/JUSTICE-ASSIMI-TETE-2-696x464-1.jpg",696,464,false],"thumbnail":["https:\/\/nandi.info\/wp-content\/uploads\/2024\/03\/JUSTICE-ASSIMI-TETE-2-696x464-1-150x150.jpg",150,150,true],"medium":["https:\/\/nandi.info\/wp-content\/uploads\/2024\/03\/JUSTICE-ASSIMI-TETE-2-696x464-1-300x200.jpg",300,200,true],"medium_large":["https:\/\/nandi.info\/wp-content\/uploads\/2024\/03\/JUSTICE-ASSIMI-TETE-2-696x464-1.jpg",696,464,false],"large":["https:\/\/nandi.info\/wp-content\/uploads\/2024\/03\/JUSTICE-ASSIMI-TETE-2-696x464-1.jpg",696,464,false],"1536x1536":["https:\/\/nandi.info\/wp-content\/uploads\/2024\/03\/JUSTICE-ASSIMI-TETE-2-696x464-1.jpg",696,464,false],"2048x2048":["https:\/\/nandi.info\/wp-content\/uploads\/2024\/03\/JUSTICE-ASSIMI-TETE-2-696x464-1.jpg",696,464,false],"penci-recipe-1200x1200":["https:\/\/nandi.info\/wp-content\/uploads\/2024\/03\/JUSTICE-ASSIMI-TETE-2-696x464-1.jpg",696,464,false],"penci-recipe-1200x900":["https:\/\/nandi.info\/wp-content\/uploads\/2024\/03\/JUSTICE-ASSIMI-TETE-2-696x464-1.jpg",696,464,false],"penci-recipe-1200x675":["https:\/\/nandi.info\/wp-content\/uploads\/2024\/03\/JUSTICE-ASSIMI-TETE-2-696x464-1.jpg",696,464,false],"penci-single-full":["https:\/\/nandi.info\/wp-content\/uploads\/2024\/03\/JUSTICE-ASSIMI-TETE-2-696x464-1.jpg",696,464,false],"penci-slider-full-thumb":["https:\/\/nandi.info\/wp-content\/uploads\/2024\/03\/JUSTICE-ASSIMI-TETE-2-696x464-1.jpg",696,464,false],"penci-full-thumb":["https:\/\/nandi.info\/wp-content\/uploads\/2024\/03\/JUSTICE-ASSIMI-TETE-2-696x464-1.jpg",696,464,false],"penci-slider-thumb":["https:\/\/nandi.info\/wp-content\/uploads\/2024\/03\/JUSTICE-ASSIMI-TETE-2-696x464-1.jpg",696,464,false],"penci-magazine-slider":["https:\/\/nandi.info\/wp-content\/uploads\/2024\/03\/JUSTICE-ASSIMI-TETE-2-696x464-1.jpg",696,464,false],"penci-thumb":["https:\/\/nandi.info\/wp-content\/uploads\/2024\/03\/JUSTICE-ASSIMI-TETE-2-696x464-1.jpg",585,390,false],"penci-masonry-thumb":["https:\/\/nandi.info\/wp-content\/uploads\/2024\/03\/JUSTICE-ASSIMI-TETE-2-696x464-1.jpg",585,390,false],"penci-thumb-square":["https:\/\/nandi.info\/wp-content\/uploads\/2024\/03\/JUSTICE-ASSIMI-TETE-2-696x464-1.jpg",585,390,false],"penci-thumb-vertical":["https:\/\/nandi.info\/wp-content\/uploads\/2024\/03\/JUSTICE-ASSIMI-TETE-2-696x464-1.jpg",480,320,false],"penci-thumb-small":["https:\/\/nandi.info\/wp-content\/uploads\/2024\/03\/JUSTICE-ASSIMI-TETE-2-696x464-1.jpg",263,175,false]},"author_info":{"display_name":"Nandi","author_link":"https:\/\/nandi.info\/?author=1"},"category_info":"<a href=\"https:\/\/nandi.info\/?cat=65\" rel=\"category\">Arm\u00e9e<\/a> <a href=\"https:\/\/nandi.info\/?cat=19\" rel=\"category\">Aujourd\u2019hui Mali<\/a>","tag_info":"Aujourd\u2019hui Mali","comment_count":"0","jetpack_featured_media_url":"https:\/\/nandi.info\/wp-content\/uploads\/2024\/03\/JUSTICE-ASSIMI-TETE-2-696x464-1.jpg","jetpack_sharing_enabled":true,"_links":{"self":[{"href":"https:\/\/nandi.info\/index.php?rest_route=\/wp\/v2\/posts\/17552","targetHints":{"allow":["GET"]}}],"collection":[{"href":"https:\/\/nandi.info\/index.php?rest_route=\/wp\/v2\/posts"}],"about":[{"href":"https:\/\/nandi.info\/index.php?rest_route=\/wp\/v2\/types\/post"}],"author":[{"embeddable":true,"href":"https:\/\/nandi.info\/index.php?rest_route=\/wp\/v2\/users\/1"}],"replies":[{"embeddable":true,"href":"https:\/\/nandi.info\/index.php?rest_route=%2Fwp%2Fv2%2Fcomments&post=17552"}],"version-history":[{"count":1,"href":"https:\/\/nandi.info\/index.php?rest_route=\/wp\/v2\/posts\/17552\/revisions"}],"predecessor-version":[{"id":17556,"href":"https:\/\/nandi.info\/index.php?rest_route=\/wp\/v2\/posts\/17552\/revisions\/17556"}],"wp:featuredmedia":[{"embeddable":true,"href":"https:\/\/nandi.info\/index.php?rest_route=\/wp\/v2\/media\/17555"}],"wp:attachment":[{"href":"https:\/\/nandi.info\/index.php?rest_route=%2Fwp%2Fv2%2Fmedia&parent=17552"}],"wp:term":[{"taxonomy":"category","embeddable":true,"href":"https:\/\/nandi.info\/index.php?rest_route=%2Fwp%2Fv2%2Fcategories&post=17552"},{"taxonomy":"post_tag","embeddable":true,"href":"https:\/\/nandi.info\/index.php?rest_route=%2Fwp%2Fv2%2Ftags&post=17552"}],"curies":[{"name":"wp","href":"https:\/\/api.w.org\/{rel}","templated":true}]}}