{"id":17464,"date":"2024-02-29T14:49:26","date_gmt":"2024-02-29T13:49:26","guid":{"rendered":"https:\/\/nandi.info\/?p=17464"},"modified":"2024-02-29T14:49:29","modified_gmt":"2024-02-29T13:49:29","slug":"convergence-pour-le-developpement-du-mali-aya-en-mission-de-destabilisation-pour-reduire-poulo-au-silence","status":"publish","type":"post","link":"https:\/\/nandi.info\/?p=17464","title":{"rendered":"Convergence pour le d\u00e9veloppement du Mali : Aya en mission de d\u00e9stabilisation pour r\u00e9duire Poul\u00f4 au silence ?"},"content":{"rendered":"\n<p><strong>Amadou Aya (secr\u00e9taire g\u00e9n\u00e9ral adjoint) serait-il aujourd\u2019hui un cheval de Troie pour d\u00e9stabiliser la Convergence pour le d\u00e9veloppement du Mali (CODEM) et r\u00e9duire son pr\u00e9sident au silence&nbsp;? Ses agissements ces derni\u00e8res ann\u00e9es ne plaident pas en sa faveur. Est-il manipul\u00e9 dans l\u2019ombre&nbsp;et par qui&nbsp;? Housseini Amion Guindo dit Poul\u00f4 g\u00eane-t-il au point que l\u2019on cherche \u00e0 le r\u00e9duire au silence par tous les moyens&nbsp;? A la Codem, on se dit conscient de ce qui se trame et on n\u2019est pas pr\u00eat \u00e0 pr\u00eater le flanc au couteau destin\u00e9 \u00e0 l\u2019\u00e9ventrer.<\/strong><\/p>\n\n\n\n<p class=\"has-drop-cap\"><em>Trente partis et formations d\u2019opposition<\/em>\u00a0! C\u2019est ce que les initiateurs de la \u00ab<em>Synergie d\u2019action pour le Mali<\/em>\u00bb revendiquent. Il s\u2019agit d\u2019une coalition qui a fait son apparition dans l\u2019ar\u00e8ne politique le 18 f\u00e9vrier 2024 \u00e0 travers une d\u00e9claration proposant \u00ab<em>une autre voie<\/em>\u00bb aux Maliens pour \u00e9courter l\u2019actuelle transition.\u00a0Sauf que la pr\u00e9sence de certains partis signataires de ladite d\u00e9claration suscite d\u00e9j\u00e0 des remous en leur sein. C\u2019est le cas \u00e0 la Convergence pour le d\u00e9veloppement du Mali (CODEM) o\u00f9 un \u00ab<em>collectif<\/em>\u00bb de militants de cette formation politique a aussit\u00f4t d\u00e9nonc\u00e9 la participation de leurs camarades \u00e0 la conf\u00e9rence de presse de la Synergie pour le Mali et exig\u00e9 des comptes \u00e0 la direction du parti.<\/p>\n\n\n\n<figure class=\"wp-block-image alignright is-resized\" id=\"attachment_3055425\"><img decoding=\"async\" src=\"https:\/\/www.maliweb.net\/wp-content\/news\/images\/2024\/02\/Amadou-Aya-CODEM-300x300.jpg\" alt=\"\" class=\"wp-image-3055425\" style=\"width:578px;height:auto\"\/><figcaption class=\"wp-element-caption\">Amadou Aya, Secr\u00e9taire g\u00e9n\u00e9ral adjoint du BPN de la CODEM<\/figcaption><\/figure>\n\n\n\n<p>Dirig\u00e9 par Amadou Aya (secr\u00e9taire g\u00e9n\u00e9ral adjoint), ce collectif a exprim\u00e9 \u00ab<em>son&nbsp; d\u00e9saccord<\/em>\u00bb et&nbsp; a clairement signifi\u00e9 ne pas s\u2019identifier \u00e0 cette d\u00e9claration. \u00ab<em>Nous lan\u00e7ons un appel au rejet de cette d\u00e9marche solitaire de ces responsables qui agissent uniquement en leur nom propre<\/em>\u00bb, a-t-il a r\u00e9agi en estimant que&nbsp; l\u2019adh\u00e9sion de la Codem&nbsp; \u00e0 cette synergie &nbsp;n\u2019a pas \u00e9t\u00e9 d\u00e9battue au sein du Bureau politique national (BPN) et encore moins fait l\u2019objet de consultation des militants \u00e0 la base.<\/p>\n\n\n\n<p>Mais, au sein du parti, des sources rappellent que la d\u00e9claration a \u00e9t\u00e9 paraph\u00e9e au nom de&nbsp;l\u2019Alliance Jigiya Kura dont la Codem est membre. Ils rappellent aussi que le 1er&nbsp;secr\u00e9taire g\u00e9n\u00e9ral adjoint (un transfuge du parti Yelema) a \u00e9t\u00e9 suspendu du parti en juin 2023 \u00e0 cause de sa participation au processus de r\u00e9vision constitutionnelle. Le hic, c\u2019est que l\u2019int\u00e9ress\u00e9 joue de plus en plus au trouble-f\u00eate dans ce parti. Il a ainsi plusieurs fois \u00ab<em>engag\u00e9 la responsabilit\u00e9<\/em>\u00bb du parti sans \u00eatre mandat\u00e9. En effet Amadou Aya&nbsp; a particip\u00e9 au Dialogue national inclusif (DNI), au processus de la r\u00e9vision de la &nbsp;constitution et, r\u00e9cemment, il a \u00e9t\u00e9 nomm\u00e9 parmi les 150 membres du Comit\u00e9 de pilotage de dialogue inter-maliens\u2026 Et chaque fois,&nbsp;&nbsp;le BPN de la Codem se voit mis devant le fait accompli l\u2019obligeant \u00e0 communiquer pour d\u00e9gager toute sa responsabilit\u00e9 en r\u00e9cusant celui qui est cens\u00e9 le repr\u00e9senter.<\/p>\n\n\n\n<p>Ce n\u2019est un secret pour personne que ce parti a rejet\u00e9 sans ambages la r\u00e9vision constitutionnelle. Et m\u00eame s\u2019il n\u2019est pas officiellement oppos\u00e9 au dialogue inter-Maliens, il a d\u00e9clar\u00e9 n\u2019avoir pas \u00e9t\u00e9 \u00ab<em>consult\u00e9<\/em>\u00bb encore moins \u00ab<em>sollicit\u00e9<\/em>\u00bb pour d\u00e9signer un repr\u00e9sentant au sein du comit\u00e9 de pilotage de ce dialogue. A quoi joue alors Amadou Aya&nbsp;? \u00ab<em>C\u2019est un collectif fictif pour tenter de d\u00e9stabiliser un parti qui d\u00e9range<\/em>\u00bb, d\u00e9plore un responsable de la communication sur les r\u00e9seaux sociaux. \u00ab<em>Ce collectif est une manigance de plus de sa part pour semer le d\u00e9sordre dans nos rangs<\/em>\u00bb, d\u00e9plore un autre cadre et \u00e9lu de la Codem.<\/p>\n\n\n\n<p><strong>Un homme de conviction et non \u00abun opposant alimentaire\u00bb<\/strong><\/p>\n\n\n\n<p>Pourquoi&nbsp;en veulent-elles \u00e0 Poul\u00f4 \u00e0 ce point ? \u00ab<em>Il est l\u2019un des rares leaders politiques influents du pays \u00e0 faire de la r\u00e9sistance. Il est \u00e0 cheval sur ses principes et ses convictions sans tomber dans une opposition syst\u00e9matique<\/em>\u00bb, r\u00e9pond notre interlocuteur. Une explication partag\u00e9e par d\u2019autres cadres du parti ainsi que des observateurs de l\u2019ar\u00e8ne politique malienne. Qui est alors \u00e0 la man\u0153uvre dans l\u2019ombre&nbsp;? Pour r\u00e9pondre \u00e0 cette question, les regards se tournent surtout du c\u00f4t\u00e9 de la Primature et non de Koulouba. M\u00eame si, au sein de la Codem, certains pensent que l\u2019int\u00e9ress\u00e9 a \u00ab<em>vendu son \u00e2me au diable<\/em>\u00bb et roulerait aussi pour la coqueluche des milliardaires du Mali.<\/p>\n\n\n\n<p>Visiblement, le pr\u00e9sident de la Codem d\u00e9range plus d\u2019un. Surtout que, ces derniers mois, la Convergence de Poul\u00f4 a aussi intensifi\u00e9 ses rencontres avec les autres partis politiques en vue d\u2019un retour rapide \u00e0 l\u2019ordre constitutionnel \u00e0 travers des \u00e9lections libres et transparentes. Et dans une d\u00e9claration publi\u00e9e par exemple le 8 novembre 2023, la Codem avait alert\u00e9 le peuple et les autorit\u00e9s sur \u00ab<em>la d\u00e9t\u00e9rioration alarmante de la situation socio-\u00e9conomique, exacerb\u00e9e par une crise \u00e9nerg\u00e9tique, une ins\u00e9curit\u00e9 g\u00e9n\u00e9ralis\u00e9e et des affrontements entre le gouvernement de transition et une faction du CSP-PSD<\/em>\u00bb. Tout en r\u00e9affirmant son soutien \u00e0 l\u2019arm\u00e9e dans sa lutte contre le terrorisme, le parti estime que les \u00e9lections sont \u00ab<em>la seule solution pour restaurer la stabilit\u00e9 et la paix au Mali<\/em>\u00bb.<\/p>\n\n\n\n<p>En effet, ses leaders sont convaincus que \u00ab<em>l\u2019organisation d\u2019\u00e9lections transparentes permettrait au Mali de r\u00e9tablir un ordre constitutionnel normal, de renouer avec ses partenaires internationaux, de relever les d\u00e9fis majeurs et de commencer un processus de r\u00e9conciliation nationale<\/em>\u00bb. Conscient de tous ces enjeux et la guerre de l\u2019ombre dont le pr\u00e9sident du parti semble \u00eatre la principale cible, pourquoi ne pas mettre Aya \u00e0 la porte de la chapelle&nbsp;?<\/p>\n\n\n\n<p>Selon nos sources \u00e0 la Codem, on ne veut pas lui faire le plaisir d\u2019un proc\u00e8s pour se faire de la publicit\u00e9. Mais, disent de nombreux cadres d\u00e9vou\u00e9s au parti et \u00e0 son pr\u00e9sident, \u00ab<em>il ne perd rien pour attendre<\/em>\u00bb&nbsp;!<\/p>\n\n\n\n<p><strong>Hamady Tamba<\/strong><\/p>\n","protected":false},"excerpt":{"rendered":"<p>Amadou Aya (secr\u00e9taire g\u00e9n\u00e9ral adjoint) serait-il aujourd\u2019hui un cheval de Troie pour d\u00e9stabiliser la Convergence pour le d\u00e9veloppement du Mali (CODEM) et r\u00e9duire son pr\u00e9sident au silence&nbsp;? Ses agissements ces&hellip;<\/p>\n","protected":false},"author":1,"featured_media":17465,"comment_status":"open","ping_status":"open","sticky":false,"template":"","format":"standard","meta":{"content-type":"","_lmt_disableupdate":"","_lmt_disable":"","_jetpack_memberships_contains_paid_content":false,"footnotes":"","jetpack_publicize_message":"","jetpack_publicize_feature_enabled":true,"jetpack_social_post_already_shared":true,"jetpack_social_options":{"image_generator_settings":{"template":"highway","default_image_id":0,"font":"","enabled":false},"version":2}},"categories":[53,23],"tags":[],"class_list":["post-17464","post","type-post","status-publish","format-standard","has-post-thumbnail","hentry","category-le-matin","category-politique"],"jetpack_publicize_connections":[],"featured_image_urls":{"full":["https:\/\/nandi.info\/wp-content\/uploads\/2024\/02\/Housseini-Amion-Guindo.jpg",680,306,false],"thumbnail":["https:\/\/nandi.info\/wp-content\/uploads\/2024\/02\/Housseini-Amion-Guindo-150x150.jpg",150,150,true],"medium":["https:\/\/nandi.info\/wp-content\/uploads\/2024\/02\/Housseini-Amion-Guindo-300x135.jpg",300,135,true],"medium_large":["https:\/\/nandi.info\/wp-content\/uploads\/2024\/02\/Housseini-Amion-Guindo.jpg",680,306,false],"large":["https:\/\/nandi.info\/wp-content\/uploads\/2024\/02\/Housseini-Amion-Guindo.jpg",680,306,false],"1536x1536":["https:\/\/nandi.info\/wp-content\/uploads\/2024\/02\/Housseini-Amion-Guindo.jpg",680,306,false],"2048x2048":["https:\/\/nandi.info\/wp-content\/uploads\/2024\/02\/Housseini-Amion-Guindo.jpg",680,306,false],"penci-recipe-1200x1200":["https:\/\/nandi.info\/wp-content\/uploads\/2024\/02\/Housseini-Amion-Guindo.jpg",680,306,false],"penci-recipe-1200x900":["https:\/\/nandi.info\/wp-content\/uploads\/2024\/02\/Housseini-Amion-Guindo.jpg",680,306,false],"penci-recipe-1200x675":["https:\/\/nandi.info\/wp-content\/uploads\/2024\/02\/Housseini-Amion-Guindo.jpg",680,306,false],"penci-single-full":["https:\/\/nandi.info\/wp-content\/uploads\/2024\/02\/Housseini-Amion-Guindo.jpg",680,306,false],"penci-slider-full-thumb":["https:\/\/nandi.info\/wp-content\/uploads\/2024\/02\/Housseini-Amion-Guindo.jpg",680,306,false],"penci-full-thumb":["https:\/\/nandi.info\/wp-content\/uploads\/2024\/02\/Housseini-Amion-Guindo.jpg",680,306,false],"penci-slider-thumb":["https:\/\/nandi.info\/wp-content\/uploads\/2024\/02\/Housseini-Amion-Guindo.jpg",680,306,false],"penci-magazine-slider":["https:\/\/nandi.info\/wp-content\/uploads\/2024\/02\/Housseini-Amion-Guindo.jpg",680,306,false],"penci-thumb":["https:\/\/nandi.info\/wp-content\/uploads\/2024\/02\/Housseini-Amion-Guindo.jpg",585,263,false],"penci-masonry-thumb":["https:\/\/nandi.info\/wp-content\/uploads\/2024\/02\/Housseini-Amion-Guindo.jpg",585,263,false],"penci-thumb-square":["https:\/\/nandi.info\/wp-content\/uploads\/2024\/02\/Housseini-Amion-Guindo.jpg",585,263,false],"penci-thumb-vertical":["https:\/\/nandi.info\/wp-content\/uploads\/2024\/02\/Housseini-Amion-Guindo.jpg",480,216,false],"penci-thumb-small":["https:\/\/nandi.info\/wp-content\/uploads\/2024\/02\/Housseini-Amion-Guindo.jpg",263,118,false]},"author_info":{"display_name":"Nandi","author_link":"https:\/\/nandi.info\/?author=1"},"category_info":"<a href=\"https:\/\/nandi.info\/?cat=53\" rel=\"category\">Le Matin<\/a> <a href=\"https:\/\/nandi.info\/?cat=23\" rel=\"category\">Politique<\/a>","tag_info":"Politique","comment_count":"0","jetpack_featured_media_url":"https:\/\/nandi.info\/wp-content\/uploads\/2024\/02\/Housseini-Amion-Guindo.jpg","jetpack_sharing_enabled":true,"_links":{"self":[{"href":"https:\/\/nandi.info\/index.php?rest_route=\/wp\/v2\/posts\/17464","targetHints":{"allow":["GET"]}}],"collection":[{"href":"https:\/\/nandi.info\/index.php?rest_route=\/wp\/v2\/posts"}],"about":[{"href":"https:\/\/nandi.info\/index.php?rest_route=\/wp\/v2\/types\/post"}],"author":[{"embeddable":true,"href":"https:\/\/nandi.info\/index.php?rest_route=\/wp\/v2\/users\/1"}],"replies":[{"embeddable":true,"href":"https:\/\/nandi.info\/index.php?rest_route=%2Fwp%2Fv2%2Fcomments&post=17464"}],"version-history":[{"count":1,"href":"https:\/\/nandi.info\/index.php?rest_route=\/wp\/v2\/posts\/17464\/revisions"}],"predecessor-version":[{"id":17466,"href":"https:\/\/nandi.info\/index.php?rest_route=\/wp\/v2\/posts\/17464\/revisions\/17466"}],"wp:featuredmedia":[{"embeddable":true,"href":"https:\/\/nandi.info\/index.php?rest_route=\/wp\/v2\/media\/17465"}],"wp:attachment":[{"href":"https:\/\/nandi.info\/index.php?rest_route=%2Fwp%2Fv2%2Fmedia&parent=17464"}],"wp:term":[{"taxonomy":"category","embeddable":true,"href":"https:\/\/nandi.info\/index.php?rest_route=%2Fwp%2Fv2%2Fcategories&post=17464"},{"taxonomy":"post_tag","embeddable":true,"href":"https:\/\/nandi.info\/index.php?rest_route=%2Fwp%2Fv2%2Ftags&post=17464"}],"curies":[{"name":"wp","href":"https:\/\/api.w.org\/{rel}","templated":true}]}}