{"id":17455,"date":"2024-02-29T14:27:55","date_gmt":"2024-02-29T13:27:55","guid":{"rendered":"https:\/\/nandi.info\/?p=17455"},"modified":"2024-02-29T14:31:14","modified_gmt":"2024-02-29T13:31:14","slug":"alliance-des-etats-du-sahel-lavant-projet-du-traite-de-creation-de-la-confederation-adopte-a-ouagadougou","status":"publish","type":"post","link":"https:\/\/nandi.info\/?p=17455","title":{"rendered":"Alliance des Etats du Sahel : L\u2019avant-projet du trait\u00e9 de cr\u00e9ation de la Conf\u00e9d\u00e9ration adopt\u00e9 \u00e0 Ouagadougou"},"content":{"rendered":"\n<p><strong>L\u2019avant-projet de Trait\u00e9 portant cr\u00e9ation de la Conf\u00e9d\u00e9ration \u00abAlliance des Etats du Sahel\u00bb a&nbsp; \u00e9t\u00e9 adopt\u00e9 par la r\u00e9union interminist\u00e9rielle tenue le 15 f\u00e9vrier 2024 \u00e0 Ouagadougou, au Burkina Faso. C\u2019est ce que le ministre des Affaires \u00e9trang\u00e8res et de la coop\u00e9ration internationale (MAECI) a communiqu\u00e9 au conseil des ministres du mercredi dernier, 21 f\u00e9vrier 20\u200b24.<\/strong><\/p>\n\n\n\n<p class=\"has-drop-cap\">Selon le communiqu\u00e9 du conseil des ministres, l\u2019architecture institutionnelle de cette Conf\u00e9d\u00e9ration reposerait sur le Coll\u00e8ge des Chefs d\u2019Etat, des sessions du Conseil des ministres et des sessions conf\u00e9d\u00e9rales des Parlements. Par la suite, cette architecture serait compl\u00e9t\u00e9e par une Agence de d\u00e9veloppement ou d\u2019ex\u00e9cution issue de la transformation du Secr\u00e9tariat ex\u00e9cutif de l\u2019Autorit\u00e9 pour le d\u00e9veloppement int\u00e9gr\u00e9 du Liptako Gourma (ALG).<\/p>\n\n\n\n<p>Dans la capitale du \u00ab<em>Pays des Hommes int\u00e8gres<\/em>\u00bb, les ministres ont \u00e9galement approuv\u00e9 l\u2019\u00e9largissement des objectifs de l\u2019Alliance des Etats du Sahel aux domaines de la coordination diplomatique et aux questions de d\u00e9veloppement \u00e9conomique. Ils ont par ailleurs pr\u00e9par\u00e9 les projets de documents relatifs au premier sommet de l\u2019Alliance des Etats du Sahel et adopt\u00e9 une Motion sp\u00e9ciale en soutien \u00e0 la R\u00e9publique du Niger. A noter que la r\u00e9alisation de la Charte graphique et la coordination des activit\u00e9s li\u00e9es \u00e0 l\u2019organisation de la communication de l\u2019Alliance ont \u00e9t\u00e9 confi\u00e9es au Mali.<\/p>\n\n\n\n<p>A Ouagadougou, la d\u00e9l\u00e9gation malienne \u00e9tait conduite par le ministre d\u2019Etat, ministre de l\u2019Administration territoriale et de la D\u00e9centralisation, Colonel Abdoulaye Ma\u00efga.<\/p>\n\n\n\n<p><strong>Naby<\/strong><\/p>\n","protected":false},"excerpt":{"rendered":"<p>L\u2019avant-projet de Trait\u00e9 portant cr\u00e9ation de la Conf\u00e9d\u00e9ration \u00abAlliance des Etats du Sahel\u00bb a&nbsp; \u00e9t\u00e9 adopt\u00e9 par la r\u00e9union interminist\u00e9rielle tenue le 15 f\u00e9vrier 2024 \u00e0 Ouagadougou, au Burkina Faso.&hellip;<\/p>\n","protected":false},"author":1,"featured_media":17456,"comment_status":"open","ping_status":"open","sticky":false,"template":"","format":"standard","meta":{"content-type":"","_lmt_disableupdate":"","_lmt_disable":"","_jetpack_memberships_contains_paid_content":false,"footnotes":"","jetpack_publicize_message":"","jetpack_publicize_feature_enabled":true,"jetpack_social_post_already_shared":true,"jetpack_social_options":{"image_generator_settings":{"template":"highway","default_image_id":0,"font":"","enabled":false},"version":2}},"categories":[31,53],"tags":[],"class_list":["post-17455","post","type-post","status-publish","format-standard","has-post-thumbnail","hentry","category-cooperation","category-le-matin"],"jetpack_publicize_connections":[],"featured_image_urls":{"full":["https:\/\/nandi.info\/wp-content\/uploads\/2024\/02\/ABDOULAYE-MAIGAA7.jpg",1024,683,false],"thumbnail":["https:\/\/nandi.info\/wp-content\/uploads\/2024\/02\/ABDOULAYE-MAIGAA7-150x150.jpg",150,150,true],"medium":["https:\/\/nandi.info\/wp-content\/uploads\/2024\/02\/ABDOULAYE-MAIGAA7-300x200.jpg",300,200,true],"medium_large":["https:\/\/nandi.info\/wp-content\/uploads\/2024\/02\/ABDOULAYE-MAIGAA7-768x512.jpg",768,512,true],"large":["https:\/\/nandi.info\/wp-content\/uploads\/2024\/02\/ABDOULAYE-MAIGAA7.jpg",1024,683,false],"1536x1536":["https:\/\/nandi.info\/wp-content\/uploads\/2024\/02\/ABDOULAYE-MAIGAA7.jpg",1024,683,false],"2048x2048":["https:\/\/nandi.info\/wp-content\/uploads\/2024\/02\/ABDOULAYE-MAIGAA7.jpg",1024,683,false],"penci-recipe-1200x1200":["https:\/\/nandi.info\/wp-content\/uploads\/2024\/02\/ABDOULAYE-MAIGAA7.jpg",1024,683,false],"penci-recipe-1200x900":["https:\/\/nandi.info\/wp-content\/uploads\/2024\/02\/ABDOULAYE-MAIGAA7.jpg",1024,683,false],"penci-recipe-1200x675":["https:\/\/nandi.info\/wp-content\/uploads\/2024\/02\/ABDOULAYE-MAIGAA7.jpg",1012,675,false],"penci-single-full":["https:\/\/nandi.info\/wp-content\/uploads\/2024\/02\/ABDOULAYE-MAIGAA7.jpg",1024,683,false],"penci-slider-full-thumb":["https:\/\/nandi.info\/wp-content\/uploads\/2024\/02\/ABDOULAYE-MAIGAA7.jpg",1024,683,false],"penci-full-thumb":["https:\/\/nandi.info\/wp-content\/uploads\/2024\/02\/ABDOULAYE-MAIGAA7.jpg",1024,683,false],"penci-slider-thumb":["https:\/\/nandi.info\/wp-content\/uploads\/2024\/02\/ABDOULAYE-MAIGAA7.jpg",994,663,false],"penci-magazine-slider":["https:\/\/nandi.info\/wp-content\/uploads\/2024\/02\/ABDOULAYE-MAIGAA7.jpg",774,516,false],"penci-thumb":["https:\/\/nandi.info\/wp-content\/uploads\/2024\/02\/ABDOULAYE-MAIGAA7.jpg",585,390,false],"penci-masonry-thumb":["https:\/\/nandi.info\/wp-content\/uploads\/2024\/02\/ABDOULAYE-MAIGAA7.jpg",585,390,false],"penci-thumb-square":["https:\/\/nandi.info\/wp-content\/uploads\/2024\/02\/ABDOULAYE-MAIGAA7.jpg",585,390,false],"penci-thumb-vertical":["https:\/\/nandi.info\/wp-content\/uploads\/2024\/02\/ABDOULAYE-MAIGAA7.jpg",480,320,false],"penci-thumb-small":["https:\/\/nandi.info\/wp-content\/uploads\/2024\/02\/ABDOULAYE-MAIGAA7.jpg",263,175,false]},"author_info":{"display_name":"Nandi","author_link":"https:\/\/nandi.info\/?author=1"},"category_info":"<a href=\"https:\/\/nandi.info\/?cat=31\" rel=\"category\">Coop\u00e9ration<\/a> <a href=\"https:\/\/nandi.info\/?cat=53\" rel=\"category\">Le Matin<\/a>","tag_info":"Le Matin","comment_count":"0","jetpack_featured_media_url":"https:\/\/nandi.info\/wp-content\/uploads\/2024\/02\/ABDOULAYE-MAIGAA7.jpg","jetpack_sharing_enabled":true,"_links":{"self":[{"href":"https:\/\/nandi.info\/index.php?rest_route=\/wp\/v2\/posts\/17455","targetHints":{"allow":["GET"]}}],"collection":[{"href":"https:\/\/nandi.info\/index.php?rest_route=\/wp\/v2\/posts"}],"about":[{"href":"https:\/\/nandi.info\/index.php?rest_route=\/wp\/v2\/types\/post"}],"author":[{"embeddable":true,"href":"https:\/\/nandi.info\/index.php?rest_route=\/wp\/v2\/users\/1"}],"replies":[{"embeddable":true,"href":"https:\/\/nandi.info\/index.php?rest_route=%2Fwp%2Fv2%2Fcomments&post=17455"}],"version-history":[{"count":2,"href":"https:\/\/nandi.info\/index.php?rest_route=\/wp\/v2\/posts\/17455\/revisions"}],"predecessor-version":[{"id":17459,"href":"https:\/\/nandi.info\/index.php?rest_route=\/wp\/v2\/posts\/17455\/revisions\/17459"}],"wp:featuredmedia":[{"embeddable":true,"href":"https:\/\/nandi.info\/index.php?rest_route=\/wp\/v2\/media\/17456"}],"wp:attachment":[{"href":"https:\/\/nandi.info\/index.php?rest_route=%2Fwp%2Fv2%2Fmedia&parent=17455"}],"wp:term":[{"taxonomy":"category","embeddable":true,"href":"https:\/\/nandi.info\/index.php?rest_route=%2Fwp%2Fv2%2Fcategories&post=17455"},{"taxonomy":"post_tag","embeddable":true,"href":"https:\/\/nandi.info\/index.php?rest_route=%2Fwp%2Fv2%2Ftags&post=17455"}],"curies":[{"name":"wp","href":"https:\/\/api.w.org\/{rel}","templated":true}]}}