{"id":17449,"date":"2024-02-29T13:58:32","date_gmt":"2024-02-29T12:58:32","guid":{"rendered":"https:\/\/nandi.info\/?p=17449"},"modified":"2024-02-29T14:16:58","modified_gmt":"2024-02-29T13:16:58","slug":"levee-de-la-suspension-dexportation-alloco-atieke-igname-de-retour-dans-nos-assiettes","status":"publish","type":"post","link":"https:\/\/nandi.info\/?p=17449","title":{"rendered":"Lev\u00e9e de la suspension d\u2019exportation : Alloco, ati\u00e9k\u00e9, igname\u2026 de retour dans nos assiettes"},"content":{"rendered":"\n<p><strong><em>Le gouvernement ivoirien avait suspendu l\u2019exportation d\u2019une vingtaine de produits alimentaires compos\u00e9s de banane plantain ou alloco, d\u2019igname, de manioc, d\u2019ati\u00e9k\u00e9 entre autres. La mesure vient d\u2019\u00eatre lev\u00e9e. R\u00e9trop\u00e9dalage ou r\u00e9alit\u00e9 \u00e9conomique du terrain ?<\/em><\/strong><\/p>\n\n\n\n<p>Le 15 janvier 2024, le gouvernement ivoirien avait pris un arr\u00eat\u00e9 interminist\u00e9riel portant suspension temporaire de l\u2019exportation de vingt produits alimentaires pour une dur\u00e9e de six mois. Avec \u00e0 la cl\u00e9 des sanctions pr\u00e9vues contre les contrevenants&nbsp;<em>(cf. Mali Tribune n\u00b0464 du mardi 6 f\u00e9vrier 2024)<\/em>.<\/p>\n\n\n\n<p>Il s\u2019agissait, entre autres, de banane plantain ou alloco, d\u2019igname, de manioc et ses d\u00e9riv\u00e9s comme l\u2019ati\u00e9k\u00e9 (poudre, cossette, p\u00e2te et semoule de manioc), graine de palme, sorgho, riz, tomate, poudre de gombo, poudre de piment, etc. La mesure \u00e9tait calqu\u00e9e sur un d\u00e9cret de 2022.<\/p>\n\n\n\n<p>Les d\u00e9cideurs \u00e9taient le ministre d\u2019Etat, ministre de l\u2019Agriculture, du D\u00e9veloppement rural et des Productions vivri\u00e8res, du Commerce et de l\u2019Industrie, des Finances et du Budget. La motivation toute trouv\u00e9e \u00e9tait que la Can-C\u00f4te d\u2019Ivoire 2023 (tenue du 13 janvier au 11 f\u00e9vrier 2024) pouvait mobiliser 1,5 million de personnes. Il \u00e9tait en outre question \u201cd\u2019assurer un approvisionnement des march\u00e9s en produits vivriers \u00e0 l\u2019effet de garantir la s\u00e9curit\u00e9 alimentaire des populations vivant en C\u00f4te d\u2019Ivoire\u201d.<\/p>\n\n\n\n<p>Des explications ci-dessus r\u00e9fut\u00e9es par des observateurs avis\u00e9s. Selon ceux-ci,&nbsp;<em>\u201cil n\u2019y a aucune logique \u00e0 cela. La Can \u00e9tait pr\u00e9vue pour un mois contre une dur\u00e9e de suspension de six mois\u201d<\/em>. En plus,&nbsp;<em>\u201cla C\u00f4te d\u2019Ivoire exc\u00e9dentaire dans la production de chacune de ces denr\u00e9es concern\u00e9es, avec comme principaux clients le Mali, le Burkina Faso et le Niger ne conna\u00eet aucune ins\u00e9curit\u00e9 alimentaire\u201d<\/em>, commente un n\u00e9gociant malien sous anonymat. Ce dernier de glisser sur le terrain politique en voyant en cette mesure, un moyen de punir les trois pays du Sahel qui ne soufflent pas de nos jours dans la m\u00eame trompette qu\u2019Abidjan.<\/p>\n\n\n\n<p><strong>Fin de l\u2019arr\u00eat\u00e9 du 15 janvier 2024<\/strong><\/p>\n\n\n\n<p>Le mercredi 22 f\u00e9vrier 2024, soit un mois et 7 jours apr\u00e8s la prise des dispositions d\u2019interdiction des m\u00eames aliments, un communiqu\u00e9 fait \u00e9tat d\u2019un autre arr\u00eat\u00e9 interminist\u00e9riel, sign\u00e9 par les ministres cit\u00e9s plus haut et mettant fin \u00e0 celui du 15 janvier 2024. Aucune justification n\u2019est donn\u00e9e \u00e0 la lev\u00e9e de la mesure.<\/p>\n\n\n\n<p>Pendant ces quelques jours d\u2019interdiction d\u2019exporter, le march\u00e9 malien de plantain, d\u2019ignames, d\u2019ati\u00e9k\u00e9, etc., a connu une grande tension des prix. Ni l\u2019alloco, ni l\u2019igname encore moins l\u2019ati\u00e9k\u00e9 ne sont consid\u00e9r\u00e9s comme des produits de base au Mali. Mais leur consommation est bien ancr\u00e9e dans nos habitudes alimentaires. Depuis plusieurs d\u00e9cennies, des ressortissants ivoiriens install\u00e9s au Mali fabriquent sur place de l\u2019ati\u00e9k\u00e9 dont la mati\u00e8re de base qu\u2019est la p\u00e2te de manioc est import\u00e9e directement de la C\u00f4te d\u2019Ivoire. En plus, il est tr\u00e8s rare de trouver une gargote, un restaurant ou une simple c\u00e9r\u00e9monie sociale au Mali sans qu\u2019un de ces produits ne soit dans les menus concoct\u00e9s.<\/p>\n\n\n\n<p>Pendant plus de deux semaines, l\u2019alloco \u00e9tait presque en rupture sur les diff\u00e9rents march\u00e9s de gros de la capitale (Sougounikoura ou Faladi\u00e9 dans la cour du march\u00e9 aux poissons), o\u00f9 les prix sont pass\u00e9s du simple au triple. Trois plantains \u00e9taient vendus ces derniers temps \u00e0 500 F CFA contre 200 F avant la crise. Cette hausse vertigineuse li\u00e9e effectivement \u00e0 la crise, s\u2019explique, selon un importateur, par le fait qu\u2019ils \u00e9taient contraints d\u2019emprunter des voies de contournement pour faire passer les quelques chargements de camions. Ces longues d\u00e9viations en plus des dessous de table pay\u00e9s aux forces de s\u00e9curit\u00e9 ivoiriennes pour avoir leur silence, \u00e9taient r\u00e9percut\u00e9s sur le co\u00fbt de revient.<\/p>\n\n\n\n<ol class=\"wp-block-list\">\n<li>D., un autre importateur d\u2019alloco, juge n\u00e9anmoins salutaire la lev\u00e9e de la suspension. Selon lui, c\u2019est une bouff\u00e9e d\u2019oxyg\u00e8ne pour eux, mais surtout pour les planteurs ivoiriens dont ils sont les principaux clients.<\/li>\n<\/ol>\n\n\n\n<p>A ses dires, ces derniers ont accus\u00e9 plus de perte que leurs partenaires maliens dans la mesure o\u00f9 plusieurs centaines de tonnes de bananes plantains ont pourri dans les champs de Bono, Gado, S\u00e9gu\u00e9la, etc., dans le d\u00e9partement de Bouak\u00e9, du fait de la suspension d\u2019exportation.<\/p>\n\n\n\n<p>A en croire M. D., c\u2019est la premi\u00e8re fois dans l\u2019histoire que le gouvernement ivoirien prenne officiellement une mesure de suspension concernant l\u2019exportation de ces denr\u00e9es alimentaires frappant directement notre pays. Mais il a rappel\u00e9 qu\u2019en 2021, un diff\u00e9rend s\u2019\u00e9tait pass\u00e9 entre acheteurs d\u2019aloco et les producteurs ivoiriens.<\/p>\n\n\n\n<p>Ces derniers avaient impos\u00e9 que les achats devaient d\u00e9sormais se passer avec des interm\u00e9diaires. Les Maliens avaient refus\u00e9 cela eu \u00e9gard aux co\u00fbts suppl\u00e9mentaires exorbitants \u00e0 payer. Le d\u00e9saccord s\u2019est sold\u00e9 par le boycott des Maliens. Une dizaine de jours plus tard, un compromis \u00e9tait vite trouv\u00e9 et tout est rentr\u00e9 dans l\u2019ordre au bonheur des deux parties.<\/p>\n\n\n\n<p>En tout \u00e9tat de cause, les amateurs de ces denr\u00e9es alimentaires bien pris\u00e9es, d\u00e9sormais aux anges, vont remettre \u00e0 l\u2019\u0153uvre leurs papilles gustatives pour soulager leur app\u00e9tit.<\/p>\n\n\n\n<p><strong>Abdrahamane Dicko<\/strong><\/p>\n","protected":false},"excerpt":{"rendered":"<p>Le gouvernement ivoirien avait suspendu l\u2019exportation d\u2019une vingtaine de produits alimentaires compos\u00e9s de banane plantain ou alloco, d\u2019igname, de manioc, d\u2019ati\u00e9k\u00e9 entre autres. La mesure vient d\u2019\u00eatre lev\u00e9e. R\u00e9trop\u00e9dalage ou&hellip;<\/p>\n","protected":false},"author":1,"featured_media":17190,"comment_status":"open","ping_status":"open","sticky":false,"template":"","format":"standard","meta":{"content-type":"","_lmt_disableupdate":"","_lmt_disable":"","_jetpack_memberships_contains_paid_content":false,"footnotes":"","jetpack_publicize_message":"","jetpack_publicize_feature_enabled":true,"jetpack_social_post_already_shared":true,"jetpack_social_options":{"image_generator_settings":{"template":"highway","default_image_id":0,"font":"","enabled":false},"version":2}},"categories":[33,21],"tags":[],"class_list":["post-17449","post","type-post","status-publish","format-standard","has-post-thumbnail","hentry","category-mali-tribune","category-societe"],"jetpack_publicize_connections":[],"featured_image_urls":{"full":["https:\/\/nandi.info\/wp-content\/uploads\/2024\/02\/bananes-plantin.jpg",650,460,false],"thumbnail":["https:\/\/nandi.info\/wp-content\/uploads\/2024\/02\/bananes-plantin-150x150.jpg",150,150,true],"medium":["https:\/\/nandi.info\/wp-content\/uploads\/2024\/02\/bananes-plantin-300x212.jpg",300,212,true],"medium_large":["https:\/\/nandi.info\/wp-content\/uploads\/2024\/02\/bananes-plantin.jpg",650,460,false],"large":["https:\/\/nandi.info\/wp-content\/uploads\/2024\/02\/bananes-plantin.jpg",650,460,false],"1536x1536":["https:\/\/nandi.info\/wp-content\/uploads\/2024\/02\/bananes-plantin.jpg",650,460,false],"2048x2048":["https:\/\/nandi.info\/wp-content\/uploads\/2024\/02\/bananes-plantin.jpg",650,460,false],"penci-recipe-1200x1200":["https:\/\/nandi.info\/wp-content\/uploads\/2024\/02\/bananes-plantin.jpg",650,460,false],"penci-recipe-1200x900":["https:\/\/nandi.info\/wp-content\/uploads\/2024\/02\/bananes-plantin.jpg",650,460,false],"penci-recipe-1200x675":["https:\/\/nandi.info\/wp-content\/uploads\/2024\/02\/bananes-plantin.jpg",650,460,false],"penci-single-full":["https:\/\/nandi.info\/wp-content\/uploads\/2024\/02\/bananes-plantin.jpg",650,460,false],"penci-slider-full-thumb":["https:\/\/nandi.info\/wp-content\/uploads\/2024\/02\/bananes-plantin.jpg",650,460,false],"penci-full-thumb":["https:\/\/nandi.info\/wp-content\/uploads\/2024\/02\/bananes-plantin.jpg",650,460,false],"penci-slider-thumb":["https:\/\/nandi.info\/wp-content\/uploads\/2024\/02\/bananes-plantin.jpg",650,460,false],"penci-magazine-slider":["https:\/\/nandi.info\/wp-content\/uploads\/2024\/02\/bananes-plantin.jpg",650,460,false],"penci-thumb":["https:\/\/nandi.info\/wp-content\/uploads\/2024\/02\/bananes-plantin.jpg",551,390,false],"penci-masonry-thumb":["https:\/\/nandi.info\/wp-content\/uploads\/2024\/02\/bananes-plantin.jpg",585,414,false],"penci-thumb-square":["https:\/\/nandi.info\/wp-content\/uploads\/2024\/02\/bananes-plantin.jpg",585,414,false],"penci-thumb-vertical":["https:\/\/nandi.info\/wp-content\/uploads\/2024\/02\/bananes-plantin.jpg",480,340,false],"penci-thumb-small":["https:\/\/nandi.info\/wp-content\/uploads\/2024\/02\/bananes-plantin.jpg",247,175,false]},"author_info":{"display_name":"Nandi","author_link":"https:\/\/nandi.info\/?author=1"},"category_info":"<a href=\"https:\/\/nandi.info\/?cat=33\" rel=\"category\">Mali Tribune<\/a> <a href=\"https:\/\/nandi.info\/?cat=21\" rel=\"category\">Soci\u00e9t\u00e9<\/a>","tag_info":"Soci\u00e9t\u00e9","comment_count":"0","jetpack_featured_media_url":"https:\/\/nandi.info\/wp-content\/uploads\/2024\/02\/bananes-plantin.jpg","jetpack_sharing_enabled":true,"_links":{"self":[{"href":"https:\/\/nandi.info\/index.php?rest_route=\/wp\/v2\/posts\/17449","targetHints":{"allow":["GET"]}}],"collection":[{"href":"https:\/\/nandi.info\/index.php?rest_route=\/wp\/v2\/posts"}],"about":[{"href":"https:\/\/nandi.info\/index.php?rest_route=\/wp\/v2\/types\/post"}],"author":[{"embeddable":true,"href":"https:\/\/nandi.info\/index.php?rest_route=\/wp\/v2\/users\/1"}],"replies":[{"embeddable":true,"href":"https:\/\/nandi.info\/index.php?rest_route=%2Fwp%2Fv2%2Fcomments&post=17449"}],"version-history":[{"count":1,"href":"https:\/\/nandi.info\/index.php?rest_route=\/wp\/v2\/posts\/17449\/revisions"}],"predecessor-version":[{"id":17452,"href":"https:\/\/nandi.info\/index.php?rest_route=\/wp\/v2\/posts\/17449\/revisions\/17452"}],"wp:featuredmedia":[{"embeddable":true,"href":"https:\/\/nandi.info\/index.php?rest_route=\/wp\/v2\/media\/17190"}],"wp:attachment":[{"href":"https:\/\/nandi.info\/index.php?rest_route=%2Fwp%2Fv2%2Fmedia&parent=17449"}],"wp:term":[{"taxonomy":"category","embeddable":true,"href":"https:\/\/nandi.info\/index.php?rest_route=%2Fwp%2Fv2%2Fcategories&post=17449"},{"taxonomy":"post_tag","embeddable":true,"href":"https:\/\/nandi.info\/index.php?rest_route=%2Fwp%2Fv2%2Ftags&post=17449"}],"curies":[{"name":"wp","href":"https:\/\/api.w.org\/{rel}","templated":true}]}}