{"id":17448,"date":"2024-02-29T13:40:51","date_gmt":"2024-02-29T12:40:51","guid":{"rendered":"https:\/\/nandi.info\/?p=17448"},"modified":"2024-02-29T13:40:54","modified_gmt":"2024-02-29T12:40:54","slug":"communique-du-conseil-des-ministres-du-mercredi-28-fevrier-2024","status":"publish","type":"post","link":"https:\/\/nandi.info\/?p=17448","title":{"rendered":"Communiqu\u00e9 du conseil des ministres du Mercredi 28 f\u00e9vrier 2024"},"content":{"rendered":"\n<p><strong><em>Le Conseil des Ministres s\u2019est r\u00e9uni en session ordinaire, le mercredi 28 f\u00e9vrier 2024, dans sa salle de d\u00e9lib\u00e9rations au Palais de Koulouba, sous la pr\u00e9sidence du Colonel Assimi GOITA, Pr\u00e9sident de la Transition, Chef de l\u2019Etat.<\/em><\/strong><\/p>\n\n\n\n<p>Apr\u00e8s examen des points inscrits \u00e0 l\u2019ordre du jour, le Conseil a :<\/p>\n\n\n\n<p>\u2013 adopt\u00e9 un projet de texte ;<\/p>\n\n\n\n<p>\u2013 proc\u00e9d\u00e9 \u00e0 des nominations ;<\/p>\n\n\n\n<p>\u2013 et entendu des communications.<\/p>\n\n\n\n<p><strong>AU CHAPITRE DES MESURES LEGISLATIVES ET REGLEMENTAIRES<\/strong><\/p>\n\n\n\n<p>Sur le rapport du ministre des Transports et des Infrastructures, le Conseil des Ministres a adopt\u00e9 un<\/p>\n\n\n\n<p>projet d\u00e9cret portant approbation du Programme national de S\u00e9curit\u00e9 de l\u2019Aviation civile.<\/p>\n\n\n\n<p>Le Conseil des Ministres, en sa session du 27 d\u00e9cembre 2023, a pris acte d\u2019une communication \u00e9crite relative au Programme national de S\u00e9curit\u00e9 de l\u2019Aviation civile.<\/p>\n\n\n\n<p>Le Programme national de S\u00e9curit\u00e9 de l\u2019aviation civile a \u00e9t\u00e9 adopt\u00e9 en application des dispositions de la Convention de Chicago relative \u00e0 l\u2019Aviation civile internationale et du Code de l\u2019Aviation civile.<\/p>\n\n\n\n<p>Il a pour objectif l\u2019am\u00e9lioration de la s\u00e9curit\u00e9 dans le secteur de l\u2019Aviation civile.<\/p>\n\n\n\n<p>Le projet de d\u00e9cret adopt\u00e9 consacre l\u2019approbation formelle dudit programme et ouvre la voie \u00e0 la mise en \u0153uvre des actions.<\/p>\n\n\n\n<p><strong>AU CHAPITRE DES MESURES INDIVIDUELLES<\/strong><\/p>\n\n\n\n<p>Le Conseil des Ministres a proc\u00e9d\u00e9 aux nominations suivantes :<\/p>\n\n\n\n<p><strong>AU TITRE DU MINISTERE DE LA DEFENSE ET DES ANCIENS COMBATTANTS<\/strong><\/p>\n\n\n\n<p>\u2013 Inspecteur en Chef de l\u2019Etat-major de l\u2019Arm\u00e9e de Terre :<\/p>\n\n\n\n<p>Colonel Modibo KOUYATE.<\/p>\n\n\n\n<p><strong><em>\u2013&nbsp;<\/em><\/strong>Directeur Adjoint du Commissariat des Arm\u00e9es :<\/p>\n\n\n\n<p>Colonel Mamadou TOGOLA.<\/p>\n\n\n\n<p><strong>AU TITRE DU MINISTERE DES TRANSPORTS ET DES INFRASTRUCTURES<\/strong><\/p>\n\n\n\n<p>\u2013 Directeur des Ressources humaines du Secteur des Infrastructures :<\/p>\n\n\n\n<p>Monsieur Emanuel DAO, Administrateur civil.<\/p>\n\n\n\n<p><strong>AU TITRE DU MINISTERE DES AFFAIRES ETRANGERES ET DE LA COOPERATION INTERNATIONALE<\/strong><\/p>\n\n\n\n<p>\u2013 Conseiller Consulaire \u00e0 l\u2019Ambassade du Mali \u00e0 Abu Dhabi :<\/p>\n\n\n\n<p>Commissaire de Police Aminata SISSOKO.<\/p>\n\n\n\n<p><strong>AU TITRE DU MINISTERE DE L\u2019ECONOMIE ET DES FINANCES<\/strong><\/p>\n\n\n\n<p>\u2013 Inspecteurs \u00e0 l\u2019Inspection des Finances :<\/p>\n\n\n\n<p>Monsieur Ibrahima Hamidou MAIGA, Inspecteur des Finances ;<\/p>\n\n\n\n<p>Monsieur Aliou Dioncounda DEMBELE, Inspecteur des Finances.<\/p>\n\n\n\n<p><strong>AU TITRE DU MINISTERE DES MINES<\/strong><\/p>\n\n\n\n<p>\u2013 Charg\u00e9s de mission :<\/p>\n\n\n\n<p>Madame KARAMBE Awa GOUNDIAM, Ing\u00e9nieur de l\u2019Industrie et des Mines ;<\/p>\n\n\n\n<p>Monsieur Moussa DABO, Sp\u00e9cialiste en \u00e9valuation de programmes.<\/p>\n\n\n\n<p>\u2013 Directeur national de la G\u00e9ologie et des Mines :<\/p>\n\n\n\n<p>Monsieur Issa COULIBALY, Ing\u00e9nieur de l\u2019Industrie et des Mines.<\/p>\n\n\n\n<p><strong>AU TITRE DU MINISTERE DE L\u2019URBANISME, DE L\u2019HABITAT, DES DOMAINES, DE L\u2019AMENAGEMENT DU TERRITOIRE ET DE LA POPULATION<\/strong><\/p>\n\n\n\n<p>\u2013 Inspecteurs \u00e0 l\u2019Inspection des Domaines et des Affaires fonci\u00e8res :<\/p>\n\n\n\n<p>Monsieur Lassine BORI MINTA, Ing\u00e9nieur de l\u2019Agriculture et du G\u00e9nie rural ;<\/p>\n\n\n\n<p>Monsieur Amadou TRAORE, Ing\u00e9nieur des Constructions civiles ;<\/p>\n\n\n\n<p>Monsieur Ousmane Hamidou DIAKITE, Professeur principal de l\u2019Enseignement secondaire ;<\/p>\n\n\n\n<p>Monsieur Mamadou DEMBELE, Administrateur civil.<\/p>\n\n\n\n<p><strong>AU CHAPITRE DES COMMUNICATIONS<\/strong><\/p>\n\n\n\n<p>Le Premier ministre, Chef du Gouvernement a inform\u00e9 le Conseil des Ministres de la modification des d\u00e9crets relatifs \u00e0 la nomination des membres du Gouvernement et \u00e0 leurs attributions sp\u00e9cifiques en ce qui concerne la d\u00e9nomination du d\u00e9partement en charge de la R\u00e9conciliation.<\/p>\n\n\n\n<p>Suite \u00e0 la d\u00e9cision du Gouvernement de mettre fin \u00e0 l\u2019Accord pour la Paix et la R\u00e9conciliation au<\/p>\n\n\n\n<p>Mali, issu du processus d\u2019Alger, le \u00ab Minist\u00e8re de la R\u00e9conciliation, de la Paix et de la Coh\u00e9sion nationale, charg\u00e9 de l\u2019Accord pour la Paix et la R\u00e9conciliation nationale \u00bb prend la d\u00e9nomination<\/p>\n\n\n\n<p>\u00ab Minist\u00e8re de la R\u00e9conciliation, de la Paix et de la Coh\u00e9sion nationale \u00bb. Ses attributions sp\u00e9cifiques sont \u00e9galement modifi\u00e9es cons\u00e9quemment.<\/p>\n\n\n\n<p>Le ministre d\u2019Etat, ministre de l\u2019Administration territoriale et de la D\u00e9centralisation a inform\u00e9 le Conseil des Ministres de la dissolution de l\u2019association d\u00e9nomm\u00e9e \u00abKaoural Renouveau \u00bb.<\/p>\n\n\n\n<p>La dissolution des associations par le Conseil des Ministres est pr\u00e9vue et r\u00e9gl\u00e9e par les dispositions de l\u2019article 13 de la Loi n\u00b004-038 du 5 ao\u00fbt 2004 relative aux associations.<\/p>\n\n\n\n<p>Depuis un certain temps, l\u2019association \u00ab Kaoural Renouveau \u00bb \u00e0 travers son Pr\u00e9sident fait des sorties m\u00e9diatiques, en tenant des propos diffamatoires et subversifs \u00e0 l\u2019encontre des Autorit\u00e9s de la Transition, sans aucune d\u00e9claration de condamnation de ses membres. Ses propos de plus en plus fr\u00e9quents sur les r\u00e9seaux sociaux, n\u2019ont d\u2019autres fins que de discr\u00e9diter les autorit\u00e9s de la transition et semer des troubles \u00e0 l\u2019ordre public.<\/p>\n\n\n\n<p>En outre, dans une d\u00e9claration en date du 10 ao\u00fbt 2023, le Pr\u00e9sident de l\u2019association affirme que d\u00e9sormais l\u2019association a un caract\u00e8re International, ce qui n\u2019est pas pr\u00e9vu dans les dispositions de la Loi relative aux associations en R\u00e9publique du Mali.<\/p>\n\n\n\n<p>Aussi, depuis l\u2019obtention de son r\u00e9c\u00e9piss\u00e9 de d\u00e9claration \u00e0 nos jours, l\u2019association n\u2019a jamais inform\u00e9 le Gouverneur du District de Bamako de ses activit\u00e9s, ni des modifications et changements intervenus dans ses statuts ou au niveau de sa direction.<\/p>\n\n\n\n<p>Au regard de ce qui pr\u00e9c\u00e8de, et compte tenu des manquements constat\u00e9s \u00e0 la Loi sur les associations, l\u2019association \u00ab Kaoural Renouveau \u00bb est dissoute.<\/p>\n\n\n\n<p>Le ministre des Transports et des Infrastructures a inform\u00e9 le Conseil des Ministres de la tenue d\u2019un atelier de concertation des acteurs de l\u2019information g\u00e9o-spatiale et d\u2019\u00e9change sur la<\/p>\n\n\n\n<p>relecture de la Politique nationale de l\u2019information g\u00e9ographique et le Plan d\u2019actions pour sa mise en \u0153uvre.<\/p>\n\n\n\n<p>L\u2019information g\u00e9ographique est un outil d\u2019aide \u00e0 la prise de d\u00e9cisions, elle est d\u00e9terminante dans la mise en \u0153uvre de tous les projets et joue un r\u00f4le essentiel dans le processus du d\u00e9veloppement \u00e9conomique, social, environnemental et s\u00e9curitaire du pays. A ce titre, elle doit \u00eatre fiable, coh\u00e9rente et harmonis\u00e9e. Sa bonne gestion repose sur les orientations fix\u00e9es dans la politique de l\u2019information g\u00e9ographique.<\/p>\n\n\n\n<p>La relecture de la Politique nationale de l\u2019Information G\u00e9ographique, adopt\u00e9e en 2012, a \u00e9t\u00e9 jug\u00e9e opportune eu \u00e9gard \u00e0 l\u2019av\u00e8nement de nouveaux concepts, dont le \u00ab cadre int\u00e9gr\u00e9 de gestion de l\u2019information g\u00e9ospatiale \u00bb d\u00e9velopp\u00e9 par l\u2019initiative des Nations Unies pour la gestion globale de l\u2019Information g\u00e9ospatiale.<\/p>\n\n\n\n<p>C\u2019est dans ce cadre qu\u2019un atelier de concertation des acteurs de l\u2019information g\u00e9ographique est pr\u00e9vu du 04 au 08 mars 2024.<\/p>\n\n\n\n<p>Le ministre des Affaires \u00e9trang\u00e8res et de la Coop\u00e9ration internationale a inform\u00e9 le Conseil des Ministres de l\u2019organisation de la Conf\u00e9rence pr\u00e9paratoire de la r\u00e9gion Afrique de l\u2019Ouest dans le cadre du 9\u00e8me Congr\u00e8s Panafricain de Lom\u00e9, pr\u00e9vue les 14 et 15 mars 2024.<\/p>\n\n\n\n<p>Conform\u00e9ment \u00e0 la d\u00e9cision de la 6\u00e8me r\u00e9union du Haut Comit\u00e9 de l\u2019Union africaine en charge de l\u2019Agenda 2021-2031 de la \u00ab D\u00e9cennie des racines africaines et de la Diaspora Africaine \u00bb du 13 juin 2023, le Togo pr\u00e9pare le 9\u00e8me Congr\u00e8s panafricain pr\u00e9vu du 29 octobre au 02 novembre 2024, sous le th\u00e8me \u00ab Renouveau du panafricanisme et r\u00f4le de l\u2019Afrique dans la r\u00e9forme des institutions multilat\u00e9rales : mobiliser les ressources et se r\u00e9inventer pour agir \u00bb.<\/p>\n\n\n\n<p>Dans cette perspective, six Conf\u00e9rences pr\u00e9paratoires sont pr\u00e9vues pour se tenir dans diff\u00e9rentes r\u00e9gions d\u2019Afrique y compris la diaspora.<\/p>\n\n\n\n<p>La premi\u00e8re desdites conf\u00e9rences s\u2019est tenue en d\u00e9cembre 2023 \u00e0 Pretoria en Afrique du Sud pour le compte de la r\u00e9gion Afrique Australe.<\/p>\n\n\n\n<p>Pour la r\u00e9gion Afrique de l\u2019Ouest, le Togo a sollicit\u00e9 le Mali pour organiser la deuxi\u00e8me conf\u00e9rence qui vise comme objectif :<\/p>\n\n\n\n<p>\u2013 sensibiliser la diaspora et les Afro-descendants sur leur origine commune africaine et la n\u00e9cessit\u00e9 d\u2019aller vers la cr\u00e9ation d\u2019une organisation commune ;<\/p>\n\n\n\n<p>\u2013 analyser les contraintes li\u00e9es \u00e0 l\u2019investissement productif de la diaspora et des Afro-descendants sur le continent ;<\/p>\n\n\n\n<p>\u2013 r\u00e9fl\u00e9chir sur la cr\u00e9ation de conditions idoines, pour la mobilisation des ressources humaines, mat\u00e9rielles et financi\u00e8res de la diaspora et des Afro-descendants, au profit du d\u00e9veloppement du continent ;<\/p>\n\n\n\n<p>\u2013 formuler des conclusions et recommandations pertinentes devant enrichir les travaux du 9<sup>\u00e8me<\/sup>&nbsp;Congr\u00e8s panafricain de Lom\u00e9.<\/p>\n\n\n\n<p>Le choix de notre pays se justifie par sa politique de bon voisinage, sa d\u00e9dicace \u00e0 la paix, son engagement panafricaniste et sa perception aujourd\u2019hui comme \u00e9tant l\u2019\u00e9picentre de l\u2019\u00e9veil des consciences africaines en qu\u00eate de souverainet\u00e9.<\/p>\n\n\n\n<p>Le ministre de l\u2019Education nationale a inform\u00e9 le Conseil des Ministres&nbsp; de sa participation \u00e0 la Conf\u00e9rence mondiale sur l\u2019\u00e9ducation culturelle et artistique du 13 au 15 f\u00e9vrier 2024 \u00e0 Abou Dhabi, aux Emirats arabes Unis.<\/p>\n\n\n\n<p>La Conf\u00e9rence mondiale sur l\u2019\u00e9ducation culturelle et artistique a enregistr\u00e9 la participation de 85 ministres de l\u2019Education et de la Culture et des d\u00e9l\u00e9gations en provenance de 125 pays membres de l\u2019UNESCO.<\/p>\n\n\n\n<p>Le ministre de l\u2019Education nationale a anim\u00e9 un panel sur le th\u00e8me : Institutionnalisation et valorisation de l\u2019\u00e9ducation culturelle et artistique.<\/p>\n\n\n\n<p>\u00c0 cette Conf\u00e9rence, les ministres de la Culture et de l\u2019Education ont adopt\u00e9 le Cadre de l\u2019UNESCO pour l\u2019\u00e9ducation culturelle et artistique.<\/p>\n\n\n\n<p>Ce cadre montre l\u2019apport de l\u2019\u00e9ducation culturelle et artistique \u00e0 la paix et au d\u00e9veloppement durable en faisant le lien entre le local et le mondial et en favorisant le dialogue entre les g\u00e9n\u00e9rations et les cultures.<\/p>\n\n\n\n<p>de la c\u00e9l\u00e9bration de la Journ\u00e9e africaine de l\u2019Alimentation scolaire.<\/p>\n\n\n\n<p>La Journ\u00e9e Africaine de l\u2019Alimentation Scolaire a \u00e9t\u00e9 institu\u00e9e par la Conf\u00e9rence des Chefs d\u2019Etat et de Gouvernement lors du 26\u00e8me Sommet de l\u2019Union Africaine, en 2016 \u00e0 Addis Abeba.<\/p>\n\n\n\n<p>L\u2019alimentation scolaire permet de maintenir davantage les enfants \u00e0 l\u2019\u00e9cole, d\u2019am\u00e9liorer leur \u00e9tat nutritionnel, leur performance scolaire et de booster la production locale tout en stimulant l\u2019entrepreneuriat dans les collectivit\u00e9s b\u00e9n\u00e9ficiaires.<\/p>\n\n\n\n<p>L\u2019Union Africaine a retenu pour l\u2019ann\u00e9e 2024 le th\u00e8me : \u00ab Investir dans l\u2019alimentation scolaire locale pour transformer les syst\u00e8mes \u00e9ducatifs pour un avenir inclusif et prosp\u00e8re du continent africain \u00bb.<\/p>\n\n\n\n<p>Le Mali, depuis la premi\u00e8re \u00e9dition, en 2016, c\u00e9l\u00e8bre chaque ann\u00e9e la Journ\u00e9e africaine de l\u2019Alimentation Scolaire.<\/p>\n\n\n\n<p>Cette 9\u00e8me \u00e9dition aura pour th\u00e8me national : \u00ab La cantine scolaire endog\u00e8ne, socle d\u2019une \u00e9ducation inclusive et d\u2019un avenir prosp\u00e8re de l\u2019Alliance des Etats du Sahel \u00bb.<\/p>\n\n\n\n<p>Ce th\u00e8me souligne l\u2019importance de la cantine scolaire endog\u00e8ne qui contribue \u00e0 la r\u00e9silience des communaut\u00e9s locales et \u00e0 la continuit\u00e9 de l\u2019\u00e9cole dans les efforts de notre pays pour la souverainet\u00e9 alimentaire et nutritionnelle dans un Sahel int\u00e9gr\u00e9 et prosp\u00e8re.<\/p>\n\n\n\n<p>Le nombre de cantines scolaires dans notre pays est de 2 656 pour environ 700 000 b\u00e9n\u00e9ficiaires dont<\/p>\n\n\n\n<p>46,93% de filles. Ces cantines scolaires ciblent les \u00e9coles fondamentales publiques ou communautaires.<\/p>\n\n\n\n<p>Cette ann\u00e9e, les c\u00e9r\u00e9monies de la c\u00e9l\u00e9bration de la 9\u00e8me \u00e9dition auront lieu le 1er mars 2024 \u00e0 l\u2019\u00e9cole fondamentale de Gouana, dans la Commune rurale de Kalabancoro.<\/p>\n\n\n\n<p>Le ministre de la Jeunesse et des Sports, charg\u00e9 de l\u2019Instruction civique et de la Construction citoyenne a inform\u00e9 le Conseil des Ministres :<\/p>\n\n\n\n<p>de la prise d\u2019armes du 5\u00e8me contingent du Service national des Jeunes.<\/p>\n\n\n\n<p>Le 5\u00e8me contingent a \u00e9t\u00e9 mis en route le 19 f\u00e9vrier 2024 \u00e0 l\u2019ex-Service national des Jeunes. La prise d\u2019armes a eu lieu le 26 f\u00e9vrier 2024 au Centre d\u2019instruction de Bapho avec un effectif de 792 dont 94 personnels f\u00e9minins.<\/p>\n\n\n\n<p>de l\u2019organisation de la Semaine du R\u00e9serviste du 1er au 08 mars 2024 \u00e0 Bamako.<\/p>\n\n\n\n<p>La semaine du R\u00e9serviste est une initiative conjointe du Minist\u00e8re de la Jeunesse et des Sports, charg\u00e9 de l\u2019instruction civique et de la construction citoyenne et de l\u2019Amicale des anciens du Service National des Jeunes. Elle a pour objectif de promouvoir l\u2019esprit et la culture de civisme, de citoyennet\u00e9 et de d\u00e9fense de la patrie au sein de la jeunesse.<\/p>\n\n\n\n<p>Cette semaine vise \u00e0 sensibiliser la jeunesse sur l\u2019importance du Service National des Jeunes et du r\u00f4le des r\u00e9servistes dans les initiatives de citoyennet\u00e9 aupr\u00e8s des communaut\u00e9s mais \u00e9galement dans les op\u00e9rations de protection de la population.<\/p>\n\n\n\n<p>La semaine des r\u00e9servistes sera \u00e9galement marqu\u00e9e par l\u2019organisation d\u2019une grande rencontre des r\u00e9servistes, le 09 mars 2024 au Centre International de Conf\u00e9rence de Bamako.<\/p>\n\n\n\n<p>de l\u2019organisation d\u2019un symposium national sur le football malien du 05 au 07 mars 2024 au Centre d\u2019Entrainement pour Sportifs d\u2019Elites de Kabala.<\/p>\n\n\n\n<p>Depuis 1960, le football malien a toujours eu des difficult\u00e9s \u00e0 \u00e9merger au plan africain et international en d\u00e9pit des soutiens politiques intenses.<\/p>\n\n\n\n<p>Fort de ce constat, le Minist\u00e8re en charge des sports a d\u00e9cid\u00e9 d\u2019organiser un symposium national en vue de mener une r\u00e9flexion approfondie aux fins d\u2019identifier les contraintes majeures \u00e0 l\u2019atteinte des objectifs et de formuler des propositions pertinentes visant \u00e0 am\u00e9liorer la performance de la s\u00e9lection nationale s\u00e9niors de football.<\/p>\n\n\n\n<p>Participeront \u00e0 ce Symposium les repr\u00e9sentants des institutions de la R\u00e9publique, des d\u00e9partements minist\u00e9riels, du mouvement sportif national, de la F\u00e9d\u00e9ration malienne de football, des journalistes sportifs, des anciens joueurs, des anciens ministres des sports, des experts nationaux et internationaux et de l\u2019association des entraineurs du Mali.<\/p>\n\n\n\n<p>Les conclusions du Symposium seront mises en \u0153uvre par la F\u00e9d\u00e9ration Malienne de Football en rapport avec l\u2019encadrement technique.<\/p>\n\n\n\n<p>Le ministre de la Promotion de la Femme, de l\u2019Enfant et de la Famille a inform\u00e9 le Conseil des Ministres :<\/p>\n\n\n\n<p>de la participation du Mali \u00e0 la Table-ronde de Haut niveau sur \u00ab Femmes et Transitions politiques en Afrique \u00bb tenue du 19 au 21 f\u00e9vrier 2024 \u00e0 N\u2019Djamena, au Tchad.<\/p>\n\n\n\n<p>La rencontre avait pour but de contribuer au renforcement d\u2019une gouvernance politique inclusive dans les pays en transition en Afrique, fond\u00e9e sur le principe d\u2019\u00e9galit\u00e9 et d\u2019\u00e9quit\u00e9 entre les hommes et les femmes.<\/p>\n\n\n\n<p>Le Mali a fait des pr\u00e9sentations portant sur :<\/p>\n\n\n\n<p>\u2013 \u00ab les d\u00e9fis et opportunit\u00e9s \u00e0 la participation des femmes aux processus de transition en cours dans leur pays et les strat\u00e9gies \u00e0 adopter pour des transitions pacifiques et inclusives \u00bb ;<\/p>\n\n\n\n<p>\u2013 \u00ab le Plan d\u2019action national sur la R\u00e9solution 1325 des Nations unies \u00bb.<\/p>\n\n\n\n<p>Le ministre de la Promotion de la Femme, de l\u2019Enfant et de la Famille a \u00e9galement particip\u00e9 \u00e0 un dialogue interg\u00e9n\u00e9rationnel avec ses homologues sur le th\u00e8me \u00ab Comment pr\u00e9parer les jeunes \u00e0 jouer pleinement leur r\u00f4le dans les processus de transition politique? \u00bb<\/p>\n\n\n\n<p>La vision du Pr\u00e9sident de la Transition, Chef de l\u2019Etat relative aux reformes r\u00e9alis\u00e9es et en cours de r\u00e9alisation a \u00e9t\u00e9 partag\u00e9e avec les repr\u00e9sentants des autres gouvernements et des organisations internationales.<\/p>\n\n\n\n<p>A l\u2019issue des travaux, des recommandations ont \u00e9t\u00e9 formul\u00e9es dans les domaines de la l\u00e9gislation, de l\u2019autonomisation \u00e9conomique des femmes, de l\u2019int\u00e9gration des femmes et des filles dans les organes de prise de d\u00e9cision, de l\u2019appropriation nationale des Plans d\u2019actions nationaux sur la R\u00e9solution 1325 et de mobilisation des ressources et d\u2019accompagnement de la transition.<\/p>\n\n\n\n<p>du d\u00e9roul\u00e9 de la c\u00e9r\u00e9monie de lancement des activit\u00e9s de la Feuille de route sur \u00abGenre,<\/p>\n\n\n\n<p>Elections et Reformes \u00bb le jeudi, 08 f\u00e9vrier 2024.<\/p>\n\n\n\n<p>La c\u00e9r\u00e9monie de lancement s\u2019est d\u00e9roul\u00e9e au Centre international de Conf\u00e9rences de Bamako sous la pr\u00e9sidence du ministre d\u2019Etat, ministre de l\u2019Administration territoriale et de la D\u00e9centralisation avec \u00e0 ses c\u00f4t\u00e9s certains membres du Gouvernement et du Conseil national de Transition, les autorit\u00e9s politiques et administratives du District de Bamako, les Organisations de la Soci\u00e9t\u00e9 civile et les Partenaires techniques et financiers.<\/p>\n\n\n\n<p>La Feuille de route sur \u00ab Genre, Elections et Reforme \u00bb 2024-2026, remise au ministre d\u2019Etat, ministre de l\u2019Administration territoriale et de la D\u00e9centralisation pour le Pr\u00e9sident de la Transition, Chef de l\u2019Etat s\u2019articule autour de trois composantes, \u00e0 savoir :<\/p>\n\n\n\n<p>\u2013 la prise en compte du genre dans la dynamique des r\u00e9formes institutionnelles et administratives ;<\/p>\n\n\n\n<p>\u2013 la participation accrue des femmes aux \u00e9ch\u00e9ances \u00e9lectorales et leur acc\u00e8s aux instances de d\u00e9cision ; \u2013 le suivi de la mise en \u0153uvre.<\/p>\n\n\n\n<p>de l\u2019organisation de la Journ\u00e9e de mobilisation des femmes en soutien au retrait de l\u2019Alliance des Etats du Sahel de la Communaut\u00e9 Economique des Etats de l\u2019Afrique de l\u2019Ouest, le 09 f\u00e9vrier 2024.<\/p>\n\n\n\n<p>Suite au Communiqu\u00e9 conjoint du Burkina Faso, de la R\u00e9publique du Mali et de la R\u00e9publique duNiger relatif \u00e0 leur retrait sans d\u00e9lai de la CEDEAO, le 28 janvier 2024, les populations des trois (03) pays ont salu\u00e9 cette d\u00e9cision.<\/p>\n\n\n\n<p>Pour marquer leur adh\u00e9sion et leur soutien aux autorit\u00e9s de la Transition, des milliers de femmes du District de Bamako et des capitales r\u00e9gionales se sont mobilis\u00e9es pour soutenir la d\u00e9cision de retrait sans d\u00e9lai des autorit\u00e9s des pays de l\u2019AES de la CEDEAO.<\/p>\n\n\n\n<p>Le ministre de l\u2019Elevage et de la P\u00eache a inform\u00e9 le Conseil des Ministres de la participation du Mali \u00e0 la 7\u00e8me \u00e9dition du Salon International de l\u2019Agriculture, de l\u2019Environnement et de l\u2019Elevage 2024 du Burkina Faso, tenue du 20 au 24 f\u00e9vrier 2024.<\/p>\n\n\n\n<p>Une forte d\u00e9l\u00e9gation de la R\u00e9publique du Mali a particip\u00e9 au Salon International de l\u2019Agriculture, de l\u2019Environnement et de l\u2019Elevage au Burkina Faso.<\/p>\n\n\n\n<p>La septi\u00e8me \u00e9dition du salon, plac\u00e9e sous le th\u00e8me \u00ab l\u2019impact de la crise s\u00e9curitaire sur le secteur agro-sylvo-pastoral : \u00e9tat des lieux et perspectives \u00bb avait comme pays invit\u00e9 d\u2019honneur le Mali.<\/p>\n\n\n\n<p>Le ministre de la Sant\u00e9 et du D\u00e9veloppement social a inform\u00e9 le Conseil des Ministres de la situation \u00e9pid\u00e9miologique du pays marqu\u00e9e, notamment :<\/p>\n\n\n\n<ol class=\"wp-block-list\">\n<li>par une stagnation du nombre de cas test\u00e9s positifs de la maladie \u00e0 Coronavirus par rapport \u00e0 la semaine pr\u00e9c\u00e9dente.<\/li>\n\n\n\n<li>par une augmentation du nombre de cas confirm\u00e9s de dengue compar\u00e9 \u00e0 celui de la semaine \u00e9coul\u00e9e.<\/li>\n<\/ol>\n\n\n\n<p>Le Pr\u00e9sident de la Transition, Chef de l\u2019Etat a appel\u00e9 la population au respect strict des mesures de pr\u00e9vention et de lutte contre les maladies.<\/p>\n\n\n\n<p><strong>Bamako, le 28 f\u00e9vrier 2024<\/strong><\/p>\n\n\n\n<p><strong>Le Secr\u00e9taire G\u00e9n\u00e9ral du Gouvernement,<\/strong><\/p>\n\n\n\n<p><strong>Birama COULIBALY<\/strong><\/p>\n\n\n\n<p><strong>Maliweb<\/strong><\/p>\n","protected":false},"excerpt":{"rendered":"<p>Le Conseil des Ministres s\u2019est r\u00e9uni en session ordinaire, le mercredi 28 f\u00e9vrier 2024, dans sa salle de d\u00e9lib\u00e9rations au Palais de Koulouba, sous la pr\u00e9sidence du Colonel Assimi GOITA,&hellip;<\/p>\n","protected":false},"author":1,"featured_media":0,"comment_status":"open","ping_status":"open","sticky":false,"template":"","format":"standard","meta":{"content-type":"","_lmt_disableupdate":"","_lmt_disable":"","_jetpack_memberships_contains_paid_content":false,"footnotes":"","jetpack_publicize_message":"","jetpack_publicize_feature_enabled":true,"jetpack_social_post_already_shared":true,"jetpack_social_options":{"image_generator_settings":{"template":"highway","default_image_id":0,"font":"","enabled":false},"version":2}},"categories":[28,43],"tags":[],"class_list":["post-17448","post","type-post","status-publish","format-standard","hentry","category-communique-du-conseil-des-ministres","category-nandi-info"],"jetpack_publicize_connections":[],"featured_image_urls":{"full":"","thumbnail":"","medium":"","medium_large":"","large":"","1536x1536":"","2048x2048":"","penci-recipe-1200x1200":"","penci-recipe-1200x900":"","penci-recipe-1200x675":"","penci-single-full":"","penci-slider-full-thumb":"","penci-full-thumb":"","penci-slider-thumb":"","penci-magazine-slider":"","penci-thumb":"","penci-masonry-thumb":"","penci-thumb-square":"","penci-thumb-vertical":"","penci-thumb-small":""},"author_info":{"display_name":"Nandi","author_link":"https:\/\/nandi.info\/?author=1"},"category_info":"<a href=\"https:\/\/nandi.info\/?cat=28\" rel=\"category\">Communique du conseil des ministres<\/a> <a href=\"https:\/\/nandi.info\/?cat=43\" rel=\"category\">Nandi.info<\/a>","tag_info":"Nandi.info","comment_count":"0","jetpack_featured_media_url":"","jetpack_sharing_enabled":true,"_links":{"self":[{"href":"https:\/\/nandi.info\/index.php?rest_route=\/wp\/v2\/posts\/17448","targetHints":{"allow":["GET"]}}],"collection":[{"href":"https:\/\/nandi.info\/index.php?rest_route=\/wp\/v2\/posts"}],"about":[{"href":"https:\/\/nandi.info\/index.php?rest_route=\/wp\/v2\/types\/post"}],"author":[{"embeddable":true,"href":"https:\/\/nandi.info\/index.php?rest_route=\/wp\/v2\/users\/1"}],"replies":[{"embeddable":true,"href":"https:\/\/nandi.info\/index.php?rest_route=%2Fwp%2Fv2%2Fcomments&post=17448"}],"version-history":[{"count":1,"href":"https:\/\/nandi.info\/index.php?rest_route=\/wp\/v2\/posts\/17448\/revisions"}],"predecessor-version":[{"id":17450,"href":"https:\/\/nandi.info\/index.php?rest_route=\/wp\/v2\/posts\/17448\/revisions\/17450"}],"wp:attachment":[{"href":"https:\/\/nandi.info\/index.php?rest_route=%2Fwp%2Fv2%2Fmedia&parent=17448"}],"wp:term":[{"taxonomy":"category","embeddable":true,"href":"https:\/\/nandi.info\/index.php?rest_route=%2Fwp%2Fv2%2Fcategories&post=17448"},{"taxonomy":"post_tag","embeddable":true,"href":"https:\/\/nandi.info\/index.php?rest_route=%2Fwp%2Fv2%2Ftags&post=17448"}],"curies":[{"name":"wp","href":"https:\/\/api.w.org\/{rel}","templated":true}]}}