{"id":17433,"date":"2024-02-26T11:49:25","date_gmt":"2024-02-26T10:49:25","guid":{"rendered":"https:\/\/nandi.info\/?p=17433"},"modified":"2024-02-26T11:49:28","modified_gmt":"2024-02-26T10:49:28","slug":"dialogue-direct-inter-maliens-latelier-national-de-validation-des-termes-de-reference-prevu-les-26-27-28-et-29-fevrier-au-cicb","status":"publish","type":"post","link":"https:\/\/nandi.info\/?p=17433","title":{"rendered":"Dialogue direct inter-Maliens : l\u2019atelier national de validation des termes de r\u00e9f\u00e9rence pr\u00e9vu les 26, 27, 28 et 29 f\u00e9vrier au CICB"},"content":{"rendered":"\n<p><strong>Apr<\/strong><strong>\u00e8<\/strong><strong>s la cr<\/strong><strong>\u00e9<\/strong><strong>ation et la nomination des membres du comit<\/strong><strong>\u00e9<\/strong><strong>&nbsp;d<\/strong><strong>\u2019<\/strong><strong>organisation du dialogue inter-Maliens, la validation des termes de r<\/strong><strong>\u00e9<\/strong><strong>f<\/strong><strong>\u00e9<\/strong><strong>rence du processus de paix aura lieu&nbsp;<\/strong><strong>\u00e0<\/strong><strong>&nbsp;travers un atelier les 26, 27, 28 et 29 f<\/strong><strong>\u00e9<\/strong><strong>vrier au centre international des conf<\/strong><strong>\u00e9<\/strong><strong>rences de Bamako (CICB). La c<\/strong><strong>\u00e9<\/strong><strong>r<\/strong><strong>\u00e9<\/strong><strong>monie d<\/strong><strong>\u2019<\/strong><strong>ouverture est plac<\/strong><strong>\u00e9<\/strong><strong>e sous la pr<\/strong><strong>\u00e9<\/strong><strong>sidence du premier ministre Dr Choguel Kokalla Ma\u00efga.<\/strong><\/p>\n\n\n\n<p class=\"has-drop-cap\">Depuis l\u2019annonce par le pr\u00e9sident de la transition, le col. Assimi Go\u00efta de s\u2019approprier du processus de paix au Mali, des d\u00e9marches sont engag\u00e9es par le gouvernement pour que tout le monde, sans exception prenne part \u00e0 ce cadre de dialogue franc et sinc\u00e8re entre les Maliens afin de couper ensemble les racines de l\u2019ins\u00e9curit\u00e9 dans notre pays. Apr\u00e8s la cr\u00e9ation et la nomination des membres du comit\u00e9 d\u2019organisation du dialogue inter-Maliens, un atelier national regroupera les 19 r\u00e9gions du Mali ainsi que le district de Bamako et la Diaspora est pr\u00e9vu, les 26, 27, 28 et 29 f\u00e9vrier au centre international des conf\u00e9rences de Bamako (CICB).<\/p>\n\n\n\n<p>Jadis pilot\u00e9 par la m\u00e9diation internationale avec en t\u00eate la R\u00e9publique d\u00e9mocratique et populaire, le retour de la paix, de la coh\u00e9sion nationale et du vivre ensemble demeurait toujours un miracle pour bon nombre de Maliens malgr\u00e9 la signature de l\u2019accord pour la paix et la r\u00e9conciliation nationale au Mali, issu du processus d\u2019Alger en 2015.<\/p>\n\n\n\n<p>En 10 ans d\u2019existence, la mise en \u0153uvre de ce fameux accord posait probl\u00e8me de part et d\u2019autre des diff\u00e9rentes parties prenantes. En effet, une \u00e9crasante majorit\u00e9 de la population malienne dit ne pas se reconnaissait dans cet accord qui, selon elle, conduit in\u00e9luctablement \u00e0 la partition du Mali. Il faut noter que l\u2019accord incrimin\u00e9 en question a \u00e9t\u00e9 obtenu \u00e0 l\u2019\u00e9poque (en 2015) pendant que la partie malienne avait \u00ab le couteau sous la gorge \u00bb, c\u2019est-\u00e0-dire en position de faiblisse.<\/p>\n\n\n\n<p>C\u2019est pourquoi, depuis la rectification de la transition, la question de relecture de l\u2019Accord occupait une place de choix parmi les recommandations des assises nationales de la refondation (ANR).<\/p>\n\n\n\n<p>Ainsi au-del\u00e0 de la \u00ab mise en \u0153uvre intelligente de l\u2019Accord \u00bb toujours souligner par le gouvernement, les autorit\u00e9s de la transition actuelles ont d\u00e9cid\u00e9 de mettre d\u00e9finitivement fin \u00e0 cet Accord controvers\u00e9 sens\u00e9 amener la paix et la r\u00e9conciliation nationale au Mali issu du processus d\u2019Alger. \u00ab J\u2019ai pris l\u2019option de privil\u00e9gier l\u2019appropriation nationale du processus de paix en donnant toutes ses chances au dialogue direct inter-malien pour la paix et la r\u00e9conciliation nationale afin d\u2019\u00e9liminer les racines des conflits communautaires et inter-communautaires \u00bb, a indiqu\u00e9 le pr\u00e9sident de la transition, le col. Assimi Go\u00efta en marge de son adresse \u00e0 la nation \u00e0 l\u2019occasion du nouvel an. L\u2019id\u00e9e \u00e9tait de mettre les Maliens, premiers concern\u00e9s face-\u00e0-face pour trouver des solutions \u00e0 leurs probl\u00e8mes.<\/p>\n\n\n\n<p>Le 25 janvier 2024, l\u2019Accord pour la paix et la r\u00e9conciliation nationale au Mali issu du processus d\u2019Alger a \u00e9t\u00e9 officiellement d\u00e9clar\u00e9 caduc au profit d\u2019un Dialogue direct Inter-Maliens sans interm\u00e9diaires. Une d\u00e9marche qui survient dans un contexte o\u00f9 les forces arm\u00e9es maliennes (FAMa) r\u00e9solument engag\u00e9es \u00e0 recouvrer toute l\u2019int\u00e9grit\u00e9 du territoire malien sont en train d\u2019engranger des succ\u00e8s sur les diff\u00e9rents th\u00e9\u00e2tres d\u2019op\u00e9rations. Beaucoup de localit\u00e9s hors contr\u00f4le de l\u2019Etat central, plus d\u2019une dizaine d\u2019ann\u00e9es, telles que Kidal sont revenues dans le giron malien.<\/p>\n\n\n\n<p><strong>Issa Djiguiba<\/strong><\/p>\n","protected":false},"excerpt":{"rendered":"<p>Apr\u00e8s la cr\u00e9ation et la nomination des membres du comit\u00e9&nbsp;d\u2019organisation du dialogue inter-Maliens, la validation des termes de r\u00e9f\u00e9rence du processus de paix aura lieu&nbsp;\u00e0&nbsp;travers un atelier les 26, 27,&hellip;<\/p>\n","protected":false},"author":1,"featured_media":17434,"comment_status":"open","ping_status":"open","sticky":false,"template":"","format":"standard","meta":{"content-type":"","_lmt_disableupdate":"","_lmt_disable":"","_jetpack_memberships_contains_paid_content":false,"footnotes":"","jetpack_publicize_message":"","jetpack_publicize_feature_enabled":true,"jetpack_social_post_already_shared":true,"jetpack_social_options":{"image_generator_settings":{"template":"highway","default_image_id":0,"font":"","enabled":false},"version":2}},"categories":[125,71],"tags":[],"class_list":["post-17433","post","type-post","status-publish","format-standard","has-post-thumbnail","hentry","category-actualite","category-le-pays"],"jetpack_publicize_connections":[],"featured_image_urls":{"full":["https:\/\/nandi.info\/wp-content\/uploads\/2024\/02\/Dialogue-direct-inter-Maliens-800x445-1.jpg",800,445,false],"thumbnail":["https:\/\/nandi.info\/wp-content\/uploads\/2024\/02\/Dialogue-direct-inter-Maliens-800x445-1-150x150.jpg",150,150,true],"medium":["https:\/\/nandi.info\/wp-content\/uploads\/2024\/02\/Dialogue-direct-inter-Maliens-800x445-1-300x167.jpg",300,167,true],"medium_large":["https:\/\/nandi.info\/wp-content\/uploads\/2024\/02\/Dialogue-direct-inter-Maliens-800x445-1-768x427.jpg",768,427,true],"large":["https:\/\/nandi.info\/wp-content\/uploads\/2024\/02\/Dialogue-direct-inter-Maliens-800x445-1.jpg",800,445,false],"1536x1536":["https:\/\/nandi.info\/wp-content\/uploads\/2024\/02\/Dialogue-direct-inter-Maliens-800x445-1.jpg",800,445,false],"2048x2048":["https:\/\/nandi.info\/wp-content\/uploads\/2024\/02\/Dialogue-direct-inter-Maliens-800x445-1.jpg",800,445,false],"penci-recipe-1200x1200":["https:\/\/nandi.info\/wp-content\/uploads\/2024\/02\/Dialogue-direct-inter-Maliens-800x445-1.jpg",800,445,false],"penci-recipe-1200x900":["https:\/\/nandi.info\/wp-content\/uploads\/2024\/02\/Dialogue-direct-inter-Maliens-800x445-1.jpg",800,445,false],"penci-recipe-1200x675":["https:\/\/nandi.info\/wp-content\/uploads\/2024\/02\/Dialogue-direct-inter-Maliens-800x445-1.jpg",800,445,false],"penci-single-full":["https:\/\/nandi.info\/wp-content\/uploads\/2024\/02\/Dialogue-direct-inter-Maliens-800x445-1.jpg",800,445,false],"penci-slider-full-thumb":["https:\/\/nandi.info\/wp-content\/uploads\/2024\/02\/Dialogue-direct-inter-Maliens-800x445-1.jpg",800,445,false],"penci-full-thumb":["https:\/\/nandi.info\/wp-content\/uploads\/2024\/02\/Dialogue-direct-inter-Maliens-800x445-1.jpg",800,445,false],"penci-slider-thumb":["https:\/\/nandi.info\/wp-content\/uploads\/2024\/02\/Dialogue-direct-inter-Maliens-800x445-1.jpg",800,445,false],"penci-magazine-slider":["https:\/\/nandi.info\/wp-content\/uploads\/2024\/02\/Dialogue-direct-inter-Maliens-800x445-1.jpg",780,434,false],"penci-thumb":["https:\/\/nandi.info\/wp-content\/uploads\/2024\/02\/Dialogue-direct-inter-Maliens-800x445-1.jpg",585,325,false],"penci-masonry-thumb":["https:\/\/nandi.info\/wp-content\/uploads\/2024\/02\/Dialogue-direct-inter-Maliens-800x445-1.jpg",585,325,false],"penci-thumb-square":["https:\/\/nandi.info\/wp-content\/uploads\/2024\/02\/Dialogue-direct-inter-Maliens-800x445-1.jpg",585,325,false],"penci-thumb-vertical":["https:\/\/nandi.info\/wp-content\/uploads\/2024\/02\/Dialogue-direct-inter-Maliens-800x445-1.jpg",480,267,false],"penci-thumb-small":["https:\/\/nandi.info\/wp-content\/uploads\/2024\/02\/Dialogue-direct-inter-Maliens-800x445-1.jpg",263,146,false]},"author_info":{"display_name":"Nandi","author_link":"https:\/\/nandi.info\/?author=1"},"category_info":"<a href=\"https:\/\/nandi.info\/?cat=125\" rel=\"category\">Actualit\u00e9<\/a> <a href=\"https:\/\/nandi.info\/?cat=71\" rel=\"category\">Le Pays<\/a>","tag_info":"Le Pays","comment_count":"0","jetpack_featured_media_url":"https:\/\/nandi.info\/wp-content\/uploads\/2024\/02\/Dialogue-direct-inter-Maliens-800x445-1.jpg","jetpack_sharing_enabled":true,"_links":{"self":[{"href":"https:\/\/nandi.info\/index.php?rest_route=\/wp\/v2\/posts\/17433","targetHints":{"allow":["GET"]}}],"collection":[{"href":"https:\/\/nandi.info\/index.php?rest_route=\/wp\/v2\/posts"}],"about":[{"href":"https:\/\/nandi.info\/index.php?rest_route=\/wp\/v2\/types\/post"}],"author":[{"embeddable":true,"href":"https:\/\/nandi.info\/index.php?rest_route=\/wp\/v2\/users\/1"}],"replies":[{"embeddable":true,"href":"https:\/\/nandi.info\/index.php?rest_route=%2Fwp%2Fv2%2Fcomments&post=17433"}],"version-history":[{"count":1,"href":"https:\/\/nandi.info\/index.php?rest_route=\/wp\/v2\/posts\/17433\/revisions"}],"predecessor-version":[{"id":17435,"href":"https:\/\/nandi.info\/index.php?rest_route=\/wp\/v2\/posts\/17433\/revisions\/17435"}],"wp:featuredmedia":[{"embeddable":true,"href":"https:\/\/nandi.info\/index.php?rest_route=\/wp\/v2\/media\/17434"}],"wp:attachment":[{"href":"https:\/\/nandi.info\/index.php?rest_route=%2Fwp%2Fv2%2Fmedia&parent=17433"}],"wp:term":[{"taxonomy":"category","embeddable":true,"href":"https:\/\/nandi.info\/index.php?rest_route=%2Fwp%2Fv2%2Fcategories&post=17433"},{"taxonomy":"post_tag","embeddable":true,"href":"https:\/\/nandi.info\/index.php?rest_route=%2Fwp%2Fv2%2Ftags&post=17433"}],"curies":[{"name":"wp","href":"https:\/\/api.w.org\/{rel}","templated":true}]}}