{"id":17429,"date":"2024-02-26T11:24:55","date_gmt":"2024-02-26T10:24:55","guid":{"rendered":"https:\/\/nandi.info\/?p=17429"},"modified":"2024-02-26T11:24:58","modified_gmt":"2024-02-26T10:24:58","slug":"sortie-de-la-transition-la-synergie-daction-pour-sauver-le-mali-annonce-des-actions-patriotiques-et-pacifiques","status":"publish","type":"post","link":"https:\/\/nandi.info\/?p=17429","title":{"rendered":"Sortie de la transition : La synergie d\u2019action pour sauver le Mali annonce des \u00ab actions patriotiques et pacifiques \u00bb"},"content":{"rendered":"\n<p><strong>C\u2019est au cours d\u2019un point de presse anim\u00e9, ce samedi 24 f\u00e9vrier aux environs de 00H, que les militants et sympathisants de la synergie d\u2019action pour sauver le Mali (une nouvelle coalition compos\u00e9e de plusieurs mouvements et partis politiques) ont voulu annoncer l\u2019information. Une d\u00e9claration attestant que les prochains jours s\u2019annoncent, probablement, d\u00e9cisifs.<\/strong><\/p>\n\n\n\n<p>\u00ab Aujourd\u2019hui, samedi 24 f\u00e9vrier 2024 est la date initialement retenue pour le 1<sup>er<\/sup>&nbsp;tour des \u00e9lections du Pr\u00e9sident de la R\u00e9publique. Cette \u00e9lection devait mettre fin \u00e0 la transition. Elle a \u00e9t\u00e9 renvoy\u00e9e aux calendes grecques sans consultation du peuple souverain, alors m\u00eame que sa tenue est un engagement donn\u00e9 \u00e0 la communaut\u00e9 internationale par les autorit\u00e9s de la transition \u00bb. \u00ab Une fois de plus, ces autorit\u00e9s donnent la preuve de leur incapacit\u00e9 \u00e0 nous sortir de cette transition interminable et insoutenable malgr\u00e9 la r\u00e9silience du peuple, ou plus grave, de leur d\u00e9termination \u00e0 la prolonger ind\u00e9finiment \u00bb, lit-on dans la d\u00e9claration de la synergie. Visiblement r\u00e9solue pour la tenue des \u00e9lections, cette nouvelle coalition est, faudra-t-il le rappeler, compos\u00e9e de la CMAS de l\u2019imam Mahmoud Dicko, de DJiguiya Koura de l\u2019ex-ministre Housseini Amion Guindo dit Poulo du parti CODEM ; du regroupement NVPN ; de l\u2019association Kaoural Renouveau international. S\u2019y ajoutent l\u2019association Jaama Espoir et le mouvement Wuli Ki Djo Mali Y\u00e9. Anim\u00e9 tard la nuit du vendredi au samedi 24 f\u00e9vrier dernier, ce point de presse a \u00e9t\u00e9 l\u2019occasion pour les \u00ab nouveaux opposants \u00bb de revenir sur certains actes antid\u00e9mocratiques dont le pays a r\u00e9cemment subi. \u00ab Notre patrie, le Mali, a reconnu deux coups d\u2019Etat d\u2019ao\u00fbt 2020 \u00e0 mai 2021, tous perp\u00e9tr\u00e9s par le CNSP qui disait \u00eatre venu pour parachever la lutte du peuple \u00bb, apprend-on de la d\u00e9claration circonstancielle. D\u2019un ton franc et d\u00e9nonciateur, les responsables de la synergie soulignent avoir constat\u00e9 qu\u2019apr\u00e8s quatre longues ann\u00e9es de gestion, les objectifs de la lutte du peuple ne sont pas atteints. Et la triste r\u00e9alit\u00e9, encha\u00eene-t-on, est que \u00ab le pouvoir est confisqu\u00e9 par les militaires \u00bb dirigeants de la Nation malienne. \u00ab Ces acteurs circonstanciels dont la seule l\u00e9gitimit\u00e9 repose sur une s\u00e9rie de promesses, oubli\u00e9es aussit\u00f4t que prononc\u00e9es, ont plong\u00e9 le Mali dans une crise sans pr\u00e9c\u00e9dent caract\u00e9ris\u00e9e par une multitude de conflits internes, la confiscation des libert\u00e9s publiques et individuelles, la rupture avec les partenaires traditionnels notamment sous r\u00e9gionaux \u00bb. Cette crise \u00e9nerg\u00e9tique que vit le pays demeure, selon la synergie, \u00ab la preuve incontestable de l\u2019\u00e9chec de cette transition \u00bb. Ce n\u2019est pas tout. La famine qui pointe \u00e0 l\u2019horizon, la crise financi\u00e8re et l\u2019ins\u00e9curit\u00e9 g\u00e9n\u00e9ralis\u00e9e n\u2019ont de r\u00e9ponse que le \u00ab m\u00e9pris et la r\u00e9gression \u00bb. Partant des constants alarmants qui, de nos jours, continuent de pr\u00e9valoir dans le pays, la synergie pr\u00e9cise \u00eatre du devoir du peuple de s\u2019unir pour sauver la patrie en danger. Chose qui y va, indique-t-elle, de la vie de la Nation, rapporte-t-on dans la pr\u00e9sente d\u00e9claration. Aussi, le mouvement \u00ab opposant \u00bb se dit persuad\u00e9 que les autorit\u00e9s actuelles ont montr\u00e9 leur limite. D\u2019o\u00f9 son appel solennel \u00e0 \u00ab tous les patriotes \u00e0 rejoindre l\u2019id\u00e9al patriotique. Celui de changer de trajectoire en refusant une nouvelle prorogation de la transition et en r\u00e9clamant la mise en place d\u2019une transition civile, seule alternative pour sauver le Mali \u00bb. Et d\u2019\u00eatre on ne peut plus claire : \u00ab Pour ce faire, la synergie organisera, dans les prochains jours, des actions patriotiques et pacifiques afin d\u2019atteindre son objectif. Cette voie que nous prenons nous a \u00e9t\u00e9 impos\u00e9e par des autorit\u00e9s qui veulent se maintenir au pouvoir sans mandat du peuple et sans aucune perspective d\u2019un Mali meilleur. Nous demandons au peuple de rester debout et d\u00e9termin\u00e9 pour le Mali \u00bb.<\/p>\n\n\n\n<p><strong>Mamadou Diarra<\/strong><\/p>\n","protected":false},"excerpt":{"rendered":"<p>C\u2019est au cours d\u2019un point de presse anim\u00e9, ce samedi 24 f\u00e9vrier aux environs de 00H, que les militants et sympathisants de la synergie d\u2019action pour sauver le Mali (une&hellip;<\/p>\n","protected":false},"author":1,"featured_media":17430,"comment_status":"open","ping_status":"open","sticky":false,"template":"","format":"standard","meta":{"content-type":"","_lmt_disableupdate":"","_lmt_disable":"","_jetpack_memberships_contains_paid_content":false,"footnotes":"","jetpack_publicize_message":"","jetpack_publicize_feature_enabled":true,"jetpack_social_post_already_shared":true,"jetpack_social_options":{"image_generator_settings":{"template":"highway","default_image_id":0,"font":"","enabled":false},"version":2}},"categories":[71,21],"tags":[],"class_list":["post-17429","post","type-post","status-publish","format-standard","has-post-thumbnail","hentry","category-le-pays","category-societe"],"jetpack_publicize_connections":[],"featured_image_urls":{"full":["https:\/\/nandi.info\/wp-content\/uploads\/2024\/02\/Sortie-de-la-transition-La-synergie-daction-pour-sauver-le-Mali-annonce-des.jpg",800,445,false],"thumbnail":["https:\/\/nandi.info\/wp-content\/uploads\/2024\/02\/Sortie-de-la-transition-La-synergie-daction-pour-sauver-le-Mali-annonce-des-150x150.jpg",150,150,true],"medium":["https:\/\/nandi.info\/wp-content\/uploads\/2024\/02\/Sortie-de-la-transition-La-synergie-daction-pour-sauver-le-Mali-annonce-des-300x167.jpg",300,167,true],"medium_large":["https:\/\/nandi.info\/wp-content\/uploads\/2024\/02\/Sortie-de-la-transition-La-synergie-daction-pour-sauver-le-Mali-annonce-des-768x427.jpg",768,427,true],"large":["https:\/\/nandi.info\/wp-content\/uploads\/2024\/02\/Sortie-de-la-transition-La-synergie-daction-pour-sauver-le-Mali-annonce-des.jpg",800,445,false],"1536x1536":["https:\/\/nandi.info\/wp-content\/uploads\/2024\/02\/Sortie-de-la-transition-La-synergie-daction-pour-sauver-le-Mali-annonce-des.jpg",800,445,false],"2048x2048":["https:\/\/nandi.info\/wp-content\/uploads\/2024\/02\/Sortie-de-la-transition-La-synergie-daction-pour-sauver-le-Mali-annonce-des.jpg",800,445,false],"penci-recipe-1200x1200":["https:\/\/nandi.info\/wp-content\/uploads\/2024\/02\/Sortie-de-la-transition-La-synergie-daction-pour-sauver-le-Mali-annonce-des.jpg",800,445,false],"penci-recipe-1200x900":["https:\/\/nandi.info\/wp-content\/uploads\/2024\/02\/Sortie-de-la-transition-La-synergie-daction-pour-sauver-le-Mali-annonce-des.jpg",800,445,false],"penci-recipe-1200x675":["https:\/\/nandi.info\/wp-content\/uploads\/2024\/02\/Sortie-de-la-transition-La-synergie-daction-pour-sauver-le-Mali-annonce-des.jpg",800,445,false],"penci-single-full":["https:\/\/nandi.info\/wp-content\/uploads\/2024\/02\/Sortie-de-la-transition-La-synergie-daction-pour-sauver-le-Mali-annonce-des.jpg",800,445,false],"penci-slider-full-thumb":["https:\/\/nandi.info\/wp-content\/uploads\/2024\/02\/Sortie-de-la-transition-La-synergie-daction-pour-sauver-le-Mali-annonce-des.jpg",800,445,false],"penci-full-thumb":["https:\/\/nandi.info\/wp-content\/uploads\/2024\/02\/Sortie-de-la-transition-La-synergie-daction-pour-sauver-le-Mali-annonce-des.jpg",800,445,false],"penci-slider-thumb":["https:\/\/nandi.info\/wp-content\/uploads\/2024\/02\/Sortie-de-la-transition-La-synergie-daction-pour-sauver-le-Mali-annonce-des.jpg",800,445,false],"penci-magazine-slider":["https:\/\/nandi.info\/wp-content\/uploads\/2024\/02\/Sortie-de-la-transition-La-synergie-daction-pour-sauver-le-Mali-annonce-des.jpg",780,434,false],"penci-thumb":["https:\/\/nandi.info\/wp-content\/uploads\/2024\/02\/Sortie-de-la-transition-La-synergie-daction-pour-sauver-le-Mali-annonce-des.jpg",585,325,false],"penci-masonry-thumb":["https:\/\/nandi.info\/wp-content\/uploads\/2024\/02\/Sortie-de-la-transition-La-synergie-daction-pour-sauver-le-Mali-annonce-des.jpg",585,325,false],"penci-thumb-square":["https:\/\/nandi.info\/wp-content\/uploads\/2024\/02\/Sortie-de-la-transition-La-synergie-daction-pour-sauver-le-Mali-annonce-des.jpg",585,325,false],"penci-thumb-vertical":["https:\/\/nandi.info\/wp-content\/uploads\/2024\/02\/Sortie-de-la-transition-La-synergie-daction-pour-sauver-le-Mali-annonce-des.jpg",480,267,false],"penci-thumb-small":["https:\/\/nandi.info\/wp-content\/uploads\/2024\/02\/Sortie-de-la-transition-La-synergie-daction-pour-sauver-le-Mali-annonce-des.jpg",263,146,false]},"author_info":{"display_name":"Nandi","author_link":"https:\/\/nandi.info\/?author=1"},"category_info":"<a href=\"https:\/\/nandi.info\/?cat=71\" rel=\"category\">Le Pays<\/a> <a href=\"https:\/\/nandi.info\/?cat=21\" rel=\"category\">Soci\u00e9t\u00e9<\/a>","tag_info":"Soci\u00e9t\u00e9","comment_count":"0","jetpack_featured_media_url":"https:\/\/nandi.info\/wp-content\/uploads\/2024\/02\/Sortie-de-la-transition-La-synergie-daction-pour-sauver-le-Mali-annonce-des.jpg","jetpack_sharing_enabled":true,"_links":{"self":[{"href":"https:\/\/nandi.info\/index.php?rest_route=\/wp\/v2\/posts\/17429","targetHints":{"allow":["GET"]}}],"collection":[{"href":"https:\/\/nandi.info\/index.php?rest_route=\/wp\/v2\/posts"}],"about":[{"href":"https:\/\/nandi.info\/index.php?rest_route=\/wp\/v2\/types\/post"}],"author":[{"embeddable":true,"href":"https:\/\/nandi.info\/index.php?rest_route=\/wp\/v2\/users\/1"}],"replies":[{"embeddable":true,"href":"https:\/\/nandi.info\/index.php?rest_route=%2Fwp%2Fv2%2Fcomments&post=17429"}],"version-history":[{"count":1,"href":"https:\/\/nandi.info\/index.php?rest_route=\/wp\/v2\/posts\/17429\/revisions"}],"predecessor-version":[{"id":17431,"href":"https:\/\/nandi.info\/index.php?rest_route=\/wp\/v2\/posts\/17429\/revisions\/17431"}],"wp:featuredmedia":[{"embeddable":true,"href":"https:\/\/nandi.info\/index.php?rest_route=\/wp\/v2\/media\/17430"}],"wp:attachment":[{"href":"https:\/\/nandi.info\/index.php?rest_route=%2Fwp%2Fv2%2Fmedia&parent=17429"}],"wp:term":[{"taxonomy":"category","embeddable":true,"href":"https:\/\/nandi.info\/index.php?rest_route=%2Fwp%2Fv2%2Fcategories&post=17429"},{"taxonomy":"post_tag","embeddable":true,"href":"https:\/\/nandi.info\/index.php?rest_route=%2Fwp%2Fv2%2Ftags&post=17429"}],"curies":[{"name":"wp","href":"https:\/\/api.w.org\/{rel}","templated":true}]}}